{"id":380,"date":"2025-11-27T06:07:00","date_gmt":"2025-11-27T09:07:00","guid":{"rendered":"https:\/\/www.encontrajequie.com.br\/sobre\/jequie-deve-ter-um-dia-com-pancadas-fortes-e-rapidas-nesta-quarta\/"},"modified":"2025-11-27T06:07:00","modified_gmt":"2025-11-27T09:07:00","slug":"jequie-deve-ter-um-dia-com-pancadas-fortes-e-rapidas-nesta-quarta","status":"publish","type":"post","link":"https:\/\/www.encontrajequie.com.br\/sobre\/jequie-deve-ter-um-dia-com-pancadas-fortes-e-rapidas-nesta-quarta\/","title":{"rendered":"Jequi\u00e9 deve ter um dia com pancadas fortes e r\u00e1pidas nesta quarta"},"content":{"rendered":"<div class=\"30cf832dc5940d4704f66d0ed9a44050\" data-index=\"1\" style=\"float: none; margin:0px;\">\n<!-- Anuncio display - global -->\r\n<ins class=\"adsbygoogle\"\r\n     style=\"display:block\"\r\n     data-ad-client=\"ca-pub-8585364105181520\"\r\n     data-ad-slot=\"8789329856\"\r\n     data-ad-format=\"auto\"\r\n     data-full-width-responsive=\"true\"><\/ins>\r\n<script>\r\n     (adsbygoogle = window.adsbygoogle || []).push({});\r\n<\/script>\n<\/div>\n<h2>As temperaturas esperadas para Jequi\u00e9 hoje<\/h2>\n<p>Hoje, a cidade de Jequi\u00e9, localizada na Bahia, passar\u00e1 por um dia de temperaturas variados entre <strong>19\u00b0C<\/strong> e <strong>34\u00b0C<\/strong>. Essas flutua\u00e7\u00f5es t\u00e9rmicas s\u00e3o comuns na regi\u00e3o durante esta \u00e9poca do ano, especialmente quando h\u00e1 a influ\u00eancia de frentes frias e sistemas de chuva. Ao amanhecer, os term\u00f4metros tendem a registrar um clima mais ameno, propiciando conforto nos momentos iniciais do dia. No entanto, conforme a manh\u00e3 avan\u00e7a, as temperaturas come\u00e7am a subir, chegando a <strong>34\u00b0C<\/strong> \u00e0 tarde, o que pode proporcionar uma sensa\u00e7\u00e3o t\u00e9rmica ainda mais elevada devido \u00e0 umidade relativa do ar.<\/p>\n<p>Essas condi\u00e7\u00f5es podem fazer com que moradores e visitantes sintam o calor forte durante o pico do dia, especialmente se n\u00e3o estiverem preparados. Portanto, \u00e9 crucial que as pessoas fiquem atentas a essas varia\u00e7\u00f5es e se mantenham informadas sobre as previs\u00f5es meteorol\u00f3gicas para se adaptar \u00e0s mudan\u00e7as clim\u00e1ticas ao longo do dia.<\/p>\n<h2>Como ser\u00e1 o tempo durante o dia?<\/h2>\n<p>O tempo em Jequi\u00e9 ao longo do dia ser\u00e1 marcado por um c\u00e9u bastante nublado, com altas chances de <strong>pancadas de chuva<\/strong> isoladas. De acordo com a previs\u00e3o do Instituto Nacional de Meteorologia (INMET), as chuvas podem ocorrer em forma de tempestades localizadas, afetando algumas \u00e1reas da cidade e possibilitando um al\u00edvio moment\u00e2neo ao calor intenso que pode ser sentido. Esta configura\u00e7\u00e3o clim\u00e1tica \u00e9 caracter\u00edstica do per\u00edodo de transi\u00e7\u00e3o entre as esta\u00e7\u00f5es, onde as frentes frias se intercalam com os dias quentes que predominam nas regi\u00f5es tropicais.<\/p>\n<p><img decoding=\"async\" src=\"https:\/\/www.encontrajequie.com.br\/sobre\/wp-content\/uploads\/2025\/11\/jequie-deve-ter-um-dia-com-pancadas-fortes-e-rapidas-nesta-quarta.webp\" alt=\"pancadas fortes de chuva\" loading=\"lazy\" \/><\/p>\n<p>Pela manh\u00e3, a expectativa \u00e9 que as temperaturas se mantenham ao redor de <strong>19\u00b0C<\/strong>, proporcionando um clima ameno e agrad\u00e1vel. \u00c0 medida que a tarde avan\u00e7a, o calor se intensifica, e a proje\u00e7\u00e3o \u00e9 que a m\u00e1xima atinja os <strong>34\u00b0C<\/strong>. Essas altas temperaturas, combinadas com a umidade do ar, podem levar \u00e0 sensa\u00e7\u00e3o de temperaturas ainda mais elevadas, especialmente em \u00e1reas com pouca ventila\u00e7\u00e3o.<\/p>\n<h2>Umidade relativa do ar em Jequi\u00e9<\/h2>\n<p>A umidade relativa do ar \u00e9 uma vari\u00e1vel importante que influencia tanto o conforto t\u00e9rmico quanto a ocorr\u00eancia de chuvas. Em Jequi\u00e9, para hoje, espera-se que a umidade relativa varie de 100% durante a manh\u00e3, quando as condi\u00e7\u00f5es atmosf\u00e9ricas s\u00e3o mais favor\u00e1veis para a forma\u00e7\u00e3o de n\u00e9voa e chuvas esparsas, diminuindo progressivamente para <strong>40%<\/strong> nos hor\u00e1rios mais secos da tarde. Essas mudan\u00e7as na umidade s\u00e3o comuns em regi\u00f5es tropicais, onde os ventos e os sistemas clim\u00e1ticos podem criar r\u00e1pidas transforma\u00e7\u00f5es no ambiente.<\/p>\n<p>Altas porcentagens de umidade, especialmente na manh\u00e3, s\u00e3o indicativas de um maior potencial para ocorr\u00eancia de chuvas, pois o ar mais \u00famido i\u00e7ado forma as nuvens que podem resultar em precipita\u00e7\u00f5es. Assim, \u00e9 essencial que os cidad\u00e3os de Jequi\u00e9 monitorem as previs\u00f5es e se preparem para os poss\u00edveis efeitos de uma umidade elevada, como a sensa\u00e7\u00e3o de abafamento e a possibilidade de chuvas repentinas.<\/p>\n<h2>Dire\u00e7\u00e3o e intensidade do vento<\/h2>\n<p>Os ventos em Jequi\u00e9 hoje dever\u00e3o ser predominantemente fracos, com dire\u00e7\u00e3o do <strong>nordeste<\/strong> para o <strong>norte<\/strong>. Essa condi\u00e7\u00e3o de vento favor\u00e1vel \u00e9 um aspecto que reflete a din\u00e2mica atmosf\u00e9rica local durante o ver\u00e3o, quando as massas de ar quente predominam na regi\u00e3o. A intensidade do vento, embora fraca, \u00e9 capaz de proporcionar algum al\u00edvio em dias quentes, especialmente durante as horas mais quentes.<\/p>\n<p>O nascer do sol em Jequi\u00e9 est\u00e1 previsto para \u00e0s <strong>05h03<\/strong>, e o p\u00f4r do sol ocorrer\u00e1 \u00e0s <strong>17h54<\/strong>. Isso oferece aos moradores e visitantes quase doze horas de luz solar, um fator que tende a aquecer o ambiente at\u00e9 as temperaturas m\u00e1ximas citadas anteriormente. Al\u00e9m disso, embora a fraca intensidade do vento possa n\u00e3o ser suficiente para refrescar o ar, pode ajudar na dispers\u00e3o da polui\u00e7\u00e3o e na troca de ar, contribuindo para melhorar as condi\u00e7\u00f5es locais, mesmo que de forma sutil.<\/p>\n<h2>Influ\u00eancia do tempo nos pr\u00f3ximos dias<\/h2>\n<p>O clima em Jequi\u00e9 para os pr\u00f3ximos dias traz perspectivas de continuidade das chuvas isoladas, especialmente nas manh\u00e3s. Amanh\u00e3, por exemplo, a previs\u00e3o \u00e9 de que a chuva precipite ao longo da manh\u00e3, mantendo a tend\u00eancia de c\u00e9u fechado \u00e0 tarde e \u00e0 noite. As temperaturas devem oscillar entre <strong>19\u00b0C<\/strong> e <strong>25\u00b0C<\/strong>. Isso reflete um padr\u00e3o de clima bastante t\u00edpico para a regi\u00e3o neste per\u00edodo do ano, caracterizado por uma combina\u00e7\u00e3o de calor intenso e precipita\u00e7\u00f5es.<\/p>\n<p>No dia seguinte, a previs\u00e3o ser\u00e1 um pouco mais favor\u00e1vel em termos de temperaturas, com m\u00e1ximas podendo alcan\u00e7ar at\u00e9 <strong>30\u00b0C<\/strong>. Essa situa\u00e7\u00e3o mostra que os moradores precisam estar preparados para uma variedade de condi\u00e7\u00f5es clim\u00e1ticas, com a possibilidade de enfrentar tanto dias quentes como situa\u00e7\u00f5es de chuva, o que exigir\u00e1 aten\u00e7\u00e3o redobrada sobre as vestimentas e h\u00e1bitos di\u00e1rios.<\/p>\n<h2>Pontos de aten\u00e7\u00e3o para os moradores<\/h2>\n<p>Os mun\u00edcipes de Jequi\u00e9 devem estar cientes de alguns pontos importantes para lidar com as pancadas de chuvas que podem ocorrer a qualquer momento. Primeiramente, a proximidade de fen\u00f4menos clim\u00e1ticos extremos pode resultar em alagamentos e transtornos nas \u00e1reas mais vulner\u00e1veis. Assim, \u00e9 essencial que as pessoas fiquem atentas a avisos de condi\u00e7\u00f5es clim\u00e1ticas emitidos pelos \u00f3rg\u00e3os respons\u00e1veis, especialmente em dias de previs\u00e3o de precipita\u00e7\u00f5es intensas.<\/p>\n<p>Ademais, dada a combina\u00e7\u00e3o de calor extremo e umidade em altos n\u00edveis, recomenda-se que a popula\u00e7\u00e3o busque formas de se proteger do sol, utilizando roupas leves, chap\u00e9us e \u00f3culos de sol. Manter-se hidratado \u00e9 fundamental, especialmente nos dias mais quentes, onde a demanda de l\u00edquidos se torna essencial para evitar problemas de sa\u00fade.<\/p>\n<h2>Dicas para se proteger da chuva intensa<\/h2>\n<p>Se voc\u00ea reside ou est\u00e1 visitando Jequi\u00e9 e o clima indica a possibilidade de pancadas de chuva, \u00e9 prudente seguir algumas dicas pr\u00e1ticas para garantir sua seguran\u00e7a e conforto:<\/p>\n<ul>\n<li><strong>Verifique a previs\u00e3o do tempo:<\/strong> Antes de sair, \u00e9 bom checar a previs\u00e3o para o dia. Isso ajuda a se preparar para condi\u00e7\u00f5es clim\u00e1ticas adversas.<\/li>\n<li><strong>Utilize roupas adequadas:<\/strong> Em dias com previs\u00e3o de chuvas, use roupas que sequem r\u00e1pido, isso facilita o conforto caso voc\u00ea acabe se molhando.<\/li>\n<li><strong>Tenha um guarda-chuva:<\/strong> Sempre que poss\u00edvel, leve um guarda-chuva ou capa de chuva, isso pode evitar que voc\u00ea fique encharcado.<\/li>\n<li><strong>Fique atento \u00e0s ruas:<\/strong> Durante as chuvas intensas, as ruas podem alagar, evite atravess\u00e1-las se a \u00e1gua estiver muito alta.<\/li>\n<li><strong>Evite atividades ao ar livre:<\/strong> Em casos de tratamento de tempestades, \u00e9 melhor permanecer em casa at\u00e9 que a situa\u00e7\u00e3o se normalize.<\/li>\n<\/ul>\n<h2>O que dizem os meteorologistas?<\/h2>\n<p>Os meteorologistas, de maneira geral, alertam sobre a necessidade de cautela em rela\u00e7\u00e3o \u00e0s pancadas de chuva e mudan\u00e7as repentinas de temperatura. Com o aquecimento global, eventos clim\u00e1ticos extremos t\u00eam se tornado cada vez mais frequentes, e Jequi\u00e9 n\u00e3o \u00e9 exce\u00e7\u00e3o.<\/p>\n<p>Profissionais da \u00e1rea recomendam que a comunidade esteja sempre informada sobre as previs\u00f5es clim\u00e1ticas, j\u00e1 que pequenas mudan\u00e7as nas condi\u00e7\u00f5es de temperatura podem antecipar a chegada de chuvas mais intensas. Eles tamb\u00e9m enfatizam a import\u00e2ncia de uma comunica\u00e7\u00e3o eficaz entre as autoridades e a popula\u00e7\u00e3o para evitar danos e garantir a seguran\u00e7a em situa\u00e7\u00f5es de risco clim\u00e1tico.<\/p>\n<h2>Expectativas clim\u00e1ticas para o fim de semana<\/h2>\n<p>O fim de semana que se aproxima promete trazer mudan\u00e7as nas condi\u00e7\u00f5es meteorol\u00f3gicas em Jequi\u00e9. No s\u00e1bado (29\/11), a previs\u00e3o \u00e9 de que a temperatura permane\u00e7a em um patamar vi\u00e1vel, com m\u00e1ximas podendo chegar a <strong>32\u00b0C<\/strong> e c\u00e9u parcialmente limpo. Isso pode estimular atividades ao ar livre, mas requer acompanhamento constante da previs\u00e3o de tempo.<\/p>\n<p>No domingo (30\/11), as temperaturas devem variar entre <strong>18\u00b0C<\/strong> e <strong>31\u00b0C<\/strong>, com a possibilidade de tempo fechado. Portanto, os moradores devem ficar atentos, pois mesmo que o dia n\u00e3o indique chuva na parte da manh\u00e3, as nuvens encorpadas podem indicar a chegada de precipita\u00e7\u00f5es \u00e0 tarde.<\/p>\n<h2>Resumo da previs\u00e3o do tempo para a semana<\/h2>\n<p>Para concluir, a previs\u00e3o do tempo em Jequi\u00e9 para esta semana \u00e9 caracterizada por um cen\u00e1rio de flutua\u00e7\u00f5es t\u00e9rmicas, altas umidades e a possibilidade de pancadas de chuva. Os moradores devem se preparar para temperaturas que variam entre <strong>19\u00b0C<\/strong> a <strong>34\u00b0C<\/strong>, com chuvas previstas para praticamente todos os dias.<\/p>\n<p>Diante dessas condi\u00e7\u00f5es, \u00e9 essencial que a popula\u00e7\u00e3o esteja sempre atenta \u00e0s atualiza\u00e7\u00f5es clim\u00e1ticas e adote medidas de precau\u00e7\u00e3o, principalmente ao lidar com calor intenso e chuvas repentinas. Essas a\u00e7\u00f5es n\u00e3o apenas minimizam os riscos associados a fen\u00f4menos clim\u00e1ticos adversos, mas tamb\u00e9m garantem um maior conforto e seguran\u00e7a para todos.<\/p>\n\n<div style=\"font-size: 0px; height: 0px; line-height: 0px; margin: 0; padding: 0; clear: both;\"><\/div>","protected":false},"excerpt":{"rendered":"<p>Jequi\u00e9 ter\u00e1 um dia com pancadas fortes de chuva. Prepare-se!<\/p>\n","protected":false},"author":1,"featured_media":379,"comment_status":"open","ping_status":"closed","sticky":false,"template":"","format":"standard","meta":{"footnotes":""},"categories":[1],"tags":[],"class_list":["post-380","post","type-post","status-publish","format-standard","has-post-thumbnail","hentry","category-noticias-em-jequie","has_thumb"],"aioseo_notices":[],"aioseo_head":"\n\t\t<!-- All in One SEO 5.0.0.1 - aioseo.com -->\n\t<meta name=\"description\" content=\"Jequi\u00e9 ter\u00e1 um dia com pancadas fortes de chuva. Prepare-se!\" \/>\n\t<meta name=\"robots\" content=\"max-image-preview:large\" \/>\n\t<meta name=\"author\" content=\"Encontra Jequi\u00e9\"\/>\n\t<link rel=\"canonical\" href=\"https:\/\/www.encontrajequie.com.br\/sobre\/jequie-deve-ter-um-dia-com-pancadas-fortes-e-rapidas-nesta-quarta\/\" \/>\n\t<meta name=\"generator\" content=\"All in One SEO (AIOSEO) 5.0.0.1\" \/>\n\t\t<meta property=\"og:locale\" content=\"pt_BR\" \/>\n\t\t<meta property=\"og:site_name\" content=\"Encontra Jequi\u00e9 | Not\u00edcias, eventos, informa\u00e7\u00f5es e dicas na cidade de Jequi\u00e9 e regi\u00e3o.\" \/>\n\t\t<meta property=\"og:type\" content=\"article\" \/>\n\t\t<meta property=\"og:title\" content=\"Jequi\u00e9 deve ter um dia com pancadas fortes e r\u00e1pidas nesta quarta | Encontra Jequi\u00e9\" \/>\n\t\t<meta property=\"og:description\" content=\"Jequi\u00e9 ter\u00e1 um dia com pancadas fortes de chuva. Prepare-se!\" \/>\n\t\t<meta property=\"og:url\" content=\"https:\/\/www.encontrajequie.com.br\/sobre\/jequie-deve-ter-um-dia-com-pancadas-fortes-e-rapidas-nesta-quarta\/\" \/>\n\t\t<meta property=\"article:published_time\" content=\"2025-11-27T09:07:00+00:00\" \/>\n\t\t<meta property=\"article:modified_time\" content=\"2025-11-27T09:07:00+00:00\" \/>\n\t\t<meta name=\"twitter:card\" content=\"summary_large_image\" \/>\n\t\t<meta name=\"twitter:title\" content=\"Jequi\u00e9 deve ter um dia com pancadas fortes e r\u00e1pidas nesta quarta | Encontra Jequi\u00e9\" \/>\n\t\t<meta name=\"twitter:description\" content=\"Jequi\u00e9 ter\u00e1 um dia com pancadas fortes de chuva. Prepare-se!\" \/>\n\t\t<script type=\"application\/ld+json\" class=\"aioseo-schema\">\n\t\t\t{\"@context\":\"https:\\\/\\\/schema.org\",\"@graph\":[{\"@type\":\"Article\",\"@id\":\"https:\\\/\\\/www.encontrajequie.com.br\\\/sobre\\\/jequie-deve-ter-um-dia-com-pancadas-fortes-e-rapidas-nesta-quarta\\\/#article\",\"name\":\"Jequi\\u00e9 deve ter um dia com pancadas fortes e r\\u00e1pidas nesta quarta | Encontra Jequi\\u00e9\",\"headline\":\"Jequi\\u00e9 deve ter um dia com pancadas fortes e r\\u00e1pidas nesta quarta\",\"author\":{\"@id\":\"https:\\\/\\\/www.encontrajequie.com.br\\\/sobre\\\/author\\\/ejequie\\\/#author\"},\"publisher\":{\"@id\":\"https:\\\/\\\/www.encontrajequie.com.br\\\/sobre\\\/#organization\"},\"image\":{\"@type\":\"ImageObject\",\"url\":\"https:\\\/\\\/www.encontrajequie.com.br\\\/sobre\\\/wp-content\\\/uploads\\\/2025\\\/11\\\/jequie-deve-ter-um-dia-com-pancadas-fortes-e-rapidas-nesta-quarta.webp\",\"width\":320,\"height\":280,\"caption\":\"pancadas fortes de chuva\"},\"datePublished\":\"2025-11-27T06:07:00-03:00\",\"dateModified\":\"2025-11-27T06:07:00-03:00\",\"inLanguage\":\"pt-BR\",\"mainEntityOfPage\":{\"@id\":\"https:\\\/\\\/www.encontrajequie.com.br\\\/sobre\\\/jequie-deve-ter-um-dia-com-pancadas-fortes-e-rapidas-nesta-quarta\\\/#webpage\"},\"isPartOf\":{\"@id\":\"https:\\\/\\\/www.encontrajequie.com.br\\\/sobre\\\/jequie-deve-ter-um-dia-com-pancadas-fortes-e-rapidas-nesta-quarta\\\/#webpage\"},\"articleSection\":\"Not\\u00edcias Jequi\\u00e9\"},{\"@type\":\"BreadcrumbList\",\"@id\":\"https:\\\/\\\/www.encontrajequie.com.br\\\/sobre\\\/jequie-deve-ter-um-dia-com-pancadas-fortes-e-rapidas-nesta-quarta\\\/#breadcrumblist\",\"itemListElement\":[{\"@type\":\"ListItem\",\"@id\":\"https:\\\/\\\/www.encontrajequie.com.br\\\/sobre#listItem\",\"position\":1,\"name\":\"Home\",\"item\":\"https:\\\/\\\/www.encontrajequie.com.br\\\/sobre\",\"nextItem\":{\"@type\":\"ListItem\",\"@id\":\"https:\\\/\\\/www.encontrajequie.com.br\\\/sobre\\\/noticias-em-jequie\\\/#listItem\",\"name\":\"Not\\u00edcias Jequi\\u00e9\"}},{\"@type\":\"ListItem\",\"@id\":\"https:\\\/\\\/www.encontrajequie.com.br\\\/sobre\\\/noticias-em-jequie\\\/#listItem\",\"position\":2,\"name\":\"Not\\u00edcias Jequi\\u00e9\",\"item\":\"https:\\\/\\\/www.encontrajequie.com.br\\\/sobre\\\/noticias-em-jequie\\\/\",\"nextItem\":{\"@type\":\"ListItem\",\"@id\":\"https:\\\/\\\/www.encontrajequie.com.br\\\/sobre\\\/jequie-deve-ter-um-dia-com-pancadas-fortes-e-rapidas-nesta-quarta\\\/#listItem\",\"name\":\"Jequi\\u00e9 deve ter um dia com pancadas fortes e r\\u00e1pidas nesta quarta\"},\"previousItem\":{\"@type\":\"ListItem\",\"@id\":\"https:\\\/\\\/www.encontrajequie.com.br\\\/sobre#listItem\",\"name\":\"Home\"}},{\"@type\":\"ListItem\",\"@id\":\"https:\\\/\\\/www.encontrajequie.com.br\\\/sobre\\\/jequie-deve-ter-um-dia-com-pancadas-fortes-e-rapidas-nesta-quarta\\\/#listItem\",\"position\":3,\"name\":\"Jequi\\u00e9 deve ter um dia com pancadas fortes e r\\u00e1pidas nesta quarta\",\"previousItem\":{\"@type\":\"ListItem\",\"@id\":\"https:\\\/\\\/www.encontrajequie.com.br\\\/sobre\\\/noticias-em-jequie\\\/#listItem\",\"name\":\"Not\\u00edcias Jequi\\u00e9\"}}]},{\"@type\":\"Organization\",\"@id\":\"https:\\\/\\\/www.encontrajequie.com.br\\\/sobre\\\/#organization\",\"name\":\"Encontra Jequi\\u00e9\",\"description\":\"Not\\u00edcias, eventos, informa\\u00e7\\u00f5es e dicas na cidade de Jequi\\u00e9 e regi\\u00e3o.\",\"url\":\"https:\\\/\\\/www.encontrajequie.com.br\\\/sobre\\\/\"},{\"@type\":\"Person\",\"@id\":\"https:\\\/\\\/www.encontrajequie.com.br\\\/sobre\\\/author\\\/ejequie\\\/#author\",\"url\":\"https:\\\/\\\/www.encontrajequie.com.br\\\/sobre\\\/author\\\/ejequie\\\/\",\"name\":\"Encontra Jequi\\u00e9\",\"image\":{\"@type\":\"ImageObject\",\"@id\":\"https:\\\/\\\/www.encontrajequie.com.br\\\/sobre\\\/jequie-deve-ter-um-dia-com-pancadas-fortes-e-rapidas-nesta-quarta\\\/#authorImage\",\"url\":\"https:\\\/\\\/secure.gravatar.com\\\/avatar\\\/507340682b8270222e1f208e23198b6ae7e2c6a1033ae84e99bc6bce4f82a387?s=96&d=mm&r=g\",\"width\":96,\"height\":96,\"caption\":\"Encontra Jequi\\u00e9\"}},{\"@type\":\"WebPage\",\"@id\":\"https:\\\/\\\/www.encontrajequie.com.br\\\/sobre\\\/jequie-deve-ter-um-dia-com-pancadas-fortes-e-rapidas-nesta-quarta\\\/#webpage\",\"url\":\"https:\\\/\\\/www.encontrajequie.com.br\\\/sobre\\\/jequie-deve-ter-um-dia-com-pancadas-fortes-e-rapidas-nesta-quarta\\\/\",\"name\":\"Jequi\\u00e9 deve ter um dia com pancadas fortes e r\\u00e1pidas nesta quarta | Encontra Jequi\\u00e9\",\"description\":\"Jequi\\u00e9 ter\\u00e1 um dia com pancadas fortes de chuva. Prepare-se!\",\"inLanguage\":\"pt-BR\",\"isPartOf\":{\"@id\":\"https:\\\/\\\/www.encontrajequie.com.br\\\/sobre\\\/#website\"},\"breadcrumb\":{\"@id\":\"https:\\\/\\\/www.encontrajequie.com.br\\\/sobre\\\/jequie-deve-ter-um-dia-com-pancadas-fortes-e-rapidas-nesta-quarta\\\/#breadcrumblist\"},\"author\":{\"@id\":\"https:\\\/\\\/www.encontrajequie.com.br\\\/sobre\\\/author\\\/ejequie\\\/#author\"},\"creator\":{\"@id\":\"https:\\\/\\\/www.encontrajequie.com.br\\\/sobre\\\/author\\\/ejequie\\\/#author\"},\"image\":{\"@type\":\"ImageObject\",\"url\":\"https:\\\/\\\/www.encontrajequie.com.br\\\/sobre\\\/wp-content\\\/uploads\\\/2025\\\/11\\\/jequie-deve-ter-um-dia-com-pancadas-fortes-e-rapidas-nesta-quarta.webp\",\"@id\":\"https:\\\/\\\/www.encontrajequie.com.br\\\/sobre\\\/jequie-deve-ter-um-dia-com-pancadas-fortes-e-rapidas-nesta-quarta\\\/#mainImage\",\"width\":320,\"height\":280,\"caption\":\"pancadas fortes de chuva\"},\"primaryImageOfPage\":{\"@id\":\"https:\\\/\\\/www.encontrajequie.com.br\\\/sobre\\\/jequie-deve-ter-um-dia-com-pancadas-fortes-e-rapidas-nesta-quarta\\\/#mainImage\"},\"datePublished\":\"2025-11-27T06:07:00-03:00\",\"dateModified\":\"2025-11-27T06:07:00-03:00\"},{\"@type\":\"WebSite\",\"@id\":\"https:\\\/\\\/www.encontrajequie.com.br\\\/sobre\\\/#website\",\"url\":\"https:\\\/\\\/www.encontrajequie.com.br\\\/sobre\\\/\",\"name\":\"Encontra Jequi\\u00e9\",\"description\":\"Not\\u00edcias, eventos, informa\\u00e7\\u00f5es e dicas na cidade de Jequi\\u00e9 e regi\\u00e3o.\",\"inLanguage\":\"pt-BR\",\"publisher\":{\"@id\":\"https:\\\/\\\/www.encontrajequie.com.br\\\/sobre\\\/#organization\"}}]}\n\t\t<\/script>\n\t\t<!-- All in One SEO -->\n\n","aioseo_head_json":{"title":"Jequi\u00e9 deve ter um dia com pancadas fortes e r\u00e1pidas nesta quarta | Encontra Jequi\u00e9","description":"Jequi\u00e9 ter\u00e1 um dia com pancadas fortes de chuva. Prepare-se!","canonical_url":"https:\/\/www.encontrajequie.com.br\/sobre\/jequie-deve-ter-um-dia-com-pancadas-fortes-e-rapidas-nesta-quarta\/","robots":"max-image-preview:large","keywords":"","webmasterTools":{"miscellaneous":""},"schema":{"@context":"https:\/\/schema.org","@graph":[{"@type":"Article","@id":"https:\/\/www.encontrajequie.com.br\/sobre\/jequie-deve-ter-um-dia-com-pancadas-fortes-e-rapidas-nesta-quarta\/#article","name":"Jequi\u00e9 deve ter um dia com pancadas fortes e r\u00e1pidas nesta quarta | Encontra Jequi\u00e9","headline":"Jequi\u00e9 deve ter um dia com pancadas fortes e r\u00e1pidas nesta quarta","author":{"@id":"https:\/\/www.encontrajequie.com.br\/sobre\/author\/ejequie\/#author"},"publisher":{"@id":"https:\/\/www.encontrajequie.com.br\/sobre\/#organization"},"image":{"@type":"ImageObject","url":"https:\/\/www.encontrajequie.com.br\/sobre\/wp-content\/uploads\/2025\/11\/jequie-deve-ter-um-dia-com-pancadas-fortes-e-rapidas-nesta-quarta.webp","width":320,"height":280,"caption":"pancadas fortes de chuva"},"datePublished":"2025-11-27T06:07:00-03:00","dateModified":"2025-11-27T06:07:00-03:00","inLanguage":"pt-BR","mainEntityOfPage":{"@id":"https:\/\/www.encontrajequie.com.br\/sobre\/jequie-deve-ter-um-dia-com-pancadas-fortes-e-rapidas-nesta-quarta\/#webpage"},"isPartOf":{"@id":"https:\/\/www.encontrajequie.com.br\/sobre\/jequie-deve-ter-um-dia-com-pancadas-fortes-e-rapidas-nesta-quarta\/#webpage"},"articleSection":"Not\u00edcias Jequi\u00e9"},{"@type":"BreadcrumbList","@id":"https:\/\/www.encontrajequie.com.br\/sobre\/jequie-deve-ter-um-dia-com-pancadas-fortes-e-rapidas-nesta-quarta\/#breadcrumblist","itemListElement":[{"@type":"ListItem","@id":"https:\/\/www.encontrajequie.com.br\/sobre#listItem","position":1,"name":"Home","item":"https:\/\/www.encontrajequie.com.br\/sobre","nextItem":{"@type":"ListItem","@id":"https:\/\/www.encontrajequie.com.br\/sobre\/noticias-em-jequie\/#listItem","name":"Not\u00edcias Jequi\u00e9"}},{"@type":"ListItem","@id":"https:\/\/www.encontrajequie.com.br\/sobre\/noticias-em-jequie\/#listItem","position":2,"name":"Not\u00edcias Jequi\u00e9","item":"https:\/\/www.encontrajequie.com.br\/sobre\/noticias-em-jequie\/","nextItem":{"@type":"ListItem","@id":"https:\/\/www.encontrajequie.com.br\/sobre\/jequie-deve-ter-um-dia-com-pancadas-fortes-e-rapidas-nesta-quarta\/#listItem","name":"Jequi\u00e9 deve ter um dia com pancadas fortes e r\u00e1pidas nesta quarta"},"previousItem":{"@type":"ListItem","@id":"https:\/\/www.encontrajequie.com.br\/sobre#listItem","name":"Home"}},{"@type":"ListItem","@id":"https:\/\/www.encontrajequie.com.br\/sobre\/jequie-deve-ter-um-dia-com-pancadas-fortes-e-rapidas-nesta-quarta\/#listItem","position":3,"name":"Jequi\u00e9 deve ter um dia com pancadas fortes e r\u00e1pidas nesta quarta","previousItem":{"@type":"ListItem","@id":"https:\/\/www.encontrajequie.com.br\/sobre\/noticias-em-jequie\/#listItem","name":"Not\u00edcias Jequi\u00e9"}}]},{"@type":"Organization","@id":"https:\/\/www.encontrajequie.com.br\/sobre\/#organization","name":"Encontra Jequi\u00e9","description":"Not\u00edcias, eventos, informa\u00e7\u00f5es e dicas na cidade de Jequi\u00e9 e regi\u00e3o.","url":"https:\/\/www.encontrajequie.com.br\/sobre\/"},{"@type":"Person","@id":"https:\/\/www.encontrajequie.com.br\/sobre\/author\/ejequie\/#author","url":"https:\/\/www.encontrajequie.com.br\/sobre\/author\/ejequie\/","name":"Encontra Jequi\u00e9","image":{"@type":"ImageObject","@id":"https:\/\/www.encontrajequie.com.br\/sobre\/jequie-deve-ter-um-dia-com-pancadas-fortes-e-rapidas-nesta-quarta\/#authorImage","url":"https:\/\/secure.gravatar.com\/avatar\/507340682b8270222e1f208e23198b6ae7e2c6a1033ae84e99bc6bce4f82a387?s=96&d=mm&r=g","width":96,"height":96,"caption":"Encontra Jequi\u00e9"}},{"@type":"WebPage","@id":"https:\/\/www.encontrajequie.com.br\/sobre\/jequie-deve-ter-um-dia-com-pancadas-fortes-e-rapidas-nesta-quarta\/#webpage","url":"https:\/\/www.encontrajequie.com.br\/sobre\/jequie-deve-ter-um-dia-com-pancadas-fortes-e-rapidas-nesta-quarta\/","name":"Jequi\u00e9 deve ter um dia com pancadas fortes e r\u00e1pidas nesta quarta | Encontra Jequi\u00e9","description":"Jequi\u00e9 ter\u00e1 um dia com pancadas fortes de chuva. Prepare-se!","inLanguage":"pt-BR","isPartOf":{"@id":"https:\/\/www.encontrajequie.com.br\/sobre\/#website"},"breadcrumb":{"@id":"https:\/\/www.encontrajequie.com.br\/sobre\/jequie-deve-ter-um-dia-com-pancadas-fortes-e-rapidas-nesta-quarta\/#breadcrumblist"},"author":{"@id":"https:\/\/www.encontrajequie.com.br\/sobre\/author\/ejequie\/#author"},"creator":{"@id":"https:\/\/www.encontrajequie.com.br\/sobre\/author\/ejequie\/#author"},"image":{"@type":"ImageObject","url":"https:\/\/www.encontrajequie.com.br\/sobre\/wp-content\/uploads\/2025\/11\/jequie-deve-ter-um-dia-com-pancadas-fortes-e-rapidas-nesta-quarta.webp","@id":"https:\/\/www.encontrajequie.com.br\/sobre\/jequie-deve-ter-um-dia-com-pancadas-fortes-e-rapidas-nesta-quarta\/#mainImage","width":320,"height":280,"caption":"pancadas fortes de chuva"},"primaryImageOfPage":{"@id":"https:\/\/www.encontrajequie.com.br\/sobre\/jequie-deve-ter-um-dia-com-pancadas-fortes-e-rapidas-nesta-quarta\/#mainImage"},"datePublished":"2025-11-27T06:07:00-03:00","dateModified":"2025-11-27T06:07:00-03:00"},{"@type":"WebSite","@id":"https:\/\/www.encontrajequie.com.br\/sobre\/#website","url":"https:\/\/www.encontrajequie.com.br\/sobre\/","name":"Encontra Jequi\u00e9","description":"Not\u00edcias, eventos, informa\u00e7\u00f5es e dicas na cidade de Jequi\u00e9 e regi\u00e3o.","inLanguage":"pt-BR","publisher":{"@id":"https:\/\/www.encontrajequie.com.br\/sobre\/#organization"}}]},"og:locale":"pt_BR","og:site_name":"Encontra Jequi\u00e9 | Not\u00edcias, eventos, informa\u00e7\u00f5es e dicas na cidade de Jequi\u00e9 e regi\u00e3o.","og:type":"article","og:title":"Jequi\u00e9 deve ter um dia com pancadas fortes e r\u00e1pidas nesta quarta | Encontra Jequi\u00e9","og:description":"Jequi\u00e9 ter\u00e1 um dia com pancadas fortes de chuva. Prepare-se!","og:url":"https:\/\/www.encontrajequie.com.br\/sobre\/jequie-deve-ter-um-dia-com-pancadas-fortes-e-rapidas-nesta-quarta\/","article:published_time":"2025-11-27T09:07:00+00:00","article:modified_time":"2025-11-27T09:07:00+00:00","twitter:card":"summary_large_image","twitter:title":"Jequi\u00e9 deve ter um dia com pancadas fortes e r\u00e1pidas nesta quarta | Encontra Jequi\u00e9","twitter:description":"Jequi\u00e9 ter\u00e1 um dia com pancadas fortes de chuva. Prepare-se!"},"aioseo_meta_data":{"post_id":"380","title":null,"description":null,"keywords":null,"keyphrases":null,"primary_term":null,"canonical_url":null,"og_title":null,"og_description":null,"og_object_type":"default","og_image_type":"default","og_image_url":null,"og_image_width":null,"og_image_height":null,"og_image_custom_url":null,"og_image_custom_fields":null,"og_video":null,"og_custom_url":null,"og_article_section":null,"og_article_tags":null,"twitter_use_og":false,"twitter_card":"default","twitter_image_type":"default","twitter_image_url":null,"twitter_image_custom_url":null,"twitter_image_custom_fields":null,"twitter_title":null,"twitter_description":null,"schema":{"blockGraphs":[],"customGraphs":[],"default":{"data":{"Article":[],"Course":[],"Dataset":[],"FAQPage":[],"Movie":[],"Person":[],"Product":[],"ProductReview":[],"Car":[],"Recipe":[],"Service":[],"SoftwareApplication":[],"WebPage":[]},"graphName":"Article","isEnabled":true},"graphs":[]},"schema_type":"default","schema_type_options":null,"pillar_content":false,"robots_default":true,"robots_noindex":false,"robots_noarchive":false,"robots_nosnippet":false,"robots_nofollow":false,"robots_noimageindex":false,"robots_noodp":false,"robots_notranslate":false,"robots_max_snippet":null,"robots_max_videopreview":null,"robots_max_imagepreview":"large","priority":null,"frequency":null,"local_seo":null,"breadcrumb_settings":null,"limit_modified_date":false,"ai":null,"created":"2025-11-30 06:22:55","updated":"2025-11-30 07:07:45","focus_keyword":null,"additional_keywords":null,"truseo_locale":null,"seo_analyzer_scan_date":null},"aioseo_breadcrumb":"<div class=\"aioseo-breadcrumbs\"><span class=\"aioseo-breadcrumb\">\n\t\t\t<a href=\"https:\/\/www.encontrajequie.com.br\/sobre\" title=\"Home\">Home<\/a>\n\t\t<\/span><span class=\"aioseo-breadcrumb-separator\">&raquo;<\/span><span class=\"aioseo-breadcrumb\">\n\t\t\t<a href=\"https:\/\/www.encontrajequie.com.br\/sobre\/noticias-em-jequie\/\" title=\"Not\u00edcias Jequi\u00e9\">Not\u00edcias Jequi\u00e9<\/a>\n\t\t<\/span><span class=\"aioseo-breadcrumb-separator\">&raquo;<\/span><span class=\"aioseo-breadcrumb\">\n\t\t\tJequi\u00e9 deve ter um dia com pancadas fortes e r\u00e1pidas nesta quarta\n\t\t<\/span><\/div>","aioseo_breadcrumb_json":[{"label":"Home","link":"https:\/\/www.encontrajequie.com.br\/sobre"},{"label":"Not\u00edcias Jequi\u00e9","link":"https:\/\/www.encontrajequie.com.br\/sobre\/noticias-em-jequie\/"},{"label":"Jequi\u00e9 deve ter um dia com pancadas fortes e r\u00e1pidas nesta quarta","link":"https:\/\/www.encontrajequie.com.br\/sobre\/jequie-deve-ter-um-dia-com-pancadas-fortes-e-rapidas-nesta-quarta\/"}],"_links":{"self":[{"href":"https:\/\/www.encontrajequie.com.br\/sobre\/wp-json\/wp\/v2\/posts\/380","targetHints":{"allow":["GET"]}}],"collection":[{"href":"https:\/\/www.encontrajequie.com.br\/sobre\/wp-json\/wp\/v2\/posts"}],"about":[{"href":"https:\/\/www.encontrajequie.com.br\/sobre\/wp-json\/wp\/v2\/types\/post"}],"author":[{"embeddable":true,"href":"https:\/\/www.encontrajequie.com.br\/sobre\/wp-json\/wp\/v2\/users\/1"}],"replies":[{"embeddable":true,"href":"https:\/\/www.encontrajequie.com.br\/sobre\/wp-json\/wp\/v2\/comments?post=380"}],"version-history":[{"count":0,"href":"https:\/\/www.encontrajequie.com.br\/sobre\/wp-json\/wp\/v2\/posts\/380\/revisions"}],"wp:featuredmedia":[{"embeddable":true,"href":"https:\/\/www.encontrajequie.com.br\/sobre\/wp-json\/wp\/v2\/media\/379"}],"wp:attachment":[{"href":"https:\/\/www.encontrajequie.com.br\/sobre\/wp-json\/wp\/v2\/media?parent=380"}],"wp:term":[{"taxonomy":"category","embeddable":true,"href":"https:\/\/www.encontrajequie.com.br\/sobre\/wp-json\/wp\/v2\/categories?post=380"},{"taxonomy":"post_tag","embeddable":true,"href":"https:\/\/www.encontrajequie.com.br\/sobre\/wp-json\/wp\/v2\/tags?post=380"}],"curies":[{"name":"wp","href":"https:\/\/api.w.org\/{rel}","templated":true}]}}