{"id":44,"date":"2013-12-09T12:18:05","date_gmt":"2013-12-09T12:18:05","guid":{"rendered":"http:\/\/www.encontrajequie.com.br\/noticias\/?p=44"},"modified":"2019-04-29T17:42:07","modified_gmt":"2019-04-29T20:42:07","slug":"festival-de-teatro-do-sul-e-sudoeste-baiano-comeca-no-proximo-dia-12-em-jequie","status":"publish","type":"post","link":"https:\/\/www.encontrajequie.com.br\/sobre\/festival-de-teatro-do-sul-e-sudoeste-baiano-comeca-no-proximo-dia-12-em-jequie\/","title":{"rendered":"Festival de Teatro do Sul e Sudoeste Baiano come\u00e7a no pr\u00f3ximo dia 12 em Jequi\u00e9"},"content":{"rendered":"<div class=\"30cf832dc5940d4704f66d0ed9a44050\" data-index=\"1\" style=\"float: none; margin:0px;\">\n<!-- Anuncio display - global -->\r\n<ins class=\"adsbygoogle\"\r\n     style=\"display:block\"\r\n     data-ad-client=\"ca-pub-8585364105181520\"\r\n     data-ad-slot=\"8789329856\"\r\n     data-ad-format=\"auto\"\r\n     data-full-width-responsive=\"true\"><\/ins>\r\n<script>\r\n     (adsbygoogle = window.adsbygoogle || []).push({});\r\n<\/script>\n<\/div>\n<p>O Festival de Teatro do Sul e Sudoeste Baiano come\u00e7a no pr\u00f3ximo dia 12 em Jequi\u00e9. O evento que re\u00fane grupos de teatro das regi\u00f5es Sul e Sudoeste do Estado acontecer\u00e1 no Centro de Cultura ACM, de 12 a 21 de dezembro, com apresenta\u00e7\u00f5es gratuitas de espet\u00e1culos \u00e0s 15h. e 20h. (ver programa\u00e7\u00e3o do evento). O projeto idealizado pelo produtor e gestor cultural Alysson Andrade e pelo diretor teatral Ricardo Barnab\u00e9, conta com o patroc\u00ednio da Funda\u00e7\u00e3o Cultural do Estado da Bahia, SecultBA e Fundo de Cultura da Bahia.<\/p>\n<p>Este ano, a programa\u00e7\u00e3o do evento conta com 10 (dez) espet\u00e1culos selecionados no m\u00eas de novembro. Com corpo de jurados formado por Astro Brayner, Tony Souza e Marquinhos N\u00f4, o projeto dinamizar\u00e1, durante uma semana, a programa\u00e7\u00e3o do Centro de Cultura ACM envolvendo grupos e demais trabalhadores do teatro regional.<\/p>\n<p><strong>PROGRAMA\u00c7\u00c3O<\/strong><br \/>\n12\/12\/2013, quinta \u2013 feira, \u2013 Centro de Cultura ACM, entrada franca:<\/p>\n<p>15h.<br \/>\nEspet\u00e1culo: CIRANDAS E RODAS<br \/>\nGrupo: Cia. Ci\u00eanicos.<br \/>\nMunic\u00edpio: Jequi\u00e9 &#8211; BA.<br \/>\nDire\u00e7\u00e3o: Maria de Souza<br \/>\nSinopse: Em um castelo imagin\u00e1rio, o imperador do centro do mundo passa dias e dias a se recordar de hist\u00f3rias contadas pelos seus antepassados. \u201cCirandas e Rodas\u201d tr\u00e1s ao palco estudantes do segundo semestre do curso de Licenciatura em Teatro e Dan\u00e7a da UESB, que, com cantigas e brincadeiras da cultura brasileira tradicional tecem o fluxo de uma viajem pelo universo infanto-juvenil.<\/p>\n<p>20h.<br \/>\nEspet\u00e1culo: BAIANIDADE BAIANA<br \/>\nGrupo: Cia. Baiana de Risos<br \/>\nMunic\u00edpio: Ilhe\u00fas-Ba.<br \/>\nDire\u00e7\u00e3o: Alberto Damit e Marco Antonio<br \/>\nSinopse: A pe\u00e7a fala da Diversidade Cultural do Pa\u00eds, que mesmo apesar da globaliza\u00e7\u00e3o, que busca a mundializa\u00e7\u00e3o do espa\u00e7o geogr\u00e1fico tentando, atrav\u00e9s dos meios de comunica\u00e7\u00e3o criar uma sociedade mais homog\u00eanea, aspectos locais continuam fortemente presentes. A Cultura de cada regi\u00e3o \u00e9 um desses aspectos que resiste a essa homogeneidade mantendo seus costumes e tradi\u00e7\u00f5es.<\/p>\n<p>14\/12\/2013, s\u00e1bado, \u00e0s 20h. \u2013 Centro de Cultura ACM, entrada franca:<br \/>\nEspet\u00e1culo: HERAN\u00c7AS DE UM MUNDO ESQUECIDO<br \/>\nGrupo: Cia. Itinerante de Artes C\u00eanicas.<br \/>\nMunic\u00edpio: Barra do Cho\u00e7a &#8211; BA.<br \/>\nDire\u00e7\u00e3o: Murilo Donato<br \/>\nSinopse: \u201cHeran\u00e7as de um Mundo Esquecido\u201d \u00e9 um espet\u00e1culo que tem um aspecto provocativo, no sentido de mexer com certos conceitos pr\u00e9-concebidos da sociedade atual. O texto tem como caracter\u00edstica o de estimular o p\u00fablico a diversas interpreta\u00e7\u00f5es de acordo com o grau de conhecimento de cada um a cerca da hist\u00f3ria da humanidade e seus feitos.<\/p>\n<p>15\/12\/2013, domingo, \u00e0s 20h. \u2013 Centro de Cultura ACM, entrada franca:<br \/>\nEspet\u00e1culo: C\u00c2NTICOS SERT\u00c2NICOS \u2013 VOZES DA SECA<br \/>\nGrupo: Cia. Itinerante de Artes C\u00eanicas.<br \/>\nMunic\u00edpio: Barra do Cho\u00e7a &#8211; BA.<br \/>\nDire\u00e7\u00e3o: Murilo Donato<br \/>\nSinopse: O espet\u00e1culo fala sobre um povo estigmatizado desde suas m\u00e3os talhadas ao esp\u00edrito de f\u00e9, traduzidos em c\u00e2nticos de agruras e esperan\u00e7a. Essa obra foi constru\u00edda sobre o trip\u00e9: seca, cren\u00e7a e festividade.<\/p>\n<p>16\/12\/2013, segunda-feira, \u00e0s 20h. \u2013 Centro de Cultura ACM, entrada franca:<br \/>\nEspet\u00e1culo: THE CELIO CRUZ SHOW \u2013 O NOSSO IBOPE \u00c9 VOC\u00ca!<br \/>\nGrupo: Estudantes do Curso de Licenciatura em Teatro da UESB \u2013 2012.1<br \/>\nMunic\u00edpio: Jequi\u00e9-BA.<br \/>\nDire\u00e7\u00e3o: Joadson Prado<br \/>\nSinopse: O Espet\u00e1culo apresenta um programa de televis\u00e3o, suas personas com situa\u00e7\u00f5es bastantes pol\u00eamicas e seu grande her\u00f3i, C\u00e9lio Cruz. Trata-se de uma com\u00e9dia que busca o riso ou o sofrimento daqueles que fazem a audi\u00eancia do programa, voc\u00ea.<\/p>\n<p>17\/12\/2013, ter\u00e7a-feira, \u00e0s 20h. \u2013 Centro de Cultura ACM, entrada franca:<br \/>\nEspet\u00e1culo: ANALFABETOS VIRTUAIS<br \/>\nGrupo: (n\u00e3o informado)<br \/>\nMunic\u00edpio: Itabuna- BA.<br \/>\nDire\u00e7\u00e3o: Gideon Rosa<br \/>\nSinopse: (n\u00e3o enviada)<\/p>\n<p>18\/12\/2013, quarta-feira, \u00e0s 20h. \u2013 Centro de Cultura ACM, entrada franca:<br \/>\nEspet\u00e1culo: ANTI-NELSON RODRIGUES<br \/>\nGrupo: Cia. Fina Ful\u00f4.<br \/>\nMunic\u00edpio: Jequi\u00e9 &#8211; BA.<br \/>\nDire\u00e7\u00e3o: Maria de Souza<br \/>\nSinopse: O espet\u00e1culo trata do garoto Oswaldinho, rico e minado pela m\u00e3e, Tereza, e desprezado pelo pai, Gast\u00e3o. Leleco \u00e9 amigo do rapaz desde a inf\u00e2ncia e tamb\u00e9m companheiro de confus\u00f5es. Joice \u00e9 uma suburbana, filha de Salim, um simp\u00e1tico velho superprotetor, que de tudo desconfia. As hist\u00f3rias destes personagens se cruzam (&#8230;).<\/p>\n<p>19\/12\/2013, quinta-feira, \u00e0s 20h. \u2013 Centro de Cultura ACM, entrada franca:<br \/>\nEspet\u00e1culo: ON\u00c0<br \/>\nGrupo: Ubuntu.<br \/>\nMunic\u00edpio: Po\u00e7\u00f5es &#8211; BA.<br \/>\nDire\u00e7\u00e3o: Lilian Almeida<br \/>\nSinopse: Um menino e uma menina, duas energias em busca de um caminho, um rumo, um prumo, um s\u00e1bio na busca de respostas e pistas que brincam com aquilo que denominamos de vida!<\/p>\n<p>20\/12\/2013, sexta-feira \u2013 Centro de Cultura ACM, entrada franca:<br \/>\n15h. (espet\u00e1culo infantil)<br \/>\nEspet\u00e1culo: PLUFT \u2013 O FANTASMINHA<br \/>\nGrupo: Cia. Teatral Arte &amp; Express\u00e3o.<br \/>\nMunic\u00edpio: Porto Seguro &#8211; BA.<br \/>\nDire\u00e7\u00e3o: Adriano Cutrim<br \/>\nSinopse: O cl\u00e1ssico de Maria Claro Machado escrito em 1954 mostra a qualidade da literatura Brasileira. O espet\u00e1culo agrada adulto e crian\u00e7a, com cenas de humor, aventura, e busca dos sonhos atrav\u00e9s da amizade, por um caminho que leva a descobrir o que realmente a vida tem de valiosa.<\/p>\n<p>20h.<br \/>\nEspet\u00e1culo: AGRESTE<br \/>\nGrupo: Cia de Teatro Trancos &amp; Barrancos.<br \/>\nMunic\u00edpio: C\u00e2ndido Sales &#8211; BA.<br \/>\nDire\u00e7\u00e3o: Gabriela de Souza<br \/>\nSinopse: Agreste \u00e9 um espet\u00e1culo baseado na narrativa de uma hist\u00f3ria de amor que nasce do p\u00f3, cresce entre espinhos, ganha o sert\u00e3o e se depara com o piorflagelo da alma humana: a seca.<\/p>\n<p>21\/12\/2013, s\u00e1bado, \u00e0s 9h \u2013 Centro de Cultura ACM, entrada franca:<\/p>\n<p>Solenidade de premia\u00e7\u00e3o e encerramento.<\/p>\n\n<div style=\"font-size: 0px; height: 0px; line-height: 0px; margin: 0; padding: 0; clear: both;\"><\/div>","protected":false},"excerpt":{"rendered":"<p>O Festival de Teatro do Sul e Sudoeste Baiano come\u00e7a no pr\u00f3ximo dia 12 em Jequi\u00e9. O evento que re\u00fane grupos de teatro das regi\u00f5es Sul e Sudoeste do Estado acontecer\u00e1 no Centro de Cultura ACM, de 12 a 21 de dezembro, com apresenta\u00e7\u00f5es gratuitas de espet\u00e1culos \u00e0s 15h. e 20h. (ver programa\u00e7\u00e3o do evento). O projeto idealizado pelo produtor e gestor cultural Alysson Andrade e pelo diretor teatral Ricardo Barnab\u00e9, conta com o patroc\u00ednio da Funda\u00e7\u00e3o Cultural do Estado da Bahia, SecultBA e Fundo de Cultura da Bahia. Este ano, a programa\u00e7\u00e3o do evento conta com 10 (dez) espet\u00e1culos <\/p>\n","protected":false},"author":1,"featured_media":0,"comment_status":"open","ping_status":"closed","sticky":false,"template":"","format":"standard","meta":{"footnotes":""},"categories":[1],"tags":[],"class_list":["post-44","post","type-post","status-publish","format-standard","hentry","category-noticias-em-jequie"],"aioseo_notices":[],"aioseo_head":"\n\t\t<!-- All in One SEO 5.0.0.1 - aioseo.com -->\n\t<meta name=\"description\" content=\"O Festival de Teatro do Sul e Sudoeste Baiano come\u00e7a no pr\u00f3ximo dia 12 em Jequi\u00e9. O evento que re\u00fane grupos de teatro das regi\u00f5es Sul e Sudoeste do Estado acontecer\u00e1 no Centro de Cultura ACM, de 12 a 21 de dezembro, com apresenta\u00e7\u00f5es gratuitas de espet\u00e1culos \u00e0s 15h. e 20h. (ver programa\u00e7\u00e3o do evento).\" \/>\n\t<meta name=\"robots\" content=\"max-image-preview:large\" \/>\n\t<meta name=\"author\" content=\"Encontra Jequi\u00e9\"\/>\n\t<link rel=\"canonical\" href=\"https:\/\/www.encontrajequie.com.br\/sobre\/festival-de-teatro-do-sul-e-sudoeste-baiano-comeca-no-proximo-dia-12-em-jequie\/\" \/>\n\t<meta name=\"generator\" content=\"All in One SEO (AIOSEO) 5.0.0.1\" \/>\n\t\t<meta property=\"og:locale\" content=\"pt_BR\" \/>\n\t\t<meta property=\"og:site_name\" content=\"Encontra Jequi\u00e9 | Not\u00edcias, eventos, informa\u00e7\u00f5es e dicas na cidade de Jequi\u00e9 e regi\u00e3o.\" \/>\n\t\t<meta property=\"og:type\" content=\"article\" \/>\n\t\t<meta property=\"og:title\" content=\"Festival de Teatro do Sul e Sudoeste Baiano come\u00e7a no pr\u00f3ximo dia 12 em Jequi\u00e9 | Encontra Jequi\u00e9\" \/>\n\t\t<meta property=\"og:description\" content=\"O Festival de Teatro do Sul e Sudoeste Baiano come\u00e7a no pr\u00f3ximo dia 12 em Jequi\u00e9. O evento que re\u00fane grupos de teatro das regi\u00f5es Sul e Sudoeste do Estado acontecer\u00e1 no Centro de Cultura ACM, de 12 a 21 de dezembro, com apresenta\u00e7\u00f5es gratuitas de espet\u00e1culos \u00e0s 15h. e 20h. (ver programa\u00e7\u00e3o do evento).\" \/>\n\t\t<meta property=\"og:url\" content=\"https:\/\/www.encontrajequie.com.br\/sobre\/festival-de-teatro-do-sul-e-sudoeste-baiano-comeca-no-proximo-dia-12-em-jequie\/\" \/>\n\t\t<meta property=\"article:published_time\" content=\"2013-12-09T12:18:05+00:00\" \/>\n\t\t<meta property=\"article:modified_time\" content=\"2019-04-29T20:42:07+00:00\" \/>\n\t\t<meta name=\"twitter:card\" content=\"summary_large_image\" \/>\n\t\t<meta name=\"twitter:title\" content=\"Festival de Teatro do Sul e Sudoeste Baiano come\u00e7a no pr\u00f3ximo dia 12 em Jequi\u00e9 | Encontra Jequi\u00e9\" \/>\n\t\t<meta name=\"twitter:description\" content=\"O Festival de Teatro do Sul e Sudoeste Baiano come\u00e7a no pr\u00f3ximo dia 12 em Jequi\u00e9. O evento que re\u00fane grupos de teatro das regi\u00f5es Sul e Sudoeste do Estado acontecer\u00e1 no Centro de Cultura ACM, de 12 a 21 de dezembro, com apresenta\u00e7\u00f5es gratuitas de espet\u00e1culos \u00e0s 15h. e 20h. (ver programa\u00e7\u00e3o do evento).\" \/>\n\t\t<script type=\"application\/ld+json\" class=\"aioseo-schema\">\n\t\t\t{\"@context\":\"https:\\\/\\\/schema.org\",\"@graph\":[{\"@type\":\"Article\",\"@id\":\"https:\\\/\\\/www.encontrajequie.com.br\\\/sobre\\\/festival-de-teatro-do-sul-e-sudoeste-baiano-comeca-no-proximo-dia-12-em-jequie\\\/#article\",\"name\":\"Festival de Teatro do Sul e Sudoeste Baiano come\\u00e7a no pr\\u00f3ximo dia 12 em Jequi\\u00e9 | Encontra Jequi\\u00e9\",\"headline\":\"Festival de Teatro do Sul e Sudoeste Baiano come\\u00e7a no pr\\u00f3ximo dia 12 em Jequi\\u00e9\",\"author\":{\"@id\":\"https:\\\/\\\/www.encontrajequie.com.br\\\/sobre\\\/author\\\/ejequie\\\/#author\"},\"publisher\":{\"@id\":\"https:\\\/\\\/www.encontrajequie.com.br\\\/sobre\\\/#organization\"},\"datePublished\":\"2013-12-09T12:18:05-02:00\",\"dateModified\":\"2019-04-29T17:42:07-03:00\",\"inLanguage\":\"pt-BR\",\"mainEntityOfPage\":{\"@id\":\"https:\\\/\\\/www.encontrajequie.com.br\\\/sobre\\\/festival-de-teatro-do-sul-e-sudoeste-baiano-comeca-no-proximo-dia-12-em-jequie\\\/#webpage\"},\"isPartOf\":{\"@id\":\"https:\\\/\\\/www.encontrajequie.com.br\\\/sobre\\\/festival-de-teatro-do-sul-e-sudoeste-baiano-comeca-no-proximo-dia-12-em-jequie\\\/#webpage\"},\"articleSection\":\"Not\\u00edcias Jequi\\u00e9\"},{\"@type\":\"BreadcrumbList\",\"@id\":\"https:\\\/\\\/www.encontrajequie.com.br\\\/sobre\\\/festival-de-teatro-do-sul-e-sudoeste-baiano-comeca-no-proximo-dia-12-em-jequie\\\/#breadcrumblist\",\"itemListElement\":[{\"@type\":\"ListItem\",\"@id\":\"https:\\\/\\\/www.encontrajequie.com.br\\\/sobre#listItem\",\"position\":1,\"name\":\"Home\",\"item\":\"https:\\\/\\\/www.encontrajequie.com.br\\\/sobre\",\"nextItem\":{\"@type\":\"ListItem\",\"@id\":\"https:\\\/\\\/www.encontrajequie.com.br\\\/sobre\\\/noticias-em-jequie\\\/#listItem\",\"name\":\"Not\\u00edcias Jequi\\u00e9\"}},{\"@type\":\"ListItem\",\"@id\":\"https:\\\/\\\/www.encontrajequie.com.br\\\/sobre\\\/noticias-em-jequie\\\/#listItem\",\"position\":2,\"name\":\"Not\\u00edcias Jequi\\u00e9\",\"item\":\"https:\\\/\\\/www.encontrajequie.com.br\\\/sobre\\\/noticias-em-jequie\\\/\",\"nextItem\":{\"@type\":\"ListItem\",\"@id\":\"https:\\\/\\\/www.encontrajequie.com.br\\\/sobre\\\/festival-de-teatro-do-sul-e-sudoeste-baiano-comeca-no-proximo-dia-12-em-jequie\\\/#listItem\",\"name\":\"Festival de Teatro do Sul e Sudoeste Baiano come\\u00e7a no pr\\u00f3ximo dia 12 em Jequi\\u00e9\"},\"previousItem\":{\"@type\":\"ListItem\",\"@id\":\"https:\\\/\\\/www.encontrajequie.com.br\\\/sobre#listItem\",\"name\":\"Home\"}},{\"@type\":\"ListItem\",\"@id\":\"https:\\\/\\\/www.encontrajequie.com.br\\\/sobre\\\/festival-de-teatro-do-sul-e-sudoeste-baiano-comeca-no-proximo-dia-12-em-jequie\\\/#listItem\",\"position\":3,\"name\":\"Festival de Teatro do Sul e Sudoeste Baiano come\\u00e7a no pr\\u00f3ximo dia 12 em Jequi\\u00e9\",\"previousItem\":{\"@type\":\"ListItem\",\"@id\":\"https:\\\/\\\/www.encontrajequie.com.br\\\/sobre\\\/noticias-em-jequie\\\/#listItem\",\"name\":\"Not\\u00edcias Jequi\\u00e9\"}}]},{\"@type\":\"Organization\",\"@id\":\"https:\\\/\\\/www.encontrajequie.com.br\\\/sobre\\\/#organization\",\"name\":\"Encontra Jequi\\u00e9\",\"description\":\"Not\\u00edcias, eventos, informa\\u00e7\\u00f5es e dicas na cidade de Jequi\\u00e9 e regi\\u00e3o.\",\"url\":\"https:\\\/\\\/www.encontrajequie.com.br\\\/sobre\\\/\"},{\"@type\":\"Person\",\"@id\":\"https:\\\/\\\/www.encontrajequie.com.br\\\/sobre\\\/author\\\/ejequie\\\/#author\",\"url\":\"https:\\\/\\\/www.encontrajequie.com.br\\\/sobre\\\/author\\\/ejequie\\\/\",\"name\":\"Encontra Jequi\\u00e9\",\"image\":{\"@type\":\"ImageObject\",\"@id\":\"https:\\\/\\\/www.encontrajequie.com.br\\\/sobre\\\/festival-de-teatro-do-sul-e-sudoeste-baiano-comeca-no-proximo-dia-12-em-jequie\\\/#authorImage\",\"url\":\"https:\\\/\\\/secure.gravatar.com\\\/avatar\\\/507340682b8270222e1f208e23198b6ae7e2c6a1033ae84e99bc6bce4f82a387?s=96&d=mm&r=g\",\"width\":96,\"height\":96,\"caption\":\"Encontra Jequi\\u00e9\"}},{\"@type\":\"WebPage\",\"@id\":\"https:\\\/\\\/www.encontrajequie.com.br\\\/sobre\\\/festival-de-teatro-do-sul-e-sudoeste-baiano-comeca-no-proximo-dia-12-em-jequie\\\/#webpage\",\"url\":\"https:\\\/\\\/www.encontrajequie.com.br\\\/sobre\\\/festival-de-teatro-do-sul-e-sudoeste-baiano-comeca-no-proximo-dia-12-em-jequie\\\/\",\"name\":\"Festival de Teatro do Sul e Sudoeste Baiano come\\u00e7a no pr\\u00f3ximo dia 12 em Jequi\\u00e9 | Encontra Jequi\\u00e9\",\"description\":\"O Festival de Teatro do Sul e Sudoeste Baiano come\\u00e7a no pr\\u00f3ximo dia 12 em Jequi\\u00e9. O evento que re\\u00fane grupos de teatro das regi\\u00f5es Sul e Sudoeste do Estado acontecer\\u00e1 no Centro de Cultura ACM, de 12 a 21 de dezembro, com apresenta\\u00e7\\u00f5es gratuitas de espet\\u00e1culos \\u00e0s 15h. e 20h. (ver programa\\u00e7\\u00e3o do evento).\",\"inLanguage\":\"pt-BR\",\"isPartOf\":{\"@id\":\"https:\\\/\\\/www.encontrajequie.com.br\\\/sobre\\\/#website\"},\"breadcrumb\":{\"@id\":\"https:\\\/\\\/www.encontrajequie.com.br\\\/sobre\\\/festival-de-teatro-do-sul-e-sudoeste-baiano-comeca-no-proximo-dia-12-em-jequie\\\/#breadcrumblist\"},\"author\":{\"@id\":\"https:\\\/\\\/www.encontrajequie.com.br\\\/sobre\\\/author\\\/ejequie\\\/#author\"},\"creator\":{\"@id\":\"https:\\\/\\\/www.encontrajequie.com.br\\\/sobre\\\/author\\\/ejequie\\\/#author\"},\"datePublished\":\"2013-12-09T12:18:05-02:00\",\"dateModified\":\"2019-04-29T17:42:07-03:00\"},{\"@type\":\"WebSite\",\"@id\":\"https:\\\/\\\/www.encontrajequie.com.br\\\/sobre\\\/#website\",\"url\":\"https:\\\/\\\/www.encontrajequie.com.br\\\/sobre\\\/\",\"name\":\"Encontra Jequi\\u00e9\",\"description\":\"Not\\u00edcias, eventos, informa\\u00e7\\u00f5es e dicas na cidade de Jequi\\u00e9 e regi\\u00e3o.\",\"inLanguage\":\"pt-BR\",\"publisher\":{\"@id\":\"https:\\\/\\\/www.encontrajequie.com.br\\\/sobre\\\/#organization\"}}]}\n\t\t<\/script>\n\t\t<!-- All in One SEO -->\n\n","aioseo_head_json":{"title":"Festival de Teatro do Sul e Sudoeste Baiano come\u00e7a no pr\u00f3ximo dia 12 em Jequi\u00e9 | Encontra Jequi\u00e9","description":"O Festival de Teatro do Sul e Sudoeste Baiano come\u00e7a no pr\u00f3ximo dia 12 em Jequi\u00e9. O evento que re\u00fane grupos de teatro das regi\u00f5es Sul e Sudoeste do Estado acontecer\u00e1 no Centro de Cultura ACM, de 12 a 21 de dezembro, com apresenta\u00e7\u00f5es gratuitas de espet\u00e1culos \u00e0s 15h. e 20h. (ver programa\u00e7\u00e3o do evento).","canonical_url":"https:\/\/www.encontrajequie.com.br\/sobre\/festival-de-teatro-do-sul-e-sudoeste-baiano-comeca-no-proximo-dia-12-em-jequie\/","robots":"max-image-preview:large","keywords":"","webmasterTools":{"miscellaneous":""},"schema":{"@context":"https:\/\/schema.org","@graph":[{"@type":"Article","@id":"https:\/\/www.encontrajequie.com.br\/sobre\/festival-de-teatro-do-sul-e-sudoeste-baiano-comeca-no-proximo-dia-12-em-jequie\/#article","name":"Festival de Teatro do Sul e Sudoeste Baiano come\u00e7a no pr\u00f3ximo dia 12 em Jequi\u00e9 | Encontra Jequi\u00e9","headline":"Festival de Teatro do Sul e Sudoeste Baiano come\u00e7a no pr\u00f3ximo dia 12 em Jequi\u00e9","author":{"@id":"https:\/\/www.encontrajequie.com.br\/sobre\/author\/ejequie\/#author"},"publisher":{"@id":"https:\/\/www.encontrajequie.com.br\/sobre\/#organization"},"datePublished":"2013-12-09T12:18:05-02:00","dateModified":"2019-04-29T17:42:07-03:00","inLanguage":"pt-BR","mainEntityOfPage":{"@id":"https:\/\/www.encontrajequie.com.br\/sobre\/festival-de-teatro-do-sul-e-sudoeste-baiano-comeca-no-proximo-dia-12-em-jequie\/#webpage"},"isPartOf":{"@id":"https:\/\/www.encontrajequie.com.br\/sobre\/festival-de-teatro-do-sul-e-sudoeste-baiano-comeca-no-proximo-dia-12-em-jequie\/#webpage"},"articleSection":"Not\u00edcias Jequi\u00e9"},{"@type":"BreadcrumbList","@id":"https:\/\/www.encontrajequie.com.br\/sobre\/festival-de-teatro-do-sul-e-sudoeste-baiano-comeca-no-proximo-dia-12-em-jequie\/#breadcrumblist","itemListElement":[{"@type":"ListItem","@id":"https:\/\/www.encontrajequie.com.br\/sobre#listItem","position":1,"name":"Home","item":"https:\/\/www.encontrajequie.com.br\/sobre","nextItem":{"@type":"ListItem","@id":"https:\/\/www.encontrajequie.com.br\/sobre\/noticias-em-jequie\/#listItem","name":"Not\u00edcias Jequi\u00e9"}},{"@type":"ListItem","@id":"https:\/\/www.encontrajequie.com.br\/sobre\/noticias-em-jequie\/#listItem","position":2,"name":"Not\u00edcias Jequi\u00e9","item":"https:\/\/www.encontrajequie.com.br\/sobre\/noticias-em-jequie\/","nextItem":{"@type":"ListItem","@id":"https:\/\/www.encontrajequie.com.br\/sobre\/festival-de-teatro-do-sul-e-sudoeste-baiano-comeca-no-proximo-dia-12-em-jequie\/#listItem","name":"Festival de Teatro do Sul e Sudoeste Baiano come\u00e7a no pr\u00f3ximo dia 12 em Jequi\u00e9"},"previousItem":{"@type":"ListItem","@id":"https:\/\/www.encontrajequie.com.br\/sobre#listItem","name":"Home"}},{"@type":"ListItem","@id":"https:\/\/www.encontrajequie.com.br\/sobre\/festival-de-teatro-do-sul-e-sudoeste-baiano-comeca-no-proximo-dia-12-em-jequie\/#listItem","position":3,"name":"Festival de Teatro do Sul e Sudoeste Baiano come\u00e7a no pr\u00f3ximo dia 12 em Jequi\u00e9","previousItem":{"@type":"ListItem","@id":"https:\/\/www.encontrajequie.com.br\/sobre\/noticias-em-jequie\/#listItem","name":"Not\u00edcias Jequi\u00e9"}}]},{"@type":"Organization","@id":"https:\/\/www.encontrajequie.com.br\/sobre\/#organization","name":"Encontra Jequi\u00e9","description":"Not\u00edcias, eventos, informa\u00e7\u00f5es e dicas na cidade de Jequi\u00e9 e regi\u00e3o.","url":"https:\/\/www.encontrajequie.com.br\/sobre\/"},{"@type":"Person","@id":"https:\/\/www.encontrajequie.com.br\/sobre\/author\/ejequie\/#author","url":"https:\/\/www.encontrajequie.com.br\/sobre\/author\/ejequie\/","name":"Encontra Jequi\u00e9","image":{"@type":"ImageObject","@id":"https:\/\/www.encontrajequie.com.br\/sobre\/festival-de-teatro-do-sul-e-sudoeste-baiano-comeca-no-proximo-dia-12-em-jequie\/#authorImage","url":"https:\/\/secure.gravatar.com\/avatar\/507340682b8270222e1f208e23198b6ae7e2c6a1033ae84e99bc6bce4f82a387?s=96&d=mm&r=g","width":96,"height":96,"caption":"Encontra Jequi\u00e9"}},{"@type":"WebPage","@id":"https:\/\/www.encontrajequie.com.br\/sobre\/festival-de-teatro-do-sul-e-sudoeste-baiano-comeca-no-proximo-dia-12-em-jequie\/#webpage","url":"https:\/\/www.encontrajequie.com.br\/sobre\/festival-de-teatro-do-sul-e-sudoeste-baiano-comeca-no-proximo-dia-12-em-jequie\/","name":"Festival de Teatro do Sul e Sudoeste Baiano come\u00e7a no pr\u00f3ximo dia 12 em Jequi\u00e9 | Encontra Jequi\u00e9","description":"O Festival de Teatro do Sul e Sudoeste Baiano come\u00e7a no pr\u00f3ximo dia 12 em Jequi\u00e9. O evento que re\u00fane grupos de teatro das regi\u00f5es Sul e Sudoeste do Estado acontecer\u00e1 no Centro de Cultura ACM, de 12 a 21 de dezembro, com apresenta\u00e7\u00f5es gratuitas de espet\u00e1culos \u00e0s 15h. e 20h. (ver programa\u00e7\u00e3o do evento).","inLanguage":"pt-BR","isPartOf":{"@id":"https:\/\/www.encontrajequie.com.br\/sobre\/#website"},"breadcrumb":{"@id":"https:\/\/www.encontrajequie.com.br\/sobre\/festival-de-teatro-do-sul-e-sudoeste-baiano-comeca-no-proximo-dia-12-em-jequie\/#breadcrumblist"},"author":{"@id":"https:\/\/www.encontrajequie.com.br\/sobre\/author\/ejequie\/#author"},"creator":{"@id":"https:\/\/www.encontrajequie.com.br\/sobre\/author\/ejequie\/#author"},"datePublished":"2013-12-09T12:18:05-02:00","dateModified":"2019-04-29T17:42:07-03:00"},{"@type":"WebSite","@id":"https:\/\/www.encontrajequie.com.br\/sobre\/#website","url":"https:\/\/www.encontrajequie.com.br\/sobre\/","name":"Encontra Jequi\u00e9","description":"Not\u00edcias, eventos, informa\u00e7\u00f5es e dicas na cidade de Jequi\u00e9 e regi\u00e3o.","inLanguage":"pt-BR","publisher":{"@id":"https:\/\/www.encontrajequie.com.br\/sobre\/#organization"}}]},"og:locale":"pt_BR","og:site_name":"Encontra Jequi\u00e9 | Not\u00edcias, eventos, informa\u00e7\u00f5es e dicas na cidade de Jequi\u00e9 e regi\u00e3o.","og:type":"article","og:title":"Festival de Teatro do Sul e Sudoeste Baiano come\u00e7a no pr\u00f3ximo dia 12 em Jequi\u00e9 | Encontra Jequi\u00e9","og:description":"O Festival de Teatro do Sul e Sudoeste Baiano come\u00e7a no pr\u00f3ximo dia 12 em Jequi\u00e9. O evento que re\u00fane grupos de teatro das regi\u00f5es Sul e Sudoeste do Estado acontecer\u00e1 no Centro de Cultura ACM, de 12 a 21 de dezembro, com apresenta\u00e7\u00f5es gratuitas de espet\u00e1culos \u00e0s 15h. e 20h. (ver programa\u00e7\u00e3o do evento).","og:url":"https:\/\/www.encontrajequie.com.br\/sobre\/festival-de-teatro-do-sul-e-sudoeste-baiano-comeca-no-proximo-dia-12-em-jequie\/","article:published_time":"2013-12-09T12:18:05+00:00","article:modified_time":"2019-04-29T20:42:07+00:00","twitter:card":"summary_large_image","twitter:title":"Festival de Teatro do Sul e Sudoeste Baiano come\u00e7a no pr\u00f3ximo dia 12 em Jequi\u00e9 | Encontra Jequi\u00e9","twitter:description":"O Festival de Teatro do Sul e Sudoeste Baiano come\u00e7a no pr\u00f3ximo dia 12 em Jequi\u00e9. O evento que re\u00fane grupos de teatro das regi\u00f5es Sul e Sudoeste do Estado acontecer\u00e1 no Centro de Cultura ACM, de 12 a 21 de dezembro, com apresenta\u00e7\u00f5es gratuitas de espet\u00e1culos \u00e0s 15h. e 20h. (ver programa\u00e7\u00e3o do evento)."},"aioseo_meta_data":{"post_id":"44","title":null,"description":null,"keywords":null,"keyphrases":null,"primary_term":null,"canonical_url":null,"og_title":null,"og_description":null,"og_object_type":"default","og_image_type":"default","og_image_url":null,"og_image_width":null,"og_image_height":null,"og_image_custom_url":null,"og_image_custom_fields":null,"og_video":null,"og_custom_url":null,"og_article_section":null,"og_article_tags":null,"twitter_use_og":false,"twitter_card":"default","twitter_image_type":"default","twitter_image_url":null,"twitter_image_custom_url":null,"twitter_image_custom_fields":null,"twitter_title":null,"twitter_description":null,"schema":{"blockGraphs":[],"customGraphs":[],"default":{"data":{"Article":[],"Course":[],"Dataset":[],"FAQPage":[],"Movie":[],"Person":[],"Product":[],"ProductReview":[],"Car":[],"Recipe":[],"Service":[],"SoftwareApplication":[],"WebPage":[]},"graphName":"","isEnabled":true},"graphs":[]},"schema_type":"default","schema_type_options":null,"pillar_content":false,"robots_default":true,"robots_noindex":false,"robots_noarchive":false,"robots_nosnippet":false,"robots_nofollow":false,"robots_noimageindex":false,"robots_noodp":false,"robots_notranslate":false,"robots_max_snippet":null,"robots_max_videopreview":null,"robots_max_imagepreview":"large","priority":null,"frequency":null,"local_seo":null,"breadcrumb_settings":null,"limit_modified_date":false,"ai":null,"created":"2025-03-25 18:47:54","updated":"2025-06-16 20:10:58","focus_keyword":null,"additional_keywords":null,"truseo_locale":null,"seo_analyzer_scan_date":null},"aioseo_breadcrumb":"<div class=\"aioseo-breadcrumbs\"><span class=\"aioseo-breadcrumb\">\n\t\t\t<a href=\"https:\/\/www.encontrajequie.com.br\/sobre\" title=\"Home\">Home<\/a>\n\t\t<\/span><span class=\"aioseo-breadcrumb-separator\">&raquo;<\/span><span class=\"aioseo-breadcrumb\">\n\t\t\t<a href=\"https:\/\/www.encontrajequie.com.br\/sobre\/noticias-em-jequie\/\" title=\"Not\u00edcias Jequi\u00e9\">Not\u00edcias Jequi\u00e9<\/a>\n\t\t<\/span><span class=\"aioseo-breadcrumb-separator\">&raquo;<\/span><span class=\"aioseo-breadcrumb\">\n\t\t\tFestival de Teatro do Sul e Sudoeste Baiano come\u00e7a no pr\u00f3ximo dia 12 em Jequi\u00e9\n\t\t<\/span><\/div>","aioseo_breadcrumb_json":[{"label":"Home","link":"https:\/\/www.encontrajequie.com.br\/sobre"},{"label":"Not\u00edcias Jequi\u00e9","link":"https:\/\/www.encontrajequie.com.br\/sobre\/noticias-em-jequie\/"},{"label":"Festival de Teatro do Sul e Sudoeste Baiano come\u00e7a no pr\u00f3ximo dia 12 em Jequi\u00e9","link":"https:\/\/www.encontrajequie.com.br\/sobre\/festival-de-teatro-do-sul-e-sudoeste-baiano-comeca-no-proximo-dia-12-em-jequie\/"}],"_links":{"self":[{"href":"https:\/\/www.encontrajequie.com.br\/sobre\/wp-json\/wp\/v2\/posts\/44","targetHints":{"allow":["GET"]}}],"collection":[{"href":"https:\/\/www.encontrajequie.com.br\/sobre\/wp-json\/wp\/v2\/posts"}],"about":[{"href":"https:\/\/www.encontrajequie.com.br\/sobre\/wp-json\/wp\/v2\/types\/post"}],"author":[{"embeddable":true,"href":"https:\/\/www.encontrajequie.com.br\/sobre\/wp-json\/wp\/v2\/users\/1"}],"replies":[{"embeddable":true,"href":"https:\/\/www.encontrajequie.com.br\/sobre\/wp-json\/wp\/v2\/comments?post=44"}],"version-history":[{"count":3,"href":"https:\/\/www.encontrajequie.com.br\/sobre\/wp-json\/wp\/v2\/posts\/44\/revisions"}],"predecessor-version":[{"id":131,"href":"https:\/\/www.encontrajequie.com.br\/sobre\/wp-json\/wp\/v2\/posts\/44\/revisions\/131"}],"wp:attachment":[{"href":"https:\/\/www.encontrajequie.com.br\/sobre\/wp-json\/wp\/v2\/media?parent=44"}],"wp:term":[{"taxonomy":"category","embeddable":true,"href":"https:\/\/www.encontrajequie.com.br\/sobre\/wp-json\/wp\/v2\/categories?post=44"},{"taxonomy":"post_tag","embeddable":true,"href":"https:\/\/www.encontrajequie.com.br\/sobre\/wp-json\/wp\/v2\/tags?post=44"}],"curies":[{"name":"wp","href":"https:\/\/api.w.org\/{rel}","templated":true}]}}