{"id":445,"date":"2025-12-08T07:53:00","date_gmt":"2025-12-08T10:53:00","guid":{"rendered":"https:\/\/www.encontrajequie.com.br\/sobre\/jequie-deve-ter-um-dia-com-garoa-fina-nesta-sexta\/"},"modified":"2025-12-08T07:53:00","modified_gmt":"2025-12-08T10:53:00","slug":"jequie-deve-ter-um-dia-com-garoa-fina-nesta-sexta","status":"publish","type":"post","link":"https:\/\/www.encontrajequie.com.br\/sobre\/jequie-deve-ter-um-dia-com-garoa-fina-nesta-sexta\/","title":{"rendered":"Jequi\u00e9 deve ter um dia com garoa fina nesta sexta"},"content":{"rendered":"<div class=\"30cf832dc5940d4704f66d0ed9a44050\" data-index=\"1\" style=\"float: none; margin:0px;\">\n<!-- Anuncio display - global -->\r\n<ins class=\"adsbygoogle\"\r\n     style=\"display:block\"\r\n     data-ad-client=\"ca-pub-8585364105181520\"\r\n     data-ad-slot=\"8789329856\"\r\n     data-ad-format=\"auto\"\r\n     data-full-width-responsive=\"true\"><\/ins>\r\n<script>\r\n     (adsbygoogle = window.adsbygoogle || []).push({});\r\n<\/script>\n<\/div>\n<h2>Temperaturas Variadas ao Longo do Dia<\/h2>\n<p>A cidade de Jequi\u00e9, localizada no interior da Bahia, apresenta um clima tropical, o que resulta em temperaturas variadas durante o dia. Na sexta-feira, dia 5 de dezembro de 2025, a expectativa \u00e9 de que as temperaturas oscilem entre <strong>20\u00b0C e 34\u00b0C<\/strong>.<\/p>\n<p>Pela manh\u00e3, os moradores podem esperar temperaturas agrad\u00e1veis, em torno de <strong>20\u00b0C<\/strong>, que trazem um clima ameno, ideal para atividades ao ar livre. \u00c0 medida que o dia avan\u00e7a, especialmente durante a tarde, as temperaturas dever\u00e3o subir, atingindo a m\u00e1xima prevista de <strong>34\u00b0C<\/strong>, criando um contraste significativo com a manh\u00e3. Os term\u00f4metros se manter\u00e3o est\u00e1veis \u00e0 noite, voltando a registrar cerca de <strong>20\u00b0C<\/strong>.<\/p>\n<p>Essas varia\u00e7\u00f5es de temperatura s\u00e3o comuns em Jequi\u00e9 e podem impactar a rotina dos habitantes, que devem se preparar para os picos de calor no per\u00edodo da tarde. Utilizar roupas leves e permanecer hidratado s\u00e3o algumas das recomenda\u00e7\u00f5es para enfrentar essas altas temperaturas.<\/p>\n<p><img decoding=\"async\" src=\"https:\/\/www.encontrajequie.com.br\/sobre\/wp-content\/uploads\/2025\/12\/jequie-deve-ter-um-dia-com-garoa-fina-nesta-sexta.webp\" alt=\"garoa fina Jequi\u00e9\" loading=\"lazy\" \/><\/p>\n<h2>Previs\u00e3o de Garoa Fina em Jequi\u00e9<\/h2>\n<p>Na tarde de sexta-feira, a previs\u00e3o \u00e9 de <strong>garoa fina<\/strong> em Jequi\u00e9. Esse fen\u00f4meno \u00e9 caracterizado por chuvas leves e intermitentes, que ocorrem geralmente em per\u00edodos curtos, mas podem ser persistentes. A umidade no ar pode aumentar, conferindo um aspecto ainda mais \u00famido \u00e0 cidade.<\/p>\n<p>A garoa fina oferece alguns benef\u00edcios, como a redu\u00e7\u00e3o da poeira no ar e um al\u00edvio para os dias extremamente quentes, tornando o clima mais ameno. No entanto, \u00e9 importante que os moradores fiquem alertas \u00e0s possibilidades de escorregamentos nas ruas e algumas dificuldades de visibilidade por conta da umidade acumulada.<\/p>\n<p>Al\u00e9m disso, a garoa pode ser uma oportunidade para apreciar a natureza, pois as plantas e flores se beneficiam com a \u00e1gua que recebem. Para aqueles que possuem jardins, a garoa fina pode ser uma b\u00ean\u00e7\u00e3o, mantendo as plantas saud\u00e1veis.<\/p>\n<h2>Como a Umidade Pode Impactar o Clima<\/h2>\n<p>A umidade desempenha um papel crucial na determina\u00e7\u00e3o do clima e do bem-estar das pessoas. Em Jequi\u00e9, a umidade relativa do ar no dia 5 de dezembro de 2025 \u00e9 prevista para dilatar entre <strong>40% e 100%<\/strong> ao longo do dia. Durante a manh\u00e3, os n\u00edveis de umidade poder\u00e3o alcan\u00e7ar 100%, diminuindo progressivamente \u00e0 tarde.<\/p>\n<p>Quando a umidade est\u00e1 alta, como acontece durante per\u00edodos de garoa, o conforto pessoal pode ser afetado. O corpo humano tende a sentir mais calor em climas \u00famidos, uma vez que a transpira\u00e7\u00e3o n\u00e3o evapora eficientemente, tornando a sensa\u00e7\u00e3o t\u00e9rmica mais intensa. \u00c9 comum que as pessoas sintam-se mais cansadas e com uma necessidade maior de hidrata\u00e7\u00e3o em dias \u00famidos.<\/p>\n<p>Por outro lado, a umidade no ar pode ter efeitos positivos, como o aumento da vegeta\u00e7\u00e3o local e a melhora da qualidade do ar, que se torna menos polu\u00eddo devido \u00e0 presen\u00e7a de \u00e1gua. Entender como a umidade interage com as temperaturas diurnas \u00e9 essencial para que os habitantes se adaptem ao clima de Jequi\u00e9.<\/p>\n<h2>O que Esperar dos Ventos nesta Sexta-feira<\/h2>\n<p>Os ventos em Jequi\u00e9 no dia 5 de dezembro dever\u00e3o ser predominantemente <strong>fracos<\/strong>, soprando do nordeste para o leste. A intensidade dos ventos ser\u00e1 relativamente baixa, o que n\u00e3o deve criar desconforto significativo para os habitantes.<\/p>\n<p>A dire\u00e7\u00e3o do vento pode influenciar a sensa\u00e7\u00e3o t\u00e9rmica e distribuir a umidade acumulada ao longo do dia. Ventos fracos podem criar uma atmosfera mais abafada, especialmente quando combinados com altas temperaturas e elevada umidade.<\/p>\n<p>Os ventos, apesar de sutis, tamb\u00e9m desempenham um papel importante na poliniza\u00e7\u00e3o das plantas e na dispers\u00e3o de sementes, o que \u00e9 crucial para a biodiversidade local. Apesar de n\u00e3o serem particularmente fortes neste dia, os ventos t\u00eam um papel essencial na din\u00e2mica atmosf\u00e9rica e nas condi\u00e7\u00f5es clim\u00e1ticas di\u00e1rias.<\/p>\n<h2>Hor\u00e1rios de Nascer e P\u00f4r do Sol em Jequi\u00e9<\/h2>\n<p>O dia em Jequi\u00e9 ter\u00e1 um nascer do sol \u00e0s <strong>05h05<\/strong> e o p\u00f4r do sol ocorrer\u00e1 \u00e0s <strong>17h59<\/strong>. Esses hor\u00e1rios s\u00e3o fundamentais para planejar atividades ao ar livre, permitindo aos moradores e visitantes desfrutarem de momentos agrad\u00e1veis sob a luz do sol.<\/p>\n<p>A luz da manh\u00e3 \u00e9 especialmente tranquila, proporcionando um \u00f3timo ambiente para caminhadas ou pr\u00e1ticas de esportes ao ar livre. \u00c0 tarde, com o p\u00f4r do sol se aproximando, a temperatura come\u00e7ar\u00e1 a cair, criando uma atmosfera ideal para que as fam\u00edlias se re\u00fanam e aproveitem as noites frescas. A mudan\u00e7a de luz ao longo do dia tamb\u00e9m influencia a fauna local, com muitos animais se tornando mais ativos durante o in\u00edcio e o final do dia.<\/p>\n<h2>Mudan\u00e7as Clim\u00e1ticas Previstas para o Fim de Semana<\/h2>\n<p>Embora a sexta-feira esteja marcada por garoas finas e temperaturas amenas, o clima para o fim de semana pode apresentar algumas mudan\u00e7as. As previs\u00f5es meteorol\u00f3gicas indicam que as temperaturas em Jequi\u00e9 poder\u00e3o oscilar entre <strong>18\u00b0C e 32\u00b0C<\/strong> no domingo, com uma chance significativa de pancadas isoladas de chuva.<\/p>\n<p>Essas mudan\u00e7as clim\u00e1ticas podem influenciar a programa\u00e7\u00e3o de eventos ao ar livre e atividades familiares, sendo prudente que os moradores se mantenham informados sobre as atualiza\u00e7\u00f5es da previs\u00e3o do tempo. O clima inst\u00e1vel pode trazer desafios, mas tamb\u00e9m oferece a oportunidade de apreciar a beleza natural da regi\u00e3o e o frescor das chuvas.<\/p>\n<h2>Comparativo de Temperaturas com Dias Anteriores<\/h2>\n<p>Ao comparar as temperaturas e condi\u00e7\u00f5es clim\u00e1ticas de sexta-feira com dias anteriores, \u00e9 interessante notar que a cidade pode ter experimentado dias mais quentes ou secos. Nos \u00faltimos dias, as temperaturas podiam ter alcan\u00e7ado picos de at\u00e9 <strong>36\u00b0C<\/strong>, com baixos \u00edndices de umidade, criando um ambiente mais seco e quente.<\/p>\n<p>As expectativas de temperaturas mais amenas e a possibilidade de garoa fina trazem um al\u00edvio bem-vindo ap\u00f3s dias quentes, permitindo que os moradores desfrutem de um clima mais agrad\u00e1vel. Comparar esses padr\u00f5es clim\u00e1ticos ajuda a entender a natureza vari\u00e1vel do clima em Jequi\u00e9 e a import\u00e2ncia de estar preparado para essas mudan\u00e7as.<\/p>\n<h2>Dicas para Aproveitar o Dia com Garoa<\/h2>\n<p>Para aproveitar ao m\u00e1ximo um dia com garoa fina em Jequi\u00e9, h\u00e1 algumas dicas pr\u00e1ticas que os moradores e visitantes podem seguir:<\/p>\n<ul>\n<li><strong>Utilize Roupas Adequadas:<\/strong> Opte por roupas leves, mas que protejam contra a umidade. Um guarda-chuva ou uma capa de chuva pode ser \u00fatil.<\/li>\n<li><strong>Mantenha-se Hidratado:<\/strong> Mesmo em um dia mais fresco, a hidrata\u00e7\u00e3o \u00e9 essencial para o bem-estar.<\/li>\n<li><strong>Aproveite A Natureza:<\/strong> A garoa traz um frescor especial \u00e0 vegeta\u00e7\u00e3o. Caminhar em parques e \u00e1reas verdes pode ser revitalizante.<\/li>\n<li><strong>Seja Criativo em Atividades Internas: <\/strong> Se as condi\u00e7\u00f5es clim\u00e1ticas n\u00e3o forem favor\u00e1veis para atividades ao ar livre, considere op\u00e7\u00f5es como jogos de tabuleiro ou leitura.<\/li>\n<li><strong>Mantenha-se Informado:<\/strong> Consulte a previs\u00e3o do tempo atualizada para se preparar para poss\u00edveis mudan\u00e7as clim\u00e1ticas.<\/li>\n<\/ul>\n<h2>Impactos da Umidade no Conforto Pessoal<\/h2>\n<p>A umidade alta em Jequi\u00e9 pode afetar o conforto das pessoas de forma significativa. Quando a umidade relativa do ar atinge n\u00edveis elevados, a sensa\u00e7\u00e3o t\u00e9rmica tende a aumentar, mesmo que a temperatura real n\u00e3o mude. Os moradores podem sentir um agravamento em condi\u00e7\u00f5es como o cansa\u00e7o e a irritabilidade devido a esse fator.<\/p>\n<p>Para mitigar os impactos da umidade elevada, algumas medidas podem ser adotadas. Por exemplo, utilizar ventiladores ou ar-condicionado pode ser uma maneira eficaz de manter o ambiente mais confort\u00e1vel. Al\u00e9m disso, permanecer em \u00e1reas sombreadas e utilizar roupas que permitam maior ventila\u00e7\u00e3o pode ajudar a melhorar a sensa\u00e7\u00e3o t\u00e9rmica.<\/p>\n<h2>A Import\u00e2ncia de Monitorar a Previs\u00e3o do Tempo<\/h2>\n<p>Monitorar a previs\u00e3o do tempo \u00e9 essencial para qualquer residente de Jequi\u00e9 e visitantes. Saber se um dia ser\u00e1 marcado por garoa ou calor intenso permite que as pessoas se preparem melhor. Vestu\u00e1rio apropriado, atividades ao ar livre e cuidados com a sa\u00fade s\u00e3o apenas alguns dos benef\u00edcios de estar informado sobre as condi\u00e7\u00f5es clim\u00e1ticas.<\/p>\n<p>Al\u00e9m disso, acompanhar a meteorologia \u00e9 fundamental para evitar surpresas indesejadas, como pancadas de chuva que podem ocorrer sem aviso. Manter-se informado pode ajudar a Planejar eventos e atividades com mais efici\u00eancia, garantindo aproveitamento m\u00e1ximo do tempo livre. Com a previs\u00e3o correta, \u00e9 poss\u00edvel prevenir desconfortos e at\u00e9 mesmo acidentes relacionados ao clima.<\/p>\n\n<div style=\"font-size: 0px; height: 0px; line-height: 0px; margin: 0; padding: 0; clear: both;\"><\/div>","protected":false},"excerpt":{"rendered":"<p>Jequi\u00e9 ter\u00e1 garoa fina e temperaturas de 20\u00b0C a 34\u00b0C nesta sexta-feira.<\/p>\n","protected":false},"author":1,"featured_media":444,"comment_status":"open","ping_status":"closed","sticky":false,"template":"","format":"standard","meta":{"footnotes":""},"categories":[1],"tags":[],"class_list":["post-445","post","type-post","status-publish","format-standard","has-post-thumbnail","hentry","category-noticias-em-jequie","has_thumb"],"aioseo_notices":[],"aioseo_head":"\n\t\t<!-- All in One SEO 5.0.0.1 - aioseo.com -->\n\t<meta name=\"description\" content=\"Jequi\u00e9 ter\u00e1 garoa fina e temperaturas de 20\u00b0C a 34\u00b0C nesta sexta-feira.\" \/>\n\t<meta name=\"robots\" content=\"max-image-preview:large\" \/>\n\t<meta name=\"author\" content=\"Encontra Jequi\u00e9\"\/>\n\t<link rel=\"canonical\" href=\"https:\/\/www.encontrajequie.com.br\/sobre\/jequie-deve-ter-um-dia-com-garoa-fina-nesta-sexta\/\" \/>\n\t<meta name=\"generator\" content=\"All in One SEO (AIOSEO) 5.0.0.1\" \/>\n\t\t<meta property=\"og:locale\" content=\"pt_BR\" \/>\n\t\t<meta property=\"og:site_name\" content=\"Encontra Jequi\u00e9 | Not\u00edcias, eventos, informa\u00e7\u00f5es e dicas na cidade de Jequi\u00e9 e regi\u00e3o.\" \/>\n\t\t<meta property=\"og:type\" content=\"article\" \/>\n\t\t<meta property=\"og:title\" content=\"Jequi\u00e9 deve ter um dia com garoa fina nesta sexta | Encontra Jequi\u00e9\" \/>\n\t\t<meta property=\"og:description\" content=\"Jequi\u00e9 ter\u00e1 garoa fina e temperaturas de 20\u00b0C a 34\u00b0C nesta sexta-feira.\" \/>\n\t\t<meta property=\"og:url\" content=\"https:\/\/www.encontrajequie.com.br\/sobre\/jequie-deve-ter-um-dia-com-garoa-fina-nesta-sexta\/\" \/>\n\t\t<meta property=\"article:published_time\" content=\"2025-12-08T10:53:00+00:00\" \/>\n\t\t<meta property=\"article:modified_time\" content=\"2025-12-08T10:53:00+00:00\" \/>\n\t\t<meta name=\"twitter:card\" content=\"summary_large_image\" \/>\n\t\t<meta name=\"twitter:title\" content=\"Jequi\u00e9 deve ter um dia com garoa fina nesta sexta | Encontra Jequi\u00e9\" \/>\n\t\t<meta name=\"twitter:description\" content=\"Jequi\u00e9 ter\u00e1 garoa fina e temperaturas de 20\u00b0C a 34\u00b0C nesta sexta-feira.\" \/>\n\t\t<script type=\"application\/ld+json\" class=\"aioseo-schema\">\n\t\t\t{\"@context\":\"https:\\\/\\\/schema.org\",\"@graph\":[{\"@type\":\"Article\",\"@id\":\"https:\\\/\\\/www.encontrajequie.com.br\\\/sobre\\\/jequie-deve-ter-um-dia-com-garoa-fina-nesta-sexta\\\/#article\",\"name\":\"Jequi\\u00e9 deve ter um dia com garoa fina nesta sexta | Encontra Jequi\\u00e9\",\"headline\":\"Jequi\\u00e9 deve ter um dia com garoa fina nesta sexta\",\"author\":{\"@id\":\"https:\\\/\\\/www.encontrajequie.com.br\\\/sobre\\\/author\\\/ejequie\\\/#author\"},\"publisher\":{\"@id\":\"https:\\\/\\\/www.encontrajequie.com.br\\\/sobre\\\/#organization\"},\"image\":{\"@type\":\"ImageObject\",\"url\":\"https:\\\/\\\/www.encontrajequie.com.br\\\/sobre\\\/wp-content\\\/uploads\\\/2025\\\/12\\\/jequie-deve-ter-um-dia-com-garoa-fina-nesta-sexta.webp\",\"width\":320,\"height\":280,\"caption\":\"garoa fina Jequi\\u00e9\"},\"datePublished\":\"2025-12-08T07:53:00-03:00\",\"dateModified\":\"2025-12-08T07:53:00-03:00\",\"inLanguage\":\"pt-BR\",\"mainEntityOfPage\":{\"@id\":\"https:\\\/\\\/www.encontrajequie.com.br\\\/sobre\\\/jequie-deve-ter-um-dia-com-garoa-fina-nesta-sexta\\\/#webpage\"},\"isPartOf\":{\"@id\":\"https:\\\/\\\/www.encontrajequie.com.br\\\/sobre\\\/jequie-deve-ter-um-dia-com-garoa-fina-nesta-sexta\\\/#webpage\"},\"articleSection\":\"Not\\u00edcias Jequi\\u00e9\"},{\"@type\":\"BreadcrumbList\",\"@id\":\"https:\\\/\\\/www.encontrajequie.com.br\\\/sobre\\\/jequie-deve-ter-um-dia-com-garoa-fina-nesta-sexta\\\/#breadcrumblist\",\"itemListElement\":[{\"@type\":\"ListItem\",\"@id\":\"https:\\\/\\\/www.encontrajequie.com.br\\\/sobre#listItem\",\"position\":1,\"name\":\"Home\",\"item\":\"https:\\\/\\\/www.encontrajequie.com.br\\\/sobre\",\"nextItem\":{\"@type\":\"ListItem\",\"@id\":\"https:\\\/\\\/www.encontrajequie.com.br\\\/sobre\\\/noticias-em-jequie\\\/#listItem\",\"name\":\"Not\\u00edcias Jequi\\u00e9\"}},{\"@type\":\"ListItem\",\"@id\":\"https:\\\/\\\/www.encontrajequie.com.br\\\/sobre\\\/noticias-em-jequie\\\/#listItem\",\"position\":2,\"name\":\"Not\\u00edcias Jequi\\u00e9\",\"item\":\"https:\\\/\\\/www.encontrajequie.com.br\\\/sobre\\\/noticias-em-jequie\\\/\",\"nextItem\":{\"@type\":\"ListItem\",\"@id\":\"https:\\\/\\\/www.encontrajequie.com.br\\\/sobre\\\/jequie-deve-ter-um-dia-com-garoa-fina-nesta-sexta\\\/#listItem\",\"name\":\"Jequi\\u00e9 deve ter um dia com garoa fina nesta sexta\"},\"previousItem\":{\"@type\":\"ListItem\",\"@id\":\"https:\\\/\\\/www.encontrajequie.com.br\\\/sobre#listItem\",\"name\":\"Home\"}},{\"@type\":\"ListItem\",\"@id\":\"https:\\\/\\\/www.encontrajequie.com.br\\\/sobre\\\/jequie-deve-ter-um-dia-com-garoa-fina-nesta-sexta\\\/#listItem\",\"position\":3,\"name\":\"Jequi\\u00e9 deve ter um dia com garoa fina nesta sexta\",\"previousItem\":{\"@type\":\"ListItem\",\"@id\":\"https:\\\/\\\/www.encontrajequie.com.br\\\/sobre\\\/noticias-em-jequie\\\/#listItem\",\"name\":\"Not\\u00edcias Jequi\\u00e9\"}}]},{\"@type\":\"Organization\",\"@id\":\"https:\\\/\\\/www.encontrajequie.com.br\\\/sobre\\\/#organization\",\"name\":\"Encontra Jequi\\u00e9\",\"description\":\"Not\\u00edcias, eventos, informa\\u00e7\\u00f5es e dicas na cidade de Jequi\\u00e9 e regi\\u00e3o.\",\"url\":\"https:\\\/\\\/www.encontrajequie.com.br\\\/sobre\\\/\"},{\"@type\":\"Person\",\"@id\":\"https:\\\/\\\/www.encontrajequie.com.br\\\/sobre\\\/author\\\/ejequie\\\/#author\",\"url\":\"https:\\\/\\\/www.encontrajequie.com.br\\\/sobre\\\/author\\\/ejequie\\\/\",\"name\":\"Encontra Jequi\\u00e9\",\"image\":{\"@type\":\"ImageObject\",\"@id\":\"https:\\\/\\\/www.encontrajequie.com.br\\\/sobre\\\/jequie-deve-ter-um-dia-com-garoa-fina-nesta-sexta\\\/#authorImage\",\"url\":\"https:\\\/\\\/secure.gravatar.com\\\/avatar\\\/507340682b8270222e1f208e23198b6ae7e2c6a1033ae84e99bc6bce4f82a387?s=96&d=mm&r=g\",\"width\":96,\"height\":96,\"caption\":\"Encontra Jequi\\u00e9\"}},{\"@type\":\"WebPage\",\"@id\":\"https:\\\/\\\/www.encontrajequie.com.br\\\/sobre\\\/jequie-deve-ter-um-dia-com-garoa-fina-nesta-sexta\\\/#webpage\",\"url\":\"https:\\\/\\\/www.encontrajequie.com.br\\\/sobre\\\/jequie-deve-ter-um-dia-com-garoa-fina-nesta-sexta\\\/\",\"name\":\"Jequi\\u00e9 deve ter um dia com garoa fina nesta sexta | Encontra Jequi\\u00e9\",\"description\":\"Jequi\\u00e9 ter\\u00e1 garoa fina e temperaturas de 20\\u00b0C a 34\\u00b0C nesta sexta-feira.\",\"inLanguage\":\"pt-BR\",\"isPartOf\":{\"@id\":\"https:\\\/\\\/www.encontrajequie.com.br\\\/sobre\\\/#website\"},\"breadcrumb\":{\"@id\":\"https:\\\/\\\/www.encontrajequie.com.br\\\/sobre\\\/jequie-deve-ter-um-dia-com-garoa-fina-nesta-sexta\\\/#breadcrumblist\"},\"author\":{\"@id\":\"https:\\\/\\\/www.encontrajequie.com.br\\\/sobre\\\/author\\\/ejequie\\\/#author\"},\"creator\":{\"@id\":\"https:\\\/\\\/www.encontrajequie.com.br\\\/sobre\\\/author\\\/ejequie\\\/#author\"},\"image\":{\"@type\":\"ImageObject\",\"url\":\"https:\\\/\\\/www.encontrajequie.com.br\\\/sobre\\\/wp-content\\\/uploads\\\/2025\\\/12\\\/jequie-deve-ter-um-dia-com-garoa-fina-nesta-sexta.webp\",\"@id\":\"https:\\\/\\\/www.encontrajequie.com.br\\\/sobre\\\/jequie-deve-ter-um-dia-com-garoa-fina-nesta-sexta\\\/#mainImage\",\"width\":320,\"height\":280,\"caption\":\"garoa fina Jequi\\u00e9\"},\"primaryImageOfPage\":{\"@id\":\"https:\\\/\\\/www.encontrajequie.com.br\\\/sobre\\\/jequie-deve-ter-um-dia-com-garoa-fina-nesta-sexta\\\/#mainImage\"},\"datePublished\":\"2025-12-08T07:53:00-03:00\",\"dateModified\":\"2025-12-08T07:53:00-03:00\"},{\"@type\":\"WebSite\",\"@id\":\"https:\\\/\\\/www.encontrajequie.com.br\\\/sobre\\\/#website\",\"url\":\"https:\\\/\\\/www.encontrajequie.com.br\\\/sobre\\\/\",\"name\":\"Encontra Jequi\\u00e9\",\"description\":\"Not\\u00edcias, eventos, informa\\u00e7\\u00f5es e dicas na cidade de Jequi\\u00e9 e regi\\u00e3o.\",\"inLanguage\":\"pt-BR\",\"publisher\":{\"@id\":\"https:\\\/\\\/www.encontrajequie.com.br\\\/sobre\\\/#organization\"}}]}\n\t\t<\/script>\n\t\t<!-- All in One SEO -->\n\n","aioseo_head_json":{"title":"Jequi\u00e9 deve ter um dia com garoa fina nesta sexta | Encontra Jequi\u00e9","description":"Jequi\u00e9 ter\u00e1 garoa fina e temperaturas de 20\u00b0C a 34\u00b0C nesta sexta-feira.","canonical_url":"https:\/\/www.encontrajequie.com.br\/sobre\/jequie-deve-ter-um-dia-com-garoa-fina-nesta-sexta\/","robots":"max-image-preview:large","keywords":"","webmasterTools":{"miscellaneous":""},"schema":{"@context":"https:\/\/schema.org","@graph":[{"@type":"Article","@id":"https:\/\/www.encontrajequie.com.br\/sobre\/jequie-deve-ter-um-dia-com-garoa-fina-nesta-sexta\/#article","name":"Jequi\u00e9 deve ter um dia com garoa fina nesta sexta | Encontra Jequi\u00e9","headline":"Jequi\u00e9 deve ter um dia com garoa fina nesta sexta","author":{"@id":"https:\/\/www.encontrajequie.com.br\/sobre\/author\/ejequie\/#author"},"publisher":{"@id":"https:\/\/www.encontrajequie.com.br\/sobre\/#organization"},"image":{"@type":"ImageObject","url":"https:\/\/www.encontrajequie.com.br\/sobre\/wp-content\/uploads\/2025\/12\/jequie-deve-ter-um-dia-com-garoa-fina-nesta-sexta.webp","width":320,"height":280,"caption":"garoa fina Jequi\u00e9"},"datePublished":"2025-12-08T07:53:00-03:00","dateModified":"2025-12-08T07:53:00-03:00","inLanguage":"pt-BR","mainEntityOfPage":{"@id":"https:\/\/www.encontrajequie.com.br\/sobre\/jequie-deve-ter-um-dia-com-garoa-fina-nesta-sexta\/#webpage"},"isPartOf":{"@id":"https:\/\/www.encontrajequie.com.br\/sobre\/jequie-deve-ter-um-dia-com-garoa-fina-nesta-sexta\/#webpage"},"articleSection":"Not\u00edcias Jequi\u00e9"},{"@type":"BreadcrumbList","@id":"https:\/\/www.encontrajequie.com.br\/sobre\/jequie-deve-ter-um-dia-com-garoa-fina-nesta-sexta\/#breadcrumblist","itemListElement":[{"@type":"ListItem","@id":"https:\/\/www.encontrajequie.com.br\/sobre#listItem","position":1,"name":"Home","item":"https:\/\/www.encontrajequie.com.br\/sobre","nextItem":{"@type":"ListItem","@id":"https:\/\/www.encontrajequie.com.br\/sobre\/noticias-em-jequie\/#listItem","name":"Not\u00edcias Jequi\u00e9"}},{"@type":"ListItem","@id":"https:\/\/www.encontrajequie.com.br\/sobre\/noticias-em-jequie\/#listItem","position":2,"name":"Not\u00edcias Jequi\u00e9","item":"https:\/\/www.encontrajequie.com.br\/sobre\/noticias-em-jequie\/","nextItem":{"@type":"ListItem","@id":"https:\/\/www.encontrajequie.com.br\/sobre\/jequie-deve-ter-um-dia-com-garoa-fina-nesta-sexta\/#listItem","name":"Jequi\u00e9 deve ter um dia com garoa fina nesta sexta"},"previousItem":{"@type":"ListItem","@id":"https:\/\/www.encontrajequie.com.br\/sobre#listItem","name":"Home"}},{"@type":"ListItem","@id":"https:\/\/www.encontrajequie.com.br\/sobre\/jequie-deve-ter-um-dia-com-garoa-fina-nesta-sexta\/#listItem","position":3,"name":"Jequi\u00e9 deve ter um dia com garoa fina nesta sexta","previousItem":{"@type":"ListItem","@id":"https:\/\/www.encontrajequie.com.br\/sobre\/noticias-em-jequie\/#listItem","name":"Not\u00edcias Jequi\u00e9"}}]},{"@type":"Organization","@id":"https:\/\/www.encontrajequie.com.br\/sobre\/#organization","name":"Encontra Jequi\u00e9","description":"Not\u00edcias, eventos, informa\u00e7\u00f5es e dicas na cidade de Jequi\u00e9 e regi\u00e3o.","url":"https:\/\/www.encontrajequie.com.br\/sobre\/"},{"@type":"Person","@id":"https:\/\/www.encontrajequie.com.br\/sobre\/author\/ejequie\/#author","url":"https:\/\/www.encontrajequie.com.br\/sobre\/author\/ejequie\/","name":"Encontra Jequi\u00e9","image":{"@type":"ImageObject","@id":"https:\/\/www.encontrajequie.com.br\/sobre\/jequie-deve-ter-um-dia-com-garoa-fina-nesta-sexta\/#authorImage","url":"https:\/\/secure.gravatar.com\/avatar\/507340682b8270222e1f208e23198b6ae7e2c6a1033ae84e99bc6bce4f82a387?s=96&d=mm&r=g","width":96,"height":96,"caption":"Encontra Jequi\u00e9"}},{"@type":"WebPage","@id":"https:\/\/www.encontrajequie.com.br\/sobre\/jequie-deve-ter-um-dia-com-garoa-fina-nesta-sexta\/#webpage","url":"https:\/\/www.encontrajequie.com.br\/sobre\/jequie-deve-ter-um-dia-com-garoa-fina-nesta-sexta\/","name":"Jequi\u00e9 deve ter um dia com garoa fina nesta sexta | Encontra Jequi\u00e9","description":"Jequi\u00e9 ter\u00e1 garoa fina e temperaturas de 20\u00b0C a 34\u00b0C nesta sexta-feira.","inLanguage":"pt-BR","isPartOf":{"@id":"https:\/\/www.encontrajequie.com.br\/sobre\/#website"},"breadcrumb":{"@id":"https:\/\/www.encontrajequie.com.br\/sobre\/jequie-deve-ter-um-dia-com-garoa-fina-nesta-sexta\/#breadcrumblist"},"author":{"@id":"https:\/\/www.encontrajequie.com.br\/sobre\/author\/ejequie\/#author"},"creator":{"@id":"https:\/\/www.encontrajequie.com.br\/sobre\/author\/ejequie\/#author"},"image":{"@type":"ImageObject","url":"https:\/\/www.encontrajequie.com.br\/sobre\/wp-content\/uploads\/2025\/12\/jequie-deve-ter-um-dia-com-garoa-fina-nesta-sexta.webp","@id":"https:\/\/www.encontrajequie.com.br\/sobre\/jequie-deve-ter-um-dia-com-garoa-fina-nesta-sexta\/#mainImage","width":320,"height":280,"caption":"garoa fina Jequi\u00e9"},"primaryImageOfPage":{"@id":"https:\/\/www.encontrajequie.com.br\/sobre\/jequie-deve-ter-um-dia-com-garoa-fina-nesta-sexta\/#mainImage"},"datePublished":"2025-12-08T07:53:00-03:00","dateModified":"2025-12-08T07:53:00-03:00"},{"@type":"WebSite","@id":"https:\/\/www.encontrajequie.com.br\/sobre\/#website","url":"https:\/\/www.encontrajequie.com.br\/sobre\/","name":"Encontra Jequi\u00e9","description":"Not\u00edcias, eventos, informa\u00e7\u00f5es e dicas na cidade de Jequi\u00e9 e regi\u00e3o.","inLanguage":"pt-BR","publisher":{"@id":"https:\/\/www.encontrajequie.com.br\/sobre\/#organization"}}]},"og:locale":"pt_BR","og:site_name":"Encontra Jequi\u00e9 | Not\u00edcias, eventos, informa\u00e7\u00f5es e dicas na cidade de Jequi\u00e9 e regi\u00e3o.","og:type":"article","og:title":"Jequi\u00e9 deve ter um dia com garoa fina nesta sexta | Encontra Jequi\u00e9","og:description":"Jequi\u00e9 ter\u00e1 garoa fina e temperaturas de 20\u00b0C a 34\u00b0C nesta sexta-feira.","og:url":"https:\/\/www.encontrajequie.com.br\/sobre\/jequie-deve-ter-um-dia-com-garoa-fina-nesta-sexta\/","article:published_time":"2025-12-08T10:53:00+00:00","article:modified_time":"2025-12-08T10:53:00+00:00","twitter:card":"summary_large_image","twitter:title":"Jequi\u00e9 deve ter um dia com garoa fina nesta sexta | Encontra Jequi\u00e9","twitter:description":"Jequi\u00e9 ter\u00e1 garoa fina e temperaturas de 20\u00b0C a 34\u00b0C nesta sexta-feira."},"aioseo_meta_data":{"post_id":"445","title":null,"description":null,"keywords":null,"keyphrases":null,"primary_term":null,"canonical_url":null,"og_title":null,"og_description":null,"og_object_type":"default","og_image_type":"default","og_image_url":null,"og_image_width":null,"og_image_height":null,"og_image_custom_url":null,"og_image_custom_fields":null,"og_video":null,"og_custom_url":null,"og_article_section":null,"og_article_tags":null,"twitter_use_og":false,"twitter_card":"default","twitter_image_type":"default","twitter_image_url":null,"twitter_image_custom_url":null,"twitter_image_custom_fields":null,"twitter_title":null,"twitter_description":null,"schema":{"blockGraphs":[],"customGraphs":[],"default":{"data":{"Article":[],"Course":[],"Dataset":[],"FAQPage":[],"Movie":[],"Person":[],"Product":[],"ProductReview":[],"Car":[],"Recipe":[],"Service":[],"SoftwareApplication":[],"WebPage":[]},"graphName":"Article","isEnabled":true},"graphs":[]},"schema_type":"default","schema_type_options":null,"pillar_content":false,"robots_default":true,"robots_noindex":false,"robots_noarchive":false,"robots_nosnippet":false,"robots_nofollow":false,"robots_noimageindex":false,"robots_noodp":false,"robots_notranslate":false,"robots_max_snippet":null,"robots_max_videopreview":null,"robots_max_imagepreview":"large","priority":null,"frequency":null,"local_seo":null,"breadcrumb_settings":null,"limit_modified_date":false,"ai":null,"created":"2025-12-12 06:04:01","updated":"2025-12-12 07:07:46","focus_keyword":null,"additional_keywords":null,"truseo_locale":null,"seo_analyzer_scan_date":null},"aioseo_breadcrumb":"<div class=\"aioseo-breadcrumbs\"><span class=\"aioseo-breadcrumb\">\n\t\t\t<a href=\"https:\/\/www.encontrajequie.com.br\/sobre\" title=\"Home\">Home<\/a>\n\t\t<\/span><span class=\"aioseo-breadcrumb-separator\">&raquo;<\/span><span class=\"aioseo-breadcrumb\">\n\t\t\t<a href=\"https:\/\/www.encontrajequie.com.br\/sobre\/noticias-em-jequie\/\" title=\"Not\u00edcias Jequi\u00e9\">Not\u00edcias Jequi\u00e9<\/a>\n\t\t<\/span><span class=\"aioseo-breadcrumb-separator\">&raquo;<\/span><span class=\"aioseo-breadcrumb\">\n\t\t\tJequi\u00e9 deve ter um dia com garoa fina nesta sexta\n\t\t<\/span><\/div>","aioseo_breadcrumb_json":[{"label":"Home","link":"https:\/\/www.encontrajequie.com.br\/sobre"},{"label":"Not\u00edcias Jequi\u00e9","link":"https:\/\/www.encontrajequie.com.br\/sobre\/noticias-em-jequie\/"},{"label":"Jequi\u00e9 deve ter um dia com garoa fina nesta sexta","link":"https:\/\/www.encontrajequie.com.br\/sobre\/jequie-deve-ter-um-dia-com-garoa-fina-nesta-sexta\/"}],"_links":{"self":[{"href":"https:\/\/www.encontrajequie.com.br\/sobre\/wp-json\/wp\/v2\/posts\/445","targetHints":{"allow":["GET"]}}],"collection":[{"href":"https:\/\/www.encontrajequie.com.br\/sobre\/wp-json\/wp\/v2\/posts"}],"about":[{"href":"https:\/\/www.encontrajequie.com.br\/sobre\/wp-json\/wp\/v2\/types\/post"}],"author":[{"embeddable":true,"href":"https:\/\/www.encontrajequie.com.br\/sobre\/wp-json\/wp\/v2\/users\/1"}],"replies":[{"embeddable":true,"href":"https:\/\/www.encontrajequie.com.br\/sobre\/wp-json\/wp\/v2\/comments?post=445"}],"version-history":[{"count":0,"href":"https:\/\/www.encontrajequie.com.br\/sobre\/wp-json\/wp\/v2\/posts\/445\/revisions"}],"wp:featuredmedia":[{"embeddable":true,"href":"https:\/\/www.encontrajequie.com.br\/sobre\/wp-json\/wp\/v2\/media\/444"}],"wp:attachment":[{"href":"https:\/\/www.encontrajequie.com.br\/sobre\/wp-json\/wp\/v2\/media?parent=445"}],"wp:term":[{"taxonomy":"category","embeddable":true,"href":"https:\/\/www.encontrajequie.com.br\/sobre\/wp-json\/wp\/v2\/categories?post=445"},{"taxonomy":"post_tag","embeddable":true,"href":"https:\/\/www.encontrajequie.com.br\/sobre\/wp-json\/wp\/v2\/tags?post=445"}],"curies":[{"name":"wp","href":"https:\/\/api.w.org\/{rel}","templated":true}]}}