{"id":466,"date":"2025-12-12T08:22:00","date_gmt":"2025-12-12T11:22:00","guid":{"rendered":"https:\/\/www.encontrajequie.com.br\/sobre\/jequie-deve-ter-um-dia-com-chuva-em-areas-especificas-neste-domingo-07\/"},"modified":"2025-12-12T08:22:00","modified_gmt":"2025-12-12T11:22:00","slug":"jequie-deve-ter-um-dia-com-chuva-em-areas-especificas-neste-domingo-07","status":"publish","type":"post","link":"https:\/\/www.encontrajequie.com.br\/sobre\/jequie-deve-ter-um-dia-com-chuva-em-areas-especificas-neste-domingo-07\/","title":{"rendered":"Jequi\u00e9 deve ter um dia com chuva em \u00e1reas espec\u00edficas neste domingo (07)"},"content":{"rendered":"<div class=\"30cf832dc5940d4704f66d0ed9a44050\" data-index=\"1\" style=\"float: none; margin:0px;\">\n<!-- Anuncio display - global -->\r\n<ins class=\"adsbygoogle\"\r\n     style=\"display:block\"\r\n     data-ad-client=\"ca-pub-8585364105181520\"\r\n     data-ad-slot=\"8789329856\"\r\n     data-ad-format=\"auto\"\r\n     data-full-width-responsive=\"true\"><\/ins>\r\n<script>\r\n     (adsbygoogle = window.adsbygoogle || []).push({});\r\n<\/script>\n<\/div>\n<h2>Chuva em \u00e1reas espec\u00edficas de Jequi\u00e9<\/h2>\n<p>Jequi\u00e9, uma cidade localizada na Bahia, se destaca por seu clima tropical, que, por sua vez, influencia significantemente a vida dos seus habitantes. Neste domingo, espera-se que a regi\u00e3o receba chuvas em \u00e1reas espec\u00edficas, conforme informa\u00e7\u00f5es do Instituto Nacional de Meteorologia (INMET). O fen\u00f4meno da chuva \u00e9 crucial para a manuten\u00e7\u00e3o do ecossistema local, pois contribui para a agricultura e a hidrata\u00e7\u00e3o dos reservat\u00f3rios. No entanto, ainda existe a necessidade de prepara\u00e7\u00e3o dos moradores para os dias chuvosos, especialmente em \u00e1reas mais suscet\u00edveis a alagamentos.<\/p>\n<p>A previs\u00e3o de chuvas em Jequi\u00e9 pode variar de chuvas leves a moderadas, afetando bairros espec\u00edficos. Moradores que residem em \u00e1reas de risco devem estar atentos \u00e0s orienta\u00e7\u00f5es de seguran\u00e7a e se preparar adequadamente para prevenir potenciais transtornos. Al\u00e9m disso, a chuva pode trazer tamb\u00e9m um al\u00edvio do calor intenso que costuma marcar os dias ensolarados da cidade.<\/p>\n<h2>Temperaturas variando entre 18\u00b0C e 31\u00b0C<\/h2>\n<p>A amplitudes t\u00e9rmicas em Jequi\u00e9, que variam entre 18\u00b0C e 31\u00b0C, indicam um dia agrad\u00e1vel, especialmente nas primeiras horas da manh\u00e3 e \u00e0 noite. Durante o per\u00edodo da tarde, as temperaturas mais altas podem ser acompanhadas por uma sensa\u00e7\u00e3o de calor intenso, potencializada pela umidade no ar. Esse fen\u00f4meno \u00e9 t\u00edpico da regi\u00e3o e faz parte do que \u00e9 esperado para a esta\u00e7\u00e3o atual.<\/p>\n<p><img decoding=\"async\" src=\"https:\/\/www.encontrajequie.com.br\/sobre\/wp-content\/uploads\/2025\/12\/jequie-deve-ter-um-dia-com-chuva-em-areas-especificas-neste-domingo-07.webp\" alt=\"chuva em Jequi\u00e9\" loading=\"lazy\" \/><\/p>\n<p>A varia\u00e7\u00e3o das temperaturas ao longo do dia deve ser considerada pelos habitantes, que precisam se vestir adequadamente para enfrentar o cl\u00edmax de calor durante a tarde e o frescor noturno. A aplica\u00e7\u00e3o de protetores solares e a busca por sombra s\u00e3o pr\u00e1ticas recomendadas durante os hor\u00e1rios de pico de calor, enquanto roupas mais leves e confort\u00e1veis se tornam essenciais para o bem-estar di\u00e1rio dos moradores.<\/p>\n<h2>Umidade do ar e sua varia\u00e7\u00e3o ao longo do dia<\/h2>\n<p>A umidade relativa do ar em Jequi\u00e9 apresenta uma din\u00e2mica interessante ao longo do dia. A previs\u00e3o de 100% de umidade pela manh\u00e3 demonstra uma atmosfera saturada, o que pode resultar em um leve desconforto t\u00e9rmico, mas tamb\u00e9m em vegeta\u00e7\u00e3o mais vibrante e em dota\u00e7\u00e3o h\u00eddrica dos solos. Com a progress\u00e3o do dia e ap\u00f3s chuvas poss\u00edveis, a umidade deve diminuir gradualmente, especialmente nas horas mais quentes.<\/p>\n<p>A baixa umidade \u00e0 tarde, que pode chegar a 50%, resulta em um ambiente mais ameno, mas \u00e9 um fator a ser considerado por pessoas que sofrem com problemas respirat\u00f3rios, pois ar seco pode agravar essas condi\u00e7\u00f5es. Em per\u00edodos de transi\u00e7\u00e3o entre as esta\u00e7\u00f5es, o controle da umidade se torna um ponto chave para promover a sa\u00fade e o conforto da popula\u00e7\u00e3o local.<\/p>\n<h2>Predom\u00ednio de ventos fracos em Jequi\u00e9<\/h2>\n<p>Os ventos em Jequi\u00e9 s\u00e3o considerados fracos, o que significa que n\u00e3o devem impactar significativamente a previs\u00e3o de tempo ou a dispers\u00e3o da umidade na regi\u00e3o. Soprando principalmente do leste para o nordeste, a brisa suave pode \u00e0s vezes aliviar as altas temperaturas, mas n\u00e3o ser\u00e1 suficiente para alterar drasticamente as condi\u00e7\u00f5es clim\u00e1ticas ao longo do dia.<\/p>\n<p>Os ventos fracos tamb\u00e9m podem ser uma oportunidade para moradores observarem fen\u00f4menos naturais sem riscos, como a movimenta\u00e7\u00e3o de nuvens antes da chuva, proporcionando um espet\u00e1culo interessante para aqueles que apreciam a natureza. \u00c9 sempre bom lembrar que, durante os dias de chuvas, a supervis\u00e3o das condi\u00e7\u00f5es do tempo \u00e9 essencial para garantir a seguran\u00e7a, especialmente em \u00e1reas de fluxo intenso de ve\u00edculos e pedestres.<\/p>\n<h2>Quando ser\u00e1 o nascer e p\u00f4r do sol?<\/h2>\n<p>O nascer do sol em Jequi\u00e9 est\u00e1 programado para \u00e0s 05h05, e o p\u00f4r do sol ocorrer\u00e1 \u00e0s 18h00. Essa dura\u00e7\u00e3o do dia se alinha perfeitamente com a expectativa de atividades diurnas, permitindo que os moradores aproveitem ao m\u00e1ximo a luz natural. Ela \u00e9 especialmente valiosa para os agricultores e aqueles que desejam planejar atividades ao ar livre.<\/p>\n<p>Os hor\u00e1rios do nascer e p\u00f4r do sol tamb\u00e9m podem influenciar a vida social, com muitos aproveitando o per\u00edodo da manh\u00e3 para atividades f\u00edsicas e os finais de tarde para encontrar amigos e familiares em espa\u00e7os p\u00fablicos, como pra\u00e7as e parques. Esse conjunto de atividades contribui para uma comunidade saud\u00e1vel e unida.<\/p>\n<h2>Temperaturas para os pr\u00f3ximos dias em Jequi\u00e9<\/h2>\n<p>As temperaturas em Jequi\u00e9 nos pr\u00f3ximos dias devam se manter dentro de uma faixa semelhante \u00e0 deste domingo, com m\u00ednimas variando de 18\u00b0C a 32\u00b0C nos dias seguintes. Espera-se que a cidade permane\u00e7a sob c\u00e9u nublado em v\u00e1rios dias da semana, o que poder\u00e1 trazer mais chuvas e, consequentemente, mais al\u00edvio do calor.<\/p>\n<p>Na segunda-feira, a expectativa \u00e9 que Jequi\u00e9 tenha 18\u00b0C a 33\u00b0C, seguido por 18\u00b0C a 32\u00b0C em quarta-feira e uma m\u00e1xima que pode atingir at\u00e9 34\u00b0C na quinta-feira. Essa continuidade nas condi\u00e7\u00f5es clim\u00e1ticas dever\u00e1 ser levada em conta por todos, especialmente para quem trabalha ao ar livre ou para os que fazem atividades f\u00edsicas regularmente.<\/p>\n<h2>O que causou a previs\u00e3o de chuva?<\/h2>\n<p>A previs\u00e3o de chuva em Jequi\u00e9 est\u00e1 associada a uma frente fria que se desloca pela regi\u00e3o, influenciando as condi\u00e7\u00f5es clim\u00e1ticas locais. Esse fen\u00f4meno meteorol\u00f3gico \u00e9 comum durante certas esta\u00e7\u00f5es e contribui para a forma\u00e7\u00e3o de nuvens carregadas que podem resultar em chuvas. A mudan\u00e7a na press\u00e3o atmosf\u00e9rica e as temperaturas do mar tamb\u00e9m desempenham um papel fundamental nesse arranjo, permitindo que as chuvas ocorram em ciclos regulares.<\/p>\n<p>\u00c9 vital que os moradores compreendam as causas das mudan\u00e7as clim\u00e1ticas em sua \u00e1rea, pois estar ciente ajuda a se prepararem melhor para os diferentes cen\u00e1rios. Essa compreens\u00e3o pode impactar as pr\u00e1ticas de cultivo, os passeios ao ar livre e as atividades recreativas durante a semana.<\/p>\n<h2>Impacto da chuva na rotina dos moradores<\/h2>\n<p>A chuva desempenha um papel multifacetado na rotina dos habitantes de Jequi\u00e9. Por um lado, a \u00e1gua \u00e9 essencial para o abastecimento de fontes naturais e irriga\u00e7\u00e3o de planta\u00e7\u00f5es, garantindo alimentos e \u00e1gua pot\u00e1vel. Por outro lado, chuvas intensas e prolongadas podem resultar em desafios para a comunidade, como alagamentos e transtornos no tr\u00e2nsito.<\/p>\n<p>H\u00e1 uma necessidade de prepara\u00e7\u00e3o para o tempo chuvoso e como os mais afetados podem ser os motoristas e pedestres. Ruas alagadas podem reduzir a mobilidade e causar acidentes, exigindo que os moradores criem alternativas de deslocamento durante os per\u00edodos de chuva intensa. Como resultado, a comunidade deve estar atenta \u00e0s previs\u00f5es e se organizar quando houver mudan\u00e7as clim\u00e1ticas.<\/p>\n<h2>Preparativos para o tempo chuvoso<\/h2>\n<p>Com a expectativa de chuvas em Jequi\u00e9, os moradores devem se preparar adequadamente para enfrentar esse clima. Uma das medidas de precau\u00e7\u00e3o mais b\u00e1sicas \u00e9 garantir o funcionamento adequado de calhas, ralos e sistemas de drenagem em suas resid\u00eancias, evitando alagamentos na pr\u00f3pria casa. Ter os materiais necess\u00e1rios, como baldes e p\u00e1s, pode facilitar manuten\u00e7\u00f5es imediatas, caso necess\u00e1rias.<\/p>\n<p>A mobiliza\u00e7\u00e3o da comunidade tamb\u00e9m \u00e9 fundamental. Grupos podem ser organizados no Facebook e WhatsApp para manter os moradores informados sobre os acontecimentos clim\u00e1ticos em tempo real e para discutir estrat\u00e9gias comuns de apoio durante as chuvas. Essa intera\u00e7\u00e3o social ajuda a desenvolver um forte la\u00e7o comunit\u00e1rio e traz benef\u00edcios coletivos durante eventos clim\u00e1ticos adversos.<\/p>\n<h2>Dicas para se proteger da chuva<\/h2>\n<p>Proteger-se da chuva em Jequi\u00e9 envolve precau\u00e7\u00f5es simples, mas efetivas. As dicas incluem:<\/p>\n<ul>\n<li><strong>Uso de capas de chuva e guarda-chuvas:<\/strong> Equipar-se com um guarda-chuva resistente ou uma capa de chuva pode evitar que voc\u00ea se molhe. <\/li>\n<li><strong>Evitar sair durante chuvas fortes:<\/strong> Quando as chuvas forem intensas, \u00e9 prudente permanecer em casa e s\u00f3 sair se necess\u00e1rio.<\/li>\n<li><strong>Cal\u00e7ado adequado:<\/strong> Usar botas ou cal\u00e7ados imperme\u00e1veis ajuda a manter os p\u00e9s secos, al\u00e9m de permitir movimenta\u00e7\u00e3o onde houver po\u00e7as.<\/li>\n<li><strong>Aten\u00e7\u00e3o \u00e0s informa\u00e7\u00f5es meteorol\u00f3gicas:<\/strong> Acompanhe os boletins clim\u00e1ticos locais para saber quando e como a chuva deve se intensificar.<\/li>\n<\/ul>\n<p>Ent\u00e3o, ao seguir estas dicas simples, voc\u00ea pode se preparar bem e continuar com suas atividades di\u00e1rias de forma segura, mesmo em dias de chuva em jequi\u00e9.<\/p>\n\n<div style=\"font-size: 0px; height: 0px; line-height: 0px; margin: 0; padding: 0; clear: both;\"><\/div>","protected":false},"excerpt":{"rendered":"<p>Jequi\u00e9 ter\u00e1 dia de chuva e temperaturas entre 18\u00b0C e 31\u00b0C neste domingo.<\/p>\n","protected":false},"author":1,"featured_media":465,"comment_status":"open","ping_status":"closed","sticky":false,"template":"","format":"standard","meta":{"footnotes":""},"categories":[1],"tags":[],"class_list":["post-466","post","type-post","status-publish","format-standard","has-post-thumbnail","hentry","category-noticias-em-jequie","has_thumb"],"aioseo_notices":[],"aioseo_head":"\n\t\t<!-- All in One SEO 5.0.0.1 - aioseo.com -->\n\t<meta name=\"description\" content=\"Jequi\u00e9 ter\u00e1 dia de chuva e temperaturas entre 18\u00b0C e 31\u00b0C neste domingo.\" \/>\n\t<meta name=\"robots\" content=\"max-image-preview:large\" \/>\n\t<meta name=\"author\" content=\"Encontra Jequi\u00e9\"\/>\n\t<link rel=\"canonical\" href=\"https:\/\/www.encontrajequie.com.br\/sobre\/jequie-deve-ter-um-dia-com-chuva-em-areas-especificas-neste-domingo-07\/\" \/>\n\t<meta name=\"generator\" content=\"All in One SEO (AIOSEO) 5.0.0.1\" \/>\n\t\t<meta property=\"og:locale\" content=\"pt_BR\" \/>\n\t\t<meta property=\"og:site_name\" content=\"Encontra Jequi\u00e9 | Not\u00edcias, eventos, informa\u00e7\u00f5es e dicas na cidade de Jequi\u00e9 e regi\u00e3o.\" \/>\n\t\t<meta property=\"og:type\" content=\"article\" \/>\n\t\t<meta property=\"og:title\" content=\"Jequi\u00e9 deve ter um dia com chuva em \u00e1reas espec\u00edficas neste domingo (07) | Encontra Jequi\u00e9\" \/>\n\t\t<meta property=\"og:description\" content=\"Jequi\u00e9 ter\u00e1 dia de chuva e temperaturas entre 18\u00b0C e 31\u00b0C neste domingo.\" \/>\n\t\t<meta property=\"og:url\" content=\"https:\/\/www.encontrajequie.com.br\/sobre\/jequie-deve-ter-um-dia-com-chuva-em-areas-especificas-neste-domingo-07\/\" \/>\n\t\t<meta property=\"article:published_time\" content=\"2025-12-12T11:22:00+00:00\" \/>\n\t\t<meta property=\"article:modified_time\" content=\"2025-12-12T11:22:00+00:00\" \/>\n\t\t<meta name=\"twitter:card\" content=\"summary_large_image\" \/>\n\t\t<meta name=\"twitter:title\" content=\"Jequi\u00e9 deve ter um dia com chuva em \u00e1reas espec\u00edficas neste domingo (07) | Encontra Jequi\u00e9\" \/>\n\t\t<meta name=\"twitter:description\" content=\"Jequi\u00e9 ter\u00e1 dia de chuva e temperaturas entre 18\u00b0C e 31\u00b0C neste domingo.\" \/>\n\t\t<script type=\"application\/ld+json\" class=\"aioseo-schema\">\n\t\t\t{\"@context\":\"https:\\\/\\\/schema.org\",\"@graph\":[{\"@type\":\"Article\",\"@id\":\"https:\\\/\\\/www.encontrajequie.com.br\\\/sobre\\\/jequie-deve-ter-um-dia-com-chuva-em-areas-especificas-neste-domingo-07\\\/#article\",\"name\":\"Jequi\\u00e9 deve ter um dia com chuva em \\u00e1reas espec\\u00edficas neste domingo (07) | Encontra Jequi\\u00e9\",\"headline\":\"Jequi\\u00e9 deve ter um dia com chuva em \\u00e1reas espec\\u00edficas neste domingo (07)\",\"author\":{\"@id\":\"https:\\\/\\\/www.encontrajequie.com.br\\\/sobre\\\/author\\\/ejequie\\\/#author\"},\"publisher\":{\"@id\":\"https:\\\/\\\/www.encontrajequie.com.br\\\/sobre\\\/#organization\"},\"image\":{\"@type\":\"ImageObject\",\"url\":\"https:\\\/\\\/www.encontrajequie.com.br\\\/sobre\\\/wp-content\\\/uploads\\\/2025\\\/12\\\/jequie-deve-ter-um-dia-com-chuva-em-areas-especificas-neste-domingo-07.webp\",\"width\":320,\"height\":280,\"caption\":\"chuva em Jequi\\u00e9\"},\"datePublished\":\"2025-12-12T08:22:00-03:00\",\"dateModified\":\"2025-12-12T08:22:00-03:00\",\"inLanguage\":\"pt-BR\",\"mainEntityOfPage\":{\"@id\":\"https:\\\/\\\/www.encontrajequie.com.br\\\/sobre\\\/jequie-deve-ter-um-dia-com-chuva-em-areas-especificas-neste-domingo-07\\\/#webpage\"},\"isPartOf\":{\"@id\":\"https:\\\/\\\/www.encontrajequie.com.br\\\/sobre\\\/jequie-deve-ter-um-dia-com-chuva-em-areas-especificas-neste-domingo-07\\\/#webpage\"},\"articleSection\":\"Not\\u00edcias Jequi\\u00e9\"},{\"@type\":\"BreadcrumbList\",\"@id\":\"https:\\\/\\\/www.encontrajequie.com.br\\\/sobre\\\/jequie-deve-ter-um-dia-com-chuva-em-areas-especificas-neste-domingo-07\\\/#breadcrumblist\",\"itemListElement\":[{\"@type\":\"ListItem\",\"@id\":\"https:\\\/\\\/www.encontrajequie.com.br\\\/sobre#listItem\",\"position\":1,\"name\":\"Home\",\"item\":\"https:\\\/\\\/www.encontrajequie.com.br\\\/sobre\",\"nextItem\":{\"@type\":\"ListItem\",\"@id\":\"https:\\\/\\\/www.encontrajequie.com.br\\\/sobre\\\/noticias-em-jequie\\\/#listItem\",\"name\":\"Not\\u00edcias Jequi\\u00e9\"}},{\"@type\":\"ListItem\",\"@id\":\"https:\\\/\\\/www.encontrajequie.com.br\\\/sobre\\\/noticias-em-jequie\\\/#listItem\",\"position\":2,\"name\":\"Not\\u00edcias Jequi\\u00e9\",\"item\":\"https:\\\/\\\/www.encontrajequie.com.br\\\/sobre\\\/noticias-em-jequie\\\/\",\"nextItem\":{\"@type\":\"ListItem\",\"@id\":\"https:\\\/\\\/www.encontrajequie.com.br\\\/sobre\\\/jequie-deve-ter-um-dia-com-chuva-em-areas-especificas-neste-domingo-07\\\/#listItem\",\"name\":\"Jequi\\u00e9 deve ter um dia com chuva em \\u00e1reas espec\\u00edficas neste domingo (07)\"},\"previousItem\":{\"@type\":\"ListItem\",\"@id\":\"https:\\\/\\\/www.encontrajequie.com.br\\\/sobre#listItem\",\"name\":\"Home\"}},{\"@type\":\"ListItem\",\"@id\":\"https:\\\/\\\/www.encontrajequie.com.br\\\/sobre\\\/jequie-deve-ter-um-dia-com-chuva-em-areas-especificas-neste-domingo-07\\\/#listItem\",\"position\":3,\"name\":\"Jequi\\u00e9 deve ter um dia com chuva em \\u00e1reas espec\\u00edficas neste domingo (07)\",\"previousItem\":{\"@type\":\"ListItem\",\"@id\":\"https:\\\/\\\/www.encontrajequie.com.br\\\/sobre\\\/noticias-em-jequie\\\/#listItem\",\"name\":\"Not\\u00edcias Jequi\\u00e9\"}}]},{\"@type\":\"Organization\",\"@id\":\"https:\\\/\\\/www.encontrajequie.com.br\\\/sobre\\\/#organization\",\"name\":\"Encontra Jequi\\u00e9\",\"description\":\"Not\\u00edcias, eventos, informa\\u00e7\\u00f5es e dicas na cidade de Jequi\\u00e9 e regi\\u00e3o.\",\"url\":\"https:\\\/\\\/www.encontrajequie.com.br\\\/sobre\\\/\"},{\"@type\":\"Person\",\"@id\":\"https:\\\/\\\/www.encontrajequie.com.br\\\/sobre\\\/author\\\/ejequie\\\/#author\",\"url\":\"https:\\\/\\\/www.encontrajequie.com.br\\\/sobre\\\/author\\\/ejequie\\\/\",\"name\":\"Encontra Jequi\\u00e9\",\"image\":{\"@type\":\"ImageObject\",\"@id\":\"https:\\\/\\\/www.encontrajequie.com.br\\\/sobre\\\/jequie-deve-ter-um-dia-com-chuva-em-areas-especificas-neste-domingo-07\\\/#authorImage\",\"url\":\"https:\\\/\\\/secure.gravatar.com\\\/avatar\\\/507340682b8270222e1f208e23198b6ae7e2c6a1033ae84e99bc6bce4f82a387?s=96&d=mm&r=g\",\"width\":96,\"height\":96,\"caption\":\"Encontra Jequi\\u00e9\"}},{\"@type\":\"WebPage\",\"@id\":\"https:\\\/\\\/www.encontrajequie.com.br\\\/sobre\\\/jequie-deve-ter-um-dia-com-chuva-em-areas-especificas-neste-domingo-07\\\/#webpage\",\"url\":\"https:\\\/\\\/www.encontrajequie.com.br\\\/sobre\\\/jequie-deve-ter-um-dia-com-chuva-em-areas-especificas-neste-domingo-07\\\/\",\"name\":\"Jequi\\u00e9 deve ter um dia com chuva em \\u00e1reas espec\\u00edficas neste domingo (07) | Encontra Jequi\\u00e9\",\"description\":\"Jequi\\u00e9 ter\\u00e1 dia de chuva e temperaturas entre 18\\u00b0C e 31\\u00b0C neste domingo.\",\"inLanguage\":\"pt-BR\",\"isPartOf\":{\"@id\":\"https:\\\/\\\/www.encontrajequie.com.br\\\/sobre\\\/#website\"},\"breadcrumb\":{\"@id\":\"https:\\\/\\\/www.encontrajequie.com.br\\\/sobre\\\/jequie-deve-ter-um-dia-com-chuva-em-areas-especificas-neste-domingo-07\\\/#breadcrumblist\"},\"author\":{\"@id\":\"https:\\\/\\\/www.encontrajequie.com.br\\\/sobre\\\/author\\\/ejequie\\\/#author\"},\"creator\":{\"@id\":\"https:\\\/\\\/www.encontrajequie.com.br\\\/sobre\\\/author\\\/ejequie\\\/#author\"},\"image\":{\"@type\":\"ImageObject\",\"url\":\"https:\\\/\\\/www.encontrajequie.com.br\\\/sobre\\\/wp-content\\\/uploads\\\/2025\\\/12\\\/jequie-deve-ter-um-dia-com-chuva-em-areas-especificas-neste-domingo-07.webp\",\"@id\":\"https:\\\/\\\/www.encontrajequie.com.br\\\/sobre\\\/jequie-deve-ter-um-dia-com-chuva-em-areas-especificas-neste-domingo-07\\\/#mainImage\",\"width\":320,\"height\":280,\"caption\":\"chuva em Jequi\\u00e9\"},\"primaryImageOfPage\":{\"@id\":\"https:\\\/\\\/www.encontrajequie.com.br\\\/sobre\\\/jequie-deve-ter-um-dia-com-chuva-em-areas-especificas-neste-domingo-07\\\/#mainImage\"},\"datePublished\":\"2025-12-12T08:22:00-03:00\",\"dateModified\":\"2025-12-12T08:22:00-03:00\"},{\"@type\":\"WebSite\",\"@id\":\"https:\\\/\\\/www.encontrajequie.com.br\\\/sobre\\\/#website\",\"url\":\"https:\\\/\\\/www.encontrajequie.com.br\\\/sobre\\\/\",\"name\":\"Encontra Jequi\\u00e9\",\"description\":\"Not\\u00edcias, eventos, informa\\u00e7\\u00f5es e dicas na cidade de Jequi\\u00e9 e regi\\u00e3o.\",\"inLanguage\":\"pt-BR\",\"publisher\":{\"@id\":\"https:\\\/\\\/www.encontrajequie.com.br\\\/sobre\\\/#organization\"}}]}\n\t\t<\/script>\n\t\t<!-- All in One SEO -->\n\n","aioseo_head_json":{"title":"Jequi\u00e9 deve ter um dia com chuva em \u00e1reas espec\u00edficas neste domingo (07) | Encontra Jequi\u00e9","description":"Jequi\u00e9 ter\u00e1 dia de chuva e temperaturas entre 18\u00b0C e 31\u00b0C neste domingo.","canonical_url":"https:\/\/www.encontrajequie.com.br\/sobre\/jequie-deve-ter-um-dia-com-chuva-em-areas-especificas-neste-domingo-07\/","robots":"max-image-preview:large","keywords":"","webmasterTools":{"miscellaneous":""},"schema":{"@context":"https:\/\/schema.org","@graph":[{"@type":"Article","@id":"https:\/\/www.encontrajequie.com.br\/sobre\/jequie-deve-ter-um-dia-com-chuva-em-areas-especificas-neste-domingo-07\/#article","name":"Jequi\u00e9 deve ter um dia com chuva em \u00e1reas espec\u00edficas neste domingo (07) | Encontra Jequi\u00e9","headline":"Jequi\u00e9 deve ter um dia com chuva em \u00e1reas espec\u00edficas neste domingo (07)","author":{"@id":"https:\/\/www.encontrajequie.com.br\/sobre\/author\/ejequie\/#author"},"publisher":{"@id":"https:\/\/www.encontrajequie.com.br\/sobre\/#organization"},"image":{"@type":"ImageObject","url":"https:\/\/www.encontrajequie.com.br\/sobre\/wp-content\/uploads\/2025\/12\/jequie-deve-ter-um-dia-com-chuva-em-areas-especificas-neste-domingo-07.webp","width":320,"height":280,"caption":"chuva em Jequi\u00e9"},"datePublished":"2025-12-12T08:22:00-03:00","dateModified":"2025-12-12T08:22:00-03:00","inLanguage":"pt-BR","mainEntityOfPage":{"@id":"https:\/\/www.encontrajequie.com.br\/sobre\/jequie-deve-ter-um-dia-com-chuva-em-areas-especificas-neste-domingo-07\/#webpage"},"isPartOf":{"@id":"https:\/\/www.encontrajequie.com.br\/sobre\/jequie-deve-ter-um-dia-com-chuva-em-areas-especificas-neste-domingo-07\/#webpage"},"articleSection":"Not\u00edcias Jequi\u00e9"},{"@type":"BreadcrumbList","@id":"https:\/\/www.encontrajequie.com.br\/sobre\/jequie-deve-ter-um-dia-com-chuva-em-areas-especificas-neste-domingo-07\/#breadcrumblist","itemListElement":[{"@type":"ListItem","@id":"https:\/\/www.encontrajequie.com.br\/sobre#listItem","position":1,"name":"Home","item":"https:\/\/www.encontrajequie.com.br\/sobre","nextItem":{"@type":"ListItem","@id":"https:\/\/www.encontrajequie.com.br\/sobre\/noticias-em-jequie\/#listItem","name":"Not\u00edcias Jequi\u00e9"}},{"@type":"ListItem","@id":"https:\/\/www.encontrajequie.com.br\/sobre\/noticias-em-jequie\/#listItem","position":2,"name":"Not\u00edcias Jequi\u00e9","item":"https:\/\/www.encontrajequie.com.br\/sobre\/noticias-em-jequie\/","nextItem":{"@type":"ListItem","@id":"https:\/\/www.encontrajequie.com.br\/sobre\/jequie-deve-ter-um-dia-com-chuva-em-areas-especificas-neste-domingo-07\/#listItem","name":"Jequi\u00e9 deve ter um dia com chuva em \u00e1reas espec\u00edficas neste domingo (07)"},"previousItem":{"@type":"ListItem","@id":"https:\/\/www.encontrajequie.com.br\/sobre#listItem","name":"Home"}},{"@type":"ListItem","@id":"https:\/\/www.encontrajequie.com.br\/sobre\/jequie-deve-ter-um-dia-com-chuva-em-areas-especificas-neste-domingo-07\/#listItem","position":3,"name":"Jequi\u00e9 deve ter um dia com chuva em \u00e1reas espec\u00edficas neste domingo (07)","previousItem":{"@type":"ListItem","@id":"https:\/\/www.encontrajequie.com.br\/sobre\/noticias-em-jequie\/#listItem","name":"Not\u00edcias Jequi\u00e9"}}]},{"@type":"Organization","@id":"https:\/\/www.encontrajequie.com.br\/sobre\/#organization","name":"Encontra Jequi\u00e9","description":"Not\u00edcias, eventos, informa\u00e7\u00f5es e dicas na cidade de Jequi\u00e9 e regi\u00e3o.","url":"https:\/\/www.encontrajequie.com.br\/sobre\/"},{"@type":"Person","@id":"https:\/\/www.encontrajequie.com.br\/sobre\/author\/ejequie\/#author","url":"https:\/\/www.encontrajequie.com.br\/sobre\/author\/ejequie\/","name":"Encontra Jequi\u00e9","image":{"@type":"ImageObject","@id":"https:\/\/www.encontrajequie.com.br\/sobre\/jequie-deve-ter-um-dia-com-chuva-em-areas-especificas-neste-domingo-07\/#authorImage","url":"https:\/\/secure.gravatar.com\/avatar\/507340682b8270222e1f208e23198b6ae7e2c6a1033ae84e99bc6bce4f82a387?s=96&d=mm&r=g","width":96,"height":96,"caption":"Encontra Jequi\u00e9"}},{"@type":"WebPage","@id":"https:\/\/www.encontrajequie.com.br\/sobre\/jequie-deve-ter-um-dia-com-chuva-em-areas-especificas-neste-domingo-07\/#webpage","url":"https:\/\/www.encontrajequie.com.br\/sobre\/jequie-deve-ter-um-dia-com-chuva-em-areas-especificas-neste-domingo-07\/","name":"Jequi\u00e9 deve ter um dia com chuva em \u00e1reas espec\u00edficas neste domingo (07) | Encontra Jequi\u00e9","description":"Jequi\u00e9 ter\u00e1 dia de chuva e temperaturas entre 18\u00b0C e 31\u00b0C neste domingo.","inLanguage":"pt-BR","isPartOf":{"@id":"https:\/\/www.encontrajequie.com.br\/sobre\/#website"},"breadcrumb":{"@id":"https:\/\/www.encontrajequie.com.br\/sobre\/jequie-deve-ter-um-dia-com-chuva-em-areas-especificas-neste-domingo-07\/#breadcrumblist"},"author":{"@id":"https:\/\/www.encontrajequie.com.br\/sobre\/author\/ejequie\/#author"},"creator":{"@id":"https:\/\/www.encontrajequie.com.br\/sobre\/author\/ejequie\/#author"},"image":{"@type":"ImageObject","url":"https:\/\/www.encontrajequie.com.br\/sobre\/wp-content\/uploads\/2025\/12\/jequie-deve-ter-um-dia-com-chuva-em-areas-especificas-neste-domingo-07.webp","@id":"https:\/\/www.encontrajequie.com.br\/sobre\/jequie-deve-ter-um-dia-com-chuva-em-areas-especificas-neste-domingo-07\/#mainImage","width":320,"height":280,"caption":"chuva em Jequi\u00e9"},"primaryImageOfPage":{"@id":"https:\/\/www.encontrajequie.com.br\/sobre\/jequie-deve-ter-um-dia-com-chuva-em-areas-especificas-neste-domingo-07\/#mainImage"},"datePublished":"2025-12-12T08:22:00-03:00","dateModified":"2025-12-12T08:22:00-03:00"},{"@type":"WebSite","@id":"https:\/\/www.encontrajequie.com.br\/sobre\/#website","url":"https:\/\/www.encontrajequie.com.br\/sobre\/","name":"Encontra Jequi\u00e9","description":"Not\u00edcias, eventos, informa\u00e7\u00f5es e dicas na cidade de Jequi\u00e9 e regi\u00e3o.","inLanguage":"pt-BR","publisher":{"@id":"https:\/\/www.encontrajequie.com.br\/sobre\/#organization"}}]},"og:locale":"pt_BR","og:site_name":"Encontra Jequi\u00e9 | Not\u00edcias, eventos, informa\u00e7\u00f5es e dicas na cidade de Jequi\u00e9 e regi\u00e3o.","og:type":"article","og:title":"Jequi\u00e9 deve ter um dia com chuva em \u00e1reas espec\u00edficas neste domingo (07) | Encontra Jequi\u00e9","og:description":"Jequi\u00e9 ter\u00e1 dia de chuva e temperaturas entre 18\u00b0C e 31\u00b0C neste domingo.","og:url":"https:\/\/www.encontrajequie.com.br\/sobre\/jequie-deve-ter-um-dia-com-chuva-em-areas-especificas-neste-domingo-07\/","article:published_time":"2025-12-12T11:22:00+00:00","article:modified_time":"2025-12-12T11:22:00+00:00","twitter:card":"summary_large_image","twitter:title":"Jequi\u00e9 deve ter um dia com chuva em \u00e1reas espec\u00edficas neste domingo (07) | Encontra Jequi\u00e9","twitter:description":"Jequi\u00e9 ter\u00e1 dia de chuva e temperaturas entre 18\u00b0C e 31\u00b0C neste domingo."},"aioseo_meta_data":{"post_id":"466","title":null,"description":null,"keywords":null,"keyphrases":null,"primary_term":null,"canonical_url":null,"og_title":null,"og_description":null,"og_object_type":"default","og_image_type":"default","og_image_url":null,"og_image_width":null,"og_image_height":null,"og_image_custom_url":null,"og_image_custom_fields":null,"og_video":null,"og_custom_url":null,"og_article_section":null,"og_article_tags":null,"twitter_use_og":false,"twitter_card":"default","twitter_image_type":"default","twitter_image_url":null,"twitter_image_custom_url":null,"twitter_image_custom_fields":null,"twitter_title":null,"twitter_description":null,"schema":{"blockGraphs":[],"customGraphs":[],"default":{"data":{"Article":[],"Course":[],"Dataset":[],"FAQPage":[],"Movie":[],"Person":[],"Product":[],"ProductReview":[],"Car":[],"Recipe":[],"Service":[],"SoftwareApplication":[],"WebPage":[]},"graphName":"Article","isEnabled":true},"graphs":[]},"schema_type":"default","schema_type_options":null,"pillar_content":false,"robots_default":true,"robots_noindex":false,"robots_noarchive":false,"robots_nosnippet":false,"robots_nofollow":false,"robots_noimageindex":false,"robots_noodp":false,"robots_notranslate":false,"robots_max_snippet":null,"robots_max_videopreview":null,"robots_max_imagepreview":"large","priority":null,"frequency":null,"local_seo":null,"breadcrumb_settings":null,"limit_modified_date":false,"ai":null,"created":"2025-12-16 06:23:57","updated":"2025-12-16 06:25:21","focus_keyword":null,"additional_keywords":null,"truseo_locale":null,"seo_analyzer_scan_date":null},"aioseo_breadcrumb":"<div class=\"aioseo-breadcrumbs\"><span class=\"aioseo-breadcrumb\">\n\t\t\t<a href=\"https:\/\/www.encontrajequie.com.br\/sobre\" title=\"Home\">Home<\/a>\n\t\t<\/span><span class=\"aioseo-breadcrumb-separator\">&raquo;<\/span><span class=\"aioseo-breadcrumb\">\n\t\t\t<a href=\"https:\/\/www.encontrajequie.com.br\/sobre\/noticias-em-jequie\/\" title=\"Not\u00edcias Jequi\u00e9\">Not\u00edcias Jequi\u00e9<\/a>\n\t\t<\/span><span class=\"aioseo-breadcrumb-separator\">&raquo;<\/span><span class=\"aioseo-breadcrumb\">\n\t\t\tJequi\u00e9 deve ter um dia com chuva em \u00e1reas espec\u00edficas neste domingo (07)\n\t\t<\/span><\/div>","aioseo_breadcrumb_json":[{"label":"Home","link":"https:\/\/www.encontrajequie.com.br\/sobre"},{"label":"Not\u00edcias Jequi\u00e9","link":"https:\/\/www.encontrajequie.com.br\/sobre\/noticias-em-jequie\/"},{"label":"Jequi\u00e9 deve ter um dia com chuva em \u00e1reas espec\u00edficas neste domingo (07)","link":"https:\/\/www.encontrajequie.com.br\/sobre\/jequie-deve-ter-um-dia-com-chuva-em-areas-especificas-neste-domingo-07\/"}],"_links":{"self":[{"href":"https:\/\/www.encontrajequie.com.br\/sobre\/wp-json\/wp\/v2\/posts\/466","targetHints":{"allow":["GET"]}}],"collection":[{"href":"https:\/\/www.encontrajequie.com.br\/sobre\/wp-json\/wp\/v2\/posts"}],"about":[{"href":"https:\/\/www.encontrajequie.com.br\/sobre\/wp-json\/wp\/v2\/types\/post"}],"author":[{"embeddable":true,"href":"https:\/\/www.encontrajequie.com.br\/sobre\/wp-json\/wp\/v2\/users\/1"}],"replies":[{"embeddable":true,"href":"https:\/\/www.encontrajequie.com.br\/sobre\/wp-json\/wp\/v2\/comments?post=466"}],"version-history":[{"count":0,"href":"https:\/\/www.encontrajequie.com.br\/sobre\/wp-json\/wp\/v2\/posts\/466\/revisions"}],"wp:featuredmedia":[{"embeddable":true,"href":"https:\/\/www.encontrajequie.com.br\/sobre\/wp-json\/wp\/v2\/media\/465"}],"wp:attachment":[{"href":"https:\/\/www.encontrajequie.com.br\/sobre\/wp-json\/wp\/v2\/media?parent=466"}],"wp:term":[{"taxonomy":"category","embeddable":true,"href":"https:\/\/www.encontrajequie.com.br\/sobre\/wp-json\/wp\/v2\/categories?post=466"},{"taxonomy":"post_tag","embeddable":true,"href":"https:\/\/www.encontrajequie.com.br\/sobre\/wp-json\/wp\/v2\/tags?post=466"}],"curies":[{"name":"wp","href":"https:\/\/api.w.org\/{rel}","templated":true}]}}