{"id":498,"date":"2025-12-30T12:30:00","date_gmt":"2025-12-30T15:30:00","guid":{"rendered":"https:\/\/www.encontrajequie.com.br\/sobre\/jequie-deve-ter-um-dia-com-pancadas-leves-neste-domingo-21\/"},"modified":"2025-12-30T12:30:00","modified_gmt":"2025-12-30T15:30:00","slug":"jequie-deve-ter-um-dia-com-pancadas-leves-neste-domingo-21","status":"publish","type":"post","link":"https:\/\/www.encontrajequie.com.br\/sobre\/jequie-deve-ter-um-dia-com-pancadas-leves-neste-domingo-21\/","title":{"rendered":"Jequi\u00e9 deve ter um dia com pancadas leves neste domingo (21)"},"content":{"rendered":"<div class=\"30cf832dc5940d4704f66d0ed9a44050\" data-index=\"1\" style=\"float: none; margin:0px;\">\n<!-- Anuncio display - global -->\r\n<ins class=\"adsbygoogle\"\r\n     style=\"display:block\"\r\n     data-ad-client=\"ca-pub-8585364105181520\"\r\n     data-ad-slot=\"8789329856\"\r\n     data-ad-format=\"auto\"\r\n     data-full-width-responsive=\"true\"><\/ins>\r\n<script>\r\n     (adsbygoogle = window.adsbygoogle || []).push({});\r\n<\/script>\n<\/div>\n<h2>Como ser\u00e1 o tempo durante o dia em Jequi\u00e9?<\/h2>\n<p>A previs\u00e3o do tempo para Jequi\u00e9 neste domingo indica um dia com pancadas leves de chuva, proporcionando um clima bastante ameno e agrad\u00e1vel. Durante a madrugada, as temperaturas devem rondar os 19\u00b0C, criando uma atmosfera tranquila e fresca que convida a um in\u00edcio de dia relaxante. Ao longo da manh\u00e3, os term\u00f4metros devem subir gradualmente, alcan\u00e7ando 29\u00b0C, o que torna essa parte do dia ideal para atividades ao ar livre. Por\u00e9m, dada a previs\u00e3o de chuvas, \u00e9 prudente que os moradores e visitantes do munic\u00edpio permane\u00e7am atentos \u00e0s condi\u00e7\u00f5es meteorol\u00f3gicas.<\/p>\n<p>\u00c0 tarde, a temperatura se mant\u00e9m em torno da m\u00e1xima prevista, embora as chuvas possam aumentar em frequ\u00eancia e intensidade. O cen\u00e1rio se altera de morno para um pouco mais abafado, mas ainda assim, os momentos de sol s\u00e3o esperados. \u00c0 noite, o tempo dever\u00e1 amainar gradualmente, voltando para 19\u00b0C, oferecendo um clima fresco e favor\u00e1vel para caminhadas e encontros sociais. Portanto, \u00e9 um dia que permite aproveitar a cidade, mesmo com os cuidados necess\u00e1rios em rela\u00e7\u00e3o \u00e0s chuvas.<\/p>\n<h2>Temperaturas e umidade ao longo do dia<\/h2>\n<p>As flutua\u00e7\u00f5es t\u00e9rmicas ao longo do dia em Jequi\u00e9 devem ser notadas tanto nas temperaturas quanto na umidade relativa do ar. Com temperaturas variando entre 19\u00b0C, o ambiente se mant\u00e9m confort\u00e1vel nas primeiras horas, ideal para quem aprecia a calmaria matutina. Entretanto, conforme avan\u00e7amos para o per\u00edodo da tarde, a m\u00e1xima atinge 29\u00b0C. Esse aumento n\u00e3o acompanha apenas uma sensa\u00e7\u00e3o de calor, mas tamb\u00e9m uma eleva\u00e7\u00e3o na umidade relativa do ar. Durante este per\u00edodo, a umidade deve chegar a 100% em momentos pontuais, especialmente logo antes da previs\u00e3o de chuvas.<\/p>\n<p><img decoding=\"async\" src=\"https:\/\/www.encontrajequie.com.br\/sobre\/wp-content\/uploads\/2025\/12\/jequie-deve-ter-um-dia-com-pancadas-leves-neste-domingo-21.webp\" alt=\"Jequi\u00e9 previs\u00e3o do tempo\" loading=\"lazy\" \/><\/p>\n<p>Na parte da tarde, a umidade deve diminuir, caindo para cerca de 50% \u00e0 medida que o calor se torna mais percept\u00edvel. Esta transi\u00e7\u00e3o pode contribuir para um clima mais seco e tamb\u00e9m acentuar a sensa\u00e7\u00e3o de abafamento que muitos sentem antes da chegada de chuvas. A combina\u00e7\u00e3o de altas temperaturas com elevada umidade cria um ambiente propenso a pancadas de chuva, que \u00e9 comum na regi\u00e3o durante esta \u00e9poca do ano. Portanto, os moradores devem se preparar para per\u00edodos de chuva que podem ocorrer a qualquer momento.<\/p>\n<h2>Venda de alimentos e bebidas em dias de chuva<\/h2>\n<p>Os dias de chuva, como prometem ser em Jequi\u00e9, frequentemente influenciam o com\u00e9rcio local, especialmente a venda de alimentos e bebidas. Durante as pancadas leves de domingo, \u00e9 um excelente momento para os vendedores de bebidas, pois muitos buscam refrescos, como sucos naturais e \u00e1gua de coco, para amenizar a sensa\u00e7\u00e3o de calor. Por outro lado, as vendas de alimentos quentes, como sopas e pratos quentes, tendem a aumentar, j\u00e1 que pessoas optam por refei\u00e7\u00f5es reconfortantes quando o tempo est\u00e1 inst\u00e1vel.<\/p>\n<p>Al\u00e9m disso, as barraquinhas de street food ganham destaque em dias de chuva, oferecendo iguarias que podem ser apreciadas mesmo em ambientes cobertos, trazendo uma experi\u00eancia ao mesmo tempo pr\u00e1tica e saborosa. Algumas op\u00e7\u00f5es populares incluem pipoca, milho cozido e pequenos lanches que agradam ao paladar, tornando os dias chuvosos mais animados. Portanto, \u00e9 um dia promissor tanto para o com\u00e9rcio local quanto para os clientes, que podem desfrutar de del\u00edcias caseiras e refrescantes.<\/p>\n<h2>O impacto das pancadas de chuva na agricultura<\/h2>\n<p>As pancadas de chuva em Jequi\u00e9 t\u00eam um papel crucial na agricultura local. As chuvas leves, frequentemente previstas para este domingo, s\u00e3o ben\u00e9ficas para o desenvolvimento das culturas, pois ajudam a manter o solo \u00famido e as plantas hidratadas. Entretanto, h\u00e1 tamb\u00e9m o desafio de que, se n\u00e3o forem bem geridas, essas chuvas podem causar eros\u00e3o e lavar nutrientes importantes dos solos. Por isso, o adequado manejo da \u00e1gua \u00e9 fundamental nos dias de chuva.<\/p>\n<p>Al\u00e9m disso, os agricultores frequentemente se preparam para esses dias de precipita\u00e7\u00e3o, garantindo que suas planta\u00e7\u00f5es estejam bem protegidas. O uso de t\u00e9cnicas como cobertura do solo e a constru\u00e7\u00e3o de pequenas barragens e canais de escoamento \u00e9 uma pr\u00e1tica comum para prevenir danos. \u00c9 importante notar que, enquanto as chuvas podem trazer benef\u00edcios, elas tamb\u00e9m exigem planejamento e cuidados por parte dos produtores rurais. Em suma, a previs\u00e3o de chuvas deve ser vista n\u00e3o apenas como um fator meteorol\u00f3gico, mas como parte integrante de um ciclo vital que envolve a produ\u00e7\u00e3o de alimentos.<\/p>\n<h2>Pontos tur\u00edsticos para visitar em dias de sol<\/h2>\n<p>Em dias de sol, Jequi\u00e9 se transforma em um convite \u00e0 explora\u00e7\u00e3o de seus pontos tur\u00edsticos. A cidade \u00e9 rica em belezas naturais e culturais, que podem ser apreciadas ao m\u00e1ximo sob um c\u00e9u limpo. O Parque de Exposi\u00e7\u00f5es e a Igreja Matriz de Santo Ant\u00f4nio s\u00e3o locais que atraem muitos visitantes e s\u00e3o perfeitos para um passeio familiar. Num dia ensolarado, esses espa\u00e7os ficam ainda mais convidativos, com suas paisagens e arquitetura que encantam todos os que ali passam.<\/p>\n<p>Al\u00e9m disso, a famosa Serra do Cadeado, que proporciona vistas espetaculares, \u00e9 um excelente destino para quem busca contato com a natureza, sendo perfeita para caminhadas e trilhas. A regi\u00e3o tamb\u00e9m abriga diversas cachoeiras e riachos que s\u00e3o verdadeiras belezas naturais, oferecendo locais ideais para um piquenique ou um dia de descanso ao ar livre. Importante destacar que a cidade conta com um clima ameno, tornando qualquer dia de sol ainda mais agrad\u00e1veis para explorar a riqueza do patrim\u00f4nio cultural e natural que Jequi\u00e9 oferece.<\/p>\n<h2>Conselhos para dirigir sob chuvas leves<\/h2>\n<p>Dirigir em dias de chuva, mesmo que leve, requer aten\u00e7\u00e3o e algumas precau\u00e7\u00f5es para garantir a seguran\u00e7a de todos os envolvidos no tr\u00e2nsito. Em Jequi\u00e9, onde as ruas podem acumular \u00e1gua durante as pancadas, \u00e9 essencial reduzir a velocidade e aumentar a dist\u00e2ncia entre ve\u00edculos. Isso n\u00e3o apenas reduz a chance de aquaplanagem, mas tamb\u00e9m d\u00e1 a chance de uma rea\u00e7\u00e3o mais tranquila em caso de imprevistos.<\/p>\n<p>Outro ponto importante \u00e9 a verifica\u00e7\u00e3o das condi\u00e7\u00f5es dos pneus: eles devem estar em boas condi\u00e7\u00f5es e adequados para a condu\u00e7\u00e3o em piso molhado. Al\u00e9m disso, \u00e9 sempre recomend\u00e1vel manter os far\u00f3is acesos, j\u00e1 que a visibilidade tende a diminuir, mesmo em chuvas leves. Focar na manuten\u00e7\u00e3o do ve\u00edculo antes de dias de chuva \u00e9 uma pr\u00e1tica \u00fatil para garantir que os freios e os limpadores de para-brisa estejam funcionando corretamente. Por \u00faltimo, manter a calma e evitar situa\u00e7\u00f5es de risco s\u00e3o princ\u00edpios b\u00e1sicos para uma condu\u00e7\u00e3o segura em dias nublados e chuvosos.<\/p>\n<h2>A import\u00e2ncia do planejamento na previs\u00e3o do tempo<\/h2>\n<p>O planejamento baseado na previs\u00e3o do tempo \u00e9 uma pr\u00e1tica essencial que pode impactar diversos aspectos da vida cotidiana em Jequi\u00e9. Desde a agricultura at\u00e9 o turismo, o conhecimento das condi\u00e7\u00f5es clim\u00e1ticas pode ajudar os cidad\u00e3os a se prepararem adequadamente para as atividades do dia a dia. Para agricultores, por exemplo, a previs\u00e3o do tempo \u00e9 um fator determinante na escolha de quando plantar ou colher, uma vez que as chuvas podem afetar diretamente as safras.<\/p>\n<p>Al\u00e9m disso, para comerciantes e prestadores de servi\u00e7os, saber quando as chuvas est\u00e3o previstas pode significar ajustar estoques ou planejar promo\u00e7\u00f5es que atraiam mais clientes em dias mais amenos. No \u00e2mbito da seguran\u00e7a, o planejamento se torna ainda mais cr\u00edtico, j\u00e1 que pode auxiliar na prepara\u00e7\u00e3o para eventos clim\u00e1ticos adversos, evitando riscos e melhorando a efici\u00eancia na gest\u00e3o de emerg\u00eancias. Portanto, interpretar e planejar com anteced\u00eancia faz parte de uma engrenagem que sustenta a harmonia nas atividades de uma cidade e assegura que os cidad\u00e3os estejam prontos para o que a natureza pode trazer.<\/p>\n<h2>Diferen\u00e7as clim\u00e1ticas entre cidades baianas<\/h2>\n<p>As diferen\u00e7as clim\u00e1ticas entre as cidades baianas s\u00e3o marcantes e refletem bastante na viv\u00eancia de seus habitantes. Enquanto Jequi\u00e9 apresenta um clima ameno, com caracter\u00edsticas de temperaturas variando de 19\u00b0C a 29\u00b0C e chuvas peri\u00f3dicas, outras cidades, como Salvador, t\u00eam um clima tropical com altas temperaturas e umidade elevada durante todo o ano. Essa variedade clim\u00e1tica influencia n\u00e3o apenas os h\u00e1bitos de vida, mas tamb\u00e9m as atividades econ\u00f4micas regionais.<\/p>\n<p>A zona rural de Jequi\u00e9, por exemplo, propicia uma agricultura diversificada que se beneficia do clima local. Em contrapartida, nas \u00e1reas litor\u00e2neas, como na capital baiana, o turismo se destaca, atraindo visitantes em busca do calor e das belezas das praias. Por isso, o conhecimento dessas diferen\u00e7as clim\u00e1ticas se torna fundamental para planejamento em atividades comerciais e desenvolvimento regional. As vari\u00e1veis clim\u00e1ticas tornam-se aliadas na melhoria da qualidade de vida e no fortalecimento das economias locais.<\/p>\n<h2>Desafios para as festividades na baixa temporada<\/h2>\n<p>A baixa temporada em Jequi\u00e9, que coincide com per\u00edodos mais chuvosos, traz consigo alguns desafios para a realiza\u00e7\u00e3o de festividades e eventos. As chuvas leve e, em alguns dias, a possibilidade de tempestades podem desestimular a participa\u00e7\u00e3o popular, impactando a renda de comerciantes e atendentes locais. As festividades, que s\u00e3o vitais para manter a cultura e a economia da cidade, frequentemente enfrentam dificuldades em atrair visitantes em meses chuvosos.<\/p>\n<p>Contudo, os organizadores podem criar estrat\u00e9gias adaptativas, como oferecer servi\u00e7os cobertos, atra\u00e7\u00f5es internas e eventos em espa\u00e7os fechados para garantir que as festividades mantenham seu brilho, independentemente das condi\u00e7\u00f5es clim\u00e1ticas. Al\u00e9m disso, promover atividades que valorizem a cultura local e motivar a participa\u00e7\u00e3o da comunidade podem n\u00e3o apenas superar os desafios enfrentados, mas tamb\u00e9m fortalecer la\u00e7os entre os moradores e a cidade. Portanto, mesmo com a baixa temporada, a criatividade \u00e9 a chave para manter viva a chama das festividades na cidade.<\/p>\n<h2>Impacto das mudan\u00e7as clim\u00e1ticas em Jequi\u00e9<\/h2>\n<p>As mudan\u00e7as clim\u00e1ticas s\u00e3o uma preocupa\u00e7\u00e3o crescente em todo o mundo e suas consequ\u00eancias come\u00e7aram a impactar cidades como Jequi\u00e9. Com o aumento das temperaturas e a instabilidade das chuvas, a cidade pode enfrentar desafios como secas severas ou, por outro lado, chuvas excessivas que podem provocar enchentes. Essa dualidade pode trazer incertezas para a agricultura local e comprometer a seguran\u00e7a alimentar na regi\u00e3o.<\/p>\n<p>Al\u00e9m disso, a exposi\u00e7\u00e3o extremada \u00e0 temperatura pode afetar a sa\u00fade p\u00fablica, aumentando casos de doen\u00e7as relacionadas ao calor e exacerbando condi\u00e7\u00f5es pr\u00e9-existentes. A infraestrutura urbana tamb\u00e9m \u00e9 colocada \u00e0 prova, j\u00e1 que sistemas de drenagem e pavimenta\u00e7\u00e3o inadequados podem n\u00e3o suportar o volume de \u00e1gua em caso de chuvas intensas. Portanto, o desafio das mudan\u00e7as clim\u00e1ticas para Jequi\u00e9 dever\u00e1 ser enfrentado atrav\u00e9s da conscientiza\u00e7\u00e3o e adapta\u00e7\u00e3o, para garantir que a cidade se prepare para um futuro que pode ser repleto de incertezas clim\u00e1ticas. A participa\u00e7\u00e3o da comunidade local e pol\u00edticas p\u00fablicas eficazes desempenhar\u00e3o um papel fundamental na mitiga\u00e7\u00e3o desses impactos.<\/p>\n\n<div style=\"font-size: 0px; height: 0px; line-height: 0px; margin: 0; padding: 0; clear: both;\"><\/div>","protected":false},"excerpt":{"rendered":"<p>Jequi\u00e9 ter\u00e1 pancadas leves e temperaturas entre 19\u00b0C e 29\u00b0C neste domingo.<\/p>\n","protected":false},"author":1,"featured_media":497,"comment_status":"open","ping_status":"closed","sticky":false,"template":"","format":"standard","meta":{"footnotes":""},"categories":[1],"tags":[],"class_list":["post-498","post","type-post","status-publish","format-standard","has-post-thumbnail","hentry","category-noticias-em-jequie","has_thumb"],"aioseo_notices":[],"aioseo_head":"\n\t\t<!-- All in One SEO 5.0.0.1 - aioseo.com -->\n\t<meta name=\"description\" content=\"Jequi\u00e9 ter\u00e1 pancadas leves e temperaturas entre 19\u00b0C e 29\u00b0C neste domingo.\" \/>\n\t<meta name=\"robots\" content=\"max-image-preview:large\" \/>\n\t<meta name=\"author\" content=\"Encontra Jequi\u00e9\"\/>\n\t<link rel=\"canonical\" href=\"https:\/\/www.encontrajequie.com.br\/sobre\/jequie-deve-ter-um-dia-com-pancadas-leves-neste-domingo-21\/\" \/>\n\t<meta name=\"generator\" content=\"All in One SEO (AIOSEO) 5.0.0.1\" \/>\n\t\t<meta property=\"og:locale\" content=\"pt_BR\" \/>\n\t\t<meta property=\"og:site_name\" content=\"Encontra Jequi\u00e9 | Not\u00edcias, eventos, informa\u00e7\u00f5es e dicas na cidade de Jequi\u00e9 e regi\u00e3o.\" \/>\n\t\t<meta property=\"og:type\" content=\"article\" \/>\n\t\t<meta property=\"og:title\" content=\"Jequi\u00e9 deve ter um dia com pancadas leves neste domingo (21) | Encontra Jequi\u00e9\" \/>\n\t\t<meta property=\"og:description\" content=\"Jequi\u00e9 ter\u00e1 pancadas leves e temperaturas entre 19\u00b0C e 29\u00b0C neste domingo.\" \/>\n\t\t<meta property=\"og:url\" content=\"https:\/\/www.encontrajequie.com.br\/sobre\/jequie-deve-ter-um-dia-com-pancadas-leves-neste-domingo-21\/\" \/>\n\t\t<meta property=\"article:published_time\" content=\"2025-12-30T15:30:00+00:00\" \/>\n\t\t<meta property=\"article:modified_time\" content=\"2025-12-30T15:30:00+00:00\" \/>\n\t\t<meta name=\"twitter:card\" content=\"summary_large_image\" \/>\n\t\t<meta name=\"twitter:title\" content=\"Jequi\u00e9 deve ter um dia com pancadas leves neste domingo (21) | Encontra Jequi\u00e9\" \/>\n\t\t<meta name=\"twitter:description\" content=\"Jequi\u00e9 ter\u00e1 pancadas leves e temperaturas entre 19\u00b0C e 29\u00b0C neste domingo.\" \/>\n\t\t<script type=\"application\/ld+json\" class=\"aioseo-schema\">\n\t\t\t{\"@context\":\"https:\\\/\\\/schema.org\",\"@graph\":[{\"@type\":\"Article\",\"@id\":\"https:\\\/\\\/www.encontrajequie.com.br\\\/sobre\\\/jequie-deve-ter-um-dia-com-pancadas-leves-neste-domingo-21\\\/#article\",\"name\":\"Jequi\\u00e9 deve ter um dia com pancadas leves neste domingo (21) | Encontra Jequi\\u00e9\",\"headline\":\"Jequi\\u00e9 deve ter um dia com pancadas leves neste domingo (21)\",\"author\":{\"@id\":\"https:\\\/\\\/www.encontrajequie.com.br\\\/sobre\\\/author\\\/ejequie\\\/#author\"},\"publisher\":{\"@id\":\"https:\\\/\\\/www.encontrajequie.com.br\\\/sobre\\\/#organization\"},\"image\":{\"@type\":\"ImageObject\",\"url\":\"https:\\\/\\\/www.encontrajequie.com.br\\\/sobre\\\/wp-content\\\/uploads\\\/2025\\\/12\\\/jequie-deve-ter-um-dia-com-pancadas-leves-neste-domingo-21.webp\",\"width\":280,\"height\":280,\"caption\":\"Jequi\\u00e9 previs\\u00e3o do tempo\"},\"datePublished\":\"2025-12-30T12:30:00-03:00\",\"dateModified\":\"2025-12-30T12:30:00-03:00\",\"inLanguage\":\"pt-BR\",\"mainEntityOfPage\":{\"@id\":\"https:\\\/\\\/www.encontrajequie.com.br\\\/sobre\\\/jequie-deve-ter-um-dia-com-pancadas-leves-neste-domingo-21\\\/#webpage\"},\"isPartOf\":{\"@id\":\"https:\\\/\\\/www.encontrajequie.com.br\\\/sobre\\\/jequie-deve-ter-um-dia-com-pancadas-leves-neste-domingo-21\\\/#webpage\"},\"articleSection\":\"Not\\u00edcias Jequi\\u00e9\"},{\"@type\":\"BreadcrumbList\",\"@id\":\"https:\\\/\\\/www.encontrajequie.com.br\\\/sobre\\\/jequie-deve-ter-um-dia-com-pancadas-leves-neste-domingo-21\\\/#breadcrumblist\",\"itemListElement\":[{\"@type\":\"ListItem\",\"@id\":\"https:\\\/\\\/www.encontrajequie.com.br\\\/sobre#listItem\",\"position\":1,\"name\":\"Home\",\"item\":\"https:\\\/\\\/www.encontrajequie.com.br\\\/sobre\",\"nextItem\":{\"@type\":\"ListItem\",\"@id\":\"https:\\\/\\\/www.encontrajequie.com.br\\\/sobre\\\/noticias-em-jequie\\\/#listItem\",\"name\":\"Not\\u00edcias Jequi\\u00e9\"}},{\"@type\":\"ListItem\",\"@id\":\"https:\\\/\\\/www.encontrajequie.com.br\\\/sobre\\\/noticias-em-jequie\\\/#listItem\",\"position\":2,\"name\":\"Not\\u00edcias Jequi\\u00e9\",\"item\":\"https:\\\/\\\/www.encontrajequie.com.br\\\/sobre\\\/noticias-em-jequie\\\/\",\"nextItem\":{\"@type\":\"ListItem\",\"@id\":\"https:\\\/\\\/www.encontrajequie.com.br\\\/sobre\\\/jequie-deve-ter-um-dia-com-pancadas-leves-neste-domingo-21\\\/#listItem\",\"name\":\"Jequi\\u00e9 deve ter um dia com pancadas leves neste domingo (21)\"},\"previousItem\":{\"@type\":\"ListItem\",\"@id\":\"https:\\\/\\\/www.encontrajequie.com.br\\\/sobre#listItem\",\"name\":\"Home\"}},{\"@type\":\"ListItem\",\"@id\":\"https:\\\/\\\/www.encontrajequie.com.br\\\/sobre\\\/jequie-deve-ter-um-dia-com-pancadas-leves-neste-domingo-21\\\/#listItem\",\"position\":3,\"name\":\"Jequi\\u00e9 deve ter um dia com pancadas leves neste domingo (21)\",\"previousItem\":{\"@type\":\"ListItem\",\"@id\":\"https:\\\/\\\/www.encontrajequie.com.br\\\/sobre\\\/noticias-em-jequie\\\/#listItem\",\"name\":\"Not\\u00edcias Jequi\\u00e9\"}}]},{\"@type\":\"Organization\",\"@id\":\"https:\\\/\\\/www.encontrajequie.com.br\\\/sobre\\\/#organization\",\"name\":\"Encontra Jequi\\u00e9\",\"description\":\"Not\\u00edcias, eventos, informa\\u00e7\\u00f5es e dicas na cidade de Jequi\\u00e9 e regi\\u00e3o.\",\"url\":\"https:\\\/\\\/www.encontrajequie.com.br\\\/sobre\\\/\"},{\"@type\":\"Person\",\"@id\":\"https:\\\/\\\/www.encontrajequie.com.br\\\/sobre\\\/author\\\/ejequie\\\/#author\",\"url\":\"https:\\\/\\\/www.encontrajequie.com.br\\\/sobre\\\/author\\\/ejequie\\\/\",\"name\":\"Encontra Jequi\\u00e9\",\"image\":{\"@type\":\"ImageObject\",\"@id\":\"https:\\\/\\\/www.encontrajequie.com.br\\\/sobre\\\/jequie-deve-ter-um-dia-com-pancadas-leves-neste-domingo-21\\\/#authorImage\",\"url\":\"https:\\\/\\\/secure.gravatar.com\\\/avatar\\\/507340682b8270222e1f208e23198b6ae7e2c6a1033ae84e99bc6bce4f82a387?s=96&d=mm&r=g\",\"width\":96,\"height\":96,\"caption\":\"Encontra Jequi\\u00e9\"}},{\"@type\":\"WebPage\",\"@id\":\"https:\\\/\\\/www.encontrajequie.com.br\\\/sobre\\\/jequie-deve-ter-um-dia-com-pancadas-leves-neste-domingo-21\\\/#webpage\",\"url\":\"https:\\\/\\\/www.encontrajequie.com.br\\\/sobre\\\/jequie-deve-ter-um-dia-com-pancadas-leves-neste-domingo-21\\\/\",\"name\":\"Jequi\\u00e9 deve ter um dia com pancadas leves neste domingo (21) | Encontra Jequi\\u00e9\",\"description\":\"Jequi\\u00e9 ter\\u00e1 pancadas leves e temperaturas entre 19\\u00b0C e 29\\u00b0C neste domingo.\",\"inLanguage\":\"pt-BR\",\"isPartOf\":{\"@id\":\"https:\\\/\\\/www.encontrajequie.com.br\\\/sobre\\\/#website\"},\"breadcrumb\":{\"@id\":\"https:\\\/\\\/www.encontrajequie.com.br\\\/sobre\\\/jequie-deve-ter-um-dia-com-pancadas-leves-neste-domingo-21\\\/#breadcrumblist\"},\"author\":{\"@id\":\"https:\\\/\\\/www.encontrajequie.com.br\\\/sobre\\\/author\\\/ejequie\\\/#author\"},\"creator\":{\"@id\":\"https:\\\/\\\/www.encontrajequie.com.br\\\/sobre\\\/author\\\/ejequie\\\/#author\"},\"image\":{\"@type\":\"ImageObject\",\"url\":\"https:\\\/\\\/www.encontrajequie.com.br\\\/sobre\\\/wp-content\\\/uploads\\\/2025\\\/12\\\/jequie-deve-ter-um-dia-com-pancadas-leves-neste-domingo-21.webp\",\"@id\":\"https:\\\/\\\/www.encontrajequie.com.br\\\/sobre\\\/jequie-deve-ter-um-dia-com-pancadas-leves-neste-domingo-21\\\/#mainImage\",\"width\":280,\"height\":280,\"caption\":\"Jequi\\u00e9 previs\\u00e3o do tempo\"},\"primaryImageOfPage\":{\"@id\":\"https:\\\/\\\/www.encontrajequie.com.br\\\/sobre\\\/jequie-deve-ter-um-dia-com-pancadas-leves-neste-domingo-21\\\/#mainImage\"},\"datePublished\":\"2025-12-30T12:30:00-03:00\",\"dateModified\":\"2025-12-30T12:30:00-03:00\"},{\"@type\":\"WebSite\",\"@id\":\"https:\\\/\\\/www.encontrajequie.com.br\\\/sobre\\\/#website\",\"url\":\"https:\\\/\\\/www.encontrajequie.com.br\\\/sobre\\\/\",\"name\":\"Encontra Jequi\\u00e9\",\"description\":\"Not\\u00edcias, eventos, informa\\u00e7\\u00f5es e dicas na cidade de Jequi\\u00e9 e regi\\u00e3o.\",\"inLanguage\":\"pt-BR\",\"publisher\":{\"@id\":\"https:\\\/\\\/www.encontrajequie.com.br\\\/sobre\\\/#organization\"}}]}\n\t\t<\/script>\n\t\t<!-- All in One SEO -->\n\n","aioseo_head_json":{"title":"Jequi\u00e9 deve ter um dia com pancadas leves neste domingo (21) | Encontra Jequi\u00e9","description":"Jequi\u00e9 ter\u00e1 pancadas leves e temperaturas entre 19\u00b0C e 29\u00b0C neste domingo.","canonical_url":"https:\/\/www.encontrajequie.com.br\/sobre\/jequie-deve-ter-um-dia-com-pancadas-leves-neste-domingo-21\/","robots":"max-image-preview:large","keywords":"","webmasterTools":{"miscellaneous":""},"schema":{"@context":"https:\/\/schema.org","@graph":[{"@type":"Article","@id":"https:\/\/www.encontrajequie.com.br\/sobre\/jequie-deve-ter-um-dia-com-pancadas-leves-neste-domingo-21\/#article","name":"Jequi\u00e9 deve ter um dia com pancadas leves neste domingo (21) | Encontra Jequi\u00e9","headline":"Jequi\u00e9 deve ter um dia com pancadas leves neste domingo (21)","author":{"@id":"https:\/\/www.encontrajequie.com.br\/sobre\/author\/ejequie\/#author"},"publisher":{"@id":"https:\/\/www.encontrajequie.com.br\/sobre\/#organization"},"image":{"@type":"ImageObject","url":"https:\/\/www.encontrajequie.com.br\/sobre\/wp-content\/uploads\/2025\/12\/jequie-deve-ter-um-dia-com-pancadas-leves-neste-domingo-21.webp","width":280,"height":280,"caption":"Jequi\u00e9 previs\u00e3o do tempo"},"datePublished":"2025-12-30T12:30:00-03:00","dateModified":"2025-12-30T12:30:00-03:00","inLanguage":"pt-BR","mainEntityOfPage":{"@id":"https:\/\/www.encontrajequie.com.br\/sobre\/jequie-deve-ter-um-dia-com-pancadas-leves-neste-domingo-21\/#webpage"},"isPartOf":{"@id":"https:\/\/www.encontrajequie.com.br\/sobre\/jequie-deve-ter-um-dia-com-pancadas-leves-neste-domingo-21\/#webpage"},"articleSection":"Not\u00edcias Jequi\u00e9"},{"@type":"BreadcrumbList","@id":"https:\/\/www.encontrajequie.com.br\/sobre\/jequie-deve-ter-um-dia-com-pancadas-leves-neste-domingo-21\/#breadcrumblist","itemListElement":[{"@type":"ListItem","@id":"https:\/\/www.encontrajequie.com.br\/sobre#listItem","position":1,"name":"Home","item":"https:\/\/www.encontrajequie.com.br\/sobre","nextItem":{"@type":"ListItem","@id":"https:\/\/www.encontrajequie.com.br\/sobre\/noticias-em-jequie\/#listItem","name":"Not\u00edcias Jequi\u00e9"}},{"@type":"ListItem","@id":"https:\/\/www.encontrajequie.com.br\/sobre\/noticias-em-jequie\/#listItem","position":2,"name":"Not\u00edcias Jequi\u00e9","item":"https:\/\/www.encontrajequie.com.br\/sobre\/noticias-em-jequie\/","nextItem":{"@type":"ListItem","@id":"https:\/\/www.encontrajequie.com.br\/sobre\/jequie-deve-ter-um-dia-com-pancadas-leves-neste-domingo-21\/#listItem","name":"Jequi\u00e9 deve ter um dia com pancadas leves neste domingo (21)"},"previousItem":{"@type":"ListItem","@id":"https:\/\/www.encontrajequie.com.br\/sobre#listItem","name":"Home"}},{"@type":"ListItem","@id":"https:\/\/www.encontrajequie.com.br\/sobre\/jequie-deve-ter-um-dia-com-pancadas-leves-neste-domingo-21\/#listItem","position":3,"name":"Jequi\u00e9 deve ter um dia com pancadas leves neste domingo (21)","previousItem":{"@type":"ListItem","@id":"https:\/\/www.encontrajequie.com.br\/sobre\/noticias-em-jequie\/#listItem","name":"Not\u00edcias Jequi\u00e9"}}]},{"@type":"Organization","@id":"https:\/\/www.encontrajequie.com.br\/sobre\/#organization","name":"Encontra Jequi\u00e9","description":"Not\u00edcias, eventos, informa\u00e7\u00f5es e dicas na cidade de Jequi\u00e9 e regi\u00e3o.","url":"https:\/\/www.encontrajequie.com.br\/sobre\/"},{"@type":"Person","@id":"https:\/\/www.encontrajequie.com.br\/sobre\/author\/ejequie\/#author","url":"https:\/\/www.encontrajequie.com.br\/sobre\/author\/ejequie\/","name":"Encontra Jequi\u00e9","image":{"@type":"ImageObject","@id":"https:\/\/www.encontrajequie.com.br\/sobre\/jequie-deve-ter-um-dia-com-pancadas-leves-neste-domingo-21\/#authorImage","url":"https:\/\/secure.gravatar.com\/avatar\/507340682b8270222e1f208e23198b6ae7e2c6a1033ae84e99bc6bce4f82a387?s=96&d=mm&r=g","width":96,"height":96,"caption":"Encontra Jequi\u00e9"}},{"@type":"WebPage","@id":"https:\/\/www.encontrajequie.com.br\/sobre\/jequie-deve-ter-um-dia-com-pancadas-leves-neste-domingo-21\/#webpage","url":"https:\/\/www.encontrajequie.com.br\/sobre\/jequie-deve-ter-um-dia-com-pancadas-leves-neste-domingo-21\/","name":"Jequi\u00e9 deve ter um dia com pancadas leves neste domingo (21) | Encontra Jequi\u00e9","description":"Jequi\u00e9 ter\u00e1 pancadas leves e temperaturas entre 19\u00b0C e 29\u00b0C neste domingo.","inLanguage":"pt-BR","isPartOf":{"@id":"https:\/\/www.encontrajequie.com.br\/sobre\/#website"},"breadcrumb":{"@id":"https:\/\/www.encontrajequie.com.br\/sobre\/jequie-deve-ter-um-dia-com-pancadas-leves-neste-domingo-21\/#breadcrumblist"},"author":{"@id":"https:\/\/www.encontrajequie.com.br\/sobre\/author\/ejequie\/#author"},"creator":{"@id":"https:\/\/www.encontrajequie.com.br\/sobre\/author\/ejequie\/#author"},"image":{"@type":"ImageObject","url":"https:\/\/www.encontrajequie.com.br\/sobre\/wp-content\/uploads\/2025\/12\/jequie-deve-ter-um-dia-com-pancadas-leves-neste-domingo-21.webp","@id":"https:\/\/www.encontrajequie.com.br\/sobre\/jequie-deve-ter-um-dia-com-pancadas-leves-neste-domingo-21\/#mainImage","width":280,"height":280,"caption":"Jequi\u00e9 previs\u00e3o do tempo"},"primaryImageOfPage":{"@id":"https:\/\/www.encontrajequie.com.br\/sobre\/jequie-deve-ter-um-dia-com-pancadas-leves-neste-domingo-21\/#mainImage"},"datePublished":"2025-12-30T12:30:00-03:00","dateModified":"2025-12-30T12:30:00-03:00"},{"@type":"WebSite","@id":"https:\/\/www.encontrajequie.com.br\/sobre\/#website","url":"https:\/\/www.encontrajequie.com.br\/sobre\/","name":"Encontra Jequi\u00e9","description":"Not\u00edcias, eventos, informa\u00e7\u00f5es e dicas na cidade de Jequi\u00e9 e regi\u00e3o.","inLanguage":"pt-BR","publisher":{"@id":"https:\/\/www.encontrajequie.com.br\/sobre\/#organization"}}]},"og:locale":"pt_BR","og:site_name":"Encontra Jequi\u00e9 | Not\u00edcias, eventos, informa\u00e7\u00f5es e dicas na cidade de Jequi\u00e9 e regi\u00e3o.","og:type":"article","og:title":"Jequi\u00e9 deve ter um dia com pancadas leves neste domingo (21) | Encontra Jequi\u00e9","og:description":"Jequi\u00e9 ter\u00e1 pancadas leves e temperaturas entre 19\u00b0C e 29\u00b0C neste domingo.","og:url":"https:\/\/www.encontrajequie.com.br\/sobre\/jequie-deve-ter-um-dia-com-pancadas-leves-neste-domingo-21\/","article:published_time":"2025-12-30T15:30:00+00:00","article:modified_time":"2025-12-30T15:30:00+00:00","twitter:card":"summary_large_image","twitter:title":"Jequi\u00e9 deve ter um dia com pancadas leves neste domingo (21) | Encontra Jequi\u00e9","twitter:description":"Jequi\u00e9 ter\u00e1 pancadas leves e temperaturas entre 19\u00b0C e 29\u00b0C neste domingo."},"aioseo_meta_data":{"post_id":"498","title":null,"description":null,"keywords":null,"keyphrases":null,"primary_term":null,"canonical_url":null,"og_title":null,"og_description":null,"og_object_type":"default","og_image_type":"default","og_image_url":null,"og_image_width":null,"og_image_height":null,"og_image_custom_url":null,"og_image_custom_fields":null,"og_video":null,"og_custom_url":null,"og_article_section":null,"og_article_tags":null,"twitter_use_og":false,"twitter_card":"default","twitter_image_type":"default","twitter_image_url":null,"twitter_image_custom_url":null,"twitter_image_custom_fields":null,"twitter_title":null,"twitter_description":null,"schema":{"blockGraphs":[],"customGraphs":[],"default":{"data":{"Article":[],"Course":[],"Dataset":[],"FAQPage":[],"Movie":[],"Person":[],"Product":[],"ProductReview":[],"Car":[],"Recipe":[],"Service":[],"SoftwareApplication":[],"WebPage":[]},"graphName":"Article","isEnabled":true},"graphs":[]},"schema_type":"default","schema_type_options":null,"pillar_content":false,"robots_default":true,"robots_noindex":false,"robots_noarchive":false,"robots_nosnippet":false,"robots_nofollow":false,"robots_noimageindex":false,"robots_noodp":false,"robots_notranslate":false,"robots_max_snippet":null,"robots_max_videopreview":null,"robots_max_imagepreview":"large","priority":null,"frequency":null,"local_seo":null,"breadcrumb_settings":null,"limit_modified_date":false,"ai":null,"created":"2025-12-30 16:19:54","updated":"2025-12-30 16:21:41","focus_keyword":null,"additional_keywords":null,"truseo_locale":null,"seo_analyzer_scan_date":null},"aioseo_breadcrumb":"<div class=\"aioseo-breadcrumbs\"><span class=\"aioseo-breadcrumb\">\n\t\t\t<a href=\"https:\/\/www.encontrajequie.com.br\/sobre\" title=\"Home\">Home<\/a>\n\t\t<\/span><span class=\"aioseo-breadcrumb-separator\">&raquo;<\/span><span class=\"aioseo-breadcrumb\">\n\t\t\t<a href=\"https:\/\/www.encontrajequie.com.br\/sobre\/noticias-em-jequie\/\" title=\"Not\u00edcias Jequi\u00e9\">Not\u00edcias Jequi\u00e9<\/a>\n\t\t<\/span><span class=\"aioseo-breadcrumb-separator\">&raquo;<\/span><span class=\"aioseo-breadcrumb\">\n\t\t\tJequi\u00e9 deve ter um dia com pancadas leves neste domingo (21)\n\t\t<\/span><\/div>","aioseo_breadcrumb_json":[{"label":"Home","link":"https:\/\/www.encontrajequie.com.br\/sobre"},{"label":"Not\u00edcias Jequi\u00e9","link":"https:\/\/www.encontrajequie.com.br\/sobre\/noticias-em-jequie\/"},{"label":"Jequi\u00e9 deve ter um dia com pancadas leves neste domingo (21)","link":"https:\/\/www.encontrajequie.com.br\/sobre\/jequie-deve-ter-um-dia-com-pancadas-leves-neste-domingo-21\/"}],"_links":{"self":[{"href":"https:\/\/www.encontrajequie.com.br\/sobre\/wp-json\/wp\/v2\/posts\/498","targetHints":{"allow":["GET"]}}],"collection":[{"href":"https:\/\/www.encontrajequie.com.br\/sobre\/wp-json\/wp\/v2\/posts"}],"about":[{"href":"https:\/\/www.encontrajequie.com.br\/sobre\/wp-json\/wp\/v2\/types\/post"}],"author":[{"embeddable":true,"href":"https:\/\/www.encontrajequie.com.br\/sobre\/wp-json\/wp\/v2\/users\/1"}],"replies":[{"embeddable":true,"href":"https:\/\/www.encontrajequie.com.br\/sobre\/wp-json\/wp\/v2\/comments?post=498"}],"version-history":[{"count":0,"href":"https:\/\/www.encontrajequie.com.br\/sobre\/wp-json\/wp\/v2\/posts\/498\/revisions"}],"wp:featuredmedia":[{"embeddable":true,"href":"https:\/\/www.encontrajequie.com.br\/sobre\/wp-json\/wp\/v2\/media\/497"}],"wp:attachment":[{"href":"https:\/\/www.encontrajequie.com.br\/sobre\/wp-json\/wp\/v2\/media?parent=498"}],"wp:term":[{"taxonomy":"category","embeddable":true,"href":"https:\/\/www.encontrajequie.com.br\/sobre\/wp-json\/wp\/v2\/categories?post=498"},{"taxonomy":"post_tag","embeddable":true,"href":"https:\/\/www.encontrajequie.com.br\/sobre\/wp-json\/wp\/v2\/tags?post=498"}],"curies":[{"name":"wp","href":"https:\/\/api.w.org\/{rel}","templated":true}]}}