{"id":500,"date":"2025-12-30T06:22:00","date_gmt":"2025-12-30T09:22:00","guid":{"rendered":"https:\/\/www.encontrajequie.com.br\/sobre\/jequie-deve-ter-um-dia-com-muitas-nuvens-neste-sabado-20\/"},"modified":"2025-12-30T06:22:00","modified_gmt":"2025-12-30T09:22:00","slug":"jequie-deve-ter-um-dia-com-muitas-nuvens-neste-sabado-20","status":"publish","type":"post","link":"https:\/\/www.encontrajequie.com.br\/sobre\/jequie-deve-ter-um-dia-com-muitas-nuvens-neste-sabado-20\/","title":{"rendered":"Jequi\u00e9 deve ter um dia com muitas nuvens neste s\u00e1bado (20)"},"content":{"rendered":"<div class=\"30cf832dc5940d4704f66d0ed9a44050\" data-index=\"1\" style=\"float: none; margin:0px;\">\n<!-- Anuncio display - global -->\r\n<ins class=\"adsbygoogle\"\r\n     style=\"display:block\"\r\n     data-ad-client=\"ca-pub-8585364105181520\"\r\n     data-ad-slot=\"8789329856\"\r\n     data-ad-format=\"auto\"\r\n     data-full-width-responsive=\"true\"><\/ins>\r\n<script>\r\n     (adsbygoogle = window.adsbygoogle || []).push({});\r\n<\/script>\n<\/div>\n<h2>Como ser\u00e1 o tempo em Jequi\u00e9 hoje?<\/h2>\n<p>O dia em Jequi\u00e9, na Bahia, promete ser marcado por muitas nuvens ao longo da sua extens\u00e3o. Conforme a previs\u00e3o do <strong>Instituto Nacional de Meteorologia (INMET)<\/strong>, a cidade deve experimentar uma diversidade de condi\u00e7\u00f5es clim\u00e1ticas que incluem per\u00edodos ensolarados intercalados com nuvens densas e, possivelmente, chuvas.<\/p>\n<p>A temperatura durante o dia dever\u00e1 variar bastante, come\u00e7ando com uma temperatura amena ao amanhecer, em torno de <strong>19\u00b0C<\/strong>. Com o passar das horas, especialmente ao longo da tarde, \u00e9 esperado que a temperatura alcance um pico de <strong>33\u00b0C<\/strong>, tornando a atmosfera um pouco mais quente e \u00famida.<\/p>\n<p>\u00c0 medida que se aproxima a noite, as temperaturas devem retornar a algo em torno de <strong>19\u00b0C<\/strong>, mantendo assim um padr\u00e3o bastante equilibrado ao longo do dia. Essas varia\u00e7\u00f5es s\u00e3o t\u00edpicas para esta \u00e9poca do ano na regi\u00e3o, que fica sob a influ\u00eancia de um sistema clim\u00e1tico que facilita a presen\u00e7a de nuvens e chuvas em v\u00e1rios momentos.<\/p>\n<p><img decoding=\"async\" src=\"https:\/\/www.encontrajequie.com.br\/sobre\/wp-content\/uploads\/2025\/12\/jequie-deve-ter-um-dia-com-muitas-nuvens-neste-sabado-20.webp\" alt=\"previs\u00e3o do tempo jequi\u00e9\" loading=\"lazy\" \/><\/p>\n<h2>Temperaturas durante o dia<\/h2>\n<p>As temperaturas em Jequi\u00e9 ao longo do dia s\u00e3o bastante variadas e impactadas pelas condi\u00e7\u00f5es meteorol\u00f3gicas. Pela manh\u00e3, como mencionado anteriormente, os term\u00f4metros devem registrar cerca de <strong>19\u00b0C<\/strong>, o que oferece um clima confort\u00e1vel para quem acorda cedo.<\/p>\n<p>\u00c0 medida que o sol avan\u00e7a, a temperatura tende a aumentar gradativamente, atingindo seu pico na parte da tarde. Espera-se que essa m\u00e1xima de <strong>33\u00b0C<\/strong> ocorra entre as <strong>14h e 16h<\/strong>, momentos em que muitos moram e visitantes podem sentir a intensidade do calor. \u00c9 importante ressaltar que, devido \u00e0 umidade, a sensa\u00e7\u00e3o t\u00e9rmica pode ser ainda mais intensa, deixando o ar mais pesado.<\/p>\n<p>\u00c0 noite, por volta das <strong>19h<\/strong>, as temperaturas devem voltar a cair, permitindo que os habitantes desfrutem de um clima mais fresco com expectativas de m\u00ednima semelhante \u00e0 do in\u00edcio do dia, o que \u00e9 ideal para atividades ao ar livre e momentos de lazer.<\/p>\n<h2>Umidade do ar em Jequi\u00e9<\/h2>\n<p>A umidade do ar desempenha um papel crucial nas condi\u00e7\u00f5es clim\u00e1ticas de Jequi\u00e9, principalmente considerando que a regi\u00e3o \u00e9 muito influenciada por sistemas de umidade nas \u00e9pocas mais chuvosas. Durante o dia, a umidade relativa do ar deve oscilar entre <strong>40% e 100%<\/strong>, dependendo do per\u00edodo.<\/p>\n<p\n\n<p>No in\u00edcio da manh\u00e3, a umidade tende a estar no seu pico, em torno de <strong>100%<\/strong>, o que \u00e9 comum e proporciona uma sensa\u00e7\u00e3o de frescor, mas tamb\u00e9m pode ser um indicativo de que chuvas est\u00e3o aos poucos se aproximando. Durante o per\u00edodo da tarde, a umidade come\u00e7a a reduzir e pode cair para <strong>40%<\/strong>.<\/p>\n<p>Esse fator \u00e9 importante para quem realiza atividades externas, pois a alta umidade pode causar desconforto devido \u00e0 sensa\u00e7\u00e3o t\u00e9rmica elevada. Portanto, \u00e9 prudente que as pessoas se mantenham hidratadas e evitem exposi\u00e7\u00e3o excessiva ao sol durante os hor\u00e1rios mais quentes do dia.<\/p>\n<h2>Dire\u00e7\u00e3o e intensidade do vento<\/h2>\n<p>Os ventos em Jequi\u00e9 s\u00e3o considerados geralmente fracos e sopram predominantemente da dire\u00e7\u00e3o <strong>leste-sudeste<\/strong>. Essa caracter\u00edstica do vento local \u00e9 parte do clima t\u00edpico da regi\u00e3o, que \u00e9 influenciado por massas de ar que se movem atrav\u00e9s do litoral baiano, trazendo umidade para o interior.<\/p>\n<p>Espera-se que a intensidade do vento permane\u00e7a baixa ao longo do dia. No entanto, ventos se deslocando de leste a sudeste podem oferecer al\u00edvio moment\u00e2neo do calor, al\u00e9m de contribuir para a dispers\u00e3o da umidade no ar. O nascer do sol est\u00e1 previsto para \u00e0s <strong>05h10<\/strong>, proporcionando um espet\u00e1culo bonito e inestim\u00e1vel para os moradores e visitantes da cidade.<\/p>\n<h2>Quando se espera a chuva?<\/h2>\n<p>As previs\u00f5es meteorol\u00f3gicas indicam que h\u00e1 uma probabilidade significativa de chuvas ao longo do dia em Jequi\u00e9. Uma caracter\u00edstica comum dessa \u00e9poca do ano \u00e9 a ocorr\u00eancia de chuvas esparsas, que podem surgir especialmente durante a tarde.<\/p>\n<p>Ainda que as condi\u00e7\u00f5es n\u00e3o garantam chuvas louras, \u00e9 prudente estar preparado para poss\u00edveis pancadas. As chuvas podem ser breves, mas, dependendo da intensidade, podem se acumular e causar alagamentos r\u00e1pidos em \u00e1reas urbanas. Portanto, quem planeja atividades externas deve considerar a possibilidade de umidade e se preparar adequadamente.<\/p>\n<h2>Condi\u00e7\u00f5es clim\u00e1ticas para os pr\u00f3ximos dias<\/h2>\n<p>Ap\u00f3s o s\u00e1bado, as previs\u00f5es apontam para um clima variado para Jequi\u00e9 nos pr\u00f3ximos dias. No domingo, os moradores podem esperar um c\u00e9u <strong>totalmente nublado<\/strong> com chuvas localizadas pela manh\u00e3 e m\u00e1ximas de <strong>29\u00b0C<\/strong>. Na segunda-feira, a temperatura deve variar entre <strong>18\u00b0C e 31\u00b0C<\/strong>, apresentando c\u00e9u nublado e pancadas r\u00e1pidas de chuva ao longo do dia.<\/p>\n<p>Pela ter\u00e7a-feira, as previs\u00f5es indicam a possibilidade de um sol entre poucas nuvens, e temperaturas variando de <strong>18\u00b0C a 29\u00b0C<\/strong>. No entanto, na quarta-feira, a expectativa \u00e9 que o tempo fique ainda mais fechado, sem a garantia de chuvas, mas com m\u00e1ximas que podem chegar a <strong>31\u00b0C<\/strong>.<\/p>\n<p>Essas condi\u00e7\u00f5es clim\u00e1ticas demandam dos moradores uma prepara\u00e7\u00e3o constante, incluindo o monitoramento das previs\u00f5es para atividades de lazer, trabalho e viagens programadas.<\/p>\n<h2>Impacto do tempo em atividades ao ar livre<\/h2>\n<p>As condi\u00e7\u00f5es clim\u00e1ticas, especialmente a umidade, temperatura e a possibilidade de chuvas, t\u00eam um impacto direto nas atividades ao ar livre que os moradores e visitantes de Jequi\u00e9 podem desfrutar. Muito comum nesta regi\u00e3o \u00e9 a realiza\u00e7\u00e3o de esportes e atividades de lazer que dependem de um clima favor\u00e1vel, como caminhadas, passeios em grupo e encontros com amigos e familiares.<\/p>\n<p>Com a previs\u00e3o de muitas nuvens e altas temperaturas, \u00e9 essencial que aqueles que decidirem aproveitar o tempo ao ar livre tomem precau\u00e7\u00f5es. Isso inclui a utiliza\u00e7\u00e3o de protetor solar, hidrata\u00e7\u00e3o constante, e a busca por \u00e1reas sombreadas para descanso.<\/p>\n<p>Infelizmente, a possibilidade de chuvas repentina pode frustrar planos de atividades ao ar livre, e, portanto, \u00e9 sempre recomend\u00e1vel verificar a previs\u00e3o do tempo minutos antes de iniciar as atividades, assim como ter um plano de conting\u00eancia caso uma chuva inesperada apare\u00e7a.<\/p>\n<h2>Dicas para se preparar para o dia nublado<\/h2>\n<p>Preparar-se adequadamente para um dia nublado em Jequi\u00e9 \u00e9 crucial para garantir que os planos n\u00e3o sejam interrompidos. Aqui est\u00e3o algumas dicas que podem ser \u00fateis:<\/p>\n<ul>\n<li><strong>Verifique as previs\u00f5es meteorol\u00f3gicas:<\/strong> Usar aplicativos de clima ou consultar sites confi\u00e1veis pode oferecer uma vis\u00e3o precisa do que esperar ao longo do dia.<\/li>\n<li><strong>Use roupas adequadas:<\/strong> Opte por vestimentas leves e confort\u00e1veis que permitam a transpira\u00e7\u00e3o, mas que tamb\u00e9m proporcionem prote\u00e7\u00e3o caso ocorra alguma chuva.<\/li>\n<li><strong>Carregue guarda-chuvas ou capas de chuva:<\/strong> Ter um guarda-chuva em m\u00e3os pode ser um verdadeiro salva-vidas em um dia de tempo incerto.<\/li>\n<li><strong>Mantenha-se hidratado:<\/strong> Com as altas temperaturas, a desidrata\u00e7\u00e3o pode acontecer rapidamente. Beba bastante \u00e1gua ao longo do dia.<\/li>\n<\/ul>\n<h2>Melhores momentos para sair de casa<\/h2>\n<p>Com base nas condi\u00e7\u00f5es clim\u00e1ticas e nas previs\u00f5es, os melhores momentos para sair de casa em Jequi\u00e9 hoje s\u00e3o pela <strong>manh\u00e3<\/strong> ou ao <strong>final da tarde<\/strong>. Durante esses hor\u00e1rios, as temperaturas s\u00e3o mais amenas e a probabilidade de chuvas \u00e9 levemente reduzida.<\/p>\n<p>Pela manh\u00e3, o clima apresenta uma frescura que \u00e9 ideal para atividades ao ar livre. J\u00e1 no final da tarde, o sol come\u00e7a a se p\u00f4r e pode resultar em um clima agrad\u00e1vel. Contudo, \u00e9 bom estar atento \u00e0s mudan\u00e7as nas nuvens, que podem indicar um desfecho de dia chuvoso.<\/p>\n<h2>Import\u00e2ncia de conferir a previs\u00e3o do tempo<\/h2>\n<p>Conferir a previs\u00e3o do tempo antes de planejar atividades \u00e9 uma pr\u00e1tica essencial, especialmente em regi\u00f5es onde as condi\u00e7\u00f5es clim\u00e1ticas podem mudar rapidamente, como \u00e9 o caso de Jequi\u00e9. N\u00e3o apenas para se preparar para chuvas, mas tamb\u00e9m para aproveitar ao m\u00e1ximo as temperaturas agrad\u00e1veis.<\/p>\n<p>O entendimento das condi\u00e7\u00f5es clim\u00e1ticas pode impactar na seguran\u00e7a e no conforto de todos. Por exemplo, atividades temporais como esportes, viagens ou at\u00e9 mesmo caminhadas em fam\u00edlia s\u00e3o mais agrad\u00e1veis quando feitas em dias claros e com temperaturas amenas.<\/p>\n<p>A previs\u00e3o do tempo tamb\u00e9m pode informar sobre alertas relacionados a chuvas e poss\u00edveis consequ\u00eancias que podem surgir, como alagamentos ou ventos intensos. Portanto, ter acesso a informa\u00e7\u00f5es atualizadas \u00e9 um fator vital na vida cotidiana, permitindo que as pessoas fa\u00e7am escolhas mais informadas que n\u00e3o apenas promovam o bem-estar, mas tamb\u00e9m garantam seguran\u00e7a para todos.<\/p>\n\n<div style=\"font-size: 0px; height: 0px; line-height: 0px; margin: 0; padding: 0; clear: both;\"><\/div>","protected":false},"excerpt":{"rendered":"<p>Jequi\u00e9 deve ter um dia nublado com temperaturas entre 19\u00b0C e 33\u00b0C.<\/p>\n","protected":false},"author":1,"featured_media":499,"comment_status":"open","ping_status":"closed","sticky":false,"template":"","format":"standard","meta":{"footnotes":""},"categories":[1],"tags":[],"class_list":["post-500","post","type-post","status-publish","format-standard","has-post-thumbnail","hentry","category-noticias-em-jequie","has_thumb"],"aioseo_notices":[],"aioseo_head":"\n\t\t<!-- All in One SEO 5.0.0.1 - aioseo.com -->\n\t<meta name=\"description\" content=\"Jequi\u00e9 deve ter um dia nublado com temperaturas entre 19\u00b0C e 33\u00b0C.\" \/>\n\t<meta name=\"robots\" content=\"max-image-preview:large\" \/>\n\t<meta name=\"author\" content=\"Encontra Jequi\u00e9\"\/>\n\t<link rel=\"canonical\" href=\"https:\/\/www.encontrajequie.com.br\/sobre\/jequie-deve-ter-um-dia-com-muitas-nuvens-neste-sabado-20\/\" \/>\n\t<meta name=\"generator\" content=\"All in One SEO (AIOSEO) 5.0.0.1\" \/>\n\t\t<meta property=\"og:locale\" content=\"pt_BR\" \/>\n\t\t<meta property=\"og:site_name\" content=\"Encontra Jequi\u00e9 | Not\u00edcias, eventos, informa\u00e7\u00f5es e dicas na cidade de Jequi\u00e9 e regi\u00e3o.\" \/>\n\t\t<meta property=\"og:type\" content=\"article\" \/>\n\t\t<meta property=\"og:title\" content=\"Jequi\u00e9 deve ter um dia com muitas nuvens neste s\u00e1bado (20) | Encontra Jequi\u00e9\" \/>\n\t\t<meta property=\"og:description\" content=\"Jequi\u00e9 deve ter um dia nublado com temperaturas entre 19\u00b0C e 33\u00b0C.\" \/>\n\t\t<meta property=\"og:url\" content=\"https:\/\/www.encontrajequie.com.br\/sobre\/jequie-deve-ter-um-dia-com-muitas-nuvens-neste-sabado-20\/\" \/>\n\t\t<meta property=\"article:published_time\" content=\"2025-12-30T09:22:00+00:00\" \/>\n\t\t<meta property=\"article:modified_time\" content=\"2025-12-30T09:22:00+00:00\" \/>\n\t\t<meta name=\"twitter:card\" content=\"summary_large_image\" \/>\n\t\t<meta name=\"twitter:title\" content=\"Jequi\u00e9 deve ter um dia com muitas nuvens neste s\u00e1bado (20) | Encontra Jequi\u00e9\" \/>\n\t\t<meta name=\"twitter:description\" content=\"Jequi\u00e9 deve ter um dia nublado com temperaturas entre 19\u00b0C e 33\u00b0C.\" \/>\n\t\t<script type=\"application\/ld+json\" class=\"aioseo-schema\">\n\t\t\t{\"@context\":\"https:\\\/\\\/schema.org\",\"@graph\":[{\"@type\":\"Article\",\"@id\":\"https:\\\/\\\/www.encontrajequie.com.br\\\/sobre\\\/jequie-deve-ter-um-dia-com-muitas-nuvens-neste-sabado-20\\\/#article\",\"name\":\"Jequi\\u00e9 deve ter um dia com muitas nuvens neste s\\u00e1bado (20) | Encontra Jequi\\u00e9\",\"headline\":\"Jequi\\u00e9 deve ter um dia com muitas nuvens neste s\\u00e1bado (20)\",\"author\":{\"@id\":\"https:\\\/\\\/www.encontrajequie.com.br\\\/sobre\\\/author\\\/ejequie\\\/#author\"},\"publisher\":{\"@id\":\"https:\\\/\\\/www.encontrajequie.com.br\\\/sobre\\\/#organization\"},\"image\":{\"@type\":\"ImageObject\",\"url\":\"https:\\\/\\\/www.encontrajequie.com.br\\\/sobre\\\/wp-content\\\/uploads\\\/2025\\\/12\\\/jequie-deve-ter-um-dia-com-muitas-nuvens-neste-sabado-20.webp\",\"width\":320,\"height\":280,\"caption\":\"previs\\u00e3o do tempo jequi\\u00e9\"},\"datePublished\":\"2025-12-30T06:22:00-03:00\",\"dateModified\":\"2025-12-30T06:22:00-03:00\",\"inLanguage\":\"pt-BR\",\"mainEntityOfPage\":{\"@id\":\"https:\\\/\\\/www.encontrajequie.com.br\\\/sobre\\\/jequie-deve-ter-um-dia-com-muitas-nuvens-neste-sabado-20\\\/#webpage\"},\"isPartOf\":{\"@id\":\"https:\\\/\\\/www.encontrajequie.com.br\\\/sobre\\\/jequie-deve-ter-um-dia-com-muitas-nuvens-neste-sabado-20\\\/#webpage\"},\"articleSection\":\"Not\\u00edcias Jequi\\u00e9\"},{\"@type\":\"BreadcrumbList\",\"@id\":\"https:\\\/\\\/www.encontrajequie.com.br\\\/sobre\\\/jequie-deve-ter-um-dia-com-muitas-nuvens-neste-sabado-20\\\/#breadcrumblist\",\"itemListElement\":[{\"@type\":\"ListItem\",\"@id\":\"https:\\\/\\\/www.encontrajequie.com.br\\\/sobre#listItem\",\"position\":1,\"name\":\"Home\",\"item\":\"https:\\\/\\\/www.encontrajequie.com.br\\\/sobre\",\"nextItem\":{\"@type\":\"ListItem\",\"@id\":\"https:\\\/\\\/www.encontrajequie.com.br\\\/sobre\\\/noticias-em-jequie\\\/#listItem\",\"name\":\"Not\\u00edcias Jequi\\u00e9\"}},{\"@type\":\"ListItem\",\"@id\":\"https:\\\/\\\/www.encontrajequie.com.br\\\/sobre\\\/noticias-em-jequie\\\/#listItem\",\"position\":2,\"name\":\"Not\\u00edcias Jequi\\u00e9\",\"item\":\"https:\\\/\\\/www.encontrajequie.com.br\\\/sobre\\\/noticias-em-jequie\\\/\",\"nextItem\":{\"@type\":\"ListItem\",\"@id\":\"https:\\\/\\\/www.encontrajequie.com.br\\\/sobre\\\/jequie-deve-ter-um-dia-com-muitas-nuvens-neste-sabado-20\\\/#listItem\",\"name\":\"Jequi\\u00e9 deve ter um dia com muitas nuvens neste s\\u00e1bado (20)\"},\"previousItem\":{\"@type\":\"ListItem\",\"@id\":\"https:\\\/\\\/www.encontrajequie.com.br\\\/sobre#listItem\",\"name\":\"Home\"}},{\"@type\":\"ListItem\",\"@id\":\"https:\\\/\\\/www.encontrajequie.com.br\\\/sobre\\\/jequie-deve-ter-um-dia-com-muitas-nuvens-neste-sabado-20\\\/#listItem\",\"position\":3,\"name\":\"Jequi\\u00e9 deve ter um dia com muitas nuvens neste s\\u00e1bado (20)\",\"previousItem\":{\"@type\":\"ListItem\",\"@id\":\"https:\\\/\\\/www.encontrajequie.com.br\\\/sobre\\\/noticias-em-jequie\\\/#listItem\",\"name\":\"Not\\u00edcias Jequi\\u00e9\"}}]},{\"@type\":\"Organization\",\"@id\":\"https:\\\/\\\/www.encontrajequie.com.br\\\/sobre\\\/#organization\",\"name\":\"Encontra Jequi\\u00e9\",\"description\":\"Not\\u00edcias, eventos, informa\\u00e7\\u00f5es e dicas na cidade de Jequi\\u00e9 e regi\\u00e3o.\",\"url\":\"https:\\\/\\\/www.encontrajequie.com.br\\\/sobre\\\/\"},{\"@type\":\"Person\",\"@id\":\"https:\\\/\\\/www.encontrajequie.com.br\\\/sobre\\\/author\\\/ejequie\\\/#author\",\"url\":\"https:\\\/\\\/www.encontrajequie.com.br\\\/sobre\\\/author\\\/ejequie\\\/\",\"name\":\"Encontra Jequi\\u00e9\",\"image\":{\"@type\":\"ImageObject\",\"@id\":\"https:\\\/\\\/www.encontrajequie.com.br\\\/sobre\\\/jequie-deve-ter-um-dia-com-muitas-nuvens-neste-sabado-20\\\/#authorImage\",\"url\":\"https:\\\/\\\/secure.gravatar.com\\\/avatar\\\/507340682b8270222e1f208e23198b6ae7e2c6a1033ae84e99bc6bce4f82a387?s=96&d=mm&r=g\",\"width\":96,\"height\":96,\"caption\":\"Encontra Jequi\\u00e9\"}},{\"@type\":\"WebPage\",\"@id\":\"https:\\\/\\\/www.encontrajequie.com.br\\\/sobre\\\/jequie-deve-ter-um-dia-com-muitas-nuvens-neste-sabado-20\\\/#webpage\",\"url\":\"https:\\\/\\\/www.encontrajequie.com.br\\\/sobre\\\/jequie-deve-ter-um-dia-com-muitas-nuvens-neste-sabado-20\\\/\",\"name\":\"Jequi\\u00e9 deve ter um dia com muitas nuvens neste s\\u00e1bado (20) | Encontra Jequi\\u00e9\",\"description\":\"Jequi\\u00e9 deve ter um dia nublado com temperaturas entre 19\\u00b0C e 33\\u00b0C.\",\"inLanguage\":\"pt-BR\",\"isPartOf\":{\"@id\":\"https:\\\/\\\/www.encontrajequie.com.br\\\/sobre\\\/#website\"},\"breadcrumb\":{\"@id\":\"https:\\\/\\\/www.encontrajequie.com.br\\\/sobre\\\/jequie-deve-ter-um-dia-com-muitas-nuvens-neste-sabado-20\\\/#breadcrumblist\"},\"author\":{\"@id\":\"https:\\\/\\\/www.encontrajequie.com.br\\\/sobre\\\/author\\\/ejequie\\\/#author\"},\"creator\":{\"@id\":\"https:\\\/\\\/www.encontrajequie.com.br\\\/sobre\\\/author\\\/ejequie\\\/#author\"},\"image\":{\"@type\":\"ImageObject\",\"url\":\"https:\\\/\\\/www.encontrajequie.com.br\\\/sobre\\\/wp-content\\\/uploads\\\/2025\\\/12\\\/jequie-deve-ter-um-dia-com-muitas-nuvens-neste-sabado-20.webp\",\"@id\":\"https:\\\/\\\/www.encontrajequie.com.br\\\/sobre\\\/jequie-deve-ter-um-dia-com-muitas-nuvens-neste-sabado-20\\\/#mainImage\",\"width\":320,\"height\":280,\"caption\":\"previs\\u00e3o do tempo jequi\\u00e9\"},\"primaryImageOfPage\":{\"@id\":\"https:\\\/\\\/www.encontrajequie.com.br\\\/sobre\\\/jequie-deve-ter-um-dia-com-muitas-nuvens-neste-sabado-20\\\/#mainImage\"},\"datePublished\":\"2025-12-30T06:22:00-03:00\",\"dateModified\":\"2025-12-30T06:22:00-03:00\"},{\"@type\":\"WebSite\",\"@id\":\"https:\\\/\\\/www.encontrajequie.com.br\\\/sobre\\\/#website\",\"url\":\"https:\\\/\\\/www.encontrajequie.com.br\\\/sobre\\\/\",\"name\":\"Encontra Jequi\\u00e9\",\"description\":\"Not\\u00edcias, eventos, informa\\u00e7\\u00f5es e dicas na cidade de Jequi\\u00e9 e regi\\u00e3o.\",\"inLanguage\":\"pt-BR\",\"publisher\":{\"@id\":\"https:\\\/\\\/www.encontrajequie.com.br\\\/sobre\\\/#organization\"}}]}\n\t\t<\/script>\n\t\t<!-- All in One SEO -->\n\n","aioseo_head_json":{"title":"Jequi\u00e9 deve ter um dia com muitas nuvens neste s\u00e1bado (20) | Encontra Jequi\u00e9","description":"Jequi\u00e9 deve ter um dia nublado com temperaturas entre 19\u00b0C e 33\u00b0C.","canonical_url":"https:\/\/www.encontrajequie.com.br\/sobre\/jequie-deve-ter-um-dia-com-muitas-nuvens-neste-sabado-20\/","robots":"max-image-preview:large","keywords":"","webmasterTools":{"miscellaneous":""},"schema":{"@context":"https:\/\/schema.org","@graph":[{"@type":"Article","@id":"https:\/\/www.encontrajequie.com.br\/sobre\/jequie-deve-ter-um-dia-com-muitas-nuvens-neste-sabado-20\/#article","name":"Jequi\u00e9 deve ter um dia com muitas nuvens neste s\u00e1bado (20) | Encontra Jequi\u00e9","headline":"Jequi\u00e9 deve ter um dia com muitas nuvens neste s\u00e1bado (20)","author":{"@id":"https:\/\/www.encontrajequie.com.br\/sobre\/author\/ejequie\/#author"},"publisher":{"@id":"https:\/\/www.encontrajequie.com.br\/sobre\/#organization"},"image":{"@type":"ImageObject","url":"https:\/\/www.encontrajequie.com.br\/sobre\/wp-content\/uploads\/2025\/12\/jequie-deve-ter-um-dia-com-muitas-nuvens-neste-sabado-20.webp","width":320,"height":280,"caption":"previs\u00e3o do tempo jequi\u00e9"},"datePublished":"2025-12-30T06:22:00-03:00","dateModified":"2025-12-30T06:22:00-03:00","inLanguage":"pt-BR","mainEntityOfPage":{"@id":"https:\/\/www.encontrajequie.com.br\/sobre\/jequie-deve-ter-um-dia-com-muitas-nuvens-neste-sabado-20\/#webpage"},"isPartOf":{"@id":"https:\/\/www.encontrajequie.com.br\/sobre\/jequie-deve-ter-um-dia-com-muitas-nuvens-neste-sabado-20\/#webpage"},"articleSection":"Not\u00edcias Jequi\u00e9"},{"@type":"BreadcrumbList","@id":"https:\/\/www.encontrajequie.com.br\/sobre\/jequie-deve-ter-um-dia-com-muitas-nuvens-neste-sabado-20\/#breadcrumblist","itemListElement":[{"@type":"ListItem","@id":"https:\/\/www.encontrajequie.com.br\/sobre#listItem","position":1,"name":"Home","item":"https:\/\/www.encontrajequie.com.br\/sobre","nextItem":{"@type":"ListItem","@id":"https:\/\/www.encontrajequie.com.br\/sobre\/noticias-em-jequie\/#listItem","name":"Not\u00edcias Jequi\u00e9"}},{"@type":"ListItem","@id":"https:\/\/www.encontrajequie.com.br\/sobre\/noticias-em-jequie\/#listItem","position":2,"name":"Not\u00edcias Jequi\u00e9","item":"https:\/\/www.encontrajequie.com.br\/sobre\/noticias-em-jequie\/","nextItem":{"@type":"ListItem","@id":"https:\/\/www.encontrajequie.com.br\/sobre\/jequie-deve-ter-um-dia-com-muitas-nuvens-neste-sabado-20\/#listItem","name":"Jequi\u00e9 deve ter um dia com muitas nuvens neste s\u00e1bado (20)"},"previousItem":{"@type":"ListItem","@id":"https:\/\/www.encontrajequie.com.br\/sobre#listItem","name":"Home"}},{"@type":"ListItem","@id":"https:\/\/www.encontrajequie.com.br\/sobre\/jequie-deve-ter-um-dia-com-muitas-nuvens-neste-sabado-20\/#listItem","position":3,"name":"Jequi\u00e9 deve ter um dia com muitas nuvens neste s\u00e1bado (20)","previousItem":{"@type":"ListItem","@id":"https:\/\/www.encontrajequie.com.br\/sobre\/noticias-em-jequie\/#listItem","name":"Not\u00edcias Jequi\u00e9"}}]},{"@type":"Organization","@id":"https:\/\/www.encontrajequie.com.br\/sobre\/#organization","name":"Encontra Jequi\u00e9","description":"Not\u00edcias, eventos, informa\u00e7\u00f5es e dicas na cidade de Jequi\u00e9 e regi\u00e3o.","url":"https:\/\/www.encontrajequie.com.br\/sobre\/"},{"@type":"Person","@id":"https:\/\/www.encontrajequie.com.br\/sobre\/author\/ejequie\/#author","url":"https:\/\/www.encontrajequie.com.br\/sobre\/author\/ejequie\/","name":"Encontra Jequi\u00e9","image":{"@type":"ImageObject","@id":"https:\/\/www.encontrajequie.com.br\/sobre\/jequie-deve-ter-um-dia-com-muitas-nuvens-neste-sabado-20\/#authorImage","url":"https:\/\/secure.gravatar.com\/avatar\/507340682b8270222e1f208e23198b6ae7e2c6a1033ae84e99bc6bce4f82a387?s=96&d=mm&r=g","width":96,"height":96,"caption":"Encontra Jequi\u00e9"}},{"@type":"WebPage","@id":"https:\/\/www.encontrajequie.com.br\/sobre\/jequie-deve-ter-um-dia-com-muitas-nuvens-neste-sabado-20\/#webpage","url":"https:\/\/www.encontrajequie.com.br\/sobre\/jequie-deve-ter-um-dia-com-muitas-nuvens-neste-sabado-20\/","name":"Jequi\u00e9 deve ter um dia com muitas nuvens neste s\u00e1bado (20) | Encontra Jequi\u00e9","description":"Jequi\u00e9 deve ter um dia nublado com temperaturas entre 19\u00b0C e 33\u00b0C.","inLanguage":"pt-BR","isPartOf":{"@id":"https:\/\/www.encontrajequie.com.br\/sobre\/#website"},"breadcrumb":{"@id":"https:\/\/www.encontrajequie.com.br\/sobre\/jequie-deve-ter-um-dia-com-muitas-nuvens-neste-sabado-20\/#breadcrumblist"},"author":{"@id":"https:\/\/www.encontrajequie.com.br\/sobre\/author\/ejequie\/#author"},"creator":{"@id":"https:\/\/www.encontrajequie.com.br\/sobre\/author\/ejequie\/#author"},"image":{"@type":"ImageObject","url":"https:\/\/www.encontrajequie.com.br\/sobre\/wp-content\/uploads\/2025\/12\/jequie-deve-ter-um-dia-com-muitas-nuvens-neste-sabado-20.webp","@id":"https:\/\/www.encontrajequie.com.br\/sobre\/jequie-deve-ter-um-dia-com-muitas-nuvens-neste-sabado-20\/#mainImage","width":320,"height":280,"caption":"previs\u00e3o do tempo jequi\u00e9"},"primaryImageOfPage":{"@id":"https:\/\/www.encontrajequie.com.br\/sobre\/jequie-deve-ter-um-dia-com-muitas-nuvens-neste-sabado-20\/#mainImage"},"datePublished":"2025-12-30T06:22:00-03:00","dateModified":"2025-12-30T06:22:00-03:00"},{"@type":"WebSite","@id":"https:\/\/www.encontrajequie.com.br\/sobre\/#website","url":"https:\/\/www.encontrajequie.com.br\/sobre\/","name":"Encontra Jequi\u00e9","description":"Not\u00edcias, eventos, informa\u00e7\u00f5es e dicas na cidade de Jequi\u00e9 e regi\u00e3o.","inLanguage":"pt-BR","publisher":{"@id":"https:\/\/www.encontrajequie.com.br\/sobre\/#organization"}}]},"og:locale":"pt_BR","og:site_name":"Encontra Jequi\u00e9 | Not\u00edcias, eventos, informa\u00e7\u00f5es e dicas na cidade de Jequi\u00e9 e regi\u00e3o.","og:type":"article","og:title":"Jequi\u00e9 deve ter um dia com muitas nuvens neste s\u00e1bado (20) | Encontra Jequi\u00e9","og:description":"Jequi\u00e9 deve ter um dia nublado com temperaturas entre 19\u00b0C e 33\u00b0C.","og:url":"https:\/\/www.encontrajequie.com.br\/sobre\/jequie-deve-ter-um-dia-com-muitas-nuvens-neste-sabado-20\/","article:published_time":"2025-12-30T09:22:00+00:00","article:modified_time":"2025-12-30T09:22:00+00:00","twitter:card":"summary_large_image","twitter:title":"Jequi\u00e9 deve ter um dia com muitas nuvens neste s\u00e1bado (20) | Encontra Jequi\u00e9","twitter:description":"Jequi\u00e9 deve ter um dia nublado com temperaturas entre 19\u00b0C e 33\u00b0C."},"aioseo_meta_data":{"post_id":"500","title":null,"description":null,"keywords":null,"keyphrases":null,"primary_term":null,"canonical_url":null,"og_title":null,"og_description":null,"og_object_type":"default","og_image_type":"default","og_image_url":null,"og_image_width":null,"og_image_height":null,"og_image_custom_url":null,"og_image_custom_fields":null,"og_video":null,"og_custom_url":null,"og_article_section":null,"og_article_tags":null,"twitter_use_og":false,"twitter_card":"default","twitter_image_type":"default","twitter_image_url":null,"twitter_image_custom_url":null,"twitter_image_custom_fields":null,"twitter_title":null,"twitter_description":null,"schema":{"blockGraphs":[],"customGraphs":[],"default":{"data":{"Article":[],"Course":[],"Dataset":[],"FAQPage":[],"Movie":[],"Person":[],"Product":[],"ProductReview":[],"Car":[],"Recipe":[],"Service":[],"SoftwareApplication":[],"WebPage":[]},"graphName":"Article","isEnabled":true},"graphs":[]},"schema_type":"default","schema_type_options":null,"pillar_content":false,"robots_default":true,"robots_noindex":false,"robots_noarchive":false,"robots_nosnippet":false,"robots_nofollow":false,"robots_noimageindex":false,"robots_noodp":false,"robots_notranslate":false,"robots_max_snippet":null,"robots_max_videopreview":null,"robots_max_imagepreview":"large","priority":null,"frequency":null,"local_seo":null,"breadcrumb_settings":null,"limit_modified_date":false,"ai":null,"created":"2025-12-30 16:21:52","updated":"2025-12-30 16:30:12","focus_keyword":null,"additional_keywords":null,"truseo_locale":null,"seo_analyzer_scan_date":null},"aioseo_breadcrumb":"<div class=\"aioseo-breadcrumbs\"><span class=\"aioseo-breadcrumb\">\n\t\t\t<a href=\"https:\/\/www.encontrajequie.com.br\/sobre\" title=\"Home\">Home<\/a>\n\t\t<\/span><span class=\"aioseo-breadcrumb-separator\">&raquo;<\/span><span class=\"aioseo-breadcrumb\">\n\t\t\t<a href=\"https:\/\/www.encontrajequie.com.br\/sobre\/noticias-em-jequie\/\" title=\"Not\u00edcias Jequi\u00e9\">Not\u00edcias Jequi\u00e9<\/a>\n\t\t<\/span><span class=\"aioseo-breadcrumb-separator\">&raquo;<\/span><span class=\"aioseo-breadcrumb\">\n\t\t\tJequi\u00e9 deve ter um dia com muitas nuvens neste s\u00e1bado (20)\n\t\t<\/span><\/div>","aioseo_breadcrumb_json":[{"label":"Home","link":"https:\/\/www.encontrajequie.com.br\/sobre"},{"label":"Not\u00edcias Jequi\u00e9","link":"https:\/\/www.encontrajequie.com.br\/sobre\/noticias-em-jequie\/"},{"label":"Jequi\u00e9 deve ter um dia com muitas nuvens neste s\u00e1bado (20)","link":"https:\/\/www.encontrajequie.com.br\/sobre\/jequie-deve-ter-um-dia-com-muitas-nuvens-neste-sabado-20\/"}],"_links":{"self":[{"href":"https:\/\/www.encontrajequie.com.br\/sobre\/wp-json\/wp\/v2\/posts\/500","targetHints":{"allow":["GET"]}}],"collection":[{"href":"https:\/\/www.encontrajequie.com.br\/sobre\/wp-json\/wp\/v2\/posts"}],"about":[{"href":"https:\/\/www.encontrajequie.com.br\/sobre\/wp-json\/wp\/v2\/types\/post"}],"author":[{"embeddable":true,"href":"https:\/\/www.encontrajequie.com.br\/sobre\/wp-json\/wp\/v2\/users\/1"}],"replies":[{"embeddable":true,"href":"https:\/\/www.encontrajequie.com.br\/sobre\/wp-json\/wp\/v2\/comments?post=500"}],"version-history":[{"count":0,"href":"https:\/\/www.encontrajequie.com.br\/sobre\/wp-json\/wp\/v2\/posts\/500\/revisions"}],"wp:featuredmedia":[{"embeddable":true,"href":"https:\/\/www.encontrajequie.com.br\/sobre\/wp-json\/wp\/v2\/media\/499"}],"wp:attachment":[{"href":"https:\/\/www.encontrajequie.com.br\/sobre\/wp-json\/wp\/v2\/media?parent=500"}],"wp:term":[{"taxonomy":"category","embeddable":true,"href":"https:\/\/www.encontrajequie.com.br\/sobre\/wp-json\/wp\/v2\/categories?post=500"},{"taxonomy":"post_tag","embeddable":true,"href":"https:\/\/www.encontrajequie.com.br\/sobre\/wp-json\/wp\/v2\/tags?post=500"}],"curies":[{"name":"wp","href":"https:\/\/api.w.org\/{rel}","templated":true}]}}