{"id":57,"date":"2014-02-21T11:59:52","date_gmt":"2014-02-21T11:59:52","guid":{"rendered":"http:\/\/www.encontrajequie.com.br\/noticias\/?p=57"},"modified":"2019-04-29T17:42:06","modified_gmt":"2019-04-29T20:42:06","slug":"inscricoes-para-concurso-do-coren-ba-em-jequie-vao-ate-17-de-marco","status":"publish","type":"post","link":"https:\/\/www.encontrajequie.com.br\/sobre\/inscricoes-para-concurso-do-coren-ba-em-jequie-vao-ate-17-de-marco\/","title":{"rendered":"Inscri\u00e7\u00f5es para concurso do Coren-BA em Jequi\u00e9 v\u00e3o at\u00e9 17 de mar\u00e7o"},"content":{"rendered":"<div class=\"30cf832dc5940d4704f66d0ed9a44050\" data-index=\"1\" style=\"float: none; margin:0px;\">\n<!-- Anuncio display - global -->\r\n<ins class=\"adsbygoogle\"\r\n     style=\"display:block\"\r\n     data-ad-client=\"ca-pub-8585364105181520\"\r\n     data-ad-slot=\"8789329856\"\r\n     data-ad-format=\"auto\"\r\n     data-full-width-responsive=\"true\"><\/ins>\r\n<script>\r\n     (adsbygoogle = window.adsbygoogle || []).push({});\r\n<\/script>\n<\/div>\n<p>As inscri\u00e7\u00f5es do concurso p\u00fablico do Conselho Regional de Enfermagem da Bahia (Coren-Ba), destinado ao provimento de 19 vagas efetivas e forma\u00e7\u00e3o de cadastro de reserva, est\u00e3o abertas at\u00e9 as 23h59 do dia 17 de mar\u00e7o. Os candidatos devem garantir participa\u00e7\u00e3o exclusivamente pelo site do Instituto Quadrix. A taxa \u00e9 de R$ 42 para n\u00edvel m\u00e9dio e R$ 70 para cargos de n\u00edvel superior. O pagamento da taxa deve ser efetuado at\u00e9 18 de mar\u00e7o.<\/p>\n<p>Os aprovados podem atuar nas cidades de Salvador, Cama\u00e7ari, Feira de Santana, Alagoinhas, Santo Ant\u00f4nio de Jesus, Juazeiro, Paulo Afonso, Irec\u00ea, Barreiras, Vit\u00f3ria da Conquista, Itabuna, Teixeira de Freitas, Jequi\u00e9, e Guanambi. No ato da inscri\u00e7\u00e3o, o candidato dever\u00e1 escolher a regi\u00e3o para a qual concorrer\u00e1.<\/p>\n<p>As vagas de n\u00edvel m\u00e9dio s\u00e3o para auxiliar de fiscaliza\u00e7\u00e3o e assistente de desenvolvimento. As oportunidades de n\u00edvel superior s\u00e3o para administrador, advogado, analista em TI, contador, jornalista, e enfermeiro fiscal. Os sal\u00e1rios v\u00e3o de R$ 1.400 a R$ 3.803. Al\u00e9m da remunera\u00e7\u00e3o, os aprovados tamb\u00e9m ter\u00e3o direito ao Vale Refei\u00e7\u00e3o e Aux\u00edlio Transporte. A jornada de trabalho semanal ser\u00e1 de 40 horas para todos os cargos.<\/p>\n<p>O comprovante definitivo de inscri\u00e7\u00e3o estar\u00e1 dispon\u00edvel na data prov\u00e1vel de 24 de mar\u00e7o. As provas objetivas e discursivas ser\u00e3o aplicadas no turno vespertino do dia 30 de mar\u00e7o, nas cidades de Feira de Santana, Juazeiro, Salvador e Vit\u00f3ria da Conquista. A avalia\u00e7\u00e3o ter\u00e1 dura\u00e7\u00e3o de quatro horas.<\/p>\n<p>Para n\u00edvel m\u00e9dio, a prova objetiva ser\u00e1 composta de quest\u00f5es de L\u00edngua Portuguesa, Racioc\u00ednio L\u00f3gico, No\u00e7\u00f5es de Inform\u00e1tica, Legisla\u00e7\u00e3o e Conhecimentos Espec\u00edficos. A prova objetiva para n\u00edvel superior ter\u00e1 quest\u00f5es de L\u00edngua Portuguesa, Racioc\u00ednio L\u00f3gico, Legisla\u00e7\u00e3o, No\u00e7\u00f5es de Inform\u00e1tica, e Conhecimentos Espec\u00edficos. A prova discursiva ter\u00e1 uma quest\u00e3o, que dever\u00e1 ser respondida com um texto de extens\u00e3o m\u00ednima de 15 linhas e m\u00e1xima de 30 linhas. Haver\u00e1 ainda prova de t\u00edtulos e experi\u00eancia profissional, de car\u00e1ter classificat\u00f3rio, somente aos cargos de n\u00edvel superior.<\/p>\n<p>O resultado final est\u00e1 previsto para o dia 13 de junho. O prazo de validade do concurso \u00e9 de dois anos, podendo ser prorrogado por igual per\u00edodo, a contar da data de homologa\u00e7\u00e3o do certame. O candidato pode obter informa\u00e7\u00f5es referentes ao concurso p\u00fablico nas Centrais de Atendimento do Instituto Quadrix: Bras\u00edlia (61) 3550\u20100000; Porto Alegre (51) 3500\u20109000; Salvador (71) 3500\u20109000; S\u00e3o Paulo (11) 3198\u20100000 e Rio de Janeiro (21) 3500\u20109000. Por e\u2010mail (contato@quadrix.org.br).<\/p>\n\n<div style=\"font-size: 0px; height: 0px; line-height: 0px; margin: 0; padding: 0; clear: both;\"><\/div>","protected":false},"excerpt":{"rendered":"<p>As inscri\u00e7\u00f5es do concurso p\u00fablico do Conselho Regional de Enfermagem da Bahia (Coren-Ba), destinado ao provimento de 19 vagas efetivas e forma\u00e7\u00e3o de cadastro de reserva, est\u00e3o abertas at\u00e9 as 23h59 do dia 17 de mar\u00e7o. Os candidatos devem garantir participa\u00e7\u00e3o exclusivamente pelo site do Instituto Quadrix. A taxa \u00e9 de R$ 42 para n\u00edvel m\u00e9dio e R$ 70 para cargos de n\u00edvel superior. O pagamento da taxa deve ser efetuado at\u00e9 18 de mar\u00e7o. Os aprovados podem atuar nas cidades de Salvador, Cama\u00e7ari, Feira de Santana, Alagoinhas, Santo Ant\u00f4nio de Jesus, Juazeiro, Paulo Afonso, Irec\u00ea, Barreiras, Vit\u00f3ria da Conquista, <\/p>\n","protected":false},"author":1,"featured_media":0,"comment_status":"open","ping_status":"closed","sticky":false,"template":"","format":"standard","meta":{"footnotes":""},"categories":[1],"tags":[],"class_list":["post-57","post","type-post","status-publish","format-standard","hentry","category-noticias-em-jequie"],"aioseo_notices":[],"aioseo_head":"\n\t\t<!-- All in One SEO 5.0.0.1 - aioseo.com -->\n\t<meta name=\"description\" content=\"As inscri\u00e7\u00f5es do concurso p\u00fablico do Conselho Regional de Enfermagem da Bahia (Coren-Ba), destinado ao provimento de 19 vagas efetivas e forma\u00e7\u00e3o de cadastro de reserva, est\u00e3o abertas at\u00e9 as 23h59 do dia 17 de mar\u00e7o. Os candidatos devem garantir participa\u00e7\u00e3o exclusivamente pelo site do Instituto Quadrix. A taxa \u00e9 de R$ 42 para n\u00edvel\" \/>\n\t<meta name=\"robots\" content=\"max-image-preview:large\" \/>\n\t<meta name=\"author\" content=\"Encontra Jequi\u00e9\"\/>\n\t<link rel=\"canonical\" href=\"https:\/\/www.encontrajequie.com.br\/sobre\/inscricoes-para-concurso-do-coren-ba-em-jequie-vao-ate-17-de-marco\/\" \/>\n\t<meta name=\"generator\" content=\"All in One SEO (AIOSEO) 5.0.0.1\" \/>\n\t\t<meta property=\"og:locale\" content=\"pt_BR\" \/>\n\t\t<meta property=\"og:site_name\" content=\"Encontra Jequi\u00e9 | Not\u00edcias, eventos, informa\u00e7\u00f5es e dicas na cidade de Jequi\u00e9 e regi\u00e3o.\" \/>\n\t\t<meta property=\"og:type\" content=\"article\" \/>\n\t\t<meta property=\"og:title\" content=\"Inscri\u00e7\u00f5es para concurso do Coren-BA em Jequi\u00e9 v\u00e3o at\u00e9 17 de mar\u00e7o | Encontra Jequi\u00e9\" \/>\n\t\t<meta property=\"og:description\" content=\"As inscri\u00e7\u00f5es do concurso p\u00fablico do Conselho Regional de Enfermagem da Bahia (Coren-Ba), destinado ao provimento de 19 vagas efetivas e forma\u00e7\u00e3o de cadastro de reserva, est\u00e3o abertas at\u00e9 as 23h59 do dia 17 de mar\u00e7o. Os candidatos devem garantir participa\u00e7\u00e3o exclusivamente pelo site do Instituto Quadrix. A taxa \u00e9 de R$ 42 para n\u00edvel\" \/>\n\t\t<meta property=\"og:url\" content=\"https:\/\/www.encontrajequie.com.br\/sobre\/inscricoes-para-concurso-do-coren-ba-em-jequie-vao-ate-17-de-marco\/\" \/>\n\t\t<meta property=\"article:published_time\" content=\"2014-02-21T11:59:52+00:00\" \/>\n\t\t<meta property=\"article:modified_time\" content=\"2019-04-29T20:42:06+00:00\" \/>\n\t\t<meta name=\"twitter:card\" content=\"summary_large_image\" \/>\n\t\t<meta name=\"twitter:title\" content=\"Inscri\u00e7\u00f5es para concurso do Coren-BA em Jequi\u00e9 v\u00e3o at\u00e9 17 de mar\u00e7o | Encontra Jequi\u00e9\" \/>\n\t\t<meta name=\"twitter:description\" content=\"As inscri\u00e7\u00f5es do concurso p\u00fablico do Conselho Regional de Enfermagem da Bahia (Coren-Ba), destinado ao provimento de 19 vagas efetivas e forma\u00e7\u00e3o de cadastro de reserva, est\u00e3o abertas at\u00e9 as 23h59 do dia 17 de mar\u00e7o. Os candidatos devem garantir participa\u00e7\u00e3o exclusivamente pelo site do Instituto Quadrix. A taxa \u00e9 de R$ 42 para n\u00edvel\" \/>\n\t\t<script type=\"application\/ld+json\" class=\"aioseo-schema\">\n\t\t\t{\"@context\":\"https:\\\/\\\/schema.org\",\"@graph\":[{\"@type\":\"Article\",\"@id\":\"https:\\\/\\\/www.encontrajequie.com.br\\\/sobre\\\/inscricoes-para-concurso-do-coren-ba-em-jequie-vao-ate-17-de-marco\\\/#article\",\"name\":\"Inscri\\u00e7\\u00f5es para concurso do Coren-BA em Jequi\\u00e9 v\\u00e3o at\\u00e9 17 de mar\\u00e7o | Encontra Jequi\\u00e9\",\"headline\":\"Inscri\\u00e7\\u00f5es para concurso do Coren-BA em Jequi\\u00e9 v\\u00e3o at\\u00e9 17 de mar\\u00e7o\",\"author\":{\"@id\":\"https:\\\/\\\/www.encontrajequie.com.br\\\/sobre\\\/author\\\/ejequie\\\/#author\"},\"publisher\":{\"@id\":\"https:\\\/\\\/www.encontrajequie.com.br\\\/sobre\\\/#organization\"},\"datePublished\":\"2014-02-21T11:59:52-03:00\",\"dateModified\":\"2019-04-29T17:42:06-03:00\",\"inLanguage\":\"pt-BR\",\"mainEntityOfPage\":{\"@id\":\"https:\\\/\\\/www.encontrajequie.com.br\\\/sobre\\\/inscricoes-para-concurso-do-coren-ba-em-jequie-vao-ate-17-de-marco\\\/#webpage\"},\"isPartOf\":{\"@id\":\"https:\\\/\\\/www.encontrajequie.com.br\\\/sobre\\\/inscricoes-para-concurso-do-coren-ba-em-jequie-vao-ate-17-de-marco\\\/#webpage\"},\"articleSection\":\"Not\\u00edcias Jequi\\u00e9\"},{\"@type\":\"BreadcrumbList\",\"@id\":\"https:\\\/\\\/www.encontrajequie.com.br\\\/sobre\\\/inscricoes-para-concurso-do-coren-ba-em-jequie-vao-ate-17-de-marco\\\/#breadcrumblist\",\"itemListElement\":[{\"@type\":\"ListItem\",\"@id\":\"https:\\\/\\\/www.encontrajequie.com.br\\\/sobre#listItem\",\"position\":1,\"name\":\"Home\",\"item\":\"https:\\\/\\\/www.encontrajequie.com.br\\\/sobre\",\"nextItem\":{\"@type\":\"ListItem\",\"@id\":\"https:\\\/\\\/www.encontrajequie.com.br\\\/sobre\\\/noticias-em-jequie\\\/#listItem\",\"name\":\"Not\\u00edcias Jequi\\u00e9\"}},{\"@type\":\"ListItem\",\"@id\":\"https:\\\/\\\/www.encontrajequie.com.br\\\/sobre\\\/noticias-em-jequie\\\/#listItem\",\"position\":2,\"name\":\"Not\\u00edcias Jequi\\u00e9\",\"item\":\"https:\\\/\\\/www.encontrajequie.com.br\\\/sobre\\\/noticias-em-jequie\\\/\",\"nextItem\":{\"@type\":\"ListItem\",\"@id\":\"https:\\\/\\\/www.encontrajequie.com.br\\\/sobre\\\/inscricoes-para-concurso-do-coren-ba-em-jequie-vao-ate-17-de-marco\\\/#listItem\",\"name\":\"Inscri\\u00e7\\u00f5es para concurso do Coren-BA em Jequi\\u00e9 v\\u00e3o at\\u00e9 17 de mar\\u00e7o\"},\"previousItem\":{\"@type\":\"ListItem\",\"@id\":\"https:\\\/\\\/www.encontrajequie.com.br\\\/sobre#listItem\",\"name\":\"Home\"}},{\"@type\":\"ListItem\",\"@id\":\"https:\\\/\\\/www.encontrajequie.com.br\\\/sobre\\\/inscricoes-para-concurso-do-coren-ba-em-jequie-vao-ate-17-de-marco\\\/#listItem\",\"position\":3,\"name\":\"Inscri\\u00e7\\u00f5es para concurso do Coren-BA em Jequi\\u00e9 v\\u00e3o at\\u00e9 17 de mar\\u00e7o\",\"previousItem\":{\"@type\":\"ListItem\",\"@id\":\"https:\\\/\\\/www.encontrajequie.com.br\\\/sobre\\\/noticias-em-jequie\\\/#listItem\",\"name\":\"Not\\u00edcias Jequi\\u00e9\"}}]},{\"@type\":\"Organization\",\"@id\":\"https:\\\/\\\/www.encontrajequie.com.br\\\/sobre\\\/#organization\",\"name\":\"Encontra Jequi\\u00e9\",\"description\":\"Not\\u00edcias, eventos, informa\\u00e7\\u00f5es e dicas na cidade de Jequi\\u00e9 e regi\\u00e3o.\",\"url\":\"https:\\\/\\\/www.encontrajequie.com.br\\\/sobre\\\/\"},{\"@type\":\"Person\",\"@id\":\"https:\\\/\\\/www.encontrajequie.com.br\\\/sobre\\\/author\\\/ejequie\\\/#author\",\"url\":\"https:\\\/\\\/www.encontrajequie.com.br\\\/sobre\\\/author\\\/ejequie\\\/\",\"name\":\"Encontra Jequi\\u00e9\",\"image\":{\"@type\":\"ImageObject\",\"@id\":\"https:\\\/\\\/www.encontrajequie.com.br\\\/sobre\\\/inscricoes-para-concurso-do-coren-ba-em-jequie-vao-ate-17-de-marco\\\/#authorImage\",\"url\":\"https:\\\/\\\/secure.gravatar.com\\\/avatar\\\/507340682b8270222e1f208e23198b6ae7e2c6a1033ae84e99bc6bce4f82a387?s=96&d=mm&r=g\",\"width\":96,\"height\":96,\"caption\":\"Encontra Jequi\\u00e9\"}},{\"@type\":\"WebPage\",\"@id\":\"https:\\\/\\\/www.encontrajequie.com.br\\\/sobre\\\/inscricoes-para-concurso-do-coren-ba-em-jequie-vao-ate-17-de-marco\\\/#webpage\",\"url\":\"https:\\\/\\\/www.encontrajequie.com.br\\\/sobre\\\/inscricoes-para-concurso-do-coren-ba-em-jequie-vao-ate-17-de-marco\\\/\",\"name\":\"Inscri\\u00e7\\u00f5es para concurso do Coren-BA em Jequi\\u00e9 v\\u00e3o at\\u00e9 17 de mar\\u00e7o | Encontra Jequi\\u00e9\",\"description\":\"As inscri\\u00e7\\u00f5es do concurso p\\u00fablico do Conselho Regional de Enfermagem da Bahia (Coren-Ba), destinado ao provimento de 19 vagas efetivas e forma\\u00e7\\u00e3o de cadastro de reserva, est\\u00e3o abertas at\\u00e9 as 23h59 do dia 17 de mar\\u00e7o. Os candidatos devem garantir participa\\u00e7\\u00e3o exclusivamente pelo site do Instituto Quadrix. A taxa \\u00e9 de R$ 42 para n\\u00edvel\",\"inLanguage\":\"pt-BR\",\"isPartOf\":{\"@id\":\"https:\\\/\\\/www.encontrajequie.com.br\\\/sobre\\\/#website\"},\"breadcrumb\":{\"@id\":\"https:\\\/\\\/www.encontrajequie.com.br\\\/sobre\\\/inscricoes-para-concurso-do-coren-ba-em-jequie-vao-ate-17-de-marco\\\/#breadcrumblist\"},\"author\":{\"@id\":\"https:\\\/\\\/www.encontrajequie.com.br\\\/sobre\\\/author\\\/ejequie\\\/#author\"},\"creator\":{\"@id\":\"https:\\\/\\\/www.encontrajequie.com.br\\\/sobre\\\/author\\\/ejequie\\\/#author\"},\"datePublished\":\"2014-02-21T11:59:52-03:00\",\"dateModified\":\"2019-04-29T17:42:06-03:00\"},{\"@type\":\"WebSite\",\"@id\":\"https:\\\/\\\/www.encontrajequie.com.br\\\/sobre\\\/#website\",\"url\":\"https:\\\/\\\/www.encontrajequie.com.br\\\/sobre\\\/\",\"name\":\"Encontra Jequi\\u00e9\",\"description\":\"Not\\u00edcias, eventos, informa\\u00e7\\u00f5es e dicas na cidade de Jequi\\u00e9 e regi\\u00e3o.\",\"inLanguage\":\"pt-BR\",\"publisher\":{\"@id\":\"https:\\\/\\\/www.encontrajequie.com.br\\\/sobre\\\/#organization\"}}]}\n\t\t<\/script>\n\t\t<!-- All in One SEO -->\n\n","aioseo_head_json":{"title":"Inscri\u00e7\u00f5es para concurso do Coren-BA em Jequi\u00e9 v\u00e3o at\u00e9 17 de mar\u00e7o | Encontra Jequi\u00e9","description":"As inscri\u00e7\u00f5es do concurso p\u00fablico do Conselho Regional de Enfermagem da Bahia (Coren-Ba), destinado ao provimento de 19 vagas efetivas e forma\u00e7\u00e3o de cadastro de reserva, est\u00e3o abertas at\u00e9 as 23h59 do dia 17 de mar\u00e7o. Os candidatos devem garantir participa\u00e7\u00e3o exclusivamente pelo site do Instituto Quadrix. A taxa \u00e9 de R$ 42 para n\u00edvel","canonical_url":"https:\/\/www.encontrajequie.com.br\/sobre\/inscricoes-para-concurso-do-coren-ba-em-jequie-vao-ate-17-de-marco\/","robots":"max-image-preview:large","keywords":"","webmasterTools":{"miscellaneous":""},"schema":{"@context":"https:\/\/schema.org","@graph":[{"@type":"Article","@id":"https:\/\/www.encontrajequie.com.br\/sobre\/inscricoes-para-concurso-do-coren-ba-em-jequie-vao-ate-17-de-marco\/#article","name":"Inscri\u00e7\u00f5es para concurso do Coren-BA em Jequi\u00e9 v\u00e3o at\u00e9 17 de mar\u00e7o | Encontra Jequi\u00e9","headline":"Inscri\u00e7\u00f5es para concurso do Coren-BA em Jequi\u00e9 v\u00e3o at\u00e9 17 de mar\u00e7o","author":{"@id":"https:\/\/www.encontrajequie.com.br\/sobre\/author\/ejequie\/#author"},"publisher":{"@id":"https:\/\/www.encontrajequie.com.br\/sobre\/#organization"},"datePublished":"2014-02-21T11:59:52-03:00","dateModified":"2019-04-29T17:42:06-03:00","inLanguage":"pt-BR","mainEntityOfPage":{"@id":"https:\/\/www.encontrajequie.com.br\/sobre\/inscricoes-para-concurso-do-coren-ba-em-jequie-vao-ate-17-de-marco\/#webpage"},"isPartOf":{"@id":"https:\/\/www.encontrajequie.com.br\/sobre\/inscricoes-para-concurso-do-coren-ba-em-jequie-vao-ate-17-de-marco\/#webpage"},"articleSection":"Not\u00edcias Jequi\u00e9"},{"@type":"BreadcrumbList","@id":"https:\/\/www.encontrajequie.com.br\/sobre\/inscricoes-para-concurso-do-coren-ba-em-jequie-vao-ate-17-de-marco\/#breadcrumblist","itemListElement":[{"@type":"ListItem","@id":"https:\/\/www.encontrajequie.com.br\/sobre#listItem","position":1,"name":"Home","item":"https:\/\/www.encontrajequie.com.br\/sobre","nextItem":{"@type":"ListItem","@id":"https:\/\/www.encontrajequie.com.br\/sobre\/noticias-em-jequie\/#listItem","name":"Not\u00edcias Jequi\u00e9"}},{"@type":"ListItem","@id":"https:\/\/www.encontrajequie.com.br\/sobre\/noticias-em-jequie\/#listItem","position":2,"name":"Not\u00edcias Jequi\u00e9","item":"https:\/\/www.encontrajequie.com.br\/sobre\/noticias-em-jequie\/","nextItem":{"@type":"ListItem","@id":"https:\/\/www.encontrajequie.com.br\/sobre\/inscricoes-para-concurso-do-coren-ba-em-jequie-vao-ate-17-de-marco\/#listItem","name":"Inscri\u00e7\u00f5es para concurso do Coren-BA em Jequi\u00e9 v\u00e3o at\u00e9 17 de mar\u00e7o"},"previousItem":{"@type":"ListItem","@id":"https:\/\/www.encontrajequie.com.br\/sobre#listItem","name":"Home"}},{"@type":"ListItem","@id":"https:\/\/www.encontrajequie.com.br\/sobre\/inscricoes-para-concurso-do-coren-ba-em-jequie-vao-ate-17-de-marco\/#listItem","position":3,"name":"Inscri\u00e7\u00f5es para concurso do Coren-BA em Jequi\u00e9 v\u00e3o at\u00e9 17 de mar\u00e7o","previousItem":{"@type":"ListItem","@id":"https:\/\/www.encontrajequie.com.br\/sobre\/noticias-em-jequie\/#listItem","name":"Not\u00edcias Jequi\u00e9"}}]},{"@type":"Organization","@id":"https:\/\/www.encontrajequie.com.br\/sobre\/#organization","name":"Encontra Jequi\u00e9","description":"Not\u00edcias, eventos, informa\u00e7\u00f5es e dicas na cidade de Jequi\u00e9 e regi\u00e3o.","url":"https:\/\/www.encontrajequie.com.br\/sobre\/"},{"@type":"Person","@id":"https:\/\/www.encontrajequie.com.br\/sobre\/author\/ejequie\/#author","url":"https:\/\/www.encontrajequie.com.br\/sobre\/author\/ejequie\/","name":"Encontra Jequi\u00e9","image":{"@type":"ImageObject","@id":"https:\/\/www.encontrajequie.com.br\/sobre\/inscricoes-para-concurso-do-coren-ba-em-jequie-vao-ate-17-de-marco\/#authorImage","url":"https:\/\/secure.gravatar.com\/avatar\/507340682b8270222e1f208e23198b6ae7e2c6a1033ae84e99bc6bce4f82a387?s=96&d=mm&r=g","width":96,"height":96,"caption":"Encontra Jequi\u00e9"}},{"@type":"WebPage","@id":"https:\/\/www.encontrajequie.com.br\/sobre\/inscricoes-para-concurso-do-coren-ba-em-jequie-vao-ate-17-de-marco\/#webpage","url":"https:\/\/www.encontrajequie.com.br\/sobre\/inscricoes-para-concurso-do-coren-ba-em-jequie-vao-ate-17-de-marco\/","name":"Inscri\u00e7\u00f5es para concurso do Coren-BA em Jequi\u00e9 v\u00e3o at\u00e9 17 de mar\u00e7o | Encontra Jequi\u00e9","description":"As inscri\u00e7\u00f5es do concurso p\u00fablico do Conselho Regional de Enfermagem da Bahia (Coren-Ba), destinado ao provimento de 19 vagas efetivas e forma\u00e7\u00e3o de cadastro de reserva, est\u00e3o abertas at\u00e9 as 23h59 do dia 17 de mar\u00e7o. Os candidatos devem garantir participa\u00e7\u00e3o exclusivamente pelo site do Instituto Quadrix. A taxa \u00e9 de R$ 42 para n\u00edvel","inLanguage":"pt-BR","isPartOf":{"@id":"https:\/\/www.encontrajequie.com.br\/sobre\/#website"},"breadcrumb":{"@id":"https:\/\/www.encontrajequie.com.br\/sobre\/inscricoes-para-concurso-do-coren-ba-em-jequie-vao-ate-17-de-marco\/#breadcrumblist"},"author":{"@id":"https:\/\/www.encontrajequie.com.br\/sobre\/author\/ejequie\/#author"},"creator":{"@id":"https:\/\/www.encontrajequie.com.br\/sobre\/author\/ejequie\/#author"},"datePublished":"2014-02-21T11:59:52-03:00","dateModified":"2019-04-29T17:42:06-03:00"},{"@type":"WebSite","@id":"https:\/\/www.encontrajequie.com.br\/sobre\/#website","url":"https:\/\/www.encontrajequie.com.br\/sobre\/","name":"Encontra Jequi\u00e9","description":"Not\u00edcias, eventos, informa\u00e7\u00f5es e dicas na cidade de Jequi\u00e9 e regi\u00e3o.","inLanguage":"pt-BR","publisher":{"@id":"https:\/\/www.encontrajequie.com.br\/sobre\/#organization"}}]},"og:locale":"pt_BR","og:site_name":"Encontra Jequi\u00e9 | Not\u00edcias, eventos, informa\u00e7\u00f5es e dicas na cidade de Jequi\u00e9 e regi\u00e3o.","og:type":"article","og:title":"Inscri\u00e7\u00f5es para concurso do Coren-BA em Jequi\u00e9 v\u00e3o at\u00e9 17 de mar\u00e7o | Encontra Jequi\u00e9","og:description":"As inscri\u00e7\u00f5es do concurso p\u00fablico do Conselho Regional de Enfermagem da Bahia (Coren-Ba), destinado ao provimento de 19 vagas efetivas e forma\u00e7\u00e3o de cadastro de reserva, est\u00e3o abertas at\u00e9 as 23h59 do dia 17 de mar\u00e7o. Os candidatos devem garantir participa\u00e7\u00e3o exclusivamente pelo site do Instituto Quadrix. A taxa \u00e9 de R$ 42 para n\u00edvel","og:url":"https:\/\/www.encontrajequie.com.br\/sobre\/inscricoes-para-concurso-do-coren-ba-em-jequie-vao-ate-17-de-marco\/","article:published_time":"2014-02-21T11:59:52+00:00","article:modified_time":"2019-04-29T20:42:06+00:00","twitter:card":"summary_large_image","twitter:title":"Inscri\u00e7\u00f5es para concurso do Coren-BA em Jequi\u00e9 v\u00e3o at\u00e9 17 de mar\u00e7o | Encontra Jequi\u00e9","twitter:description":"As inscri\u00e7\u00f5es do concurso p\u00fablico do Conselho Regional de Enfermagem da Bahia (Coren-Ba), destinado ao provimento de 19 vagas efetivas e forma\u00e7\u00e3o de cadastro de reserva, est\u00e3o abertas at\u00e9 as 23h59 do dia 17 de mar\u00e7o. Os candidatos devem garantir participa\u00e7\u00e3o exclusivamente pelo site do Instituto Quadrix. A taxa \u00e9 de R$ 42 para n\u00edvel"},"aioseo_meta_data":{"post_id":"57","title":null,"description":null,"keywords":null,"keyphrases":null,"primary_term":null,"canonical_url":null,"og_title":null,"og_description":null,"og_object_type":"default","og_image_type":"default","og_image_url":null,"og_image_width":null,"og_image_height":null,"og_image_custom_url":null,"og_image_custom_fields":null,"og_video":null,"og_custom_url":null,"og_article_section":null,"og_article_tags":null,"twitter_use_og":false,"twitter_card":"default","twitter_image_type":"default","twitter_image_url":null,"twitter_image_custom_url":null,"twitter_image_custom_fields":null,"twitter_title":null,"twitter_description":null,"schema":{"blockGraphs":[],"customGraphs":[],"default":{"data":{"Article":[],"Course":[],"Dataset":[],"FAQPage":[],"Movie":[],"Person":[],"Product":[],"ProductReview":[],"Car":[],"Recipe":[],"Service":[],"SoftwareApplication":[],"WebPage":[]},"graphName":"","isEnabled":true},"graphs":[]},"schema_type":"default","schema_type_options":null,"pillar_content":false,"robots_default":true,"robots_noindex":false,"robots_noarchive":false,"robots_nosnippet":false,"robots_nofollow":false,"robots_noimageindex":false,"robots_noodp":false,"robots_notranslate":false,"robots_max_snippet":null,"robots_max_videopreview":null,"robots_max_imagepreview":"large","priority":null,"frequency":null,"local_seo":null,"breadcrumb_settings":null,"limit_modified_date":false,"ai":null,"created":"2025-03-25 18:47:54","updated":"2025-06-16 20:47:48","focus_keyword":null,"additional_keywords":null,"truseo_locale":null,"seo_analyzer_scan_date":null},"aioseo_breadcrumb":"<div class=\"aioseo-breadcrumbs\"><span class=\"aioseo-breadcrumb\">\n\t\t\t<a href=\"https:\/\/www.encontrajequie.com.br\/sobre\" title=\"Home\">Home<\/a>\n\t\t<\/span><span class=\"aioseo-breadcrumb-separator\">&raquo;<\/span><span class=\"aioseo-breadcrumb\">\n\t\t\t<a href=\"https:\/\/www.encontrajequie.com.br\/sobre\/noticias-em-jequie\/\" title=\"Not\u00edcias Jequi\u00e9\">Not\u00edcias Jequi\u00e9<\/a>\n\t\t<\/span><span class=\"aioseo-breadcrumb-separator\">&raquo;<\/span><span class=\"aioseo-breadcrumb\">\n\t\t\tInscri\u00e7\u00f5es para concurso do Coren-BA em Jequi\u00e9 v\u00e3o at\u00e9 17 de mar\u00e7o\n\t\t<\/span><\/div>","aioseo_breadcrumb_json":[{"label":"Home","link":"https:\/\/www.encontrajequie.com.br\/sobre"},{"label":"Not\u00edcias Jequi\u00e9","link":"https:\/\/www.encontrajequie.com.br\/sobre\/noticias-em-jequie\/"},{"label":"Inscri\u00e7\u00f5es para concurso do Coren-BA em Jequi\u00e9 v\u00e3o at\u00e9 17 de mar\u00e7o","link":"https:\/\/www.encontrajequie.com.br\/sobre\/inscricoes-para-concurso-do-coren-ba-em-jequie-vao-ate-17-de-marco\/"}],"_links":{"self":[{"href":"https:\/\/www.encontrajequie.com.br\/sobre\/wp-json\/wp\/v2\/posts\/57","targetHints":{"allow":["GET"]}}],"collection":[{"href":"https:\/\/www.encontrajequie.com.br\/sobre\/wp-json\/wp\/v2\/posts"}],"about":[{"href":"https:\/\/www.encontrajequie.com.br\/sobre\/wp-json\/wp\/v2\/types\/post"}],"author":[{"embeddable":true,"href":"https:\/\/www.encontrajequie.com.br\/sobre\/wp-json\/wp\/v2\/users\/1"}],"replies":[{"embeddable":true,"href":"https:\/\/www.encontrajequie.com.br\/sobre\/wp-json\/wp\/v2\/comments?post=57"}],"version-history":[{"count":1,"href":"https:\/\/www.encontrajequie.com.br\/sobre\/wp-json\/wp\/v2\/posts\/57\/revisions"}],"predecessor-version":[{"id":58,"href":"https:\/\/www.encontrajequie.com.br\/sobre\/wp-json\/wp\/v2\/posts\/57\/revisions\/58"}],"wp:attachment":[{"href":"https:\/\/www.encontrajequie.com.br\/sobre\/wp-json\/wp\/v2\/media?parent=57"}],"wp:term":[{"taxonomy":"category","embeddable":true,"href":"https:\/\/www.encontrajequie.com.br\/sobre\/wp-json\/wp\/v2\/categories?post=57"},{"taxonomy":"post_tag","embeddable":true,"href":"https:\/\/www.encontrajequie.com.br\/sobre\/wp-json\/wp\/v2\/tags?post=57"}],"curies":[{"name":"wp","href":"https:\/\/api.w.org\/{rel}","templated":true}]}}