{"id":682,"date":"2026-02-04T03:49:32","date_gmt":"2026-02-04T06:49:32","guid":{"rendered":"https:\/\/www.encontrajequie.com.br\/sobre\/jequie-deve-ter-um-dia-com-tempo-fechado-neste-sabado-31\/"},"modified":"2026-02-04T03:49:32","modified_gmt":"2026-02-04T06:49:32","slug":"jequie-deve-ter-um-dia-com-tempo-fechado-neste-sabado-31","status":"publish","type":"post","link":"https:\/\/www.encontrajequie.com.br\/sobre\/jequie-deve-ter-um-dia-com-tempo-fechado-neste-sabado-31\/","title":{"rendered":"Jequi\u00e9 deve ter um dia com tempo fechado neste s\u00e1bado (31)"},"content":{"rendered":"<div class=\"30cf832dc5940d4704f66d0ed9a44050\" data-index=\"1\" style=\"float: none; margin:0px;\">\n<!-- Anuncio display - global -->\r\n<ins class=\"adsbygoogle\"\r\n     style=\"display:block\"\r\n     data-ad-client=\"ca-pub-8585364105181520\"\r\n     data-ad-slot=\"8789329856\"\r\n     data-ad-format=\"auto\"\r\n     data-full-width-responsive=\"true\"><\/ins>\r\n<script>\r\n     (adsbygoogle = window.adsbygoogle || []).push({});\r\n<\/script>\n<\/div>\n<h2>Condi\u00e7\u00f5es Climat\u00e9ricas em Jequi\u00e9<\/h2>\n<p>No pr\u00f3ximo s\u00e1bado, dia 31, a cidade de Jequi\u00e9, na Bahia, dever\u00e1 apresentar um clima predominantemente fechado. De acordo com as informa\u00e7\u00f5es do Instituto Nacional de Meteorologia (INMET), a previs\u00e3o indica que as temperaturas oscilar\u00e3o entre 20\u00b0C e 33\u00b0C, com altas chances de umidade e cobertura de nuvens durante todo o dia.<\/p>\n<h2>Temperaturas ao Longo do Dia<\/h2>\n<p>Durante as primeiras horas da madrugada, as temperaturas em Jequi\u00e9 estar\u00e3o em torno de 20\u00b0C, proporcionando um ambiente fresco. \u00c0 medida que o dia avan\u00e7a, a temperatura come\u00e7ar\u00e1 a aumentar, atingindo o pico de 33\u00b0C ao longo da tarde. Ao anoitecer, \u00e9 esperado que o term\u00f4metro se estabilize novamente em 20\u00b0C, fechando o dia com um clima agrad\u00e1vel.<\/p>\n<h2>Previs\u00e3o de Umidade Relativa do Ar<\/h2>\n<p>A umidade relativa do ar em Jequi\u00e9 dever\u00e1 apresentar varia\u00e7\u00f5es durante o dia. As estimativas apontam que a umidade pode alcan\u00e7ar n\u00edveis de 100% nas horas da manh\u00e3, especialmente em momentos de chuvas, enquanto nos per\u00edodos mais secos, especialmente \u00e0 tarde, os \u00edndices podem cair para cerca de 40%, tornando o ar mais leve.<\/p>\n<p><img decoding=\"async\" src=\"https:\/\/www.encontrajequie.com.br\/sobre\/wp-content\/uploads\/2026\/02\/jequie-deve-ter-um-dia-com-tempo-fechado-neste-sabado-31.webp\" alt=\"tempo fechado em Jequi\u00e9\" loading=\"lazy\" \/><\/p>\n<h2>Dire\u00e7\u00e3o e Intensidade do Vento<\/h2>\n<p>Os ventos em Jequi\u00e9 estar\u00e3o predominantemente fracos, com dire\u00e7\u00e3o do leste para o nordeste ao longo do dia. O nascer do sol est\u00e1 previsto para ocorrer \u00e0s 05h33 e o p\u00f4r do sol deve acontecer \u00e0s 18h16, marcando um ciclo di\u00e1rio t\u00edpico da regi\u00e3o.<\/p>\n<h2>Melhores Hor\u00e1rios para Atividades Externas<\/h2>\n<p>Considerando as condi\u00e7\u00f5es clim\u00e1ticas e as varia\u00e7\u00f5es de temperatura, os melhores hor\u00e1rios para realizar atividades ao ar livre em Jequi\u00e9 seriam nas primeiras horas da manh\u00e3 e ao anoitecer, quando as temperaturas s\u00e3o mais amenas e a umidade, embora alta, n\u00e3o est\u00e1 no seu pico.<\/p>\n<h2>Previs\u00f5es para os Pr\u00f3ximos Dias<\/h2>\n<p>A previs\u00e3o para os dias seguintes tamb\u00e9m demonstra a possibilidade de chuvas em \u00e1reas espec\u00edficas da cidade, com as temperaturas aguardadas variando entre 20\u00b0C e 35\u00b0C. Veja a previs\u00e3o:<\/p>\n<ul>\n<li><strong>Segunda-feira (02\/02\/2026):<\/strong> temperaturas entre 20\u00b0C e 33\u00b0C, com c\u00e9u nublado.<\/li>\n<li><strong>Ter\u00e7a-feira (03\/02\/2026):<\/strong> temperaturas entre 20\u00b0C e 34\u00b0C, expectativa de tempo \u00famido.<\/li>\n<\/ul>\n<h2>Impactos do Tempo Fechado na Rotina Local<\/h2>\n<p>O tempo fechado pode impactar diversas atividades na cidade de Jequi\u00e9. As chuvas frequentes e a umidade elevada podem dificultar o deslocamento e a realiza\u00e7\u00e3o de atividades ao ar livre. Contudo, isso tamb\u00e9m cria uma oportunidade para atividades indoor, como cinemas e estabelecimentos que oferecem servi\u00e7os de entrega, al\u00e9m de proporcionar um ambiente prop\u00edcio para encontros familiares e sociais dentro de casa.<\/p>\n<h2>Dicas para Aproveitar o Dia na Cidade<\/h2>\n<p>Para quem deseja aproveitar o dia mesmo com a previs\u00e3o de tempo fechado em Jequi\u00e9, seguem algumas sugest\u00f5es:<\/p>\n<ul>\n<li><strong>Visite Museus e Centros Culturais:<\/strong> Aproveite para conhecer mais sobre a hist\u00f3ria e a cultura local.<\/li>\n<li><strong>Caf\u00e9s e Restaurantes:<\/strong> Experimente novos lugares para saborear a culin\u00e1ria local.<\/li>\n<li><strong>Atividades F\u00edsicas em Locais Cobertos:<\/strong> Se estiver buscando se exercitar, opte por academias ou espa\u00e7os fechados que ofere\u00e7am atividades.<\/li>\n<li><strong>Leitura e Cinema:<\/strong> Um bom livro ou um bom filme podem ser uma \u00f3tima maneira de passar o tempo.<\/li>\n<\/ul>\n<h2>Rela\u00e7\u00e3o entre Clima e Sa\u00fade<\/h2>\n<p>O clima influencia diretamente a sa\u00fade das pessoas. Dias nublados e \u00famidos podem provocar desconforto em pessoas com problemas respirat\u00f3rios e alergias. Portanto, \u00e9 importante estar atento aos sinais do corpo e se resguardar em ambientes mais seguros durante os per\u00edodos de alta umidade e poss\u00edveis chuvas. Hidratar-se adequadamente e evitar sa\u00eddas desnecess\u00e1rias em dias de temporais \u00e9 uma maneira eficiente de preservar a sa\u00fade.<\/p>\n<h2>Import\u00e2ncia da Previs\u00e3o do Tempo<\/h2>\n<p>A previs\u00e3o do tempo desempenha um papel essencial nas atividades di\u00e1rias da popula\u00e7\u00e3o. Conhecer as condi\u00e7\u00f5es clim\u00e1ticas permite que os habitantes de Jequi\u00e9 se preparem adequadamente, garantindo a seguran\u00e7a e o bem-estar em sua rotina. Planejar-se de acordo com a previs\u00e3o pode evitar surpresas indesejadas e aumentar a efic\u00e1cia da programa\u00e7\u00e3o di\u00e1ria, seja para trabalho, lazer ou compromissos pessoais.<\/p>\n\n<div style=\"font-size: 0px; height: 0px; line-height: 0px; margin: 0; padding: 0; clear: both;\"><\/div>","protected":false},"excerpt":{"rendered":"<p>Jequi\u00e9 ter\u00e1 um dia com tempo fechado e temperaturas entre 20\u00b0C e 33\u00b0C.<\/p>\n","protected":false},"author":1,"featured_media":681,"comment_status":"open","ping_status":"closed","sticky":false,"template":"","format":"standard","meta":{"footnotes":""},"categories":[1],"tags":[],"class_list":["post-682","post","type-post","status-publish","format-standard","has-post-thumbnail","hentry","category-noticias-em-jequie","has_thumb"],"aioseo_notices":[],"aioseo_head":"\n\t\t<!-- All in One SEO 5.0.0.1 - aioseo.com -->\n\t<meta name=\"description\" content=\"Jequi\u00e9 ter\u00e1 um dia com tempo fechado e temperaturas entre 20\u00b0C e 33\u00b0C.\" \/>\n\t<meta name=\"robots\" content=\"max-image-preview:large\" \/>\n\t<meta name=\"author\" content=\"Encontra Jequi\u00e9\"\/>\n\t<link rel=\"canonical\" href=\"https:\/\/www.encontrajequie.com.br\/sobre\/jequie-deve-ter-um-dia-com-tempo-fechado-neste-sabado-31\/\" \/>\n\t<meta name=\"generator\" content=\"All in One SEO (AIOSEO) 5.0.0.1\" \/>\n\t\t<meta property=\"og:locale\" content=\"pt_BR\" \/>\n\t\t<meta property=\"og:site_name\" content=\"Encontra Jequi\u00e9 | Not\u00edcias, eventos, informa\u00e7\u00f5es e dicas na cidade de Jequi\u00e9 e regi\u00e3o.\" \/>\n\t\t<meta property=\"og:type\" content=\"article\" \/>\n\t\t<meta property=\"og:title\" content=\"Jequi\u00e9 deve ter um dia com tempo fechado neste s\u00e1bado (31) | Encontra Jequi\u00e9\" \/>\n\t\t<meta property=\"og:description\" content=\"Jequi\u00e9 ter\u00e1 um dia com tempo fechado e temperaturas entre 20\u00b0C e 33\u00b0C.\" \/>\n\t\t<meta property=\"og:url\" content=\"https:\/\/www.encontrajequie.com.br\/sobre\/jequie-deve-ter-um-dia-com-tempo-fechado-neste-sabado-31\/\" \/>\n\t\t<meta property=\"article:published_time\" content=\"2026-02-04T06:49:32+00:00\" \/>\n\t\t<meta property=\"article:modified_time\" content=\"2026-02-04T06:49:32+00:00\" \/>\n\t\t<meta name=\"twitter:card\" content=\"summary_large_image\" \/>\n\t\t<meta name=\"twitter:title\" content=\"Jequi\u00e9 deve ter um dia com tempo fechado neste s\u00e1bado (31) | Encontra Jequi\u00e9\" \/>\n\t\t<meta name=\"twitter:description\" content=\"Jequi\u00e9 ter\u00e1 um dia com tempo fechado e temperaturas entre 20\u00b0C e 33\u00b0C.\" \/>\n\t\t<script type=\"application\/ld+json\" class=\"aioseo-schema\">\n\t\t\t{\"@context\":\"https:\\\/\\\/schema.org\",\"@graph\":[{\"@type\":\"Article\",\"@id\":\"https:\\\/\\\/www.encontrajequie.com.br\\\/sobre\\\/jequie-deve-ter-um-dia-com-tempo-fechado-neste-sabado-31\\\/#article\",\"name\":\"Jequi\\u00e9 deve ter um dia com tempo fechado neste s\\u00e1bado (31) | Encontra Jequi\\u00e9\",\"headline\":\"Jequi\\u00e9 deve ter um dia com tempo fechado neste s\\u00e1bado (31)\",\"author\":{\"@id\":\"https:\\\/\\\/www.encontrajequie.com.br\\\/sobre\\\/author\\\/ejequie\\\/#author\"},\"publisher\":{\"@id\":\"https:\\\/\\\/www.encontrajequie.com.br\\\/sobre\\\/#organization\"},\"image\":{\"@type\":\"ImageObject\",\"url\":\"https:\\\/\\\/www.encontrajequie.com.br\\\/sobre\\\/wp-content\\\/uploads\\\/2026\\\/02\\\/jequie-deve-ter-um-dia-com-tempo-fechado-neste-sabado-31.webp\",\"width\":280,\"height\":280,\"caption\":\"tempo fechado em Jequi\\u00e9\"},\"datePublished\":\"2026-02-04T03:49:32-03:00\",\"dateModified\":\"2026-02-04T03:49:32-03:00\",\"inLanguage\":\"pt-BR\",\"mainEntityOfPage\":{\"@id\":\"https:\\\/\\\/www.encontrajequie.com.br\\\/sobre\\\/jequie-deve-ter-um-dia-com-tempo-fechado-neste-sabado-31\\\/#webpage\"},\"isPartOf\":{\"@id\":\"https:\\\/\\\/www.encontrajequie.com.br\\\/sobre\\\/jequie-deve-ter-um-dia-com-tempo-fechado-neste-sabado-31\\\/#webpage\"},\"articleSection\":\"Not\\u00edcias Jequi\\u00e9\"},{\"@type\":\"BreadcrumbList\",\"@id\":\"https:\\\/\\\/www.encontrajequie.com.br\\\/sobre\\\/jequie-deve-ter-um-dia-com-tempo-fechado-neste-sabado-31\\\/#breadcrumblist\",\"itemListElement\":[{\"@type\":\"ListItem\",\"@id\":\"https:\\\/\\\/www.encontrajequie.com.br\\\/sobre#listItem\",\"position\":1,\"name\":\"Home\",\"item\":\"https:\\\/\\\/www.encontrajequie.com.br\\\/sobre\",\"nextItem\":{\"@type\":\"ListItem\",\"@id\":\"https:\\\/\\\/www.encontrajequie.com.br\\\/sobre\\\/noticias-em-jequie\\\/#listItem\",\"name\":\"Not\\u00edcias Jequi\\u00e9\"}},{\"@type\":\"ListItem\",\"@id\":\"https:\\\/\\\/www.encontrajequie.com.br\\\/sobre\\\/noticias-em-jequie\\\/#listItem\",\"position\":2,\"name\":\"Not\\u00edcias Jequi\\u00e9\",\"item\":\"https:\\\/\\\/www.encontrajequie.com.br\\\/sobre\\\/noticias-em-jequie\\\/\",\"nextItem\":{\"@type\":\"ListItem\",\"@id\":\"https:\\\/\\\/www.encontrajequie.com.br\\\/sobre\\\/jequie-deve-ter-um-dia-com-tempo-fechado-neste-sabado-31\\\/#listItem\",\"name\":\"Jequi\\u00e9 deve ter um dia com tempo fechado neste s\\u00e1bado (31)\"},\"previousItem\":{\"@type\":\"ListItem\",\"@id\":\"https:\\\/\\\/www.encontrajequie.com.br\\\/sobre#listItem\",\"name\":\"Home\"}},{\"@type\":\"ListItem\",\"@id\":\"https:\\\/\\\/www.encontrajequie.com.br\\\/sobre\\\/jequie-deve-ter-um-dia-com-tempo-fechado-neste-sabado-31\\\/#listItem\",\"position\":3,\"name\":\"Jequi\\u00e9 deve ter um dia com tempo fechado neste s\\u00e1bado (31)\",\"previousItem\":{\"@type\":\"ListItem\",\"@id\":\"https:\\\/\\\/www.encontrajequie.com.br\\\/sobre\\\/noticias-em-jequie\\\/#listItem\",\"name\":\"Not\\u00edcias Jequi\\u00e9\"}}]},{\"@type\":\"Organization\",\"@id\":\"https:\\\/\\\/www.encontrajequie.com.br\\\/sobre\\\/#organization\",\"name\":\"Encontra Jequi\\u00e9\",\"description\":\"Not\\u00edcias, eventos, informa\\u00e7\\u00f5es e dicas na cidade de Jequi\\u00e9 e regi\\u00e3o.\",\"url\":\"https:\\\/\\\/www.encontrajequie.com.br\\\/sobre\\\/\"},{\"@type\":\"Person\",\"@id\":\"https:\\\/\\\/www.encontrajequie.com.br\\\/sobre\\\/author\\\/ejequie\\\/#author\",\"url\":\"https:\\\/\\\/www.encontrajequie.com.br\\\/sobre\\\/author\\\/ejequie\\\/\",\"name\":\"Encontra Jequi\\u00e9\",\"image\":{\"@type\":\"ImageObject\",\"@id\":\"https:\\\/\\\/www.encontrajequie.com.br\\\/sobre\\\/jequie-deve-ter-um-dia-com-tempo-fechado-neste-sabado-31\\\/#authorImage\",\"url\":\"https:\\\/\\\/secure.gravatar.com\\\/avatar\\\/507340682b8270222e1f208e23198b6ae7e2c6a1033ae84e99bc6bce4f82a387?s=96&d=mm&r=g\",\"width\":96,\"height\":96,\"caption\":\"Encontra Jequi\\u00e9\"}},{\"@type\":\"WebPage\",\"@id\":\"https:\\\/\\\/www.encontrajequie.com.br\\\/sobre\\\/jequie-deve-ter-um-dia-com-tempo-fechado-neste-sabado-31\\\/#webpage\",\"url\":\"https:\\\/\\\/www.encontrajequie.com.br\\\/sobre\\\/jequie-deve-ter-um-dia-com-tempo-fechado-neste-sabado-31\\\/\",\"name\":\"Jequi\\u00e9 deve ter um dia com tempo fechado neste s\\u00e1bado (31) | Encontra Jequi\\u00e9\",\"description\":\"Jequi\\u00e9 ter\\u00e1 um dia com tempo fechado e temperaturas entre 20\\u00b0C e 33\\u00b0C.\",\"inLanguage\":\"pt-BR\",\"isPartOf\":{\"@id\":\"https:\\\/\\\/www.encontrajequie.com.br\\\/sobre\\\/#website\"},\"breadcrumb\":{\"@id\":\"https:\\\/\\\/www.encontrajequie.com.br\\\/sobre\\\/jequie-deve-ter-um-dia-com-tempo-fechado-neste-sabado-31\\\/#breadcrumblist\"},\"author\":{\"@id\":\"https:\\\/\\\/www.encontrajequie.com.br\\\/sobre\\\/author\\\/ejequie\\\/#author\"},\"creator\":{\"@id\":\"https:\\\/\\\/www.encontrajequie.com.br\\\/sobre\\\/author\\\/ejequie\\\/#author\"},\"image\":{\"@type\":\"ImageObject\",\"url\":\"https:\\\/\\\/www.encontrajequie.com.br\\\/sobre\\\/wp-content\\\/uploads\\\/2026\\\/02\\\/jequie-deve-ter-um-dia-com-tempo-fechado-neste-sabado-31.webp\",\"@id\":\"https:\\\/\\\/www.encontrajequie.com.br\\\/sobre\\\/jequie-deve-ter-um-dia-com-tempo-fechado-neste-sabado-31\\\/#mainImage\",\"width\":280,\"height\":280,\"caption\":\"tempo fechado em Jequi\\u00e9\"},\"primaryImageOfPage\":{\"@id\":\"https:\\\/\\\/www.encontrajequie.com.br\\\/sobre\\\/jequie-deve-ter-um-dia-com-tempo-fechado-neste-sabado-31\\\/#mainImage\"},\"datePublished\":\"2026-02-04T03:49:32-03:00\",\"dateModified\":\"2026-02-04T03:49:32-03:00\"},{\"@type\":\"WebSite\",\"@id\":\"https:\\\/\\\/www.encontrajequie.com.br\\\/sobre\\\/#website\",\"url\":\"https:\\\/\\\/www.encontrajequie.com.br\\\/sobre\\\/\",\"name\":\"Encontra Jequi\\u00e9\",\"description\":\"Not\\u00edcias, eventos, informa\\u00e7\\u00f5es e dicas na cidade de Jequi\\u00e9 e regi\\u00e3o.\",\"inLanguage\":\"pt-BR\",\"publisher\":{\"@id\":\"https:\\\/\\\/www.encontrajequie.com.br\\\/sobre\\\/#organization\"}}]}\n\t\t<\/script>\n\t\t<!-- All in One SEO -->\n\n","aioseo_head_json":{"title":"Jequi\u00e9 deve ter um dia com tempo fechado neste s\u00e1bado (31) | Encontra Jequi\u00e9","description":"Jequi\u00e9 ter\u00e1 um dia com tempo fechado e temperaturas entre 20\u00b0C e 33\u00b0C.","canonical_url":"https:\/\/www.encontrajequie.com.br\/sobre\/jequie-deve-ter-um-dia-com-tempo-fechado-neste-sabado-31\/","robots":"max-image-preview:large","keywords":"","webmasterTools":{"miscellaneous":""},"schema":{"@context":"https:\/\/schema.org","@graph":[{"@type":"Article","@id":"https:\/\/www.encontrajequie.com.br\/sobre\/jequie-deve-ter-um-dia-com-tempo-fechado-neste-sabado-31\/#article","name":"Jequi\u00e9 deve ter um dia com tempo fechado neste s\u00e1bado (31) | Encontra Jequi\u00e9","headline":"Jequi\u00e9 deve ter um dia com tempo fechado neste s\u00e1bado (31)","author":{"@id":"https:\/\/www.encontrajequie.com.br\/sobre\/author\/ejequie\/#author"},"publisher":{"@id":"https:\/\/www.encontrajequie.com.br\/sobre\/#organization"},"image":{"@type":"ImageObject","url":"https:\/\/www.encontrajequie.com.br\/sobre\/wp-content\/uploads\/2026\/02\/jequie-deve-ter-um-dia-com-tempo-fechado-neste-sabado-31.webp","width":280,"height":280,"caption":"tempo fechado em Jequi\u00e9"},"datePublished":"2026-02-04T03:49:32-03:00","dateModified":"2026-02-04T03:49:32-03:00","inLanguage":"pt-BR","mainEntityOfPage":{"@id":"https:\/\/www.encontrajequie.com.br\/sobre\/jequie-deve-ter-um-dia-com-tempo-fechado-neste-sabado-31\/#webpage"},"isPartOf":{"@id":"https:\/\/www.encontrajequie.com.br\/sobre\/jequie-deve-ter-um-dia-com-tempo-fechado-neste-sabado-31\/#webpage"},"articleSection":"Not\u00edcias Jequi\u00e9"},{"@type":"BreadcrumbList","@id":"https:\/\/www.encontrajequie.com.br\/sobre\/jequie-deve-ter-um-dia-com-tempo-fechado-neste-sabado-31\/#breadcrumblist","itemListElement":[{"@type":"ListItem","@id":"https:\/\/www.encontrajequie.com.br\/sobre#listItem","position":1,"name":"Home","item":"https:\/\/www.encontrajequie.com.br\/sobre","nextItem":{"@type":"ListItem","@id":"https:\/\/www.encontrajequie.com.br\/sobre\/noticias-em-jequie\/#listItem","name":"Not\u00edcias Jequi\u00e9"}},{"@type":"ListItem","@id":"https:\/\/www.encontrajequie.com.br\/sobre\/noticias-em-jequie\/#listItem","position":2,"name":"Not\u00edcias Jequi\u00e9","item":"https:\/\/www.encontrajequie.com.br\/sobre\/noticias-em-jequie\/","nextItem":{"@type":"ListItem","@id":"https:\/\/www.encontrajequie.com.br\/sobre\/jequie-deve-ter-um-dia-com-tempo-fechado-neste-sabado-31\/#listItem","name":"Jequi\u00e9 deve ter um dia com tempo fechado neste s\u00e1bado (31)"},"previousItem":{"@type":"ListItem","@id":"https:\/\/www.encontrajequie.com.br\/sobre#listItem","name":"Home"}},{"@type":"ListItem","@id":"https:\/\/www.encontrajequie.com.br\/sobre\/jequie-deve-ter-um-dia-com-tempo-fechado-neste-sabado-31\/#listItem","position":3,"name":"Jequi\u00e9 deve ter um dia com tempo fechado neste s\u00e1bado (31)","previousItem":{"@type":"ListItem","@id":"https:\/\/www.encontrajequie.com.br\/sobre\/noticias-em-jequie\/#listItem","name":"Not\u00edcias Jequi\u00e9"}}]},{"@type":"Organization","@id":"https:\/\/www.encontrajequie.com.br\/sobre\/#organization","name":"Encontra Jequi\u00e9","description":"Not\u00edcias, eventos, informa\u00e7\u00f5es e dicas na cidade de Jequi\u00e9 e regi\u00e3o.","url":"https:\/\/www.encontrajequie.com.br\/sobre\/"},{"@type":"Person","@id":"https:\/\/www.encontrajequie.com.br\/sobre\/author\/ejequie\/#author","url":"https:\/\/www.encontrajequie.com.br\/sobre\/author\/ejequie\/","name":"Encontra Jequi\u00e9","image":{"@type":"ImageObject","@id":"https:\/\/www.encontrajequie.com.br\/sobre\/jequie-deve-ter-um-dia-com-tempo-fechado-neste-sabado-31\/#authorImage","url":"https:\/\/secure.gravatar.com\/avatar\/507340682b8270222e1f208e23198b6ae7e2c6a1033ae84e99bc6bce4f82a387?s=96&d=mm&r=g","width":96,"height":96,"caption":"Encontra Jequi\u00e9"}},{"@type":"WebPage","@id":"https:\/\/www.encontrajequie.com.br\/sobre\/jequie-deve-ter-um-dia-com-tempo-fechado-neste-sabado-31\/#webpage","url":"https:\/\/www.encontrajequie.com.br\/sobre\/jequie-deve-ter-um-dia-com-tempo-fechado-neste-sabado-31\/","name":"Jequi\u00e9 deve ter um dia com tempo fechado neste s\u00e1bado (31) | Encontra Jequi\u00e9","description":"Jequi\u00e9 ter\u00e1 um dia com tempo fechado e temperaturas entre 20\u00b0C e 33\u00b0C.","inLanguage":"pt-BR","isPartOf":{"@id":"https:\/\/www.encontrajequie.com.br\/sobre\/#website"},"breadcrumb":{"@id":"https:\/\/www.encontrajequie.com.br\/sobre\/jequie-deve-ter-um-dia-com-tempo-fechado-neste-sabado-31\/#breadcrumblist"},"author":{"@id":"https:\/\/www.encontrajequie.com.br\/sobre\/author\/ejequie\/#author"},"creator":{"@id":"https:\/\/www.encontrajequie.com.br\/sobre\/author\/ejequie\/#author"},"image":{"@type":"ImageObject","url":"https:\/\/www.encontrajequie.com.br\/sobre\/wp-content\/uploads\/2026\/02\/jequie-deve-ter-um-dia-com-tempo-fechado-neste-sabado-31.webp","@id":"https:\/\/www.encontrajequie.com.br\/sobre\/jequie-deve-ter-um-dia-com-tempo-fechado-neste-sabado-31\/#mainImage","width":280,"height":280,"caption":"tempo fechado em Jequi\u00e9"},"primaryImageOfPage":{"@id":"https:\/\/www.encontrajequie.com.br\/sobre\/jequie-deve-ter-um-dia-com-tempo-fechado-neste-sabado-31\/#mainImage"},"datePublished":"2026-02-04T03:49:32-03:00","dateModified":"2026-02-04T03:49:32-03:00"},{"@type":"WebSite","@id":"https:\/\/www.encontrajequie.com.br\/sobre\/#website","url":"https:\/\/www.encontrajequie.com.br\/sobre\/","name":"Encontra Jequi\u00e9","description":"Not\u00edcias, eventos, informa\u00e7\u00f5es e dicas na cidade de Jequi\u00e9 e regi\u00e3o.","inLanguage":"pt-BR","publisher":{"@id":"https:\/\/www.encontrajequie.com.br\/sobre\/#organization"}}]},"og:locale":"pt_BR","og:site_name":"Encontra Jequi\u00e9 | Not\u00edcias, eventos, informa\u00e7\u00f5es e dicas na cidade de Jequi\u00e9 e regi\u00e3o.","og:type":"article","og:title":"Jequi\u00e9 deve ter um dia com tempo fechado neste s\u00e1bado (31) | Encontra Jequi\u00e9","og:description":"Jequi\u00e9 ter\u00e1 um dia com tempo fechado e temperaturas entre 20\u00b0C e 33\u00b0C.","og:url":"https:\/\/www.encontrajequie.com.br\/sobre\/jequie-deve-ter-um-dia-com-tempo-fechado-neste-sabado-31\/","article:published_time":"2026-02-04T06:49:32+00:00","article:modified_time":"2026-02-04T06:49:32+00:00","twitter:card":"summary_large_image","twitter:title":"Jequi\u00e9 deve ter um dia com tempo fechado neste s\u00e1bado (31) | Encontra Jequi\u00e9","twitter:description":"Jequi\u00e9 ter\u00e1 um dia com tempo fechado e temperaturas entre 20\u00b0C e 33\u00b0C."},"aioseo_meta_data":{"post_id":"682","title":null,"description":null,"keywords":null,"keyphrases":null,"primary_term":null,"canonical_url":null,"og_title":null,"og_description":null,"og_object_type":"default","og_image_type":"default","og_image_url":null,"og_image_width":null,"og_image_height":null,"og_image_custom_url":null,"og_image_custom_fields":null,"og_video":null,"og_custom_url":null,"og_article_section":null,"og_article_tags":null,"twitter_use_og":false,"twitter_card":"default","twitter_image_type":"default","twitter_image_url":null,"twitter_image_custom_url":null,"twitter_image_custom_fields":null,"twitter_title":null,"twitter_description":null,"schema":{"blockGraphs":[],"customGraphs":[],"default":{"data":{"Article":[],"Course":[],"Dataset":[],"FAQPage":[],"Movie":[],"Person":[],"Product":[],"ProductReview":[],"Car":[],"Recipe":[],"Service":[],"SoftwareApplication":[],"WebPage":[]},"graphName":"Article","isEnabled":true},"graphs":[]},"schema_type":"default","schema_type_options":null,"pillar_content":false,"robots_default":true,"robots_noindex":false,"robots_noarchive":false,"robots_nosnippet":false,"robots_nofollow":false,"robots_noimageindex":false,"robots_noodp":false,"robots_notranslate":false,"robots_max_snippet":null,"robots_max_videopreview":null,"robots_max_imagepreview":"large","priority":null,"frequency":null,"local_seo":null,"breadcrumb_settings":null,"limit_modified_date":false,"ai":null,"created":"2026-02-04 06:49:35","updated":"2026-02-04 06:57:50","focus_keyword":null,"additional_keywords":null,"truseo_locale":null,"seo_analyzer_scan_date":null},"aioseo_breadcrumb":"<div class=\"aioseo-breadcrumbs\"><span class=\"aioseo-breadcrumb\">\n\t\t\t<a href=\"https:\/\/www.encontrajequie.com.br\/sobre\" title=\"Home\">Home<\/a>\n\t\t<\/span><span class=\"aioseo-breadcrumb-separator\">&raquo;<\/span><span class=\"aioseo-breadcrumb\">\n\t\t\t<a href=\"https:\/\/www.encontrajequie.com.br\/sobre\/noticias-em-jequie\/\" title=\"Not\u00edcias Jequi\u00e9\">Not\u00edcias Jequi\u00e9<\/a>\n\t\t<\/span><span class=\"aioseo-breadcrumb-separator\">&raquo;<\/span><span class=\"aioseo-breadcrumb\">\n\t\t\tJequi\u00e9 deve ter um dia com tempo fechado neste s\u00e1bado (31)\n\t\t<\/span><\/div>","aioseo_breadcrumb_json":[{"label":"Home","link":"https:\/\/www.encontrajequie.com.br\/sobre"},{"label":"Not\u00edcias Jequi\u00e9","link":"https:\/\/www.encontrajequie.com.br\/sobre\/noticias-em-jequie\/"},{"label":"Jequi\u00e9 deve ter um dia com tempo fechado neste s\u00e1bado (31)","link":"https:\/\/www.encontrajequie.com.br\/sobre\/jequie-deve-ter-um-dia-com-tempo-fechado-neste-sabado-31\/"}],"_links":{"self":[{"href":"https:\/\/www.encontrajequie.com.br\/sobre\/wp-json\/wp\/v2\/posts\/682","targetHints":{"allow":["GET"]}}],"collection":[{"href":"https:\/\/www.encontrajequie.com.br\/sobre\/wp-json\/wp\/v2\/posts"}],"about":[{"href":"https:\/\/www.encontrajequie.com.br\/sobre\/wp-json\/wp\/v2\/types\/post"}],"author":[{"embeddable":true,"href":"https:\/\/www.encontrajequie.com.br\/sobre\/wp-json\/wp\/v2\/users\/1"}],"replies":[{"embeddable":true,"href":"https:\/\/www.encontrajequie.com.br\/sobre\/wp-json\/wp\/v2\/comments?post=682"}],"version-history":[{"count":0,"href":"https:\/\/www.encontrajequie.com.br\/sobre\/wp-json\/wp\/v2\/posts\/682\/revisions"}],"wp:featuredmedia":[{"embeddable":true,"href":"https:\/\/www.encontrajequie.com.br\/sobre\/wp-json\/wp\/v2\/media\/681"}],"wp:attachment":[{"href":"https:\/\/www.encontrajequie.com.br\/sobre\/wp-json\/wp\/v2\/media?parent=682"}],"wp:term":[{"taxonomy":"category","embeddable":true,"href":"https:\/\/www.encontrajequie.com.br\/sobre\/wp-json\/wp\/v2\/categories?post=682"},{"taxonomy":"post_tag","embeddable":true,"href":"https:\/\/www.encontrajequie.com.br\/sobre\/wp-json\/wp\/v2\/tags?post=682"}],"curies":[{"name":"wp","href":"https:\/\/api.w.org\/{rel}","templated":true}]}}