{"id":691,"date":"2026-02-06T03:42:33","date_gmt":"2026-02-06T06:42:33","guid":{"rendered":"https:\/\/www.encontrajequie.com.br\/sobre\/prefeitura-de-jequie-promove-formacao-para-profissionais-da-educacao-especial\/"},"modified":"2026-02-06T03:42:33","modified_gmt":"2026-02-06T06:42:33","slug":"prefeitura-de-jequie-promove-formacao-para-profissionais-da-educacao-especial","status":"publish","type":"post","link":"https:\/\/www.encontrajequie.com.br\/sobre\/prefeitura-de-jequie-promove-formacao-para-profissionais-da-educacao-especial\/","title":{"rendered":"Prefeitura de Jequi\u00e9 promove forma\u00e7\u00e3o para profissionais da Educa\u00e7\u00e3o Especial"},"content":{"rendered":"<div class=\"30cf832dc5940d4704f66d0ed9a44050\" data-index=\"1\" style=\"float: none; margin:0px;\">\n<!-- Anuncio display - global -->\r\n<ins class=\"adsbygoogle\"\r\n     style=\"display:block\"\r\n     data-ad-client=\"ca-pub-8585364105181520\"\r\n     data-ad-slot=\"8789329856\"\r\n     data-ad-format=\"auto\"\r\n     data-full-width-responsive=\"true\"><\/ins>\r\n<script>\r\n     (adsbygoogle = window.adsbygoogle || []).push({});\r\n<\/script>\n<\/div>\n<h2>Forma\u00e7\u00e3o na Educa\u00e7\u00e3o Especial<\/h2>\n<p>No dia 4 de fevereiro de 2026, a Prefeitura de Jequi\u00e9, atrav\u00e9s da Secretaria de Educa\u00e7\u00e3o, organizou uma forma\u00e7\u00e3o dedicada a profissionais envolvidos na Educa\u00e7\u00e3o Especial dentro do Sistema Municipal de Ensino. A atividade teve lugar na manh\u00e3 da quarta-feira, reunindo diversos participantes que desempenham fun\u00e7\u00f5es essenciais no apoio a esses estudantes. Estiveram presentes a secret\u00e1ria de Educa\u00e7\u00e3o, Elvia Sampaio, e outros membros da equipe da Secretaria, incluindo diretores de departamentos pedag\u00f3gicos e administrativos, gestores e coordenadores pedag\u00f3gicos.<\/p>\n<h2>Import\u00e2ncia da Educa\u00e7\u00e3o Inclusiva<\/h2>\n<p>A promo\u00e7\u00e3o de uma educa\u00e7\u00e3o inclusiva \u00e9 fundamental para garantir que todos os estudantes tenham acesso ao aprendizado em um ambiente adaptado \u00e0s suas necessidades. A forma\u00e7\u00e3o realizada em Jequi\u00e9 refor\u00e7a a import\u00e2ncia de integrar as pr\u00e1ticas educacionais que respeitam as especificidades dos alunos da Educa\u00e7\u00e3o Especial. A educa\u00e7\u00e3o inclusiva n\u00e3o apenas beneficia os alunos com defici\u00eancias, mas tamb\u00e9m enriquece o ambiente escolar como um todo, promovendo a diversidade e a empatia entre os alunos.<\/p>\n<h2>Profissionais de Apoio na Educa\u00e7\u00e3o<\/h2>\n<p>Os profissionais de apoio desempenham um papel crucial na implementa\u00e7\u00e3o da Educa\u00e7\u00e3o Especial. Eles trabalham em colabora\u00e7\u00e3o com os professores, ajudando na adapta\u00e7\u00e3o do curr\u00edculo e no suporte individualizado que cada aluno necessita. A forma\u00e7\u00e3o abordou as responsabilidades e limites desses profissionais, enfatizando a import\u00e2ncia do trabalho conjunto para criar um ambiente de aprendizado que favore\u00e7a a inclus\u00e3o e o desenvolvimento de todos os alunos.<\/p>\n<p><img decoding=\"async\" src=\"https:\/\/www.encontrajequie.com.br\/sobre\/wp-content\/uploads\/2026\/02\/prefeitura-de-jequie-promove-formacao-para-profissionais-da-educacao-especial.webp\" alt=\"Educa\u00e7\u00e3o Especial\" loading=\"lazy\" \/><\/p>\n<h2>Aspectos Legais e \u00c9ticos<\/h2>\n<p>Durante a forma\u00e7\u00e3o, foram discutidos os aspectos legais que regulam a Educa\u00e7\u00e3o Especial no Brasil, como a Lei Brasileira de Inclus\u00e3o e as diretrizes do Minist\u00e9rio da Educa\u00e7\u00e3o. Estes documentos fornecem uma base s\u00f3lida que orienta a pr\u00e1tica pedag\u00f3gica, garantido o direito \u00e0 educa\u00e7\u00e3o de qualidade para todos. Al\u00e9m disso, foram abordados aspectos \u00e9ticos que guiam a atua\u00e7\u00e3o dos profissionais, como o respeito \u00e0 individualidade e \u00e0 dignidade dos alunos.<\/p>\n<h2>Integra\u00e7\u00e3o com Professores e Fam\u00edlias<\/h2>\n<p>A coordena\u00e7\u00e3o e a comunica\u00e7\u00e3o entre professores, fam\u00edlia e profissionais de apoio s\u00e3o fundamentais para o sucesso na Educa\u00e7\u00e3o Especial. A forma\u00e7\u00e3o enfatizou a import\u00e2ncia de manter um di\u00e1logo aberto, onde todos os envolvidos possam compartilhar informa\u00e7\u00f5es sobre o desenvolvimento e as necessidades dos alunos. Essa troca \u00e9 vital para a constru\u00e7\u00e3o de estrat\u00e9gias que promovam a inclus\u00e3o e o sucesso escolar.<\/p>\n<h2>Desenvolvimento Profissional Cont\u00ednuo<\/h2>\n<p>O compromisso com a forma\u00e7\u00e3o cont\u00ednua dos profissionais de apoio foi um dos temas centrais da atividade. A secret\u00e1ria de Educa\u00e7\u00e3o, Elvia Sampaio, ressaltou que essa \u00e9 uma estrat\u00e9gia fundamental para fortalecer a atua\u00e7\u00e3o e garantir um atendimento de qualidade. Forma\u00e7\u00e3o constante \u00e9 essencial para que esses profissionais se mantenham atualizados sobre novas metodologias e abordagens pedag\u00f3gicas que podem beneficiar os alunos da Educa\u00e7\u00e3o Especial.<\/p>\n<h2>Avan\u00e7os na Educa\u00e7\u00e3o Especial<\/h2>\n<p>A realiza\u00e7\u00e3o de a\u00e7\u00f5es como a forma\u00e7\u00e3o da Prefeitura de Jequi\u00e9 demonstra um avan\u00e7o significativo em dire\u00e7\u00e3o \u00e0 melhoria da educa\u00e7\u00e3o para todos, especialmente para aqueles com necessidades especiais. A troca de conhecimento entre os profissionais promove um ambiente mais colaborativo e inovador, o que \u00e9 essencial para a evolu\u00e7\u00e3o das pr\u00e1ticas educativas dirigidas aos alunos da Educa\u00e7\u00e3o Especial.<\/p>\n<h2>Metodologias de Apoio Pedag\u00f3gico<\/h2>\n<p>Foram exploradas diversas metodologias que podem ser aplicadas para apoiar pedagogicamente os alunos da Educa\u00e7\u00e3o Especial. O foco est\u00e1 em pr\u00e1ticas que respeitem a individualidade de cada estudante, oferecendo alternativas que se adequem \u00e0s suas habilidades e desafios. Essas metodologias devem ser constantemente revisadas e ajustadas para que possam ser eficazes e promover a aprendizagem significativa.<\/p>\n<h2>Compromisso com a Inclus\u00e3o<\/h2>\n<p>O comprometimento com a inclus\u00e3o deve ser uma prioridade nas pr\u00e1ticas educativas. Isso significa garantir que todos os alunos tenham acesso a recursos, espa\u00e7o e oportunidades que favore\u00e7am seu aprendizado. A forma\u00e7\u00e3o em Jequi\u00e9 refor\u00e7a esse compromisso, preparando a equipe educacional para atender de maneira mais eficaz \u00e0s demandas de cada aluno, respeitando suas singularidades.<\/p>\n<h2>Resultados Esperados da Forma\u00e7\u00e3o<\/h2>\n<p>Os resultados esperados a partir dessa forma\u00e7\u00e3o s\u00e3o diversos e significativos. Espera-se que, ao final, os profissionais de apoio se sintam mais preparados e capacitados para atender \u00e0s demandas dos alunos da Educa\u00e7\u00e3o Especial. Al\u00e9m disso, o fortalecimento da intera\u00e7\u00e3o entre as diferentes partes envolvidas no processo educativo deve refletir em um ambiente escolar melhor adaptado e mais inclusivo. Com uma forma\u00e7\u00e3o s\u00f3lida, todos ganham, especialmente os alunos, que podem se desenvolver em um espa\u00e7o que valorize suas particularidades.<\/p>\n\n<div style=\"font-size: 0px; height: 0px; line-height: 0px; margin: 0; padding: 0; clear: both;\"><\/div>","protected":false},"excerpt":{"rendered":"<p>Prefeitura de Jequi\u00e9 promove forma\u00e7\u00e3o inovadora na Educa\u00e7\u00e3o Especial.<\/p>\n","protected":false},"author":1,"featured_media":690,"comment_status":"open","ping_status":"closed","sticky":false,"template":"","format":"standard","meta":{"footnotes":""},"categories":[1],"tags":[],"class_list":["post-691","post","type-post","status-publish","format-standard","has-post-thumbnail","hentry","category-noticias-em-jequie","has_thumb"],"aioseo_notices":[],"aioseo_head":"\n\t\t<!-- All in One SEO 5.0.0.1 - aioseo.com -->\n\t<meta name=\"description\" content=\"Prefeitura de Jequi\u00e9 promove forma\u00e7\u00e3o inovadora na Educa\u00e7\u00e3o Especial.\" \/>\n\t<meta name=\"robots\" content=\"max-image-preview:large\" \/>\n\t<meta name=\"author\" content=\"Encontra Jequi\u00e9\"\/>\n\t<link rel=\"canonical\" href=\"https:\/\/www.encontrajequie.com.br\/sobre\/prefeitura-de-jequie-promove-formacao-para-profissionais-da-educacao-especial\/\" \/>\n\t<meta name=\"generator\" content=\"All in One SEO (AIOSEO) 5.0.0.1\" \/>\n\t\t<meta property=\"og:locale\" content=\"pt_BR\" \/>\n\t\t<meta property=\"og:site_name\" content=\"Encontra Jequi\u00e9 | Not\u00edcias, eventos, informa\u00e7\u00f5es e dicas na cidade de Jequi\u00e9 e regi\u00e3o.\" \/>\n\t\t<meta property=\"og:type\" content=\"article\" \/>\n\t\t<meta property=\"og:title\" content=\"Prefeitura de Jequi\u00e9 promove forma\u00e7\u00e3o para profissionais da Educa\u00e7\u00e3o Especial | Encontra Jequi\u00e9\" \/>\n\t\t<meta property=\"og:description\" content=\"Prefeitura de Jequi\u00e9 promove forma\u00e7\u00e3o inovadora na Educa\u00e7\u00e3o Especial.\" \/>\n\t\t<meta property=\"og:url\" content=\"https:\/\/www.encontrajequie.com.br\/sobre\/prefeitura-de-jequie-promove-formacao-para-profissionais-da-educacao-especial\/\" \/>\n\t\t<meta property=\"article:published_time\" content=\"2026-02-06T06:42:33+00:00\" \/>\n\t\t<meta property=\"article:modified_time\" content=\"2026-02-06T06:42:33+00:00\" \/>\n\t\t<meta name=\"twitter:card\" content=\"summary_large_image\" \/>\n\t\t<meta name=\"twitter:title\" content=\"Prefeitura de Jequi\u00e9 promove forma\u00e7\u00e3o para profissionais da Educa\u00e7\u00e3o Especial | Encontra Jequi\u00e9\" \/>\n\t\t<meta name=\"twitter:description\" content=\"Prefeitura de Jequi\u00e9 promove forma\u00e7\u00e3o inovadora na Educa\u00e7\u00e3o Especial.\" \/>\n\t\t<script type=\"application\/ld+json\" class=\"aioseo-schema\">\n\t\t\t{\"@context\":\"https:\\\/\\\/schema.org\",\"@graph\":[{\"@type\":\"Article\",\"@id\":\"https:\\\/\\\/www.encontrajequie.com.br\\\/sobre\\\/prefeitura-de-jequie-promove-formacao-para-profissionais-da-educacao-especial\\\/#article\",\"name\":\"Prefeitura de Jequi\\u00e9 promove forma\\u00e7\\u00e3o para profissionais da Educa\\u00e7\\u00e3o Especial | Encontra Jequi\\u00e9\",\"headline\":\"Prefeitura de Jequi\\u00e9 promove forma\\u00e7\\u00e3o para profissionais da Educa\\u00e7\\u00e3o Especial\",\"author\":{\"@id\":\"https:\\\/\\\/www.encontrajequie.com.br\\\/sobre\\\/author\\\/ejequie\\\/#author\"},\"publisher\":{\"@id\":\"https:\\\/\\\/www.encontrajequie.com.br\\\/sobre\\\/#organization\"},\"image\":{\"@type\":\"ImageObject\",\"url\":\"https:\\\/\\\/www.encontrajequie.com.br\\\/sobre\\\/wp-content\\\/uploads\\\/2026\\\/02\\\/prefeitura-de-jequie-promove-formacao-para-profissionais-da-educacao-especial.webp\",\"width\":280,\"height\":280,\"caption\":\"Educa\\u00e7\\u00e3o Especial\"},\"datePublished\":\"2026-02-06T03:42:33-03:00\",\"dateModified\":\"2026-02-06T03:42:33-03:00\",\"inLanguage\":\"pt-BR\",\"mainEntityOfPage\":{\"@id\":\"https:\\\/\\\/www.encontrajequie.com.br\\\/sobre\\\/prefeitura-de-jequie-promove-formacao-para-profissionais-da-educacao-especial\\\/#webpage\"},\"isPartOf\":{\"@id\":\"https:\\\/\\\/www.encontrajequie.com.br\\\/sobre\\\/prefeitura-de-jequie-promove-formacao-para-profissionais-da-educacao-especial\\\/#webpage\"},\"articleSection\":\"Not\\u00edcias Jequi\\u00e9\"},{\"@type\":\"BreadcrumbList\",\"@id\":\"https:\\\/\\\/www.encontrajequie.com.br\\\/sobre\\\/prefeitura-de-jequie-promove-formacao-para-profissionais-da-educacao-especial\\\/#breadcrumblist\",\"itemListElement\":[{\"@type\":\"ListItem\",\"@id\":\"https:\\\/\\\/www.encontrajequie.com.br\\\/sobre#listItem\",\"position\":1,\"name\":\"Home\",\"item\":\"https:\\\/\\\/www.encontrajequie.com.br\\\/sobre\",\"nextItem\":{\"@type\":\"ListItem\",\"@id\":\"https:\\\/\\\/www.encontrajequie.com.br\\\/sobre\\\/noticias-em-jequie\\\/#listItem\",\"name\":\"Not\\u00edcias Jequi\\u00e9\"}},{\"@type\":\"ListItem\",\"@id\":\"https:\\\/\\\/www.encontrajequie.com.br\\\/sobre\\\/noticias-em-jequie\\\/#listItem\",\"position\":2,\"name\":\"Not\\u00edcias Jequi\\u00e9\",\"item\":\"https:\\\/\\\/www.encontrajequie.com.br\\\/sobre\\\/noticias-em-jequie\\\/\",\"nextItem\":{\"@type\":\"ListItem\",\"@id\":\"https:\\\/\\\/www.encontrajequie.com.br\\\/sobre\\\/prefeitura-de-jequie-promove-formacao-para-profissionais-da-educacao-especial\\\/#listItem\",\"name\":\"Prefeitura de Jequi\\u00e9 promove forma\\u00e7\\u00e3o para profissionais da Educa\\u00e7\\u00e3o Especial\"},\"previousItem\":{\"@type\":\"ListItem\",\"@id\":\"https:\\\/\\\/www.encontrajequie.com.br\\\/sobre#listItem\",\"name\":\"Home\"}},{\"@type\":\"ListItem\",\"@id\":\"https:\\\/\\\/www.encontrajequie.com.br\\\/sobre\\\/prefeitura-de-jequie-promove-formacao-para-profissionais-da-educacao-especial\\\/#listItem\",\"position\":3,\"name\":\"Prefeitura de Jequi\\u00e9 promove forma\\u00e7\\u00e3o para profissionais da Educa\\u00e7\\u00e3o Especial\",\"previousItem\":{\"@type\":\"ListItem\",\"@id\":\"https:\\\/\\\/www.encontrajequie.com.br\\\/sobre\\\/noticias-em-jequie\\\/#listItem\",\"name\":\"Not\\u00edcias Jequi\\u00e9\"}}]},{\"@type\":\"Organization\",\"@id\":\"https:\\\/\\\/www.encontrajequie.com.br\\\/sobre\\\/#organization\",\"name\":\"Encontra Jequi\\u00e9\",\"description\":\"Not\\u00edcias, eventos, informa\\u00e7\\u00f5es e dicas na cidade de Jequi\\u00e9 e regi\\u00e3o.\",\"url\":\"https:\\\/\\\/www.encontrajequie.com.br\\\/sobre\\\/\"},{\"@type\":\"Person\",\"@id\":\"https:\\\/\\\/www.encontrajequie.com.br\\\/sobre\\\/author\\\/ejequie\\\/#author\",\"url\":\"https:\\\/\\\/www.encontrajequie.com.br\\\/sobre\\\/author\\\/ejequie\\\/\",\"name\":\"Encontra Jequi\\u00e9\",\"image\":{\"@type\":\"ImageObject\",\"@id\":\"https:\\\/\\\/www.encontrajequie.com.br\\\/sobre\\\/prefeitura-de-jequie-promove-formacao-para-profissionais-da-educacao-especial\\\/#authorImage\",\"url\":\"https:\\\/\\\/secure.gravatar.com\\\/avatar\\\/507340682b8270222e1f208e23198b6ae7e2c6a1033ae84e99bc6bce4f82a387?s=96&d=mm&r=g\",\"width\":96,\"height\":96,\"caption\":\"Encontra Jequi\\u00e9\"}},{\"@type\":\"WebPage\",\"@id\":\"https:\\\/\\\/www.encontrajequie.com.br\\\/sobre\\\/prefeitura-de-jequie-promove-formacao-para-profissionais-da-educacao-especial\\\/#webpage\",\"url\":\"https:\\\/\\\/www.encontrajequie.com.br\\\/sobre\\\/prefeitura-de-jequie-promove-formacao-para-profissionais-da-educacao-especial\\\/\",\"name\":\"Prefeitura de Jequi\\u00e9 promove forma\\u00e7\\u00e3o para profissionais da Educa\\u00e7\\u00e3o Especial | Encontra Jequi\\u00e9\",\"description\":\"Prefeitura de Jequi\\u00e9 promove forma\\u00e7\\u00e3o inovadora na Educa\\u00e7\\u00e3o Especial.\",\"inLanguage\":\"pt-BR\",\"isPartOf\":{\"@id\":\"https:\\\/\\\/www.encontrajequie.com.br\\\/sobre\\\/#website\"},\"breadcrumb\":{\"@id\":\"https:\\\/\\\/www.encontrajequie.com.br\\\/sobre\\\/prefeitura-de-jequie-promove-formacao-para-profissionais-da-educacao-especial\\\/#breadcrumblist\"},\"author\":{\"@id\":\"https:\\\/\\\/www.encontrajequie.com.br\\\/sobre\\\/author\\\/ejequie\\\/#author\"},\"creator\":{\"@id\":\"https:\\\/\\\/www.encontrajequie.com.br\\\/sobre\\\/author\\\/ejequie\\\/#author\"},\"image\":{\"@type\":\"ImageObject\",\"url\":\"https:\\\/\\\/www.encontrajequie.com.br\\\/sobre\\\/wp-content\\\/uploads\\\/2026\\\/02\\\/prefeitura-de-jequie-promove-formacao-para-profissionais-da-educacao-especial.webp\",\"@id\":\"https:\\\/\\\/www.encontrajequie.com.br\\\/sobre\\\/prefeitura-de-jequie-promove-formacao-para-profissionais-da-educacao-especial\\\/#mainImage\",\"width\":280,\"height\":280,\"caption\":\"Educa\\u00e7\\u00e3o Especial\"},\"primaryImageOfPage\":{\"@id\":\"https:\\\/\\\/www.encontrajequie.com.br\\\/sobre\\\/prefeitura-de-jequie-promove-formacao-para-profissionais-da-educacao-especial\\\/#mainImage\"},\"datePublished\":\"2026-02-06T03:42:33-03:00\",\"dateModified\":\"2026-02-06T03:42:33-03:00\"},{\"@type\":\"WebSite\",\"@id\":\"https:\\\/\\\/www.encontrajequie.com.br\\\/sobre\\\/#website\",\"url\":\"https:\\\/\\\/www.encontrajequie.com.br\\\/sobre\\\/\",\"name\":\"Encontra Jequi\\u00e9\",\"description\":\"Not\\u00edcias, eventos, informa\\u00e7\\u00f5es e dicas na cidade de Jequi\\u00e9 e regi\\u00e3o.\",\"inLanguage\":\"pt-BR\",\"publisher\":{\"@id\":\"https:\\\/\\\/www.encontrajequie.com.br\\\/sobre\\\/#organization\"}}]}\n\t\t<\/script>\n\t\t<!-- All in One SEO -->\n\n","aioseo_head_json":{"title":"Prefeitura de Jequi\u00e9 promove forma\u00e7\u00e3o para profissionais da Educa\u00e7\u00e3o Especial | Encontra Jequi\u00e9","description":"Prefeitura de Jequi\u00e9 promove forma\u00e7\u00e3o inovadora na Educa\u00e7\u00e3o Especial.","canonical_url":"https:\/\/www.encontrajequie.com.br\/sobre\/prefeitura-de-jequie-promove-formacao-para-profissionais-da-educacao-especial\/","robots":"max-image-preview:large","keywords":"","webmasterTools":{"miscellaneous":""},"schema":{"@context":"https:\/\/schema.org","@graph":[{"@type":"Article","@id":"https:\/\/www.encontrajequie.com.br\/sobre\/prefeitura-de-jequie-promove-formacao-para-profissionais-da-educacao-especial\/#article","name":"Prefeitura de Jequi\u00e9 promove forma\u00e7\u00e3o para profissionais da Educa\u00e7\u00e3o Especial | Encontra Jequi\u00e9","headline":"Prefeitura de Jequi\u00e9 promove forma\u00e7\u00e3o para profissionais da Educa\u00e7\u00e3o Especial","author":{"@id":"https:\/\/www.encontrajequie.com.br\/sobre\/author\/ejequie\/#author"},"publisher":{"@id":"https:\/\/www.encontrajequie.com.br\/sobre\/#organization"},"image":{"@type":"ImageObject","url":"https:\/\/www.encontrajequie.com.br\/sobre\/wp-content\/uploads\/2026\/02\/prefeitura-de-jequie-promove-formacao-para-profissionais-da-educacao-especial.webp","width":280,"height":280,"caption":"Educa\u00e7\u00e3o Especial"},"datePublished":"2026-02-06T03:42:33-03:00","dateModified":"2026-02-06T03:42:33-03:00","inLanguage":"pt-BR","mainEntityOfPage":{"@id":"https:\/\/www.encontrajequie.com.br\/sobre\/prefeitura-de-jequie-promove-formacao-para-profissionais-da-educacao-especial\/#webpage"},"isPartOf":{"@id":"https:\/\/www.encontrajequie.com.br\/sobre\/prefeitura-de-jequie-promove-formacao-para-profissionais-da-educacao-especial\/#webpage"},"articleSection":"Not\u00edcias Jequi\u00e9"},{"@type":"BreadcrumbList","@id":"https:\/\/www.encontrajequie.com.br\/sobre\/prefeitura-de-jequie-promove-formacao-para-profissionais-da-educacao-especial\/#breadcrumblist","itemListElement":[{"@type":"ListItem","@id":"https:\/\/www.encontrajequie.com.br\/sobre#listItem","position":1,"name":"Home","item":"https:\/\/www.encontrajequie.com.br\/sobre","nextItem":{"@type":"ListItem","@id":"https:\/\/www.encontrajequie.com.br\/sobre\/noticias-em-jequie\/#listItem","name":"Not\u00edcias Jequi\u00e9"}},{"@type":"ListItem","@id":"https:\/\/www.encontrajequie.com.br\/sobre\/noticias-em-jequie\/#listItem","position":2,"name":"Not\u00edcias Jequi\u00e9","item":"https:\/\/www.encontrajequie.com.br\/sobre\/noticias-em-jequie\/","nextItem":{"@type":"ListItem","@id":"https:\/\/www.encontrajequie.com.br\/sobre\/prefeitura-de-jequie-promove-formacao-para-profissionais-da-educacao-especial\/#listItem","name":"Prefeitura de Jequi\u00e9 promove forma\u00e7\u00e3o para profissionais da Educa\u00e7\u00e3o Especial"},"previousItem":{"@type":"ListItem","@id":"https:\/\/www.encontrajequie.com.br\/sobre#listItem","name":"Home"}},{"@type":"ListItem","@id":"https:\/\/www.encontrajequie.com.br\/sobre\/prefeitura-de-jequie-promove-formacao-para-profissionais-da-educacao-especial\/#listItem","position":3,"name":"Prefeitura de Jequi\u00e9 promove forma\u00e7\u00e3o para profissionais da Educa\u00e7\u00e3o Especial","previousItem":{"@type":"ListItem","@id":"https:\/\/www.encontrajequie.com.br\/sobre\/noticias-em-jequie\/#listItem","name":"Not\u00edcias Jequi\u00e9"}}]},{"@type":"Organization","@id":"https:\/\/www.encontrajequie.com.br\/sobre\/#organization","name":"Encontra Jequi\u00e9","description":"Not\u00edcias, eventos, informa\u00e7\u00f5es e dicas na cidade de Jequi\u00e9 e regi\u00e3o.","url":"https:\/\/www.encontrajequie.com.br\/sobre\/"},{"@type":"Person","@id":"https:\/\/www.encontrajequie.com.br\/sobre\/author\/ejequie\/#author","url":"https:\/\/www.encontrajequie.com.br\/sobre\/author\/ejequie\/","name":"Encontra Jequi\u00e9","image":{"@type":"ImageObject","@id":"https:\/\/www.encontrajequie.com.br\/sobre\/prefeitura-de-jequie-promove-formacao-para-profissionais-da-educacao-especial\/#authorImage","url":"https:\/\/secure.gravatar.com\/avatar\/507340682b8270222e1f208e23198b6ae7e2c6a1033ae84e99bc6bce4f82a387?s=96&d=mm&r=g","width":96,"height":96,"caption":"Encontra Jequi\u00e9"}},{"@type":"WebPage","@id":"https:\/\/www.encontrajequie.com.br\/sobre\/prefeitura-de-jequie-promove-formacao-para-profissionais-da-educacao-especial\/#webpage","url":"https:\/\/www.encontrajequie.com.br\/sobre\/prefeitura-de-jequie-promove-formacao-para-profissionais-da-educacao-especial\/","name":"Prefeitura de Jequi\u00e9 promove forma\u00e7\u00e3o para profissionais da Educa\u00e7\u00e3o Especial | Encontra Jequi\u00e9","description":"Prefeitura de Jequi\u00e9 promove forma\u00e7\u00e3o inovadora na Educa\u00e7\u00e3o Especial.","inLanguage":"pt-BR","isPartOf":{"@id":"https:\/\/www.encontrajequie.com.br\/sobre\/#website"},"breadcrumb":{"@id":"https:\/\/www.encontrajequie.com.br\/sobre\/prefeitura-de-jequie-promove-formacao-para-profissionais-da-educacao-especial\/#breadcrumblist"},"author":{"@id":"https:\/\/www.encontrajequie.com.br\/sobre\/author\/ejequie\/#author"},"creator":{"@id":"https:\/\/www.encontrajequie.com.br\/sobre\/author\/ejequie\/#author"},"image":{"@type":"ImageObject","url":"https:\/\/www.encontrajequie.com.br\/sobre\/wp-content\/uploads\/2026\/02\/prefeitura-de-jequie-promove-formacao-para-profissionais-da-educacao-especial.webp","@id":"https:\/\/www.encontrajequie.com.br\/sobre\/prefeitura-de-jequie-promove-formacao-para-profissionais-da-educacao-especial\/#mainImage","width":280,"height":280,"caption":"Educa\u00e7\u00e3o Especial"},"primaryImageOfPage":{"@id":"https:\/\/www.encontrajequie.com.br\/sobre\/prefeitura-de-jequie-promove-formacao-para-profissionais-da-educacao-especial\/#mainImage"},"datePublished":"2026-02-06T03:42:33-03:00","dateModified":"2026-02-06T03:42:33-03:00"},{"@type":"WebSite","@id":"https:\/\/www.encontrajequie.com.br\/sobre\/#website","url":"https:\/\/www.encontrajequie.com.br\/sobre\/","name":"Encontra Jequi\u00e9","description":"Not\u00edcias, eventos, informa\u00e7\u00f5es e dicas na cidade de Jequi\u00e9 e regi\u00e3o.","inLanguage":"pt-BR","publisher":{"@id":"https:\/\/www.encontrajequie.com.br\/sobre\/#organization"}}]},"og:locale":"pt_BR","og:site_name":"Encontra Jequi\u00e9 | Not\u00edcias, eventos, informa\u00e7\u00f5es e dicas na cidade de Jequi\u00e9 e regi\u00e3o.","og:type":"article","og:title":"Prefeitura de Jequi\u00e9 promove forma\u00e7\u00e3o para profissionais da Educa\u00e7\u00e3o Especial | Encontra Jequi\u00e9","og:description":"Prefeitura de Jequi\u00e9 promove forma\u00e7\u00e3o inovadora na Educa\u00e7\u00e3o Especial.","og:url":"https:\/\/www.encontrajequie.com.br\/sobre\/prefeitura-de-jequie-promove-formacao-para-profissionais-da-educacao-especial\/","article:published_time":"2026-02-06T06:42:33+00:00","article:modified_time":"2026-02-06T06:42:33+00:00","twitter:card":"summary_large_image","twitter:title":"Prefeitura de Jequi\u00e9 promove forma\u00e7\u00e3o para profissionais da Educa\u00e7\u00e3o Especial | Encontra Jequi\u00e9","twitter:description":"Prefeitura de Jequi\u00e9 promove forma\u00e7\u00e3o inovadora na Educa\u00e7\u00e3o Especial."},"aioseo_meta_data":{"post_id":"691","title":null,"description":null,"keywords":null,"keyphrases":null,"primary_term":null,"canonical_url":null,"og_title":null,"og_description":null,"og_object_type":"default","og_image_type":"default","og_image_url":null,"og_image_width":null,"og_image_height":null,"og_image_custom_url":null,"og_image_custom_fields":null,"og_video":null,"og_custom_url":null,"og_article_section":null,"og_article_tags":null,"twitter_use_og":false,"twitter_card":"default","twitter_image_type":"default","twitter_image_url":null,"twitter_image_custom_url":null,"twitter_image_custom_fields":null,"twitter_title":null,"twitter_description":null,"schema":{"blockGraphs":[],"customGraphs":[],"default":{"data":{"Article":[],"Course":[],"Dataset":[],"FAQPage":[],"Movie":[],"Person":[],"Product":[],"ProductReview":[],"Car":[],"Recipe":[],"Service":[],"SoftwareApplication":[],"WebPage":[]},"graphName":"Article","isEnabled":true},"graphs":[]},"schema_type":"default","schema_type_options":null,"pillar_content":false,"robots_default":true,"robots_noindex":false,"robots_noarchive":false,"robots_nosnippet":false,"robots_nofollow":false,"robots_noimageindex":false,"robots_noodp":false,"robots_notranslate":false,"robots_max_snippet":null,"robots_max_videopreview":null,"robots_max_imagepreview":"large","priority":null,"frequency":null,"local_seo":null,"breadcrumb_settings":null,"limit_modified_date":false,"ai":null,"created":"2026-02-06 06:42:40","updated":"2026-02-06 06:55:55","focus_keyword":null,"additional_keywords":null,"truseo_locale":null,"seo_analyzer_scan_date":null},"aioseo_breadcrumb":"<div class=\"aioseo-breadcrumbs\"><span class=\"aioseo-breadcrumb\">\n\t\t\t<a href=\"https:\/\/www.encontrajequie.com.br\/sobre\" title=\"Home\">Home<\/a>\n\t\t<\/span><span class=\"aioseo-breadcrumb-separator\">&raquo;<\/span><span class=\"aioseo-breadcrumb\">\n\t\t\t<a href=\"https:\/\/www.encontrajequie.com.br\/sobre\/noticias-em-jequie\/\" title=\"Not\u00edcias Jequi\u00e9\">Not\u00edcias Jequi\u00e9<\/a>\n\t\t<\/span><span class=\"aioseo-breadcrumb-separator\">&raquo;<\/span><span class=\"aioseo-breadcrumb\">\n\t\t\tPrefeitura de Jequi\u00e9 promove forma\u00e7\u00e3o para profissionais da Educa\u00e7\u00e3o Especial\n\t\t<\/span><\/div>","aioseo_breadcrumb_json":[{"label":"Home","link":"https:\/\/www.encontrajequie.com.br\/sobre"},{"label":"Not\u00edcias Jequi\u00e9","link":"https:\/\/www.encontrajequie.com.br\/sobre\/noticias-em-jequie\/"},{"label":"Prefeitura de Jequi\u00e9 promove forma\u00e7\u00e3o para profissionais da Educa\u00e7\u00e3o Especial","link":"https:\/\/www.encontrajequie.com.br\/sobre\/prefeitura-de-jequie-promove-formacao-para-profissionais-da-educacao-especial\/"}],"_links":{"self":[{"href":"https:\/\/www.encontrajequie.com.br\/sobre\/wp-json\/wp\/v2\/posts\/691","targetHints":{"allow":["GET"]}}],"collection":[{"href":"https:\/\/www.encontrajequie.com.br\/sobre\/wp-json\/wp\/v2\/posts"}],"about":[{"href":"https:\/\/www.encontrajequie.com.br\/sobre\/wp-json\/wp\/v2\/types\/post"}],"author":[{"embeddable":true,"href":"https:\/\/www.encontrajequie.com.br\/sobre\/wp-json\/wp\/v2\/users\/1"}],"replies":[{"embeddable":true,"href":"https:\/\/www.encontrajequie.com.br\/sobre\/wp-json\/wp\/v2\/comments?post=691"}],"version-history":[{"count":0,"href":"https:\/\/www.encontrajequie.com.br\/sobre\/wp-json\/wp\/v2\/posts\/691\/revisions"}],"wp:featuredmedia":[{"embeddable":true,"href":"https:\/\/www.encontrajequie.com.br\/sobre\/wp-json\/wp\/v2\/media\/690"}],"wp:attachment":[{"href":"https:\/\/www.encontrajequie.com.br\/sobre\/wp-json\/wp\/v2\/media?parent=691"}],"wp:term":[{"taxonomy":"category","embeddable":true,"href":"https:\/\/www.encontrajequie.com.br\/sobre\/wp-json\/wp\/v2\/categories?post=691"},{"taxonomy":"post_tag","embeddable":true,"href":"https:\/\/www.encontrajequie.com.br\/sobre\/wp-json\/wp\/v2\/tags?post=691"}],"curies":[{"name":"wp","href":"https:\/\/api.w.org\/{rel}","templated":true}]}}