{"id":705,"date":"2026-02-08T03:44:18","date_gmt":"2026-02-08T06:44:18","guid":{"rendered":"https:\/\/www.encontrajequie.com.br\/sobre\/novo-pac-jequie-recebe-ordens-de-servico-para-construcao-de-campus-da-ufsb-e-arena-brasil\/"},"modified":"2026-02-08T03:44:18","modified_gmt":"2026-02-08T06:44:18","slug":"novo-pac-jequie-recebe-ordens-de-servico-para-construcao-de-campus-da-ufsb-e-arena-brasil","status":"publish","type":"post","link":"https:\/\/www.encontrajequie.com.br\/sobre\/novo-pac-jequie-recebe-ordens-de-servico-para-construcao-de-campus-da-ufsb-e-arena-brasil\/","title":{"rendered":"Novo PAC: Jequi\u00e9 recebe ordens de servi\u00e7o para constru\u00e7\u00e3o de campus da UFSB e Arena Brasil"},"content":{"rendered":"<div class=\"30cf832dc5940d4704f66d0ed9a44050\" data-index=\"1\" style=\"float: none; margin:0px;\">\n<!-- Anuncio display - global -->\r\n<ins class=\"adsbygoogle\"\r\n     style=\"display:block\"\r\n     data-ad-client=\"ca-pub-8585364105181520\"\r\n     data-ad-slot=\"8789329856\"\r\n     data-ad-format=\"auto\"\r\n     data-full-width-responsive=\"true\"><\/ins>\r\n<script>\r\n     (adsbygoogle = window.adsbygoogle || []).push({});\r\n<\/script>\n<\/div>\n<h2>A Constru\u00e7\u00e3o do Campus da UFSB em Jequi\u00e9<\/h2>\n<p>A recente assinatura da ordem de servi\u00e7o para a constru\u00e7\u00e3o do campus da Universidade Federal do Sul da Bahia (UFSB) em Jequi\u00e9 representa um marco significativo para a educa\u00e7\u00e3o na regi\u00e3o. O governador Jer\u00f4nimo Rodrigues, em conjunto com Rui Costa, ministro-chefe da Casa Civil, formalizou o in\u00edcio das obras durante um evento que contou com a presen\u00e7a de diversas autoridades locais, incluindo o prefeito Z\u00e9 Coc\u00e1 e o senador Jaques Wagner. Este projeto n\u00e3o apenas amplia o acesso ao ensino superior, mas tamb\u00e9m promete fomentar o desenvolvimento econ\u00f4mico e social do munic\u00edpio e sua regi\u00e3o.<\/p>\n<p>O campus ser\u00e1 uma estrutura moderna, projetada para atender a demanda de ensino de qualidade, e contemplar\u00e1 seis cursos de gradua\u00e7\u00e3o, ampliando as oportunidades para os jovens. A expectativa \u00e9 de que a constru\u00e7\u00e3o, com um investimento total de R$ 34,3 milh\u00f5es atrav\u00e9s do Novo Programa de Acelera\u00e7\u00e3o do Crescimento (Novo PAC), esteja conclu\u00edda at\u00e9 2028.<\/p>\n<h2>Investimentos do Novo PAC: Um Marco na Educa\u00e7\u00e3o<\/h2>\n<p>O Novo PAC se destaca como um programa crucial para o desenvolvimento econ\u00f4mico e social do Brasil, e os investimentos feitos em Jequi\u00e9 s\u00e3o exemplos claros disso. A constru\u00e7\u00e3o do campus da UFSB n\u00e3o \u00e9 um investimento isolado; ela est\u00e1 inserida em um contexto maior de transforma\u00e7\u00e3o social mediante a educa\u00e7\u00e3o. O governador Rodrigues destacou a import\u00e2ncia da educa\u00e7\u00e3o e do esporte como ferramentas para a inclus\u00e3o social e o fortalecimento da cidadania.<\/p>\n<p><img decoding=\"async\" src=\"https:\/\/www.encontrajequie.com.br\/sobre\/wp-content\/uploads\/2026\/02\/novo-pac-jequie-recebe-ordens-de-servico-para-construcao-de-campus-da-ufsb-e-arena-brasil.webp\" alt=\"Novo PAC Jequi\u00e9\" loading=\"lazy\" \/><\/p>\n<p>Os recursos destinados ao campus e \u00e0 infraestrutura local s\u00e3o parte de uma estrat\u00e9gia abrangente que visa criar condi\u00e7\u00f5es melhores para o acesso \u00e0 educa\u00e7\u00e3o e, consequentemente, ao emprego qualificado.<\/p>\n<h2>Arena Brasil: Est\u00edmulo ao Esporte e Lazer<\/h2>\n<p>Al\u00e9m da constru\u00e7\u00e3o do campus da UFSB, o evento tamb\u00e9m marcou a assinatura da ordem de servi\u00e7o para a constru\u00e7\u00e3o da Arena Brasil, um centro comunit\u00e1rio esportivo que ser\u00e1 localizado no bairro Jequiezinho. Este espa\u00e7o foi planejado para incentivar a pr\u00e1tica esportiva e promover a conviv\u00eancia entre os moradores. A Arena contar\u00e1 com campo de futebol society, quadra de basquete, pista de caminhada, parquinho para crian\u00e7as e uma moderna ilumina\u00e7\u00e3o, com um investimento de aproximadamente R$ 1,5 milh\u00e3o, tamb\u00e9m proveniente do Novo PAC.<\/p>\n<p>A cria\u00e7\u00e3o da Arena Brasil representa um sonho antigo que come\u00e7a a se concretizar, oferecendo \u00e0 popula\u00e7\u00e3o um espa\u00e7o de pr\u00e1tica esportiva e de lazer, contribuindo para a forma\u00e7\u00e3o integral dos cidad\u00e3os e promovendo a sa\u00fade e bem-estar social.<\/p>\n<h2>Integra\u00e7\u00e3o entre Educa\u00e7\u00e3o e Esporte em Jequi\u00e9<\/h2>\n<p>A sinergia entre a constru\u00e7\u00e3o do campus da UFSB e da Arena Brasil simboliza um compromisso do governo com o desenvolvimento integral da sociedade de Jequi\u00e9. A uni\u00e3o de educa\u00e7\u00e3o e esporte \u00e9 fundamental para ampliar as oportunidades para os jovens, n\u00e3o apenas acad\u00eamicas, mas tamb\u00e9m nas \u00e1reas de lazer e atividade f\u00edsica. Este cen\u00e1rio ir\u00e1 criar um ambiente prop\u00edcio para a forma\u00e7\u00e3o de uma nova gera\u00e7\u00e3o mais atuante e saud\u00e1vel.<\/p>\n<p>Ao combinar esses dois aspectos, Jequi\u00e9 pode se fortalecer como um polo regional n\u00e3o s\u00f3 em sa\u00fade, mas agora tamb\u00e9m em educa\u00e7\u00e3o e esportes, explorando o potencial de seus jovens.<\/p>\n<h2>Compromisso do Governo com o Desenvolvimento Regional<\/h2>\n<p>O governo estadual tem demonstrado um compromisso efetivo com o crescimento e a melhoria da qualidade de vida em Jequi\u00e9 e em outras regi\u00f5es do estado. Os investimentos na infraestrutura educacional e esportiva visam n\u00e3o apenas o presente, mas um futuro promissor para seus cidad\u00e3os. Segundo o ministro Rui Costa, a instala\u00e7\u00e3o do campus da UFSB posiciona Jequi\u00e9 como um eixo educacional importante, ao lado de institui\u00e7\u00f5es como UNEB e UESB, que j\u00e1 operam na regi\u00e3o.<\/p>\n<p>Al\u00e9m disso, o foco no acesso \u00e0 educa\u00e7\u00e3o p\u00fablica superior e na cria\u00e7\u00e3o de espa\u00e7os para a pr\u00e1tica esportiva s\u00e3o passos concretos na luta contra a exclus\u00e3o e na promo\u00e7\u00e3o de um futuro mais justo e igualit\u00e1rio.<\/p>\n<h2>Previs\u00e3o de Conclus\u00e3o das Obras e Impacto Esperado<\/h2>\n<p>As obras do campus da UFSB e da Arena Brasil t\u00eam previs\u00e3o de conclus\u00e3o para 2028. A chegada dessas novas estruturas promete transformar a din\u00e2mica social e econ\u00f4mica da cidade ao longo dos pr\u00f3ximos anos. As expectativas s\u00e3o altas, principalmente em termos de forma\u00e7\u00e3o profissional e gera\u00e7\u00e3o de emprego. A cria\u00e7\u00e3o de novos cursos e a implementa\u00e7\u00e3o de um ambiente esportivo adequado devem reverberar positivamente na sociedade, criando novas oportunidades para os jovens e fortalecendo par\u00e2metros de cidadania e inclus\u00e3o.<\/p>\n<p>O impacto esperado dessas obras se faz sentir em v\u00e1rias \u00e1reas. A melhoria na educa\u00e7\u00e3o, por exemplo, deve levar a uma maior qualifica\u00e7\u00e3o profissional, o que pode resultar em um aumento nas taxas de emprego e renda na regi\u00e3o, reduzindo desigualdades hist\u00f3ricas.<\/p>\n<h2>Investimentos Estrat\u00e9gicos na Sa\u00fade P\u00fablica<\/h2>\n<p>Al\u00e9m dos investimentos nas \u00e1reas de esporte e educa\u00e7\u00e3o, o Novo PAC tamb\u00e9m abrange a sa\u00fade, com a constru\u00e7\u00e3o de uma Unidade B\u00e1sica de Sa\u00fade (UBS) tipo II no bairro Sol Nascente. Essa unidade, cuja implanta\u00e7\u00e3o est\u00e1 or\u00e7ada em aproximadamente R$ 2,2 milh\u00f5es, ir\u00e1 prover atendimento integral \u00e0 popula\u00e7\u00e3o, incluindo espa\u00e7os para recep\u00e7\u00e3o, curativos, vacina\u00e7\u00e3o e consult\u00f3rios m\u00e9dicos e odontol\u00f3gicos. A atua\u00e7\u00e3o do governo em diversas frentes mostra a inten\u00e7\u00e3o de melhorar a qualidade de vida dos moradores, promovendo sa\u00fade e bem-estar.<\/p>\n<h2>Mobilidade Urbana e Infraestrutura em Jequi\u00e9<\/h2>\n<p>A requalifica\u00e7\u00e3o asf\u00e1ltica nas \u00e1reas ao redor do Aeroporto Vicente Grilo, tamb\u00e9m autorizada pelo governador, muito contribuir\u00e1 para a mobilidade urbana. Esses investimentos visam facilitar o transporte e melhorar a acessibilidade para os cidad\u00e3os, despontando Jequi\u00e9 como uma cidade mais conectada e pronta para o desenvolvimento. A infraestrutura adequada \u00e9 uma pe\u00e7a-chave para o funcionamento efetivo de todas as pol\u00edticas de desenvolvimento e inclus\u00e3o.<\/p>\n<h2>O Papel de Jequi\u00e9 como Polo Regional<\/h2>\n<p>Com a consolida\u00e7\u00e3o do campus da UFSB e a infraestrutura do novo complexo esportivo, Jequi\u00e9 se posiciona cada vez mais como um centro regional de refer\u00eancia. \u00c9 uma cidade que, al\u00e9m de preservar a sa\u00fade atrav\u00e9s de suas instala\u00e7\u00f5es j\u00e1 existentes, tamb\u00e9m se destaca na educa\u00e7\u00e3o e no desenvolvimento de pr\u00e1ticas esportivas. Assim, a cidade se torna um lugar atrativo n\u00e3o s\u00f3 para os seus habitantes, mas tamb\u00e9m para a popula\u00e7\u00e3o de regi\u00f5es vizinhas.<\/p>\n<p>O fortalecimento da cidade como um polo educacional e esportivo poder\u00e1 atrair investimentos, talentos e novos projetos, impulsionando ainda mais o crescimento do sul da Bahia.<\/p>\n<h2>Futuro Promissor para a Comunidade Local<\/h2>\n<p>O futuro de Jequi\u00e9 parece promissor, com as novas obras e investimentos previstos. A conjuga\u00e7\u00e3o de esfor\u00e7os entre governo e comunidade ter\u00e1 um papel essencial para o sucesso dessas iniciativas. A melhoria na educa\u00e7\u00e3o, sa\u00fade e infraestrutura representa um horizonte repleto de possibilidades que pode ser aproveitado pela popula\u00e7\u00e3o. Os projetos em andamento visam criar condi\u00e7\u00f5es adequadas para que cada cidad\u00e3o tenha acesso a uma forma\u00e7\u00e3o de qualidade, \u00e0 sa\u00fade e ao esporte, contribuindo para a constru\u00e7\u00e3o de um futuro melhor para todos.<\/p>\n\n<div style=\"font-size: 0px; height: 0px; line-height: 0px; margin: 0; padding: 0; clear: both;\"><\/div>","protected":false},"excerpt":{"rendered":"<p>Novo PAC transforma Jequi\u00e9 com a constru\u00e7\u00e3o do campus da UFSB e Arena Brasil.<\/p>\n","protected":false},"author":1,"featured_media":704,"comment_status":"open","ping_status":"closed","sticky":false,"template":"","format":"standard","meta":{"footnotes":""},"categories":[1],"tags":[],"class_list":["post-705","post","type-post","status-publish","format-standard","has-post-thumbnail","hentry","category-noticias-em-jequie","has_thumb"],"aioseo_notices":[],"aioseo_head":"\n\t\t<!-- All in One SEO 5.0.0.1 - aioseo.com -->\n\t<meta name=\"description\" content=\"Novo PAC transforma Jequi\u00e9 com a constru\u00e7\u00e3o do campus da UFSB e Arena Brasil.\" \/>\n\t<meta name=\"robots\" content=\"max-image-preview:large\" \/>\n\t<meta name=\"author\" content=\"Encontra Jequi\u00e9\"\/>\n\t<link rel=\"canonical\" href=\"https:\/\/www.encontrajequie.com.br\/sobre\/novo-pac-jequie-recebe-ordens-de-servico-para-construcao-de-campus-da-ufsb-e-arena-brasil\/\" \/>\n\t<meta name=\"generator\" content=\"All in One SEO (AIOSEO) 5.0.0.1\" \/>\n\t\t<meta property=\"og:locale\" content=\"pt_BR\" \/>\n\t\t<meta property=\"og:site_name\" content=\"Encontra Jequi\u00e9 | Not\u00edcias, eventos, informa\u00e7\u00f5es e dicas na cidade de Jequi\u00e9 e regi\u00e3o.\" \/>\n\t\t<meta property=\"og:type\" content=\"article\" \/>\n\t\t<meta property=\"og:title\" content=\"Novo PAC: Jequi\u00e9 recebe ordens de servi\u00e7o para constru\u00e7\u00e3o de campus da UFSB e Arena Brasil | Encontra Jequi\u00e9\" \/>\n\t\t<meta property=\"og:description\" content=\"Novo PAC transforma Jequi\u00e9 com a constru\u00e7\u00e3o do campus da UFSB e Arena Brasil.\" \/>\n\t\t<meta property=\"og:url\" content=\"https:\/\/www.encontrajequie.com.br\/sobre\/novo-pac-jequie-recebe-ordens-de-servico-para-construcao-de-campus-da-ufsb-e-arena-brasil\/\" \/>\n\t\t<meta property=\"article:published_time\" content=\"2026-02-08T06:44:18+00:00\" \/>\n\t\t<meta property=\"article:modified_time\" content=\"2026-02-08T06:44:18+00:00\" \/>\n\t\t<meta name=\"twitter:card\" content=\"summary_large_image\" \/>\n\t\t<meta name=\"twitter:title\" content=\"Novo PAC: Jequi\u00e9 recebe ordens de servi\u00e7o para constru\u00e7\u00e3o de campus da UFSB e Arena Brasil | Encontra Jequi\u00e9\" \/>\n\t\t<meta name=\"twitter:description\" content=\"Novo PAC transforma Jequi\u00e9 com a constru\u00e7\u00e3o do campus da UFSB e Arena Brasil.\" \/>\n\t\t<script type=\"application\/ld+json\" class=\"aioseo-schema\">\n\t\t\t{\"@context\":\"https:\\\/\\\/schema.org\",\"@graph\":[{\"@type\":\"Article\",\"@id\":\"https:\\\/\\\/www.encontrajequie.com.br\\\/sobre\\\/novo-pac-jequie-recebe-ordens-de-servico-para-construcao-de-campus-da-ufsb-e-arena-brasil\\\/#article\",\"name\":\"Novo PAC: Jequi\\u00e9 recebe ordens de servi\\u00e7o para constru\\u00e7\\u00e3o de campus da UFSB e Arena Brasil | Encontra Jequi\\u00e9\",\"headline\":\"Novo PAC: Jequi\\u00e9 recebe ordens de servi\\u00e7o para constru\\u00e7\\u00e3o de campus da UFSB e Arena Brasil\",\"author\":{\"@id\":\"https:\\\/\\\/www.encontrajequie.com.br\\\/sobre\\\/author\\\/ejequie\\\/#author\"},\"publisher\":{\"@id\":\"https:\\\/\\\/www.encontrajequie.com.br\\\/sobre\\\/#organization\"},\"image\":{\"@type\":\"ImageObject\",\"url\":\"https:\\\/\\\/www.encontrajequie.com.br\\\/sobre\\\/wp-content\\\/uploads\\\/2026\\\/02\\\/novo-pac-jequie-recebe-ordens-de-servico-para-construcao-de-campus-da-ufsb-e-arena-brasil.webp\",\"width\":280,\"height\":280,\"caption\":\"Novo PAC Jequi\\u00e9\"},\"datePublished\":\"2026-02-08T03:44:18-03:00\",\"dateModified\":\"2026-02-08T03:44:18-03:00\",\"inLanguage\":\"pt-BR\",\"mainEntityOfPage\":{\"@id\":\"https:\\\/\\\/www.encontrajequie.com.br\\\/sobre\\\/novo-pac-jequie-recebe-ordens-de-servico-para-construcao-de-campus-da-ufsb-e-arena-brasil\\\/#webpage\"},\"isPartOf\":{\"@id\":\"https:\\\/\\\/www.encontrajequie.com.br\\\/sobre\\\/novo-pac-jequie-recebe-ordens-de-servico-para-construcao-de-campus-da-ufsb-e-arena-brasil\\\/#webpage\"},\"articleSection\":\"Not\\u00edcias Jequi\\u00e9\"},{\"@type\":\"BreadcrumbList\",\"@id\":\"https:\\\/\\\/www.encontrajequie.com.br\\\/sobre\\\/novo-pac-jequie-recebe-ordens-de-servico-para-construcao-de-campus-da-ufsb-e-arena-brasil\\\/#breadcrumblist\",\"itemListElement\":[{\"@type\":\"ListItem\",\"@id\":\"https:\\\/\\\/www.encontrajequie.com.br\\\/sobre#listItem\",\"position\":1,\"name\":\"Home\",\"item\":\"https:\\\/\\\/www.encontrajequie.com.br\\\/sobre\",\"nextItem\":{\"@type\":\"ListItem\",\"@id\":\"https:\\\/\\\/www.encontrajequie.com.br\\\/sobre\\\/noticias-em-jequie\\\/#listItem\",\"name\":\"Not\\u00edcias Jequi\\u00e9\"}},{\"@type\":\"ListItem\",\"@id\":\"https:\\\/\\\/www.encontrajequie.com.br\\\/sobre\\\/noticias-em-jequie\\\/#listItem\",\"position\":2,\"name\":\"Not\\u00edcias Jequi\\u00e9\",\"item\":\"https:\\\/\\\/www.encontrajequie.com.br\\\/sobre\\\/noticias-em-jequie\\\/\",\"nextItem\":{\"@type\":\"ListItem\",\"@id\":\"https:\\\/\\\/www.encontrajequie.com.br\\\/sobre\\\/novo-pac-jequie-recebe-ordens-de-servico-para-construcao-de-campus-da-ufsb-e-arena-brasil\\\/#listItem\",\"name\":\"Novo PAC: Jequi\\u00e9 recebe ordens de servi\\u00e7o para constru\\u00e7\\u00e3o de campus da UFSB e Arena Brasil\"},\"previousItem\":{\"@type\":\"ListItem\",\"@id\":\"https:\\\/\\\/www.encontrajequie.com.br\\\/sobre#listItem\",\"name\":\"Home\"}},{\"@type\":\"ListItem\",\"@id\":\"https:\\\/\\\/www.encontrajequie.com.br\\\/sobre\\\/novo-pac-jequie-recebe-ordens-de-servico-para-construcao-de-campus-da-ufsb-e-arena-brasil\\\/#listItem\",\"position\":3,\"name\":\"Novo PAC: Jequi\\u00e9 recebe ordens de servi\\u00e7o para constru\\u00e7\\u00e3o de campus da UFSB e Arena Brasil\",\"previousItem\":{\"@type\":\"ListItem\",\"@id\":\"https:\\\/\\\/www.encontrajequie.com.br\\\/sobre\\\/noticias-em-jequie\\\/#listItem\",\"name\":\"Not\\u00edcias Jequi\\u00e9\"}}]},{\"@type\":\"Organization\",\"@id\":\"https:\\\/\\\/www.encontrajequie.com.br\\\/sobre\\\/#organization\",\"name\":\"Encontra Jequi\\u00e9\",\"description\":\"Not\\u00edcias, eventos, informa\\u00e7\\u00f5es e dicas na cidade de Jequi\\u00e9 e regi\\u00e3o.\",\"url\":\"https:\\\/\\\/www.encontrajequie.com.br\\\/sobre\\\/\"},{\"@type\":\"Person\",\"@id\":\"https:\\\/\\\/www.encontrajequie.com.br\\\/sobre\\\/author\\\/ejequie\\\/#author\",\"url\":\"https:\\\/\\\/www.encontrajequie.com.br\\\/sobre\\\/author\\\/ejequie\\\/\",\"name\":\"Encontra Jequi\\u00e9\",\"image\":{\"@type\":\"ImageObject\",\"@id\":\"https:\\\/\\\/www.encontrajequie.com.br\\\/sobre\\\/novo-pac-jequie-recebe-ordens-de-servico-para-construcao-de-campus-da-ufsb-e-arena-brasil\\\/#authorImage\",\"url\":\"https:\\\/\\\/secure.gravatar.com\\\/avatar\\\/507340682b8270222e1f208e23198b6ae7e2c6a1033ae84e99bc6bce4f82a387?s=96&d=mm&r=g\",\"width\":96,\"height\":96,\"caption\":\"Encontra Jequi\\u00e9\"}},{\"@type\":\"WebPage\",\"@id\":\"https:\\\/\\\/www.encontrajequie.com.br\\\/sobre\\\/novo-pac-jequie-recebe-ordens-de-servico-para-construcao-de-campus-da-ufsb-e-arena-brasil\\\/#webpage\",\"url\":\"https:\\\/\\\/www.encontrajequie.com.br\\\/sobre\\\/novo-pac-jequie-recebe-ordens-de-servico-para-construcao-de-campus-da-ufsb-e-arena-brasil\\\/\",\"name\":\"Novo PAC: Jequi\\u00e9 recebe ordens de servi\\u00e7o para constru\\u00e7\\u00e3o de campus da UFSB e Arena Brasil | Encontra Jequi\\u00e9\",\"description\":\"Novo PAC transforma Jequi\\u00e9 com a constru\\u00e7\\u00e3o do campus da UFSB e Arena Brasil.\",\"inLanguage\":\"pt-BR\",\"isPartOf\":{\"@id\":\"https:\\\/\\\/www.encontrajequie.com.br\\\/sobre\\\/#website\"},\"breadcrumb\":{\"@id\":\"https:\\\/\\\/www.encontrajequie.com.br\\\/sobre\\\/novo-pac-jequie-recebe-ordens-de-servico-para-construcao-de-campus-da-ufsb-e-arena-brasil\\\/#breadcrumblist\"},\"author\":{\"@id\":\"https:\\\/\\\/www.encontrajequie.com.br\\\/sobre\\\/author\\\/ejequie\\\/#author\"},\"creator\":{\"@id\":\"https:\\\/\\\/www.encontrajequie.com.br\\\/sobre\\\/author\\\/ejequie\\\/#author\"},\"image\":{\"@type\":\"ImageObject\",\"url\":\"https:\\\/\\\/www.encontrajequie.com.br\\\/sobre\\\/wp-content\\\/uploads\\\/2026\\\/02\\\/novo-pac-jequie-recebe-ordens-de-servico-para-construcao-de-campus-da-ufsb-e-arena-brasil.webp\",\"@id\":\"https:\\\/\\\/www.encontrajequie.com.br\\\/sobre\\\/novo-pac-jequie-recebe-ordens-de-servico-para-construcao-de-campus-da-ufsb-e-arena-brasil\\\/#mainImage\",\"width\":280,\"height\":280,\"caption\":\"Novo PAC Jequi\\u00e9\"},\"primaryImageOfPage\":{\"@id\":\"https:\\\/\\\/www.encontrajequie.com.br\\\/sobre\\\/novo-pac-jequie-recebe-ordens-de-servico-para-construcao-de-campus-da-ufsb-e-arena-brasil\\\/#mainImage\"},\"datePublished\":\"2026-02-08T03:44:18-03:00\",\"dateModified\":\"2026-02-08T03:44:18-03:00\"},{\"@type\":\"WebSite\",\"@id\":\"https:\\\/\\\/www.encontrajequie.com.br\\\/sobre\\\/#website\",\"url\":\"https:\\\/\\\/www.encontrajequie.com.br\\\/sobre\\\/\",\"name\":\"Encontra Jequi\\u00e9\",\"description\":\"Not\\u00edcias, eventos, informa\\u00e7\\u00f5es e dicas na cidade de Jequi\\u00e9 e regi\\u00e3o.\",\"inLanguage\":\"pt-BR\",\"publisher\":{\"@id\":\"https:\\\/\\\/www.encontrajequie.com.br\\\/sobre\\\/#organization\"}}]}\n\t\t<\/script>\n\t\t<!-- All in One SEO -->\n\n","aioseo_head_json":{"title":"Novo PAC: Jequi\u00e9 recebe ordens de servi\u00e7o para constru\u00e7\u00e3o de campus da UFSB e Arena Brasil | Encontra Jequi\u00e9","description":"Novo PAC transforma Jequi\u00e9 com a constru\u00e7\u00e3o do campus da UFSB e Arena Brasil.","canonical_url":"https:\/\/www.encontrajequie.com.br\/sobre\/novo-pac-jequie-recebe-ordens-de-servico-para-construcao-de-campus-da-ufsb-e-arena-brasil\/","robots":"max-image-preview:large","keywords":"","webmasterTools":{"miscellaneous":""},"schema":{"@context":"https:\/\/schema.org","@graph":[{"@type":"Article","@id":"https:\/\/www.encontrajequie.com.br\/sobre\/novo-pac-jequie-recebe-ordens-de-servico-para-construcao-de-campus-da-ufsb-e-arena-brasil\/#article","name":"Novo PAC: Jequi\u00e9 recebe ordens de servi\u00e7o para constru\u00e7\u00e3o de campus da UFSB e Arena Brasil | Encontra Jequi\u00e9","headline":"Novo PAC: Jequi\u00e9 recebe ordens de servi\u00e7o para constru\u00e7\u00e3o de campus da UFSB e Arena Brasil","author":{"@id":"https:\/\/www.encontrajequie.com.br\/sobre\/author\/ejequie\/#author"},"publisher":{"@id":"https:\/\/www.encontrajequie.com.br\/sobre\/#organization"},"image":{"@type":"ImageObject","url":"https:\/\/www.encontrajequie.com.br\/sobre\/wp-content\/uploads\/2026\/02\/novo-pac-jequie-recebe-ordens-de-servico-para-construcao-de-campus-da-ufsb-e-arena-brasil.webp","width":280,"height":280,"caption":"Novo PAC Jequi\u00e9"},"datePublished":"2026-02-08T03:44:18-03:00","dateModified":"2026-02-08T03:44:18-03:00","inLanguage":"pt-BR","mainEntityOfPage":{"@id":"https:\/\/www.encontrajequie.com.br\/sobre\/novo-pac-jequie-recebe-ordens-de-servico-para-construcao-de-campus-da-ufsb-e-arena-brasil\/#webpage"},"isPartOf":{"@id":"https:\/\/www.encontrajequie.com.br\/sobre\/novo-pac-jequie-recebe-ordens-de-servico-para-construcao-de-campus-da-ufsb-e-arena-brasil\/#webpage"},"articleSection":"Not\u00edcias Jequi\u00e9"},{"@type":"BreadcrumbList","@id":"https:\/\/www.encontrajequie.com.br\/sobre\/novo-pac-jequie-recebe-ordens-de-servico-para-construcao-de-campus-da-ufsb-e-arena-brasil\/#breadcrumblist","itemListElement":[{"@type":"ListItem","@id":"https:\/\/www.encontrajequie.com.br\/sobre#listItem","position":1,"name":"Home","item":"https:\/\/www.encontrajequie.com.br\/sobre","nextItem":{"@type":"ListItem","@id":"https:\/\/www.encontrajequie.com.br\/sobre\/noticias-em-jequie\/#listItem","name":"Not\u00edcias Jequi\u00e9"}},{"@type":"ListItem","@id":"https:\/\/www.encontrajequie.com.br\/sobre\/noticias-em-jequie\/#listItem","position":2,"name":"Not\u00edcias Jequi\u00e9","item":"https:\/\/www.encontrajequie.com.br\/sobre\/noticias-em-jequie\/","nextItem":{"@type":"ListItem","@id":"https:\/\/www.encontrajequie.com.br\/sobre\/novo-pac-jequie-recebe-ordens-de-servico-para-construcao-de-campus-da-ufsb-e-arena-brasil\/#listItem","name":"Novo PAC: Jequi\u00e9 recebe ordens de servi\u00e7o para constru\u00e7\u00e3o de campus da UFSB e Arena Brasil"},"previousItem":{"@type":"ListItem","@id":"https:\/\/www.encontrajequie.com.br\/sobre#listItem","name":"Home"}},{"@type":"ListItem","@id":"https:\/\/www.encontrajequie.com.br\/sobre\/novo-pac-jequie-recebe-ordens-de-servico-para-construcao-de-campus-da-ufsb-e-arena-brasil\/#listItem","position":3,"name":"Novo PAC: Jequi\u00e9 recebe ordens de servi\u00e7o para constru\u00e7\u00e3o de campus da UFSB e Arena Brasil","previousItem":{"@type":"ListItem","@id":"https:\/\/www.encontrajequie.com.br\/sobre\/noticias-em-jequie\/#listItem","name":"Not\u00edcias Jequi\u00e9"}}]},{"@type":"Organization","@id":"https:\/\/www.encontrajequie.com.br\/sobre\/#organization","name":"Encontra Jequi\u00e9","description":"Not\u00edcias, eventos, informa\u00e7\u00f5es e dicas na cidade de Jequi\u00e9 e regi\u00e3o.","url":"https:\/\/www.encontrajequie.com.br\/sobre\/"},{"@type":"Person","@id":"https:\/\/www.encontrajequie.com.br\/sobre\/author\/ejequie\/#author","url":"https:\/\/www.encontrajequie.com.br\/sobre\/author\/ejequie\/","name":"Encontra Jequi\u00e9","image":{"@type":"ImageObject","@id":"https:\/\/www.encontrajequie.com.br\/sobre\/novo-pac-jequie-recebe-ordens-de-servico-para-construcao-de-campus-da-ufsb-e-arena-brasil\/#authorImage","url":"https:\/\/secure.gravatar.com\/avatar\/507340682b8270222e1f208e23198b6ae7e2c6a1033ae84e99bc6bce4f82a387?s=96&d=mm&r=g","width":96,"height":96,"caption":"Encontra Jequi\u00e9"}},{"@type":"WebPage","@id":"https:\/\/www.encontrajequie.com.br\/sobre\/novo-pac-jequie-recebe-ordens-de-servico-para-construcao-de-campus-da-ufsb-e-arena-brasil\/#webpage","url":"https:\/\/www.encontrajequie.com.br\/sobre\/novo-pac-jequie-recebe-ordens-de-servico-para-construcao-de-campus-da-ufsb-e-arena-brasil\/","name":"Novo PAC: Jequi\u00e9 recebe ordens de servi\u00e7o para constru\u00e7\u00e3o de campus da UFSB e Arena Brasil | Encontra Jequi\u00e9","description":"Novo PAC transforma Jequi\u00e9 com a constru\u00e7\u00e3o do campus da UFSB e Arena Brasil.","inLanguage":"pt-BR","isPartOf":{"@id":"https:\/\/www.encontrajequie.com.br\/sobre\/#website"},"breadcrumb":{"@id":"https:\/\/www.encontrajequie.com.br\/sobre\/novo-pac-jequie-recebe-ordens-de-servico-para-construcao-de-campus-da-ufsb-e-arena-brasil\/#breadcrumblist"},"author":{"@id":"https:\/\/www.encontrajequie.com.br\/sobre\/author\/ejequie\/#author"},"creator":{"@id":"https:\/\/www.encontrajequie.com.br\/sobre\/author\/ejequie\/#author"},"image":{"@type":"ImageObject","url":"https:\/\/www.encontrajequie.com.br\/sobre\/wp-content\/uploads\/2026\/02\/novo-pac-jequie-recebe-ordens-de-servico-para-construcao-de-campus-da-ufsb-e-arena-brasil.webp","@id":"https:\/\/www.encontrajequie.com.br\/sobre\/novo-pac-jequie-recebe-ordens-de-servico-para-construcao-de-campus-da-ufsb-e-arena-brasil\/#mainImage","width":280,"height":280,"caption":"Novo PAC Jequi\u00e9"},"primaryImageOfPage":{"@id":"https:\/\/www.encontrajequie.com.br\/sobre\/novo-pac-jequie-recebe-ordens-de-servico-para-construcao-de-campus-da-ufsb-e-arena-brasil\/#mainImage"},"datePublished":"2026-02-08T03:44:18-03:00","dateModified":"2026-02-08T03:44:18-03:00"},{"@type":"WebSite","@id":"https:\/\/www.encontrajequie.com.br\/sobre\/#website","url":"https:\/\/www.encontrajequie.com.br\/sobre\/","name":"Encontra Jequi\u00e9","description":"Not\u00edcias, eventos, informa\u00e7\u00f5es e dicas na cidade de Jequi\u00e9 e regi\u00e3o.","inLanguage":"pt-BR","publisher":{"@id":"https:\/\/www.encontrajequie.com.br\/sobre\/#organization"}}]},"og:locale":"pt_BR","og:site_name":"Encontra Jequi\u00e9 | Not\u00edcias, eventos, informa\u00e7\u00f5es e dicas na cidade de Jequi\u00e9 e regi\u00e3o.","og:type":"article","og:title":"Novo PAC: Jequi\u00e9 recebe ordens de servi\u00e7o para constru\u00e7\u00e3o de campus da UFSB e Arena Brasil | Encontra Jequi\u00e9","og:description":"Novo PAC transforma Jequi\u00e9 com a constru\u00e7\u00e3o do campus da UFSB e Arena Brasil.","og:url":"https:\/\/www.encontrajequie.com.br\/sobre\/novo-pac-jequie-recebe-ordens-de-servico-para-construcao-de-campus-da-ufsb-e-arena-brasil\/","article:published_time":"2026-02-08T06:44:18+00:00","article:modified_time":"2026-02-08T06:44:18+00:00","twitter:card":"summary_large_image","twitter:title":"Novo PAC: Jequi\u00e9 recebe ordens de servi\u00e7o para constru\u00e7\u00e3o de campus da UFSB e Arena Brasil | Encontra Jequi\u00e9","twitter:description":"Novo PAC transforma Jequi\u00e9 com a constru\u00e7\u00e3o do campus da UFSB e Arena Brasil."},"aioseo_meta_data":{"post_id":"705","title":null,"description":null,"keywords":null,"keyphrases":null,"primary_term":null,"canonical_url":null,"og_title":null,"og_description":null,"og_object_type":"default","og_image_type":"default","og_image_url":null,"og_image_width":null,"og_image_height":null,"og_image_custom_url":null,"og_image_custom_fields":null,"og_video":null,"og_custom_url":null,"og_article_section":null,"og_article_tags":null,"twitter_use_og":false,"twitter_card":"default","twitter_image_type":"default","twitter_image_url":null,"twitter_image_custom_url":null,"twitter_image_custom_fields":null,"twitter_title":null,"twitter_description":null,"schema":{"blockGraphs":[],"customGraphs":[],"default":{"data":{"Article":[],"Course":[],"Dataset":[],"FAQPage":[],"Movie":[],"Person":[],"Product":[],"ProductReview":[],"Car":[],"Recipe":[],"Service":[],"SoftwareApplication":[],"WebPage":[]},"graphName":"Article","isEnabled":true},"graphs":[]},"schema_type":"default","schema_type_options":null,"pillar_content":false,"robots_default":true,"robots_noindex":false,"robots_noarchive":false,"robots_nosnippet":false,"robots_nofollow":false,"robots_noimageindex":false,"robots_noodp":false,"robots_notranslate":false,"robots_max_snippet":null,"robots_max_videopreview":null,"robots_max_imagepreview":"large","priority":null,"frequency":null,"local_seo":null,"breadcrumb_settings":null,"limit_modified_date":false,"ai":null,"created":"2026-02-08 06:44:22","updated":"2026-02-08 06:56:32","focus_keyword":null,"additional_keywords":null,"truseo_locale":null,"seo_analyzer_scan_date":null},"aioseo_breadcrumb":"<div class=\"aioseo-breadcrumbs\"><span class=\"aioseo-breadcrumb\">\n\t\t\t<a href=\"https:\/\/www.encontrajequie.com.br\/sobre\" title=\"Home\">Home<\/a>\n\t\t<\/span><span class=\"aioseo-breadcrumb-separator\">&raquo;<\/span><span class=\"aioseo-breadcrumb\">\n\t\t\t<a href=\"https:\/\/www.encontrajequie.com.br\/sobre\/noticias-em-jequie\/\" title=\"Not\u00edcias Jequi\u00e9\">Not\u00edcias Jequi\u00e9<\/a>\n\t\t<\/span><span class=\"aioseo-breadcrumb-separator\">&raquo;<\/span><span class=\"aioseo-breadcrumb\">\n\t\t\tNovo PAC: Jequi\u00e9 recebe ordens de servi\u00e7o para constru\u00e7\u00e3o de campus da UFSB e Arena Brasil\n\t\t<\/span><\/div>","aioseo_breadcrumb_json":[{"label":"Home","link":"https:\/\/www.encontrajequie.com.br\/sobre"},{"label":"Not\u00edcias Jequi\u00e9","link":"https:\/\/www.encontrajequie.com.br\/sobre\/noticias-em-jequie\/"},{"label":"Novo PAC: Jequi\u00e9 recebe ordens de servi\u00e7o para constru\u00e7\u00e3o de campus da UFSB e Arena Brasil","link":"https:\/\/www.encontrajequie.com.br\/sobre\/novo-pac-jequie-recebe-ordens-de-servico-para-construcao-de-campus-da-ufsb-e-arena-brasil\/"}],"_links":{"self":[{"href":"https:\/\/www.encontrajequie.com.br\/sobre\/wp-json\/wp\/v2\/posts\/705","targetHints":{"allow":["GET"]}}],"collection":[{"href":"https:\/\/www.encontrajequie.com.br\/sobre\/wp-json\/wp\/v2\/posts"}],"about":[{"href":"https:\/\/www.encontrajequie.com.br\/sobre\/wp-json\/wp\/v2\/types\/post"}],"author":[{"embeddable":true,"href":"https:\/\/www.encontrajequie.com.br\/sobre\/wp-json\/wp\/v2\/users\/1"}],"replies":[{"embeddable":true,"href":"https:\/\/www.encontrajequie.com.br\/sobre\/wp-json\/wp\/v2\/comments?post=705"}],"version-history":[{"count":0,"href":"https:\/\/www.encontrajequie.com.br\/sobre\/wp-json\/wp\/v2\/posts\/705\/revisions"}],"wp:featuredmedia":[{"embeddable":true,"href":"https:\/\/www.encontrajequie.com.br\/sobre\/wp-json\/wp\/v2\/media\/704"}],"wp:attachment":[{"href":"https:\/\/www.encontrajequie.com.br\/sobre\/wp-json\/wp\/v2\/media?parent=705"}],"wp:term":[{"taxonomy":"category","embeddable":true,"href":"https:\/\/www.encontrajequie.com.br\/sobre\/wp-json\/wp\/v2\/categories?post=705"},{"taxonomy":"post_tag","embeddable":true,"href":"https:\/\/www.encontrajequie.com.br\/sobre\/wp-json\/wp\/v2\/tags?post=705"}],"curies":[{"name":"wp","href":"https:\/\/api.w.org\/{rel}","templated":true}]}}