{"id":719,"date":"2026-02-11T03:43:46","date_gmt":"2026-02-11T06:43:46","guid":{"rendered":"https:\/\/www.encontrajequie.com.br\/sobre\/comando-unificado-entenda-a-filosofia-por-tras-da-parceria-entre-fluminense-de-feira-e-jequie\/"},"modified":"2026-02-11T03:43:46","modified_gmt":"2026-02-11T06:43:46","slug":"comando-unificado-entenda-a-filosofia-por-tras-da-parceria-entre-fluminense-de-feira-e-jequie","status":"publish","type":"post","link":"https:\/\/www.encontrajequie.com.br\/sobre\/comando-unificado-entenda-a-filosofia-por-tras-da-parceria-entre-fluminense-de-feira-e-jequie\/","title":{"rendered":"Comando unificado: entenda a filosofia por tr\u00e1s da parceria entre Fluminense de Feira e Jequi\u00e9"},"content":{"rendered":"<div class=\"30cf832dc5940d4704f66d0ed9a44050\" data-index=\"1\" style=\"float: none; margin:0px;\">\n<!-- Anuncio display - global -->\r\n<ins class=\"adsbygoogle\"\r\n     style=\"display:block\"\r\n     data-ad-client=\"ca-pub-8585364105181520\"\r\n     data-ad-slot=\"8789329856\"\r\n     data-ad-format=\"auto\"\r\n     data-full-width-responsive=\"true\"><\/ins>\r\n<script>\r\n     (adsbygoogle = window.adsbygoogle || []).push({});\r\n<\/script>\n<\/div>\n<h2>A parceria que est\u00e1 mudando o jogo<\/h2>\n<p>A colabora\u00e7\u00e3o entre Fluminense de Feira e Jequi\u00e9 \u00e9 algo raro no futebol baiano, mas se tornou fundamental para o planejamento estrat\u00e9gico da SAF do Touro do Sert\u00e3o nesta temporada. Tivemos a oportunidade de conversar com o presidente da SAF, Filemon Neto, que explicou os detalhes do acordo, a raz\u00e3o pela qual o futebol do Jequi\u00e9 passou a ser administrado de forma integral em Feira de Santana, e como esse modelo pode ser uma solu\u00e7\u00e3o eficaz para enfrentar um calend\u00e1rio estadual que \u00e9 tanto curto quanto desafiador.<\/p>\n<h2>Gest\u00e3o centralizada e suas vantagens<\/h2>\n<p>Filemon revelou que a parceria, com dura\u00e7\u00e3o inicial de um ano, foi baseada em um princ\u00edpio inegoci\u00e1vel: a totalidade do controle do futebol deve permanecer nas m\u00e3os da SAF do Fluminense de Feira. Desde a forma\u00e7\u00e3o do time at\u00e9 a escolha da comiss\u00e3o t\u00e9cnica, todas as decis\u00f5es s\u00e3o tomadas pelo mesmo n\u00facleo de gest\u00e3o. &#8220;N\u00f3s conduzimos 100% do futebol. N\u00e3o h\u00e1 ningu\u00e9m do Jequi\u00e9 envolvido nas decis\u00f5es&#8221;, disse o presidente. Essa abordagem garante uma gest\u00e3o unificada, evitando conflitos de interesse e promovendo um ambiente de trabalho coeso.<\/p>\n<h2>O presidente fala sobre a nova filosofia<\/h2>\n<p>Em resposta a preocupa\u00e7\u00f5es comuns sobre sua abordagem, Filemon enfatizou que n\u00e3o existe divis\u00e3o de poder ou interfer\u00eancias externas no cotidiano da equipe. O elenco \u00e9 um s\u00f3, assim como a comiss\u00e3o t\u00e9cnica, e o planejamento \u00e9 integrado, garantindo que ambos os clubes possam competir em seus respectivos campeonatos com um cronograma ajustado. De maneira pr\u00e1tica, o Jequi\u00e9 realocou sua base para Feira de Santana, aproveitando a infraestrutura do Fluminense para assegurar um controle f\u00edsico, t\u00e9cnico e log\u00edstico eficaz.<\/p>\n<p><img decoding=\"async\" src=\"https:\/\/www.encontrajequie.com.br\/sobre\/wp-content\/uploads\/2026\/02\/comando-unificado-entenda-a-filosofia-por-tras-da-parceria-entre-fluminense-de-feira-e-jequie.webp\" alt=\"comando unificado\" loading=\"lazy\" \/><\/p>\n<h2>Como as decis\u00f5es unificadas alteram o cen\u00e1rio<\/h2>\n<p>O presidente destacou que o treinamento do Jequi\u00e9 em Feira de Santana n\u00e3o \u00e9 por acaso; essa transfer\u00eancia visa garantir um padr\u00e3o de trabalho consistente, uma metodologia adequada e um acompanhamento di\u00e1rio. &#8220;Essa unifica\u00e7\u00e3o evita os improvisos que frequentemente ocorrem no futebol estadual&#8221;, ressaltou Filemon. Ao manter tudo sob uma \u00fanica gest\u00e3o, ele acredita que \u00e9 poss\u00edvel alcan\u00e7ar resultados superiores ao que seria poss\u00edvel de outra forma.<\/p>\n<h2>Impacto do comando unificado na competitividade<\/h2>\n<p>Filemon abordou um cen\u00e1rio hipot\u00e9tico onde Fluminense de Feira e Jequi\u00e9 pudessem estar na mesma divis\u00e3o do Campeonato Baiano ao mesmo tempo. Ele deixou claro que a parceria foi cuidadosamente elaborada para evitar qualquer tipo de conflito esportivo ou institucional. O acordo, firmado por um ano, n\u00e3o contempla a coexist\u00eancia dos clubes na mesma divis\u00e3o. &#8220;Quando o contrato termina, o Jequi\u00e9 segue seu caminho e o Fluminense o dele. Cada um vai para o seu canto&#8221;, explicou.<\/p>\n<h2>A estrutura de apoio e seus benef\u00edcios<\/h2>\n<p>Com essa configura\u00e7\u00e3o, a estrutura organizacional do Fluminense de Feira e do Jequi\u00e9 cria um ambiente prop\u00edcio para melhoria continua e profissionaliza\u00e7\u00e3o. Filemon reconheceu que, embora essa abordagem possa causar estranhamento, \u00e9 uma alternativa vi\u00e1vel para assegurar que o Jequi\u00e9 mantenha sua competitividade, especialmente em tempos de dificuldades financeiras. &#8220;O trabalho \u00e9 estruturado de maneira clara e objetiva; n\u00e3o \u00e9 uma fus\u00e3o, mas sim uma parceria esportiva baseada em regras expl\u00edcitas&#8221;, enfatizou.<\/p>\n<h2>Essencial para enfrentar um calend\u00e1rio apertado<\/h2>\n<p>Embora a configura\u00e7\u00e3o atual represente uma quebra de paradigmas em termos de gerenciamento, Filemon frisou que o projeto n\u00e3o \u00e9 uma experi\u00eancia sem fundamento. O objetivo \u00e9 que tanto Fluminense quanto Jequi\u00e9 sejam competitivos. O presidente tamb\u00e9m observou que o elenco atual \u00e9 considerado um dos mais fortes desde a forma\u00e7\u00e3o da SAF, ressaltando a press\u00e3o natural que a marca do clube imp\u00f5e por resultados positivos.<\/p>\n<h2>Potencial para um futebol mais profissional<\/h2>\n<p>Ao refletir sobre as campanhas anteriores do Jequi\u00e9, onde os objetivos de acesso na S\u00e9rie B do Campeonato Baiano n\u00e3o foram alcan\u00e7ados, o dirigente prop\u00f4s uma an\u00e1lise mais l\u00f3gica: &#8220;Nem sempre o melhor vence. Isso \u00e9 o que torna o futebol t\u00e3o intrigante&#8221;. Atrav\u00e9s da centraliza\u00e7\u00e3o das decis\u00f5es e da otimiza\u00e7\u00e3o do calend\u00e1rio, a SAF do Fluminense de Feira acredita que a colabora\u00e7\u00e3o com o Jequi\u00e9 proporcionar\u00e1 um retorno competitivo imediato, al\u00e9m de um avan\u00e7o em dire\u00e7\u00e3o \u00e0 profissionaliza\u00e7\u00e3o do futebol regional, tornando-o mais similar ao que se observa nos clubes de maior destaque da Bahia.<\/p>\n<h2>Como isso afeta a identidade dos clubes<\/h2>\n<p>H\u00e1 tamb\u00e9m a preocupa\u00e7\u00e3o sobre como esse novo modelo afetar\u00e1 a identidade dos dois clubes. Contudo, Filemon assegurou que a sa\u00fade institucional das entidades n\u00e3o est\u00e1 em risco. Ele garantiu que a parceria n\u00e3o representa uma dilui\u00e7\u00e3o da identidade do Jequi\u00e9, mas sim uma forma eficaz de se adaptar e se destacar em um cen\u00e1rio financeiro adverso. &#8220;\u00c9 uma abordagem que muita gente desconhece, mas que \u00e9 eficiente por conta da clareza administrativa&#8221;, reiterou.<\/p>\n<h2>Desafios e oportunidades dessa abordagem<\/h2>\n<p>Apesar dos desafios associados a essa forma inovadora de gest\u00e3o, o presidente parece confiante sobre o futuro. Ele v\u00ea essa estrat\u00e9gia como uma forma de unir esfor\u00e7os para que os clubes alcancem suas metas, ressaltando a necessidade de convic\u00e7\u00e3o em todo o processo. Com determina\u00e7\u00e3o e metas claras, Filemon espera que essa colabora\u00e7\u00e3o n\u00e3o apenas traga resultados dentro de campo, mas tamb\u00e9m reforce a imagem do futebol interiorano da Bahia como um esporte em evolu\u00e7\u00e3o.<\/p>\n\n<div style=\"font-size: 0px; height: 0px; line-height: 0px; margin: 0; padding: 0; clear: both;\"><\/div>","protected":false},"excerpt":{"rendered":"<p>Comando unificado \u00e9 a resposta inteligente para os desafios do futebol baiano.<\/p>\n","protected":false},"author":1,"featured_media":718,"comment_status":"open","ping_status":"closed","sticky":false,"template":"","format":"standard","meta":{"footnotes":""},"categories":[1],"tags":[],"class_list":["post-719","post","type-post","status-publish","format-standard","has-post-thumbnail","hentry","category-noticias-em-jequie","has_thumb"],"aioseo_notices":[],"aioseo_head":"\n\t\t<!-- All in One SEO 5.0.0.1 - aioseo.com -->\n\t<meta name=\"description\" content=\"Comando unificado \u00e9 a resposta inteligente para os desafios do futebol baiano.\" \/>\n\t<meta name=\"robots\" content=\"max-image-preview:large\" \/>\n\t<meta name=\"author\" content=\"Encontra Jequi\u00e9\"\/>\n\t<link rel=\"canonical\" href=\"https:\/\/www.encontrajequie.com.br\/sobre\/comando-unificado-entenda-a-filosofia-por-tras-da-parceria-entre-fluminense-de-feira-e-jequie\/\" \/>\n\t<meta name=\"generator\" content=\"All in One SEO (AIOSEO) 5.0.0.1\" \/>\n\t\t<meta property=\"og:locale\" content=\"pt_BR\" \/>\n\t\t<meta property=\"og:site_name\" content=\"Encontra Jequi\u00e9 | Not\u00edcias, eventos, informa\u00e7\u00f5es e dicas na cidade de Jequi\u00e9 e regi\u00e3o.\" \/>\n\t\t<meta property=\"og:type\" content=\"article\" \/>\n\t\t<meta property=\"og:title\" content=\"Comando unificado: entenda a filosofia por tr\u00e1s da parceria entre Fluminense de Feira e Jequi\u00e9 | Encontra Jequi\u00e9\" \/>\n\t\t<meta property=\"og:description\" content=\"Comando unificado \u00e9 a resposta inteligente para os desafios do futebol baiano.\" \/>\n\t\t<meta property=\"og:url\" content=\"https:\/\/www.encontrajequie.com.br\/sobre\/comando-unificado-entenda-a-filosofia-por-tras-da-parceria-entre-fluminense-de-feira-e-jequie\/\" \/>\n\t\t<meta property=\"article:published_time\" content=\"2026-02-11T06:43:46+00:00\" \/>\n\t\t<meta property=\"article:modified_time\" content=\"2026-02-11T06:43:46+00:00\" \/>\n\t\t<meta name=\"twitter:card\" content=\"summary_large_image\" \/>\n\t\t<meta name=\"twitter:title\" content=\"Comando unificado: entenda a filosofia por tr\u00e1s da parceria entre Fluminense de Feira e Jequi\u00e9 | Encontra Jequi\u00e9\" \/>\n\t\t<meta name=\"twitter:description\" content=\"Comando unificado \u00e9 a resposta inteligente para os desafios do futebol baiano.\" \/>\n\t\t<script type=\"application\/ld+json\" class=\"aioseo-schema\">\n\t\t\t{\"@context\":\"https:\\\/\\\/schema.org\",\"@graph\":[{\"@type\":\"Article\",\"@id\":\"https:\\\/\\\/www.encontrajequie.com.br\\\/sobre\\\/comando-unificado-entenda-a-filosofia-por-tras-da-parceria-entre-fluminense-de-feira-e-jequie\\\/#article\",\"name\":\"Comando unificado: entenda a filosofia por tr\\u00e1s da parceria entre Fluminense de Feira e Jequi\\u00e9 | Encontra Jequi\\u00e9\",\"headline\":\"Comando unificado: entenda a filosofia por tr\\u00e1s da parceria entre Fluminense de Feira e Jequi\\u00e9\",\"author\":{\"@id\":\"https:\\\/\\\/www.encontrajequie.com.br\\\/sobre\\\/author\\\/ejequie\\\/#author\"},\"publisher\":{\"@id\":\"https:\\\/\\\/www.encontrajequie.com.br\\\/sobre\\\/#organization\"},\"image\":{\"@type\":\"ImageObject\",\"url\":\"https:\\\/\\\/www.encontrajequie.com.br\\\/sobre\\\/wp-content\\\/uploads\\\/2026\\\/02\\\/comando-unificado-entenda-a-filosofia-por-tras-da-parceria-entre-fluminense-de-feira-e-jequie.webp\",\"width\":280,\"height\":280,\"caption\":\"comando unificado\"},\"datePublished\":\"2026-02-11T03:43:46-03:00\",\"dateModified\":\"2026-02-11T03:43:46-03:00\",\"inLanguage\":\"pt-BR\",\"mainEntityOfPage\":{\"@id\":\"https:\\\/\\\/www.encontrajequie.com.br\\\/sobre\\\/comando-unificado-entenda-a-filosofia-por-tras-da-parceria-entre-fluminense-de-feira-e-jequie\\\/#webpage\"},\"isPartOf\":{\"@id\":\"https:\\\/\\\/www.encontrajequie.com.br\\\/sobre\\\/comando-unificado-entenda-a-filosofia-por-tras-da-parceria-entre-fluminense-de-feira-e-jequie\\\/#webpage\"},\"articleSection\":\"Not\\u00edcias Jequi\\u00e9\"},{\"@type\":\"BreadcrumbList\",\"@id\":\"https:\\\/\\\/www.encontrajequie.com.br\\\/sobre\\\/comando-unificado-entenda-a-filosofia-por-tras-da-parceria-entre-fluminense-de-feira-e-jequie\\\/#breadcrumblist\",\"itemListElement\":[{\"@type\":\"ListItem\",\"@id\":\"https:\\\/\\\/www.encontrajequie.com.br\\\/sobre#listItem\",\"position\":1,\"name\":\"Home\",\"item\":\"https:\\\/\\\/www.encontrajequie.com.br\\\/sobre\",\"nextItem\":{\"@type\":\"ListItem\",\"@id\":\"https:\\\/\\\/www.encontrajequie.com.br\\\/sobre\\\/noticias-em-jequie\\\/#listItem\",\"name\":\"Not\\u00edcias Jequi\\u00e9\"}},{\"@type\":\"ListItem\",\"@id\":\"https:\\\/\\\/www.encontrajequie.com.br\\\/sobre\\\/noticias-em-jequie\\\/#listItem\",\"position\":2,\"name\":\"Not\\u00edcias Jequi\\u00e9\",\"item\":\"https:\\\/\\\/www.encontrajequie.com.br\\\/sobre\\\/noticias-em-jequie\\\/\",\"nextItem\":{\"@type\":\"ListItem\",\"@id\":\"https:\\\/\\\/www.encontrajequie.com.br\\\/sobre\\\/comando-unificado-entenda-a-filosofia-por-tras-da-parceria-entre-fluminense-de-feira-e-jequie\\\/#listItem\",\"name\":\"Comando unificado: entenda a filosofia por tr\\u00e1s da parceria entre Fluminense de Feira e Jequi\\u00e9\"},\"previousItem\":{\"@type\":\"ListItem\",\"@id\":\"https:\\\/\\\/www.encontrajequie.com.br\\\/sobre#listItem\",\"name\":\"Home\"}},{\"@type\":\"ListItem\",\"@id\":\"https:\\\/\\\/www.encontrajequie.com.br\\\/sobre\\\/comando-unificado-entenda-a-filosofia-por-tras-da-parceria-entre-fluminense-de-feira-e-jequie\\\/#listItem\",\"position\":3,\"name\":\"Comando unificado: entenda a filosofia por tr\\u00e1s da parceria entre Fluminense de Feira e Jequi\\u00e9\",\"previousItem\":{\"@type\":\"ListItem\",\"@id\":\"https:\\\/\\\/www.encontrajequie.com.br\\\/sobre\\\/noticias-em-jequie\\\/#listItem\",\"name\":\"Not\\u00edcias Jequi\\u00e9\"}}]},{\"@type\":\"Organization\",\"@id\":\"https:\\\/\\\/www.encontrajequie.com.br\\\/sobre\\\/#organization\",\"name\":\"Encontra Jequi\\u00e9\",\"description\":\"Not\\u00edcias, eventos, informa\\u00e7\\u00f5es e dicas na cidade de Jequi\\u00e9 e regi\\u00e3o.\",\"url\":\"https:\\\/\\\/www.encontrajequie.com.br\\\/sobre\\\/\"},{\"@type\":\"Person\",\"@id\":\"https:\\\/\\\/www.encontrajequie.com.br\\\/sobre\\\/author\\\/ejequie\\\/#author\",\"url\":\"https:\\\/\\\/www.encontrajequie.com.br\\\/sobre\\\/author\\\/ejequie\\\/\",\"name\":\"Encontra Jequi\\u00e9\",\"image\":{\"@type\":\"ImageObject\",\"@id\":\"https:\\\/\\\/www.encontrajequie.com.br\\\/sobre\\\/comando-unificado-entenda-a-filosofia-por-tras-da-parceria-entre-fluminense-de-feira-e-jequie\\\/#authorImage\",\"url\":\"https:\\\/\\\/secure.gravatar.com\\\/avatar\\\/507340682b8270222e1f208e23198b6ae7e2c6a1033ae84e99bc6bce4f82a387?s=96&d=mm&r=g\",\"width\":96,\"height\":96,\"caption\":\"Encontra Jequi\\u00e9\"}},{\"@type\":\"WebPage\",\"@id\":\"https:\\\/\\\/www.encontrajequie.com.br\\\/sobre\\\/comando-unificado-entenda-a-filosofia-por-tras-da-parceria-entre-fluminense-de-feira-e-jequie\\\/#webpage\",\"url\":\"https:\\\/\\\/www.encontrajequie.com.br\\\/sobre\\\/comando-unificado-entenda-a-filosofia-por-tras-da-parceria-entre-fluminense-de-feira-e-jequie\\\/\",\"name\":\"Comando unificado: entenda a filosofia por tr\\u00e1s da parceria entre Fluminense de Feira e Jequi\\u00e9 | Encontra Jequi\\u00e9\",\"description\":\"Comando unificado \\u00e9 a resposta inteligente para os desafios do futebol baiano.\",\"inLanguage\":\"pt-BR\",\"isPartOf\":{\"@id\":\"https:\\\/\\\/www.encontrajequie.com.br\\\/sobre\\\/#website\"},\"breadcrumb\":{\"@id\":\"https:\\\/\\\/www.encontrajequie.com.br\\\/sobre\\\/comando-unificado-entenda-a-filosofia-por-tras-da-parceria-entre-fluminense-de-feira-e-jequie\\\/#breadcrumblist\"},\"author\":{\"@id\":\"https:\\\/\\\/www.encontrajequie.com.br\\\/sobre\\\/author\\\/ejequie\\\/#author\"},\"creator\":{\"@id\":\"https:\\\/\\\/www.encontrajequie.com.br\\\/sobre\\\/author\\\/ejequie\\\/#author\"},\"image\":{\"@type\":\"ImageObject\",\"url\":\"https:\\\/\\\/www.encontrajequie.com.br\\\/sobre\\\/wp-content\\\/uploads\\\/2026\\\/02\\\/comando-unificado-entenda-a-filosofia-por-tras-da-parceria-entre-fluminense-de-feira-e-jequie.webp\",\"@id\":\"https:\\\/\\\/www.encontrajequie.com.br\\\/sobre\\\/comando-unificado-entenda-a-filosofia-por-tras-da-parceria-entre-fluminense-de-feira-e-jequie\\\/#mainImage\",\"width\":280,\"height\":280,\"caption\":\"comando unificado\"},\"primaryImageOfPage\":{\"@id\":\"https:\\\/\\\/www.encontrajequie.com.br\\\/sobre\\\/comando-unificado-entenda-a-filosofia-por-tras-da-parceria-entre-fluminense-de-feira-e-jequie\\\/#mainImage\"},\"datePublished\":\"2026-02-11T03:43:46-03:00\",\"dateModified\":\"2026-02-11T03:43:46-03:00\"},{\"@type\":\"WebSite\",\"@id\":\"https:\\\/\\\/www.encontrajequie.com.br\\\/sobre\\\/#website\",\"url\":\"https:\\\/\\\/www.encontrajequie.com.br\\\/sobre\\\/\",\"name\":\"Encontra Jequi\\u00e9\",\"description\":\"Not\\u00edcias, eventos, informa\\u00e7\\u00f5es e dicas na cidade de Jequi\\u00e9 e regi\\u00e3o.\",\"inLanguage\":\"pt-BR\",\"publisher\":{\"@id\":\"https:\\\/\\\/www.encontrajequie.com.br\\\/sobre\\\/#organization\"}}]}\n\t\t<\/script>\n\t\t<!-- All in One SEO -->\n\n","aioseo_head_json":{"title":"Comando unificado: entenda a filosofia por tr\u00e1s da parceria entre Fluminense de Feira e Jequi\u00e9 | Encontra Jequi\u00e9","description":"Comando unificado \u00e9 a resposta inteligente para os desafios do futebol baiano.","canonical_url":"https:\/\/www.encontrajequie.com.br\/sobre\/comando-unificado-entenda-a-filosofia-por-tras-da-parceria-entre-fluminense-de-feira-e-jequie\/","robots":"max-image-preview:large","keywords":"","webmasterTools":{"miscellaneous":""},"schema":{"@context":"https:\/\/schema.org","@graph":[{"@type":"Article","@id":"https:\/\/www.encontrajequie.com.br\/sobre\/comando-unificado-entenda-a-filosofia-por-tras-da-parceria-entre-fluminense-de-feira-e-jequie\/#article","name":"Comando unificado: entenda a filosofia por tr\u00e1s da parceria entre Fluminense de Feira e Jequi\u00e9 | Encontra Jequi\u00e9","headline":"Comando unificado: entenda a filosofia por tr\u00e1s da parceria entre Fluminense de Feira e Jequi\u00e9","author":{"@id":"https:\/\/www.encontrajequie.com.br\/sobre\/author\/ejequie\/#author"},"publisher":{"@id":"https:\/\/www.encontrajequie.com.br\/sobre\/#organization"},"image":{"@type":"ImageObject","url":"https:\/\/www.encontrajequie.com.br\/sobre\/wp-content\/uploads\/2026\/02\/comando-unificado-entenda-a-filosofia-por-tras-da-parceria-entre-fluminense-de-feira-e-jequie.webp","width":280,"height":280,"caption":"comando unificado"},"datePublished":"2026-02-11T03:43:46-03:00","dateModified":"2026-02-11T03:43:46-03:00","inLanguage":"pt-BR","mainEntityOfPage":{"@id":"https:\/\/www.encontrajequie.com.br\/sobre\/comando-unificado-entenda-a-filosofia-por-tras-da-parceria-entre-fluminense-de-feira-e-jequie\/#webpage"},"isPartOf":{"@id":"https:\/\/www.encontrajequie.com.br\/sobre\/comando-unificado-entenda-a-filosofia-por-tras-da-parceria-entre-fluminense-de-feira-e-jequie\/#webpage"},"articleSection":"Not\u00edcias Jequi\u00e9"},{"@type":"BreadcrumbList","@id":"https:\/\/www.encontrajequie.com.br\/sobre\/comando-unificado-entenda-a-filosofia-por-tras-da-parceria-entre-fluminense-de-feira-e-jequie\/#breadcrumblist","itemListElement":[{"@type":"ListItem","@id":"https:\/\/www.encontrajequie.com.br\/sobre#listItem","position":1,"name":"Home","item":"https:\/\/www.encontrajequie.com.br\/sobre","nextItem":{"@type":"ListItem","@id":"https:\/\/www.encontrajequie.com.br\/sobre\/noticias-em-jequie\/#listItem","name":"Not\u00edcias Jequi\u00e9"}},{"@type":"ListItem","@id":"https:\/\/www.encontrajequie.com.br\/sobre\/noticias-em-jequie\/#listItem","position":2,"name":"Not\u00edcias Jequi\u00e9","item":"https:\/\/www.encontrajequie.com.br\/sobre\/noticias-em-jequie\/","nextItem":{"@type":"ListItem","@id":"https:\/\/www.encontrajequie.com.br\/sobre\/comando-unificado-entenda-a-filosofia-por-tras-da-parceria-entre-fluminense-de-feira-e-jequie\/#listItem","name":"Comando unificado: entenda a filosofia por tr\u00e1s da parceria entre Fluminense de Feira e Jequi\u00e9"},"previousItem":{"@type":"ListItem","@id":"https:\/\/www.encontrajequie.com.br\/sobre#listItem","name":"Home"}},{"@type":"ListItem","@id":"https:\/\/www.encontrajequie.com.br\/sobre\/comando-unificado-entenda-a-filosofia-por-tras-da-parceria-entre-fluminense-de-feira-e-jequie\/#listItem","position":3,"name":"Comando unificado: entenda a filosofia por tr\u00e1s da parceria entre Fluminense de Feira e Jequi\u00e9","previousItem":{"@type":"ListItem","@id":"https:\/\/www.encontrajequie.com.br\/sobre\/noticias-em-jequie\/#listItem","name":"Not\u00edcias Jequi\u00e9"}}]},{"@type":"Organization","@id":"https:\/\/www.encontrajequie.com.br\/sobre\/#organization","name":"Encontra Jequi\u00e9","description":"Not\u00edcias, eventos, informa\u00e7\u00f5es e dicas na cidade de Jequi\u00e9 e regi\u00e3o.","url":"https:\/\/www.encontrajequie.com.br\/sobre\/"},{"@type":"Person","@id":"https:\/\/www.encontrajequie.com.br\/sobre\/author\/ejequie\/#author","url":"https:\/\/www.encontrajequie.com.br\/sobre\/author\/ejequie\/","name":"Encontra Jequi\u00e9","image":{"@type":"ImageObject","@id":"https:\/\/www.encontrajequie.com.br\/sobre\/comando-unificado-entenda-a-filosofia-por-tras-da-parceria-entre-fluminense-de-feira-e-jequie\/#authorImage","url":"https:\/\/secure.gravatar.com\/avatar\/507340682b8270222e1f208e23198b6ae7e2c6a1033ae84e99bc6bce4f82a387?s=96&d=mm&r=g","width":96,"height":96,"caption":"Encontra Jequi\u00e9"}},{"@type":"WebPage","@id":"https:\/\/www.encontrajequie.com.br\/sobre\/comando-unificado-entenda-a-filosofia-por-tras-da-parceria-entre-fluminense-de-feira-e-jequie\/#webpage","url":"https:\/\/www.encontrajequie.com.br\/sobre\/comando-unificado-entenda-a-filosofia-por-tras-da-parceria-entre-fluminense-de-feira-e-jequie\/","name":"Comando unificado: entenda a filosofia por tr\u00e1s da parceria entre Fluminense de Feira e Jequi\u00e9 | Encontra Jequi\u00e9","description":"Comando unificado \u00e9 a resposta inteligente para os desafios do futebol baiano.","inLanguage":"pt-BR","isPartOf":{"@id":"https:\/\/www.encontrajequie.com.br\/sobre\/#website"},"breadcrumb":{"@id":"https:\/\/www.encontrajequie.com.br\/sobre\/comando-unificado-entenda-a-filosofia-por-tras-da-parceria-entre-fluminense-de-feira-e-jequie\/#breadcrumblist"},"author":{"@id":"https:\/\/www.encontrajequie.com.br\/sobre\/author\/ejequie\/#author"},"creator":{"@id":"https:\/\/www.encontrajequie.com.br\/sobre\/author\/ejequie\/#author"},"image":{"@type":"ImageObject","url":"https:\/\/www.encontrajequie.com.br\/sobre\/wp-content\/uploads\/2026\/02\/comando-unificado-entenda-a-filosofia-por-tras-da-parceria-entre-fluminense-de-feira-e-jequie.webp","@id":"https:\/\/www.encontrajequie.com.br\/sobre\/comando-unificado-entenda-a-filosofia-por-tras-da-parceria-entre-fluminense-de-feira-e-jequie\/#mainImage","width":280,"height":280,"caption":"comando unificado"},"primaryImageOfPage":{"@id":"https:\/\/www.encontrajequie.com.br\/sobre\/comando-unificado-entenda-a-filosofia-por-tras-da-parceria-entre-fluminense-de-feira-e-jequie\/#mainImage"},"datePublished":"2026-02-11T03:43:46-03:00","dateModified":"2026-02-11T03:43:46-03:00"},{"@type":"WebSite","@id":"https:\/\/www.encontrajequie.com.br\/sobre\/#website","url":"https:\/\/www.encontrajequie.com.br\/sobre\/","name":"Encontra Jequi\u00e9","description":"Not\u00edcias, eventos, informa\u00e7\u00f5es e dicas na cidade de Jequi\u00e9 e regi\u00e3o.","inLanguage":"pt-BR","publisher":{"@id":"https:\/\/www.encontrajequie.com.br\/sobre\/#organization"}}]},"og:locale":"pt_BR","og:site_name":"Encontra Jequi\u00e9 | Not\u00edcias, eventos, informa\u00e7\u00f5es e dicas na cidade de Jequi\u00e9 e regi\u00e3o.","og:type":"article","og:title":"Comando unificado: entenda a filosofia por tr\u00e1s da parceria entre Fluminense de Feira e Jequi\u00e9 | Encontra Jequi\u00e9","og:description":"Comando unificado \u00e9 a resposta inteligente para os desafios do futebol baiano.","og:url":"https:\/\/www.encontrajequie.com.br\/sobre\/comando-unificado-entenda-a-filosofia-por-tras-da-parceria-entre-fluminense-de-feira-e-jequie\/","article:published_time":"2026-02-11T06:43:46+00:00","article:modified_time":"2026-02-11T06:43:46+00:00","twitter:card":"summary_large_image","twitter:title":"Comando unificado: entenda a filosofia por tr\u00e1s da parceria entre Fluminense de Feira e Jequi\u00e9 | Encontra Jequi\u00e9","twitter:description":"Comando unificado \u00e9 a resposta inteligente para os desafios do futebol baiano."},"aioseo_meta_data":{"post_id":"719","title":null,"description":null,"keywords":null,"keyphrases":null,"primary_term":null,"canonical_url":null,"og_title":null,"og_description":null,"og_object_type":"default","og_image_type":"default","og_image_url":null,"og_image_width":null,"og_image_height":null,"og_image_custom_url":null,"og_image_custom_fields":null,"og_video":null,"og_custom_url":null,"og_article_section":null,"og_article_tags":null,"twitter_use_og":false,"twitter_card":"default","twitter_image_type":"default","twitter_image_url":null,"twitter_image_custom_url":null,"twitter_image_custom_fields":null,"twitter_title":null,"twitter_description":null,"schema":{"blockGraphs":[],"customGraphs":[],"default":{"data":{"Article":[],"Course":[],"Dataset":[],"FAQPage":[],"Movie":[],"Person":[],"Product":[],"ProductReview":[],"Car":[],"Recipe":[],"Service":[],"SoftwareApplication":[],"WebPage":[]},"graphName":"Article","isEnabled":true},"graphs":[]},"schema_type":"default","schema_type_options":null,"pillar_content":false,"robots_default":true,"robots_noindex":false,"robots_noarchive":false,"robots_nosnippet":false,"robots_nofollow":false,"robots_noimageindex":false,"robots_noodp":false,"robots_notranslate":false,"robots_max_snippet":null,"robots_max_videopreview":null,"robots_max_imagepreview":"large","priority":null,"frequency":null,"local_seo":null,"breadcrumb_settings":null,"limit_modified_date":false,"ai":null,"created":"2026-02-11 06:43:49","updated":"2026-02-11 06:45:58","focus_keyword":null,"additional_keywords":null,"truseo_locale":null,"seo_analyzer_scan_date":null},"aioseo_breadcrumb":"<div class=\"aioseo-breadcrumbs\"><span class=\"aioseo-breadcrumb\">\n\t\t\t<a href=\"https:\/\/www.encontrajequie.com.br\/sobre\" title=\"Home\">Home<\/a>\n\t\t<\/span><span class=\"aioseo-breadcrumb-separator\">&raquo;<\/span><span class=\"aioseo-breadcrumb\">\n\t\t\t<a href=\"https:\/\/www.encontrajequie.com.br\/sobre\/noticias-em-jequie\/\" title=\"Not\u00edcias Jequi\u00e9\">Not\u00edcias Jequi\u00e9<\/a>\n\t\t<\/span><span class=\"aioseo-breadcrumb-separator\">&raquo;<\/span><span class=\"aioseo-breadcrumb\">\n\t\t\tComando unificado: entenda a filosofia por tr\u00e1s da parceria entre Fluminense de Feira e Jequi\u00e9\n\t\t<\/span><\/div>","aioseo_breadcrumb_json":[{"label":"Home","link":"https:\/\/www.encontrajequie.com.br\/sobre"},{"label":"Not\u00edcias Jequi\u00e9","link":"https:\/\/www.encontrajequie.com.br\/sobre\/noticias-em-jequie\/"},{"label":"Comando unificado: entenda a filosofia por tr\u00e1s da parceria entre Fluminense de Feira e Jequi\u00e9","link":"https:\/\/www.encontrajequie.com.br\/sobre\/comando-unificado-entenda-a-filosofia-por-tras-da-parceria-entre-fluminense-de-feira-e-jequie\/"}],"_links":{"self":[{"href":"https:\/\/www.encontrajequie.com.br\/sobre\/wp-json\/wp\/v2\/posts\/719","targetHints":{"allow":["GET"]}}],"collection":[{"href":"https:\/\/www.encontrajequie.com.br\/sobre\/wp-json\/wp\/v2\/posts"}],"about":[{"href":"https:\/\/www.encontrajequie.com.br\/sobre\/wp-json\/wp\/v2\/types\/post"}],"author":[{"embeddable":true,"href":"https:\/\/www.encontrajequie.com.br\/sobre\/wp-json\/wp\/v2\/users\/1"}],"replies":[{"embeddable":true,"href":"https:\/\/www.encontrajequie.com.br\/sobre\/wp-json\/wp\/v2\/comments?post=719"}],"version-history":[{"count":0,"href":"https:\/\/www.encontrajequie.com.br\/sobre\/wp-json\/wp\/v2\/posts\/719\/revisions"}],"wp:featuredmedia":[{"embeddable":true,"href":"https:\/\/www.encontrajequie.com.br\/sobre\/wp-json\/wp\/v2\/media\/718"}],"wp:attachment":[{"href":"https:\/\/www.encontrajequie.com.br\/sobre\/wp-json\/wp\/v2\/media?parent=719"}],"wp:term":[{"taxonomy":"category","embeddable":true,"href":"https:\/\/www.encontrajequie.com.br\/sobre\/wp-json\/wp\/v2\/categories?post=719"},{"taxonomy":"post_tag","embeddable":true,"href":"https:\/\/www.encontrajequie.com.br\/sobre\/wp-json\/wp\/v2\/tags?post=719"}],"curies":[{"name":"wp","href":"https:\/\/api.w.org\/{rel}","templated":true}]}}