{"id":761,"date":"2026-02-19T03:29:00","date_gmt":"2026-02-19T06:29:00","guid":{"rendered":"https:\/\/www.encontrajequie.com.br\/sobre\/jequie-deve-ter-um-dia-com-chuva-em-areas-especificas-nesta-quinta\/"},"modified":"2026-02-19T03:29:00","modified_gmt":"2026-02-19T06:29:00","slug":"jequie-deve-ter-um-dia-com-chuva-em-areas-especificas-nesta-quinta","status":"publish","type":"post","link":"https:\/\/www.encontrajequie.com.br\/sobre\/jequie-deve-ter-um-dia-com-chuva-em-areas-especificas-nesta-quinta\/","title":{"rendered":"Jequi\u00e9 deve ter um dia com chuva em \u00e1reas espec\u00edficas nesta quinta"},"content":{"rendered":"<div class=\"30cf832dc5940d4704f66d0ed9a44050\" data-index=\"1\" style=\"float: none; margin:0px;\">\n<!-- Anuncio display - global -->\r\n<ins class=\"adsbygoogle\"\r\n     style=\"display:block\"\r\n     data-ad-client=\"ca-pub-8585364105181520\"\r\n     data-ad-slot=\"8789329856\"\r\n     data-ad-format=\"auto\"\r\n     data-full-width-responsive=\"true\"><\/ins>\r\n<script>\r\n     (adsbygoogle = window.adsbygoogle || []).push({});\r\n<\/script>\n<\/div>\n<h2>Expectativa para o clima em Jequi\u00e9<\/h2>\n<p>Nesta quinta-feira, 19 de fevereiro de 2026, Jequi\u00e9 deve experienciar um dia com ocorr\u00eancia de chuvas em \u00e1reas pontuais. As temperaturas na cidade t\u00eam previs\u00e3o para variar entre 20\u00b0C e 34\u00b0C, de acordo com o Instituto Nacional de Meteorologia (INMET). H\u00e1 uma grande probabilidade de precipita\u00e7\u00f5es durante o dia, especialmente em determinados locais da regi\u00e3o.<\/p>\n<h2>Como ser\u00e1 o tempo durante o dia em Jequi\u00e9?<\/h2>\n<p>A madrugada em Jequi\u00e9 inicia com temperaturas amenas ao redor de 20\u00b0C, proporcionando um in\u00edcio de dia agrad\u00e1vel. \u00c0 medida que avan\u00e7a a manh\u00e3, as temperaturas elevam-se gradualmente, chegando at\u00e9 34\u00b0C durante a tarde, que ser\u00e1 a mais quente do dia. No per\u00edodo da noite, espera-se que os \u00edndices se mantenham est\u00e1veis, culminando novamente em 20\u00b0C.<\/p>\n<h2>Umidade relativa do ar em Jequi\u00e9<\/h2>\n<p>A umidade relativa do ar na cidade experimentar\u00e1 oscila\u00e7\u00f5es significativas ao longo do dia. Prev\u00ea-se que alcance 100% durante as primeiras horas e diminua para cerca de 40% nos momentos mais secos, que tipicamente ocorrem \u00e0 tarde.<\/p>\n<p><img decoding=\"async\" src=\"https:\/\/www.encontrajequie.com.br\/sobre\/wp-content\/uploads\/2026\/02\/jequie-deve-ter-um-dia-com-chuva-em-areas-especificas-nesta-quinta.webp\" alt=\"Jequi\u00e9\" loading=\"lazy\" \/><\/p>\n<h2>Dire\u00e7\u00e3o e intensidade do vento em Jequi\u00e9<\/h2>\n<p>Os ventos em Jequi\u00e9 ser\u00e3o majoritariamente fracos, soprando de leste a nordeste durante todo o dia. O amanhecer est\u00e1 marcado para \u00e0s 05h40, enquanto o p\u00f4r do sol est\u00e1 previsto para as 18h11, proporcionando assim uma boa quantidade de luz solar durante o dia.<\/p>\n<h2>Temperaturas esperadas para os pr\u00f3ximos dias em Jequi\u00e9<\/h2>\n<ul>\n<li><strong>Amanh\u00e3:<\/strong> C\u00e9u parcialmente nublado pela manh\u00e3, nublado \u00e0 tarde e \u00e0 noite. Temperaturas entre 21\u00b0C e 31\u00b0C.<\/li>\n<li><strong>S\u00e1bado (21\/02\/2026):<\/strong> Esperadas temperaturas de 21\u00b0C a 32\u00b0C, com possibilidade de trovoadas.<\/li>\n<li><strong>Domingo (22\/02\/2026):<\/strong> Previs\u00e3o de chuvas em \u00e1reas espec\u00edficas, com temperaturas variando entre 22\u00b0C e 31\u00b0C.<\/li>\n<li><strong>Segunda-feira (23\/02\/2026):<\/strong> C\u00e9u nublado, temperaturas entre 22\u00b0C e 30\u00b0C.<\/li>\n<\/ul>\n<h2>Previs\u00e3o do tempo para amanh\u00e3<\/h2>\n<p>A previs\u00e3o para amanh\u00e3 indica c\u00e9u nublado de manh\u00e3, totalmente coberto \u00e0 tarde e \u00e0 noite, com temperaturas que devem variar entre 21\u00b0C e 31\u00b0C. Isso sugere um dia em que muitos poder\u00e3o enfrentar algumas dificuldades devido \u00e0 umidade e \u00e0 falta de luz solar.<\/p>\n<h2>Dicas para se preparar para a chuva<\/h2>\n<p>Com a previs\u00e3o de chuvas, \u00e9 aconselh\u00e1vel que a popula\u00e7\u00e3o esteja preparada. Algumas dicas \u00fateis incluem:<\/p>\n<ul>\n<li>Utilizar capas de chuva ou guarda-chuvas ao sair de casa.<\/li>\n<li>Verificar onde est\u00e3o os drenos em casa para evitar alagamentos.<\/li>\n<li>Evitar andar em \u00e1reas que costumam alagar rapidamente.<\/li>\n<li>Mantenha sempre um kit de emerg\u00eancia com lanternas e suprimentos essenciais.<\/li>\n<\/ul>\n<h2>Impacto da umidade nas atividades di\u00e1rias<\/h2>\n<p>A umidade pode ter um efeito direto nas atividades cotidianas. Para aqueles que dependem de trabalho externo, \u00e9 importante considerar:<\/p>\n<ul>\n<li>Se programar para realizar tarefas durante os hor\u00e1rios em que a umidade estiver mais baixa.<\/li>\n<li>Pensar na seguran\u00e7a ao dirigir, j\u00e1 que as estradas podem ficar escorregadias durante a chuva.<\/li>\n<li>Utilizar roupas adequadas para ambientes \u00famidos e garantir que materiais importantes n\u00e3o fiquem expostos.<\/li>\n<\/ul>\n<h2>Comparativo de temperaturas nos \u00faltimos dias<\/h2>\n<p>As \u00faltimas semanas em Jequi\u00e9 mostraram uma varia\u00e7\u00e3o significativa nas temperaturas. Aqui est\u00e1 um breve comparativo:<\/p>\n<ul>\n<li><strong>Dia 14\/02\/2026:<\/strong> M\u00ednima de 19\u00b0C e m\u00e1xima de 33\u00b0C<\/li>\n<li><strong>Dia 15\/02\/2026:<\/strong> M\u00ednima de 20\u00b0C e m\u00e1xima de 34\u00b0C<\/li>\n<li><strong>Dia 16\/02\/2026:<\/strong> M\u00ednima de 21\u00b0C e m\u00e1xima de 32\u00b0C<\/li>\n<li><strong>Dia 17\/02\/2026:<\/strong> M\u00ednima de 19\u00b0C e m\u00e1xima de 30\u00b0C<\/li>\n<\/ul>\n<h2>Cuidados com o tempo inclemente<\/h2>\n<p>\u00c9 fundamental tomar certos cuidados durante per\u00edodos de chuva intensa e alta umidade. Algumas recomenda\u00e7\u00f5es s\u00e3o:<\/p>\n<ul>\n<li>Verificar a integridade das telhas e calhas de casa.<\/li>\n<li>N\u00e3o se expor a raios; fique em locais seguros durante tempestades.<\/li>\n<li>Evitar o consumo de alimentos que podem estragar facilmente na umidade.<\/li>\n<\/ul>\n<h2>Expectativas para o final de semana em Jequi\u00e9<\/h2>\n<p>As previs\u00f5es para o fim de semana apontam condi\u00e7\u00f5es variadas, mas com alta probabilidade de chuvas, especialmente no s\u00e1bado. Portanto, programa\u00e7\u00f5es ao ar livre devem ser revistas, e \u00e9 importante ter planos alternativos caso o mau tempo persista. N\u00e3o se esque\u00e7a de acompanhar as atualiza\u00e7\u00f5es meteorol\u00f3gicas para estar sempre informado e preparado.<\/p>\n\n<div style=\"font-size: 0px; height: 0px; line-height: 0px; margin: 0; padding: 0; clear: both;\"><\/div>","protected":false},"excerpt":{"rendered":"<p>Jequi\u00e9 ter\u00e1 um dia com chuva e temperaturas entre 20\u00b0C e 34\u00b0C.<\/p>\n","protected":false},"author":1,"featured_media":760,"comment_status":"open","ping_status":"closed","sticky":false,"template":"","format":"standard","meta":{"footnotes":""},"categories":[1],"tags":[],"class_list":["post-761","post","type-post","status-publish","format-standard","has-post-thumbnail","hentry","category-noticias-em-jequie","has_thumb"],"aioseo_notices":[],"aioseo_head":"\n\t\t<!-- All in One SEO 5.0.0.1 - aioseo.com -->\n\t<meta name=\"description\" content=\"Jequi\u00e9 ter\u00e1 um dia com chuva e temperaturas entre 20\u00b0C e 34\u00b0C.\" \/>\n\t<meta name=\"robots\" content=\"max-image-preview:large\" \/>\n\t<meta name=\"author\" content=\"Encontra Jequi\u00e9\"\/>\n\t<link rel=\"canonical\" href=\"https:\/\/www.encontrajequie.com.br\/sobre\/jequie-deve-ter-um-dia-com-chuva-em-areas-especificas-nesta-quinta\/\" \/>\n\t<meta name=\"generator\" content=\"All in One SEO (AIOSEO) 5.0.0.1\" \/>\n\t\t<meta property=\"og:locale\" content=\"pt_BR\" \/>\n\t\t<meta property=\"og:site_name\" content=\"Encontra Jequi\u00e9 | Not\u00edcias, eventos, informa\u00e7\u00f5es e dicas na cidade de Jequi\u00e9 e regi\u00e3o.\" \/>\n\t\t<meta property=\"og:type\" content=\"article\" \/>\n\t\t<meta property=\"og:title\" content=\"Jequi\u00e9 deve ter um dia com chuva em \u00e1reas espec\u00edficas nesta quinta | Encontra Jequi\u00e9\" \/>\n\t\t<meta property=\"og:description\" content=\"Jequi\u00e9 ter\u00e1 um dia com chuva e temperaturas entre 20\u00b0C e 34\u00b0C.\" \/>\n\t\t<meta property=\"og:url\" content=\"https:\/\/www.encontrajequie.com.br\/sobre\/jequie-deve-ter-um-dia-com-chuva-em-areas-especificas-nesta-quinta\/\" \/>\n\t\t<meta property=\"article:published_time\" content=\"2026-02-19T06:29:00+00:00\" \/>\n\t\t<meta property=\"article:modified_time\" content=\"2026-02-19T06:29:00+00:00\" \/>\n\t\t<meta name=\"twitter:card\" content=\"summary_large_image\" \/>\n\t\t<meta name=\"twitter:title\" content=\"Jequi\u00e9 deve ter um dia com chuva em \u00e1reas espec\u00edficas nesta quinta | Encontra Jequi\u00e9\" \/>\n\t\t<meta name=\"twitter:description\" content=\"Jequi\u00e9 ter\u00e1 um dia com chuva e temperaturas entre 20\u00b0C e 34\u00b0C.\" \/>\n\t\t<script type=\"application\/ld+json\" class=\"aioseo-schema\">\n\t\t\t{\"@context\":\"https:\\\/\\\/schema.org\",\"@graph\":[{\"@type\":\"Article\",\"@id\":\"https:\\\/\\\/www.encontrajequie.com.br\\\/sobre\\\/jequie-deve-ter-um-dia-com-chuva-em-areas-especificas-nesta-quinta\\\/#article\",\"name\":\"Jequi\\u00e9 deve ter um dia com chuva em \\u00e1reas espec\\u00edficas nesta quinta | Encontra Jequi\\u00e9\",\"headline\":\"Jequi\\u00e9 deve ter um dia com chuva em \\u00e1reas espec\\u00edficas nesta quinta\",\"author\":{\"@id\":\"https:\\\/\\\/www.encontrajequie.com.br\\\/sobre\\\/author\\\/ejequie\\\/#author\"},\"publisher\":{\"@id\":\"https:\\\/\\\/www.encontrajequie.com.br\\\/sobre\\\/#organization\"},\"image\":{\"@type\":\"ImageObject\",\"url\":\"https:\\\/\\\/www.encontrajequie.com.br\\\/sobre\\\/wp-content\\\/uploads\\\/2026\\\/02\\\/jequie-deve-ter-um-dia-com-chuva-em-areas-especificas-nesta-quinta.webp\",\"width\":280,\"height\":280,\"caption\":\"Jequi\\u00e9\"},\"datePublished\":\"2026-02-19T03:29:00-03:00\",\"dateModified\":\"2026-02-19T03:29:00-03:00\",\"inLanguage\":\"pt-BR\",\"mainEntityOfPage\":{\"@id\":\"https:\\\/\\\/www.encontrajequie.com.br\\\/sobre\\\/jequie-deve-ter-um-dia-com-chuva-em-areas-especificas-nesta-quinta\\\/#webpage\"},\"isPartOf\":{\"@id\":\"https:\\\/\\\/www.encontrajequie.com.br\\\/sobre\\\/jequie-deve-ter-um-dia-com-chuva-em-areas-especificas-nesta-quinta\\\/#webpage\"},\"articleSection\":\"Not\\u00edcias Jequi\\u00e9\"},{\"@type\":\"BreadcrumbList\",\"@id\":\"https:\\\/\\\/www.encontrajequie.com.br\\\/sobre\\\/jequie-deve-ter-um-dia-com-chuva-em-areas-especificas-nesta-quinta\\\/#breadcrumblist\",\"itemListElement\":[{\"@type\":\"ListItem\",\"@id\":\"https:\\\/\\\/www.encontrajequie.com.br\\\/sobre#listItem\",\"position\":1,\"name\":\"Home\",\"item\":\"https:\\\/\\\/www.encontrajequie.com.br\\\/sobre\",\"nextItem\":{\"@type\":\"ListItem\",\"@id\":\"https:\\\/\\\/www.encontrajequie.com.br\\\/sobre\\\/noticias-em-jequie\\\/#listItem\",\"name\":\"Not\\u00edcias Jequi\\u00e9\"}},{\"@type\":\"ListItem\",\"@id\":\"https:\\\/\\\/www.encontrajequie.com.br\\\/sobre\\\/noticias-em-jequie\\\/#listItem\",\"position\":2,\"name\":\"Not\\u00edcias Jequi\\u00e9\",\"item\":\"https:\\\/\\\/www.encontrajequie.com.br\\\/sobre\\\/noticias-em-jequie\\\/\",\"nextItem\":{\"@type\":\"ListItem\",\"@id\":\"https:\\\/\\\/www.encontrajequie.com.br\\\/sobre\\\/jequie-deve-ter-um-dia-com-chuva-em-areas-especificas-nesta-quinta\\\/#listItem\",\"name\":\"Jequi\\u00e9 deve ter um dia com chuva em \\u00e1reas espec\\u00edficas nesta quinta\"},\"previousItem\":{\"@type\":\"ListItem\",\"@id\":\"https:\\\/\\\/www.encontrajequie.com.br\\\/sobre#listItem\",\"name\":\"Home\"}},{\"@type\":\"ListItem\",\"@id\":\"https:\\\/\\\/www.encontrajequie.com.br\\\/sobre\\\/jequie-deve-ter-um-dia-com-chuva-em-areas-especificas-nesta-quinta\\\/#listItem\",\"position\":3,\"name\":\"Jequi\\u00e9 deve ter um dia com chuva em \\u00e1reas espec\\u00edficas nesta quinta\",\"previousItem\":{\"@type\":\"ListItem\",\"@id\":\"https:\\\/\\\/www.encontrajequie.com.br\\\/sobre\\\/noticias-em-jequie\\\/#listItem\",\"name\":\"Not\\u00edcias Jequi\\u00e9\"}}]},{\"@type\":\"Organization\",\"@id\":\"https:\\\/\\\/www.encontrajequie.com.br\\\/sobre\\\/#organization\",\"name\":\"Encontra Jequi\\u00e9\",\"description\":\"Not\\u00edcias, eventos, informa\\u00e7\\u00f5es e dicas na cidade de Jequi\\u00e9 e regi\\u00e3o.\",\"url\":\"https:\\\/\\\/www.encontrajequie.com.br\\\/sobre\\\/\"},{\"@type\":\"Person\",\"@id\":\"https:\\\/\\\/www.encontrajequie.com.br\\\/sobre\\\/author\\\/ejequie\\\/#author\",\"url\":\"https:\\\/\\\/www.encontrajequie.com.br\\\/sobre\\\/author\\\/ejequie\\\/\",\"name\":\"Encontra Jequi\\u00e9\",\"image\":{\"@type\":\"ImageObject\",\"@id\":\"https:\\\/\\\/www.encontrajequie.com.br\\\/sobre\\\/jequie-deve-ter-um-dia-com-chuva-em-areas-especificas-nesta-quinta\\\/#authorImage\",\"url\":\"https:\\\/\\\/secure.gravatar.com\\\/avatar\\\/507340682b8270222e1f208e23198b6ae7e2c6a1033ae84e99bc6bce4f82a387?s=96&d=mm&r=g\",\"width\":96,\"height\":96,\"caption\":\"Encontra Jequi\\u00e9\"}},{\"@type\":\"WebPage\",\"@id\":\"https:\\\/\\\/www.encontrajequie.com.br\\\/sobre\\\/jequie-deve-ter-um-dia-com-chuva-em-areas-especificas-nesta-quinta\\\/#webpage\",\"url\":\"https:\\\/\\\/www.encontrajequie.com.br\\\/sobre\\\/jequie-deve-ter-um-dia-com-chuva-em-areas-especificas-nesta-quinta\\\/\",\"name\":\"Jequi\\u00e9 deve ter um dia com chuva em \\u00e1reas espec\\u00edficas nesta quinta | Encontra Jequi\\u00e9\",\"description\":\"Jequi\\u00e9 ter\\u00e1 um dia com chuva e temperaturas entre 20\\u00b0C e 34\\u00b0C.\",\"inLanguage\":\"pt-BR\",\"isPartOf\":{\"@id\":\"https:\\\/\\\/www.encontrajequie.com.br\\\/sobre\\\/#website\"},\"breadcrumb\":{\"@id\":\"https:\\\/\\\/www.encontrajequie.com.br\\\/sobre\\\/jequie-deve-ter-um-dia-com-chuva-em-areas-especificas-nesta-quinta\\\/#breadcrumblist\"},\"author\":{\"@id\":\"https:\\\/\\\/www.encontrajequie.com.br\\\/sobre\\\/author\\\/ejequie\\\/#author\"},\"creator\":{\"@id\":\"https:\\\/\\\/www.encontrajequie.com.br\\\/sobre\\\/author\\\/ejequie\\\/#author\"},\"image\":{\"@type\":\"ImageObject\",\"url\":\"https:\\\/\\\/www.encontrajequie.com.br\\\/sobre\\\/wp-content\\\/uploads\\\/2026\\\/02\\\/jequie-deve-ter-um-dia-com-chuva-em-areas-especificas-nesta-quinta.webp\",\"@id\":\"https:\\\/\\\/www.encontrajequie.com.br\\\/sobre\\\/jequie-deve-ter-um-dia-com-chuva-em-areas-especificas-nesta-quinta\\\/#mainImage\",\"width\":280,\"height\":280,\"caption\":\"Jequi\\u00e9\"},\"primaryImageOfPage\":{\"@id\":\"https:\\\/\\\/www.encontrajequie.com.br\\\/sobre\\\/jequie-deve-ter-um-dia-com-chuva-em-areas-especificas-nesta-quinta\\\/#mainImage\"},\"datePublished\":\"2026-02-19T03:29:00-03:00\",\"dateModified\":\"2026-02-19T03:29:00-03:00\"},{\"@type\":\"WebSite\",\"@id\":\"https:\\\/\\\/www.encontrajequie.com.br\\\/sobre\\\/#website\",\"url\":\"https:\\\/\\\/www.encontrajequie.com.br\\\/sobre\\\/\",\"name\":\"Encontra Jequi\\u00e9\",\"description\":\"Not\\u00edcias, eventos, informa\\u00e7\\u00f5es e dicas na cidade de Jequi\\u00e9 e regi\\u00e3o.\",\"inLanguage\":\"pt-BR\",\"publisher\":{\"@id\":\"https:\\\/\\\/www.encontrajequie.com.br\\\/sobre\\\/#organization\"}}]}\n\t\t<\/script>\n\t\t<!-- All in One SEO -->\n\n","aioseo_head_json":{"title":"Jequi\u00e9 deve ter um dia com chuva em \u00e1reas espec\u00edficas nesta quinta | Encontra Jequi\u00e9","description":"Jequi\u00e9 ter\u00e1 um dia com chuva e temperaturas entre 20\u00b0C e 34\u00b0C.","canonical_url":"https:\/\/www.encontrajequie.com.br\/sobre\/jequie-deve-ter-um-dia-com-chuva-em-areas-especificas-nesta-quinta\/","robots":"max-image-preview:large","keywords":"","webmasterTools":{"miscellaneous":""},"schema":{"@context":"https:\/\/schema.org","@graph":[{"@type":"Article","@id":"https:\/\/www.encontrajequie.com.br\/sobre\/jequie-deve-ter-um-dia-com-chuva-em-areas-especificas-nesta-quinta\/#article","name":"Jequi\u00e9 deve ter um dia com chuva em \u00e1reas espec\u00edficas nesta quinta | Encontra Jequi\u00e9","headline":"Jequi\u00e9 deve ter um dia com chuva em \u00e1reas espec\u00edficas nesta quinta","author":{"@id":"https:\/\/www.encontrajequie.com.br\/sobre\/author\/ejequie\/#author"},"publisher":{"@id":"https:\/\/www.encontrajequie.com.br\/sobre\/#organization"},"image":{"@type":"ImageObject","url":"https:\/\/www.encontrajequie.com.br\/sobre\/wp-content\/uploads\/2026\/02\/jequie-deve-ter-um-dia-com-chuva-em-areas-especificas-nesta-quinta.webp","width":280,"height":280,"caption":"Jequi\u00e9"},"datePublished":"2026-02-19T03:29:00-03:00","dateModified":"2026-02-19T03:29:00-03:00","inLanguage":"pt-BR","mainEntityOfPage":{"@id":"https:\/\/www.encontrajequie.com.br\/sobre\/jequie-deve-ter-um-dia-com-chuva-em-areas-especificas-nesta-quinta\/#webpage"},"isPartOf":{"@id":"https:\/\/www.encontrajequie.com.br\/sobre\/jequie-deve-ter-um-dia-com-chuva-em-areas-especificas-nesta-quinta\/#webpage"},"articleSection":"Not\u00edcias Jequi\u00e9"},{"@type":"BreadcrumbList","@id":"https:\/\/www.encontrajequie.com.br\/sobre\/jequie-deve-ter-um-dia-com-chuva-em-areas-especificas-nesta-quinta\/#breadcrumblist","itemListElement":[{"@type":"ListItem","@id":"https:\/\/www.encontrajequie.com.br\/sobre#listItem","position":1,"name":"Home","item":"https:\/\/www.encontrajequie.com.br\/sobre","nextItem":{"@type":"ListItem","@id":"https:\/\/www.encontrajequie.com.br\/sobre\/noticias-em-jequie\/#listItem","name":"Not\u00edcias Jequi\u00e9"}},{"@type":"ListItem","@id":"https:\/\/www.encontrajequie.com.br\/sobre\/noticias-em-jequie\/#listItem","position":2,"name":"Not\u00edcias Jequi\u00e9","item":"https:\/\/www.encontrajequie.com.br\/sobre\/noticias-em-jequie\/","nextItem":{"@type":"ListItem","@id":"https:\/\/www.encontrajequie.com.br\/sobre\/jequie-deve-ter-um-dia-com-chuva-em-areas-especificas-nesta-quinta\/#listItem","name":"Jequi\u00e9 deve ter um dia com chuva em \u00e1reas espec\u00edficas nesta quinta"},"previousItem":{"@type":"ListItem","@id":"https:\/\/www.encontrajequie.com.br\/sobre#listItem","name":"Home"}},{"@type":"ListItem","@id":"https:\/\/www.encontrajequie.com.br\/sobre\/jequie-deve-ter-um-dia-com-chuva-em-areas-especificas-nesta-quinta\/#listItem","position":3,"name":"Jequi\u00e9 deve ter um dia com chuva em \u00e1reas espec\u00edficas nesta quinta","previousItem":{"@type":"ListItem","@id":"https:\/\/www.encontrajequie.com.br\/sobre\/noticias-em-jequie\/#listItem","name":"Not\u00edcias Jequi\u00e9"}}]},{"@type":"Organization","@id":"https:\/\/www.encontrajequie.com.br\/sobre\/#organization","name":"Encontra Jequi\u00e9","description":"Not\u00edcias, eventos, informa\u00e7\u00f5es e dicas na cidade de Jequi\u00e9 e regi\u00e3o.","url":"https:\/\/www.encontrajequie.com.br\/sobre\/"},{"@type":"Person","@id":"https:\/\/www.encontrajequie.com.br\/sobre\/author\/ejequie\/#author","url":"https:\/\/www.encontrajequie.com.br\/sobre\/author\/ejequie\/","name":"Encontra Jequi\u00e9","image":{"@type":"ImageObject","@id":"https:\/\/www.encontrajequie.com.br\/sobre\/jequie-deve-ter-um-dia-com-chuva-em-areas-especificas-nesta-quinta\/#authorImage","url":"https:\/\/secure.gravatar.com\/avatar\/507340682b8270222e1f208e23198b6ae7e2c6a1033ae84e99bc6bce4f82a387?s=96&d=mm&r=g","width":96,"height":96,"caption":"Encontra Jequi\u00e9"}},{"@type":"WebPage","@id":"https:\/\/www.encontrajequie.com.br\/sobre\/jequie-deve-ter-um-dia-com-chuva-em-areas-especificas-nesta-quinta\/#webpage","url":"https:\/\/www.encontrajequie.com.br\/sobre\/jequie-deve-ter-um-dia-com-chuva-em-areas-especificas-nesta-quinta\/","name":"Jequi\u00e9 deve ter um dia com chuva em \u00e1reas espec\u00edficas nesta quinta | Encontra Jequi\u00e9","description":"Jequi\u00e9 ter\u00e1 um dia com chuva e temperaturas entre 20\u00b0C e 34\u00b0C.","inLanguage":"pt-BR","isPartOf":{"@id":"https:\/\/www.encontrajequie.com.br\/sobre\/#website"},"breadcrumb":{"@id":"https:\/\/www.encontrajequie.com.br\/sobre\/jequie-deve-ter-um-dia-com-chuva-em-areas-especificas-nesta-quinta\/#breadcrumblist"},"author":{"@id":"https:\/\/www.encontrajequie.com.br\/sobre\/author\/ejequie\/#author"},"creator":{"@id":"https:\/\/www.encontrajequie.com.br\/sobre\/author\/ejequie\/#author"},"image":{"@type":"ImageObject","url":"https:\/\/www.encontrajequie.com.br\/sobre\/wp-content\/uploads\/2026\/02\/jequie-deve-ter-um-dia-com-chuva-em-areas-especificas-nesta-quinta.webp","@id":"https:\/\/www.encontrajequie.com.br\/sobre\/jequie-deve-ter-um-dia-com-chuva-em-areas-especificas-nesta-quinta\/#mainImage","width":280,"height":280,"caption":"Jequi\u00e9"},"primaryImageOfPage":{"@id":"https:\/\/www.encontrajequie.com.br\/sobre\/jequie-deve-ter-um-dia-com-chuva-em-areas-especificas-nesta-quinta\/#mainImage"},"datePublished":"2026-02-19T03:29:00-03:00","dateModified":"2026-02-19T03:29:00-03:00"},{"@type":"WebSite","@id":"https:\/\/www.encontrajequie.com.br\/sobre\/#website","url":"https:\/\/www.encontrajequie.com.br\/sobre\/","name":"Encontra Jequi\u00e9","description":"Not\u00edcias, eventos, informa\u00e7\u00f5es e dicas na cidade de Jequi\u00e9 e regi\u00e3o.","inLanguage":"pt-BR","publisher":{"@id":"https:\/\/www.encontrajequie.com.br\/sobre\/#organization"}}]},"og:locale":"pt_BR","og:site_name":"Encontra Jequi\u00e9 | Not\u00edcias, eventos, informa\u00e7\u00f5es e dicas na cidade de Jequi\u00e9 e regi\u00e3o.","og:type":"article","og:title":"Jequi\u00e9 deve ter um dia com chuva em \u00e1reas espec\u00edficas nesta quinta | Encontra Jequi\u00e9","og:description":"Jequi\u00e9 ter\u00e1 um dia com chuva e temperaturas entre 20\u00b0C e 34\u00b0C.","og:url":"https:\/\/www.encontrajequie.com.br\/sobre\/jequie-deve-ter-um-dia-com-chuva-em-areas-especificas-nesta-quinta\/","article:published_time":"2026-02-19T06:29:00+00:00","article:modified_time":"2026-02-19T06:29:00+00:00","twitter:card":"summary_large_image","twitter:title":"Jequi\u00e9 deve ter um dia com chuva em \u00e1reas espec\u00edficas nesta quinta | Encontra Jequi\u00e9","twitter:description":"Jequi\u00e9 ter\u00e1 um dia com chuva e temperaturas entre 20\u00b0C e 34\u00b0C."},"aioseo_meta_data":{"post_id":"761","title":null,"description":null,"keywords":null,"keyphrases":null,"primary_term":null,"canonical_url":null,"og_title":null,"og_description":null,"og_object_type":"default","og_image_type":"default","og_image_url":null,"og_image_width":null,"og_image_height":null,"og_image_custom_url":null,"og_image_custom_fields":null,"og_video":null,"og_custom_url":null,"og_article_section":null,"og_article_tags":null,"twitter_use_og":false,"twitter_card":"default","twitter_image_type":"default","twitter_image_url":null,"twitter_image_custom_url":null,"twitter_image_custom_fields":null,"twitter_title":null,"twitter_description":null,"schema":{"blockGraphs":[],"customGraphs":[],"default":{"data":{"Article":[],"Course":[],"Dataset":[],"FAQPage":[],"Movie":[],"Person":[],"Product":[],"ProductReview":[],"Car":[],"Recipe":[],"Service":[],"SoftwareApplication":[],"WebPage":[]},"graphName":"Article","isEnabled":true},"graphs":[]},"schema_type":"default","schema_type_options":null,"pillar_content":false,"robots_default":true,"robots_noindex":false,"robots_noarchive":false,"robots_nosnippet":false,"robots_nofollow":false,"robots_noimageindex":false,"robots_noodp":false,"robots_notranslate":false,"robots_max_snippet":null,"robots_max_videopreview":null,"robots_max_imagepreview":"large","priority":null,"frequency":null,"local_seo":null,"breadcrumb_settings":null,"limit_modified_date":false,"ai":null,"created":"2026-02-19 06:29:04","updated":"2026-02-19 06:30:30","focus_keyword":null,"additional_keywords":null,"truseo_locale":null,"seo_analyzer_scan_date":null},"aioseo_breadcrumb":"<div class=\"aioseo-breadcrumbs\"><span class=\"aioseo-breadcrumb\">\n\t\t\t<a href=\"https:\/\/www.encontrajequie.com.br\/sobre\" title=\"Home\">Home<\/a>\n\t\t<\/span><span class=\"aioseo-breadcrumb-separator\">&raquo;<\/span><span class=\"aioseo-breadcrumb\">\n\t\t\t<a href=\"https:\/\/www.encontrajequie.com.br\/sobre\/noticias-em-jequie\/\" title=\"Not\u00edcias Jequi\u00e9\">Not\u00edcias Jequi\u00e9<\/a>\n\t\t<\/span><span class=\"aioseo-breadcrumb-separator\">&raquo;<\/span><span class=\"aioseo-breadcrumb\">\n\t\t\tJequi\u00e9 deve ter um dia com chuva em \u00e1reas espec\u00edficas nesta quinta\n\t\t<\/span><\/div>","aioseo_breadcrumb_json":[{"label":"Home","link":"https:\/\/www.encontrajequie.com.br\/sobre"},{"label":"Not\u00edcias Jequi\u00e9","link":"https:\/\/www.encontrajequie.com.br\/sobre\/noticias-em-jequie\/"},{"label":"Jequi\u00e9 deve ter um dia com chuva em \u00e1reas espec\u00edficas nesta quinta","link":"https:\/\/www.encontrajequie.com.br\/sobre\/jequie-deve-ter-um-dia-com-chuva-em-areas-especificas-nesta-quinta\/"}],"_links":{"self":[{"href":"https:\/\/www.encontrajequie.com.br\/sobre\/wp-json\/wp\/v2\/posts\/761","targetHints":{"allow":["GET"]}}],"collection":[{"href":"https:\/\/www.encontrajequie.com.br\/sobre\/wp-json\/wp\/v2\/posts"}],"about":[{"href":"https:\/\/www.encontrajequie.com.br\/sobre\/wp-json\/wp\/v2\/types\/post"}],"author":[{"embeddable":true,"href":"https:\/\/www.encontrajequie.com.br\/sobre\/wp-json\/wp\/v2\/users\/1"}],"replies":[{"embeddable":true,"href":"https:\/\/www.encontrajequie.com.br\/sobre\/wp-json\/wp\/v2\/comments?post=761"}],"version-history":[{"count":0,"href":"https:\/\/www.encontrajequie.com.br\/sobre\/wp-json\/wp\/v2\/posts\/761\/revisions"}],"wp:featuredmedia":[{"embeddable":true,"href":"https:\/\/www.encontrajequie.com.br\/sobre\/wp-json\/wp\/v2\/media\/760"}],"wp:attachment":[{"href":"https:\/\/www.encontrajequie.com.br\/sobre\/wp-json\/wp\/v2\/media?parent=761"}],"wp:term":[{"taxonomy":"category","embeddable":true,"href":"https:\/\/www.encontrajequie.com.br\/sobre\/wp-json\/wp\/v2\/categories?post=761"},{"taxonomy":"post_tag","embeddable":true,"href":"https:\/\/www.encontrajequie.com.br\/sobre\/wp-json\/wp\/v2\/tags?post=761"}],"curies":[{"name":"wp","href":"https:\/\/api.w.org\/{rel}","templated":true}]}}