{"id":767,"date":"2026-02-20T03:30:00","date_gmt":"2026-02-20T06:30:00","guid":{"rendered":"https:\/\/www.encontrajequie.com.br\/sobre\/jequie-deve-ter-um-dia-com-muitas-nuvens-nesta-quarta\/"},"modified":"2026-02-20T03:30:00","modified_gmt":"2026-02-20T06:30:00","slug":"jequie-deve-ter-um-dia-com-muitas-nuvens-nesta-quarta","status":"publish","type":"post","link":"https:\/\/www.encontrajequie.com.br\/sobre\/jequie-deve-ter-um-dia-com-muitas-nuvens-nesta-quarta\/","title":{"rendered":"Jequi\u00e9 deve ter um dia com muitas nuvens nesta quarta"},"content":{"rendered":"<div class=\"30cf832dc5940d4704f66d0ed9a44050\" data-index=\"1\" style=\"float: none; margin:0px;\">\n<!-- Anuncio display - global -->\r\n<ins class=\"adsbygoogle\"\r\n     style=\"display:block\"\r\n     data-ad-client=\"ca-pub-8585364105181520\"\r\n     data-ad-slot=\"8789329856\"\r\n     data-ad-format=\"auto\"\r\n     data-full-width-responsive=\"true\"><\/ins>\r\n<script>\r\n     (adsbygoogle = window.adsbygoogle || []).push({});\r\n<\/script>\n<\/div>\n<h2>Clima e temperatura em Jequi\u00e9<\/h2>\n<p>Em Jequi\u00e9, a previs\u00e3o para esta quarta-feira (18) indica um dia caracterizado por nuvens predominantes. As temperaturas oscilar\u00e3o entre 20\u00b0C e 33\u00b0C, oferecendo uma varia\u00e7\u00e3o significativa ao longo do dia. Inicialmente, a temperatura ser\u00e1 amena, promovendo um in\u00edcio de dia agrad\u00e1vel, que pode se tornar mais quente em determinados per\u00edodos.<\/p>\n<h2>O que esperar do c\u00e9u nublado<\/h2>\n<p>O c\u00e9u em Jequi\u00e9 tende a permanecer nublado durante toda a quarta-feira, de acordo com as informa\u00e7\u00f5es do Instituto Nacional de Meteorologia (INMET). Essa cobertura de nuvens pode levar a chuvas concentradas em certas partes da cidade, especialmente nas horas da tarde, quando a temperatura atinge seu pico. A expectativa \u00e9 que essa condi\u00e7\u00e3o clim\u00e1tica se estenda durante boa parte do dia.<\/p>\n<h2>Mudan\u00e7as na umidade do ar<\/h2>\n<p>A umidade relativa em Jequi\u00e9 variar\u00e1 ao longo do dia. Nas primeiras horas, atinge n\u00edveis elevados, chegando a 100%, e conforme avan\u00e7a a tarde, esse \u00edndice poder\u00e1 cair para 40%. Essa flutua\u00e7\u00e3o pode impactar a sensa\u00e7\u00e3o t\u00e9rmica, tornando o ar mais pesado e desconfort\u00e1vel em determinados momentos.<\/p>\n<p><img decoding=\"async\" src=\"https:\/\/www.encontrajequie.com.br\/sobre\/wp-content\/uploads\/2026\/02\/jequie-deve-ter-um-dia-com-muitas-nuvens-nesta-quarta.webp\" alt=\"previs\u00e3o do tempo Jequi\u00e9\" loading=\"lazy\" \/><\/p>\n<h2>Intensidade do vento em Jequi\u00e9<\/h2>\n<p>Os ventos esperados em Jequi\u00e9 ser\u00e3o de leve intensidade, soprando predominantemente do leste para o nordeste. A dire\u00e7\u00e3o e a for\u00e7a dos ventos n\u00e3o causar\u00e3o grandes mudan\u00e7as nas condi\u00e7\u00f5es clim\u00e1ticas, mas podem trazer um al\u00edvio tempor\u00e1rio nas temperaturas em alguns momentos do dia. O nascer do sol est\u00e1 programado para as 05h40, enquanto o p\u00f4r do sol ocorrer\u00e1 \u00e0s 18h11.<\/p>\n<h2>Previs\u00e3o para os pr\u00f3ximos dias<\/h2>\n<p>A seguir, est\u00e3o as previs\u00f5es para os dias seguintes em Jequi\u00e9:<\/p>\n<ul>\n<li>Amanh\u00e3 (19\/02\/2026): Espera-se que o c\u00e9u continue fechado, com chuviscos pela manh\u00e3 e condi\u00e7\u00f5es de tempo fechado \u00e0 tarde e \u00e0 noite. As temperaturas v\u00e3o variar entre 21\u00b0C e 35\u00b0C.<\/li>\n<li>Sexta-feira (20\/02\/2026): Expectativa de temperaturas entre 21\u00b0C a 32\u00b0C, com possibilidade de chuvas em \u00e1reas mais espec\u00edficas da cidade.<\/li>\n<li>S\u00e1bado (21\/02\/2026): As temperaturas devem se manter entre 20\u00b0C e 32\u00b0C, e a previs\u00e3o \u00e9 de c\u00e9u muito nublado com tempestades localizadas.<\/li>\n<li>Domingo (22\/02\/2026): As temperaturas continuar\u00e3o variando entre 21\u00b0C e 32\u00b0C, com c\u00e9u predominantemente nublado.<\/li>\n<\/ul>\n<h2>Efeitos da umidade na sensa\u00e7\u00e3o t\u00e9rmica<\/h2>\n<p>A umidade elevada pode aumentar significativamente a sensa\u00e7\u00e3o t\u00e9rmica, fazendo com que os moradores sintam mais calor em compara\u00e7\u00e3o com a temperatura real. Essa condi\u00e7\u00e3o \u00e9 comum em dias nublados, onde a combina\u00e7\u00e3o de calor e umidade pode gerar um ambiente desconfort\u00e1vel.<\/p>\n<h2>A diferen\u00e7a entre temperaturas diurnas e noturnas<\/h2>\n<p>Durante o dia, a temperatura em Jequi\u00e9 pode atingir at\u00e9 33\u00b0C, enquanto \u00e0 noite, ela pode cair para 20\u00b0C. Essa diferen\u00e7a not\u00e1vel \u00e9 t\u00edpica da regi\u00e3o e impacta a rotina dos moradores, que devem se preparar para um clima consideravelmente mais fresco ao anoitecer.<\/p>\n<h2>Dicas para se preparar para o clima<\/h2>\n<p>Para lidar com as condi\u00e7\u00f5es clim\u00e1ticas de Jequi\u00e9, algumas sugest\u00f5es podem ser \u00fateis:<\/p>\n<ul>\n<li><strong>Use roupas leves:<\/strong> Dada a eleva\u00e7\u00e3o das temperaturas durante o dia, optar por roupas de tecido leve \u00e9 essencial para o conforto.<\/li>\n<li><strong>Mantenha-se hidratado:<\/strong> Com temperaturas acima de 30\u00b0C, \u00e9 importante beber bastante \u00e1gua para evitar a desidrata\u00e7\u00e3o.<\/li>\n<li><strong>Prote\u00e7\u00e3o solar:<\/strong> Utilize protetor solar, especialmente durante a tarde, quando a intensidade da luz solar \u00e9 mais forte.<\/li>\n<li><strong>Fique atento \u00e0s previs\u00f5es:<\/strong> Acompanhe as atualiza\u00e7\u00f5es da previs\u00e3o do tempo para se programar adequadamente para poss\u00edveis chuvas.<\/li>\n<\/ul>\n<h2>Como o clima influencia na rotina da cidade<\/h2>\n<p>O clima em Jequi\u00e9 exerce uma influ\u00eancia consider\u00e1vel nas atividades cotidianas dos moradores. Os dias nublados e a possibilidade de chuvas podem afetar desde os hor\u00e1rios de trabalho at\u00e9 a realiza\u00e7\u00e3o de atividades ao ar livre, como eventos e feiras. Assim, \u00e9 fundamental que os habitantes estejam sempre atentos \u00e0s mudan\u00e7as clim\u00e1ticas para se adaptar de maneira eficaz.<\/p>\n<h2>Informa\u00e7\u00f5es importantes para os moradores<\/h2>\n<p>Para os residentes de Jequi\u00e9, algumas informa\u00e7\u00f5es s\u00e3o cruciais:<\/p>\n<ul>\n<li>Mantenha sempre um guarda-chuva por perto, especialmente em dias com previs\u00f5es de chuvas.<\/li>\n<li>Esteja ciente das altera\u00e7\u00f5es nas rotinas de transporte p\u00fablico, que podem ser afetadas por condi\u00e7\u00f5es clim\u00e1ticas adversas.<\/li>\n<li>Planeje suas atividades ao ar livre em hor\u00e1rios que apresentem menores chances de prov\u00e1veis chuvas.<\/li>\n<\/ul>\n<p>Seguir essas orienta\u00e7\u00f5es pode ajudar a minimizar os inconvenientes provocados pelas condi\u00e7\u00f5es atmosf\u00e9ricas vari\u00e1veis e garantir que os moradores possam desfrutar de suas atividades di\u00e1rias com mais conforto e seguran\u00e7a.<\/p>\n\n<div style=\"font-size: 0px; height: 0px; line-height: 0px; margin: 0; padding: 0; clear: both;\"><\/div>","protected":false},"excerpt":{"rendered":"<p>Jequi\u00e9 ter\u00e1 um dia nublado com temperaturas variando entre 20\u00b0C e 33\u00b0C.<\/p>\n","protected":false},"author":1,"featured_media":766,"comment_status":"open","ping_status":"closed","sticky":false,"template":"","format":"standard","meta":{"footnotes":""},"categories":[1],"tags":[],"class_list":["post-767","post","type-post","status-publish","format-standard","has-post-thumbnail","hentry","category-noticias-em-jequie","has_thumb"],"aioseo_notices":[],"aioseo_head":"\n\t\t<!-- All in One SEO 5.0.0.1 - aioseo.com -->\n\t<meta name=\"description\" content=\"Jequi\u00e9 ter\u00e1 um dia nublado com temperaturas variando entre 20\u00b0C e 33\u00b0C.\" \/>\n\t<meta name=\"robots\" content=\"max-image-preview:large\" \/>\n\t<meta name=\"author\" content=\"Encontra Jequi\u00e9\"\/>\n\t<link rel=\"canonical\" href=\"https:\/\/www.encontrajequie.com.br\/sobre\/jequie-deve-ter-um-dia-com-muitas-nuvens-nesta-quarta\/\" \/>\n\t<meta name=\"generator\" content=\"All in One SEO (AIOSEO) 5.0.0.1\" \/>\n\t\t<meta property=\"og:locale\" content=\"pt_BR\" \/>\n\t\t<meta property=\"og:site_name\" content=\"Encontra Jequi\u00e9 | Not\u00edcias, eventos, informa\u00e7\u00f5es e dicas na cidade de Jequi\u00e9 e regi\u00e3o.\" \/>\n\t\t<meta property=\"og:type\" content=\"article\" \/>\n\t\t<meta property=\"og:title\" content=\"Jequi\u00e9 deve ter um dia com muitas nuvens nesta quarta | Encontra Jequi\u00e9\" \/>\n\t\t<meta property=\"og:description\" content=\"Jequi\u00e9 ter\u00e1 um dia nublado com temperaturas variando entre 20\u00b0C e 33\u00b0C.\" \/>\n\t\t<meta property=\"og:url\" content=\"https:\/\/www.encontrajequie.com.br\/sobre\/jequie-deve-ter-um-dia-com-muitas-nuvens-nesta-quarta\/\" \/>\n\t\t<meta property=\"article:published_time\" content=\"2026-02-20T06:30:00+00:00\" \/>\n\t\t<meta property=\"article:modified_time\" content=\"2026-02-20T06:30:00+00:00\" \/>\n\t\t<meta name=\"twitter:card\" content=\"summary_large_image\" \/>\n\t\t<meta name=\"twitter:title\" content=\"Jequi\u00e9 deve ter um dia com muitas nuvens nesta quarta | Encontra Jequi\u00e9\" \/>\n\t\t<meta name=\"twitter:description\" content=\"Jequi\u00e9 ter\u00e1 um dia nublado com temperaturas variando entre 20\u00b0C e 33\u00b0C.\" \/>\n\t\t<script type=\"application\/ld+json\" class=\"aioseo-schema\">\n\t\t\t{\"@context\":\"https:\\\/\\\/schema.org\",\"@graph\":[{\"@type\":\"Article\",\"@id\":\"https:\\\/\\\/www.encontrajequie.com.br\\\/sobre\\\/jequie-deve-ter-um-dia-com-muitas-nuvens-nesta-quarta\\\/#article\",\"name\":\"Jequi\\u00e9 deve ter um dia com muitas nuvens nesta quarta | Encontra Jequi\\u00e9\",\"headline\":\"Jequi\\u00e9 deve ter um dia com muitas nuvens nesta quarta\",\"author\":{\"@id\":\"https:\\\/\\\/www.encontrajequie.com.br\\\/sobre\\\/author\\\/ejequie\\\/#author\"},\"publisher\":{\"@id\":\"https:\\\/\\\/www.encontrajequie.com.br\\\/sobre\\\/#organization\"},\"image\":{\"@type\":\"ImageObject\",\"url\":\"https:\\\/\\\/www.encontrajequie.com.br\\\/sobre\\\/wp-content\\\/uploads\\\/2026\\\/02\\\/jequie-deve-ter-um-dia-com-muitas-nuvens-nesta-quarta.webp\",\"width\":280,\"height\":280,\"caption\":\"previs\\u00e3o do tempo Jequi\\u00e9\"},\"datePublished\":\"2026-02-20T03:30:00-03:00\",\"dateModified\":\"2026-02-20T03:30:00-03:00\",\"inLanguage\":\"pt-BR\",\"mainEntityOfPage\":{\"@id\":\"https:\\\/\\\/www.encontrajequie.com.br\\\/sobre\\\/jequie-deve-ter-um-dia-com-muitas-nuvens-nesta-quarta\\\/#webpage\"},\"isPartOf\":{\"@id\":\"https:\\\/\\\/www.encontrajequie.com.br\\\/sobre\\\/jequie-deve-ter-um-dia-com-muitas-nuvens-nesta-quarta\\\/#webpage\"},\"articleSection\":\"Not\\u00edcias Jequi\\u00e9\"},{\"@type\":\"BreadcrumbList\",\"@id\":\"https:\\\/\\\/www.encontrajequie.com.br\\\/sobre\\\/jequie-deve-ter-um-dia-com-muitas-nuvens-nesta-quarta\\\/#breadcrumblist\",\"itemListElement\":[{\"@type\":\"ListItem\",\"@id\":\"https:\\\/\\\/www.encontrajequie.com.br\\\/sobre#listItem\",\"position\":1,\"name\":\"Home\",\"item\":\"https:\\\/\\\/www.encontrajequie.com.br\\\/sobre\",\"nextItem\":{\"@type\":\"ListItem\",\"@id\":\"https:\\\/\\\/www.encontrajequie.com.br\\\/sobre\\\/noticias-em-jequie\\\/#listItem\",\"name\":\"Not\\u00edcias Jequi\\u00e9\"}},{\"@type\":\"ListItem\",\"@id\":\"https:\\\/\\\/www.encontrajequie.com.br\\\/sobre\\\/noticias-em-jequie\\\/#listItem\",\"position\":2,\"name\":\"Not\\u00edcias Jequi\\u00e9\",\"item\":\"https:\\\/\\\/www.encontrajequie.com.br\\\/sobre\\\/noticias-em-jequie\\\/\",\"nextItem\":{\"@type\":\"ListItem\",\"@id\":\"https:\\\/\\\/www.encontrajequie.com.br\\\/sobre\\\/jequie-deve-ter-um-dia-com-muitas-nuvens-nesta-quarta\\\/#listItem\",\"name\":\"Jequi\\u00e9 deve ter um dia com muitas nuvens nesta quarta\"},\"previousItem\":{\"@type\":\"ListItem\",\"@id\":\"https:\\\/\\\/www.encontrajequie.com.br\\\/sobre#listItem\",\"name\":\"Home\"}},{\"@type\":\"ListItem\",\"@id\":\"https:\\\/\\\/www.encontrajequie.com.br\\\/sobre\\\/jequie-deve-ter-um-dia-com-muitas-nuvens-nesta-quarta\\\/#listItem\",\"position\":3,\"name\":\"Jequi\\u00e9 deve ter um dia com muitas nuvens nesta quarta\",\"previousItem\":{\"@type\":\"ListItem\",\"@id\":\"https:\\\/\\\/www.encontrajequie.com.br\\\/sobre\\\/noticias-em-jequie\\\/#listItem\",\"name\":\"Not\\u00edcias Jequi\\u00e9\"}}]},{\"@type\":\"Organization\",\"@id\":\"https:\\\/\\\/www.encontrajequie.com.br\\\/sobre\\\/#organization\",\"name\":\"Encontra Jequi\\u00e9\",\"description\":\"Not\\u00edcias, eventos, informa\\u00e7\\u00f5es e dicas na cidade de Jequi\\u00e9 e regi\\u00e3o.\",\"url\":\"https:\\\/\\\/www.encontrajequie.com.br\\\/sobre\\\/\"},{\"@type\":\"Person\",\"@id\":\"https:\\\/\\\/www.encontrajequie.com.br\\\/sobre\\\/author\\\/ejequie\\\/#author\",\"url\":\"https:\\\/\\\/www.encontrajequie.com.br\\\/sobre\\\/author\\\/ejequie\\\/\",\"name\":\"Encontra Jequi\\u00e9\",\"image\":{\"@type\":\"ImageObject\",\"@id\":\"https:\\\/\\\/www.encontrajequie.com.br\\\/sobre\\\/jequie-deve-ter-um-dia-com-muitas-nuvens-nesta-quarta\\\/#authorImage\",\"url\":\"https:\\\/\\\/secure.gravatar.com\\\/avatar\\\/507340682b8270222e1f208e23198b6ae7e2c6a1033ae84e99bc6bce4f82a387?s=96&d=mm&r=g\",\"width\":96,\"height\":96,\"caption\":\"Encontra Jequi\\u00e9\"}},{\"@type\":\"WebPage\",\"@id\":\"https:\\\/\\\/www.encontrajequie.com.br\\\/sobre\\\/jequie-deve-ter-um-dia-com-muitas-nuvens-nesta-quarta\\\/#webpage\",\"url\":\"https:\\\/\\\/www.encontrajequie.com.br\\\/sobre\\\/jequie-deve-ter-um-dia-com-muitas-nuvens-nesta-quarta\\\/\",\"name\":\"Jequi\\u00e9 deve ter um dia com muitas nuvens nesta quarta | Encontra Jequi\\u00e9\",\"description\":\"Jequi\\u00e9 ter\\u00e1 um dia nublado com temperaturas variando entre 20\\u00b0C e 33\\u00b0C.\",\"inLanguage\":\"pt-BR\",\"isPartOf\":{\"@id\":\"https:\\\/\\\/www.encontrajequie.com.br\\\/sobre\\\/#website\"},\"breadcrumb\":{\"@id\":\"https:\\\/\\\/www.encontrajequie.com.br\\\/sobre\\\/jequie-deve-ter-um-dia-com-muitas-nuvens-nesta-quarta\\\/#breadcrumblist\"},\"author\":{\"@id\":\"https:\\\/\\\/www.encontrajequie.com.br\\\/sobre\\\/author\\\/ejequie\\\/#author\"},\"creator\":{\"@id\":\"https:\\\/\\\/www.encontrajequie.com.br\\\/sobre\\\/author\\\/ejequie\\\/#author\"},\"image\":{\"@type\":\"ImageObject\",\"url\":\"https:\\\/\\\/www.encontrajequie.com.br\\\/sobre\\\/wp-content\\\/uploads\\\/2026\\\/02\\\/jequie-deve-ter-um-dia-com-muitas-nuvens-nesta-quarta.webp\",\"@id\":\"https:\\\/\\\/www.encontrajequie.com.br\\\/sobre\\\/jequie-deve-ter-um-dia-com-muitas-nuvens-nesta-quarta\\\/#mainImage\",\"width\":280,\"height\":280,\"caption\":\"previs\\u00e3o do tempo Jequi\\u00e9\"},\"primaryImageOfPage\":{\"@id\":\"https:\\\/\\\/www.encontrajequie.com.br\\\/sobre\\\/jequie-deve-ter-um-dia-com-muitas-nuvens-nesta-quarta\\\/#mainImage\"},\"datePublished\":\"2026-02-20T03:30:00-03:00\",\"dateModified\":\"2026-02-20T03:30:00-03:00\"},{\"@type\":\"WebSite\",\"@id\":\"https:\\\/\\\/www.encontrajequie.com.br\\\/sobre\\\/#website\",\"url\":\"https:\\\/\\\/www.encontrajequie.com.br\\\/sobre\\\/\",\"name\":\"Encontra Jequi\\u00e9\",\"description\":\"Not\\u00edcias, eventos, informa\\u00e7\\u00f5es e dicas na cidade de Jequi\\u00e9 e regi\\u00e3o.\",\"inLanguage\":\"pt-BR\",\"publisher\":{\"@id\":\"https:\\\/\\\/www.encontrajequie.com.br\\\/sobre\\\/#organization\"}}]}\n\t\t<\/script>\n\t\t<!-- All in One SEO -->\n\n","aioseo_head_json":{"title":"Jequi\u00e9 deve ter um dia com muitas nuvens nesta quarta | Encontra Jequi\u00e9","description":"Jequi\u00e9 ter\u00e1 um dia nublado com temperaturas variando entre 20\u00b0C e 33\u00b0C.","canonical_url":"https:\/\/www.encontrajequie.com.br\/sobre\/jequie-deve-ter-um-dia-com-muitas-nuvens-nesta-quarta\/","robots":"max-image-preview:large","keywords":"","webmasterTools":{"miscellaneous":""},"schema":{"@context":"https:\/\/schema.org","@graph":[{"@type":"Article","@id":"https:\/\/www.encontrajequie.com.br\/sobre\/jequie-deve-ter-um-dia-com-muitas-nuvens-nesta-quarta\/#article","name":"Jequi\u00e9 deve ter um dia com muitas nuvens nesta quarta | Encontra Jequi\u00e9","headline":"Jequi\u00e9 deve ter um dia com muitas nuvens nesta quarta","author":{"@id":"https:\/\/www.encontrajequie.com.br\/sobre\/author\/ejequie\/#author"},"publisher":{"@id":"https:\/\/www.encontrajequie.com.br\/sobre\/#organization"},"image":{"@type":"ImageObject","url":"https:\/\/www.encontrajequie.com.br\/sobre\/wp-content\/uploads\/2026\/02\/jequie-deve-ter-um-dia-com-muitas-nuvens-nesta-quarta.webp","width":280,"height":280,"caption":"previs\u00e3o do tempo Jequi\u00e9"},"datePublished":"2026-02-20T03:30:00-03:00","dateModified":"2026-02-20T03:30:00-03:00","inLanguage":"pt-BR","mainEntityOfPage":{"@id":"https:\/\/www.encontrajequie.com.br\/sobre\/jequie-deve-ter-um-dia-com-muitas-nuvens-nesta-quarta\/#webpage"},"isPartOf":{"@id":"https:\/\/www.encontrajequie.com.br\/sobre\/jequie-deve-ter-um-dia-com-muitas-nuvens-nesta-quarta\/#webpage"},"articleSection":"Not\u00edcias Jequi\u00e9"},{"@type":"BreadcrumbList","@id":"https:\/\/www.encontrajequie.com.br\/sobre\/jequie-deve-ter-um-dia-com-muitas-nuvens-nesta-quarta\/#breadcrumblist","itemListElement":[{"@type":"ListItem","@id":"https:\/\/www.encontrajequie.com.br\/sobre#listItem","position":1,"name":"Home","item":"https:\/\/www.encontrajequie.com.br\/sobre","nextItem":{"@type":"ListItem","@id":"https:\/\/www.encontrajequie.com.br\/sobre\/noticias-em-jequie\/#listItem","name":"Not\u00edcias Jequi\u00e9"}},{"@type":"ListItem","@id":"https:\/\/www.encontrajequie.com.br\/sobre\/noticias-em-jequie\/#listItem","position":2,"name":"Not\u00edcias Jequi\u00e9","item":"https:\/\/www.encontrajequie.com.br\/sobre\/noticias-em-jequie\/","nextItem":{"@type":"ListItem","@id":"https:\/\/www.encontrajequie.com.br\/sobre\/jequie-deve-ter-um-dia-com-muitas-nuvens-nesta-quarta\/#listItem","name":"Jequi\u00e9 deve ter um dia com muitas nuvens nesta quarta"},"previousItem":{"@type":"ListItem","@id":"https:\/\/www.encontrajequie.com.br\/sobre#listItem","name":"Home"}},{"@type":"ListItem","@id":"https:\/\/www.encontrajequie.com.br\/sobre\/jequie-deve-ter-um-dia-com-muitas-nuvens-nesta-quarta\/#listItem","position":3,"name":"Jequi\u00e9 deve ter um dia com muitas nuvens nesta quarta","previousItem":{"@type":"ListItem","@id":"https:\/\/www.encontrajequie.com.br\/sobre\/noticias-em-jequie\/#listItem","name":"Not\u00edcias Jequi\u00e9"}}]},{"@type":"Organization","@id":"https:\/\/www.encontrajequie.com.br\/sobre\/#organization","name":"Encontra Jequi\u00e9","description":"Not\u00edcias, eventos, informa\u00e7\u00f5es e dicas na cidade de Jequi\u00e9 e regi\u00e3o.","url":"https:\/\/www.encontrajequie.com.br\/sobre\/"},{"@type":"Person","@id":"https:\/\/www.encontrajequie.com.br\/sobre\/author\/ejequie\/#author","url":"https:\/\/www.encontrajequie.com.br\/sobre\/author\/ejequie\/","name":"Encontra Jequi\u00e9","image":{"@type":"ImageObject","@id":"https:\/\/www.encontrajequie.com.br\/sobre\/jequie-deve-ter-um-dia-com-muitas-nuvens-nesta-quarta\/#authorImage","url":"https:\/\/secure.gravatar.com\/avatar\/507340682b8270222e1f208e23198b6ae7e2c6a1033ae84e99bc6bce4f82a387?s=96&d=mm&r=g","width":96,"height":96,"caption":"Encontra Jequi\u00e9"}},{"@type":"WebPage","@id":"https:\/\/www.encontrajequie.com.br\/sobre\/jequie-deve-ter-um-dia-com-muitas-nuvens-nesta-quarta\/#webpage","url":"https:\/\/www.encontrajequie.com.br\/sobre\/jequie-deve-ter-um-dia-com-muitas-nuvens-nesta-quarta\/","name":"Jequi\u00e9 deve ter um dia com muitas nuvens nesta quarta | Encontra Jequi\u00e9","description":"Jequi\u00e9 ter\u00e1 um dia nublado com temperaturas variando entre 20\u00b0C e 33\u00b0C.","inLanguage":"pt-BR","isPartOf":{"@id":"https:\/\/www.encontrajequie.com.br\/sobre\/#website"},"breadcrumb":{"@id":"https:\/\/www.encontrajequie.com.br\/sobre\/jequie-deve-ter-um-dia-com-muitas-nuvens-nesta-quarta\/#breadcrumblist"},"author":{"@id":"https:\/\/www.encontrajequie.com.br\/sobre\/author\/ejequie\/#author"},"creator":{"@id":"https:\/\/www.encontrajequie.com.br\/sobre\/author\/ejequie\/#author"},"image":{"@type":"ImageObject","url":"https:\/\/www.encontrajequie.com.br\/sobre\/wp-content\/uploads\/2026\/02\/jequie-deve-ter-um-dia-com-muitas-nuvens-nesta-quarta.webp","@id":"https:\/\/www.encontrajequie.com.br\/sobre\/jequie-deve-ter-um-dia-com-muitas-nuvens-nesta-quarta\/#mainImage","width":280,"height":280,"caption":"previs\u00e3o do tempo Jequi\u00e9"},"primaryImageOfPage":{"@id":"https:\/\/www.encontrajequie.com.br\/sobre\/jequie-deve-ter-um-dia-com-muitas-nuvens-nesta-quarta\/#mainImage"},"datePublished":"2026-02-20T03:30:00-03:00","dateModified":"2026-02-20T03:30:00-03:00"},{"@type":"WebSite","@id":"https:\/\/www.encontrajequie.com.br\/sobre\/#website","url":"https:\/\/www.encontrajequie.com.br\/sobre\/","name":"Encontra Jequi\u00e9","description":"Not\u00edcias, eventos, informa\u00e7\u00f5es e dicas na cidade de Jequi\u00e9 e regi\u00e3o.","inLanguage":"pt-BR","publisher":{"@id":"https:\/\/www.encontrajequie.com.br\/sobre\/#organization"}}]},"og:locale":"pt_BR","og:site_name":"Encontra Jequi\u00e9 | Not\u00edcias, eventos, informa\u00e7\u00f5es e dicas na cidade de Jequi\u00e9 e regi\u00e3o.","og:type":"article","og:title":"Jequi\u00e9 deve ter um dia com muitas nuvens nesta quarta | Encontra Jequi\u00e9","og:description":"Jequi\u00e9 ter\u00e1 um dia nublado com temperaturas variando entre 20\u00b0C e 33\u00b0C.","og:url":"https:\/\/www.encontrajequie.com.br\/sobre\/jequie-deve-ter-um-dia-com-muitas-nuvens-nesta-quarta\/","article:published_time":"2026-02-20T06:30:00+00:00","article:modified_time":"2026-02-20T06:30:00+00:00","twitter:card":"summary_large_image","twitter:title":"Jequi\u00e9 deve ter um dia com muitas nuvens nesta quarta | Encontra Jequi\u00e9","twitter:description":"Jequi\u00e9 ter\u00e1 um dia nublado com temperaturas variando entre 20\u00b0C e 33\u00b0C."},"aioseo_meta_data":{"post_id":"767","title":null,"description":null,"keywords":null,"keyphrases":null,"primary_term":null,"canonical_url":null,"og_title":null,"og_description":null,"og_object_type":"default","og_image_type":"default","og_image_url":null,"og_image_width":null,"og_image_height":null,"og_image_custom_url":null,"og_image_custom_fields":null,"og_video":null,"og_custom_url":null,"og_article_section":null,"og_article_tags":null,"twitter_use_og":false,"twitter_card":"default","twitter_image_type":"default","twitter_image_url":null,"twitter_image_custom_url":null,"twitter_image_custom_fields":null,"twitter_title":null,"twitter_description":null,"schema":{"blockGraphs":[],"customGraphs":[],"default":{"data":{"Article":[],"Course":[],"Dataset":[],"FAQPage":[],"Movie":[],"Person":[],"Product":[],"ProductReview":[],"Car":[],"Recipe":[],"Service":[],"SoftwareApplication":[],"WebPage":[]},"graphName":"Article","isEnabled":true},"graphs":[]},"schema_type":"default","schema_type_options":null,"pillar_content":false,"robots_default":true,"robots_noindex":false,"robots_noarchive":false,"robots_nosnippet":false,"robots_nofollow":false,"robots_noimageindex":false,"robots_noodp":false,"robots_notranslate":false,"robots_max_snippet":null,"robots_max_videopreview":null,"robots_max_imagepreview":"large","priority":null,"frequency":null,"local_seo":null,"breadcrumb_settings":null,"limit_modified_date":false,"ai":null,"created":"2026-02-20 06:30:03","updated":"2026-02-20 06:31:20","focus_keyword":null,"additional_keywords":null,"truseo_locale":null,"seo_analyzer_scan_date":null},"aioseo_breadcrumb":"<div class=\"aioseo-breadcrumbs\"><span class=\"aioseo-breadcrumb\">\n\t\t\t<a href=\"https:\/\/www.encontrajequie.com.br\/sobre\" title=\"Home\">Home<\/a>\n\t\t<\/span><span class=\"aioseo-breadcrumb-separator\">&raquo;<\/span><span class=\"aioseo-breadcrumb\">\n\t\t\t<a href=\"https:\/\/www.encontrajequie.com.br\/sobre\/noticias-em-jequie\/\" title=\"Not\u00edcias Jequi\u00e9\">Not\u00edcias Jequi\u00e9<\/a>\n\t\t<\/span><span class=\"aioseo-breadcrumb-separator\">&raquo;<\/span><span class=\"aioseo-breadcrumb\">\n\t\t\tJequi\u00e9 deve ter um dia com muitas nuvens nesta quarta\n\t\t<\/span><\/div>","aioseo_breadcrumb_json":[{"label":"Home","link":"https:\/\/www.encontrajequie.com.br\/sobre"},{"label":"Not\u00edcias Jequi\u00e9","link":"https:\/\/www.encontrajequie.com.br\/sobre\/noticias-em-jequie\/"},{"label":"Jequi\u00e9 deve ter um dia com muitas nuvens nesta quarta","link":"https:\/\/www.encontrajequie.com.br\/sobre\/jequie-deve-ter-um-dia-com-muitas-nuvens-nesta-quarta\/"}],"_links":{"self":[{"href":"https:\/\/www.encontrajequie.com.br\/sobre\/wp-json\/wp\/v2\/posts\/767","targetHints":{"allow":["GET"]}}],"collection":[{"href":"https:\/\/www.encontrajequie.com.br\/sobre\/wp-json\/wp\/v2\/posts"}],"about":[{"href":"https:\/\/www.encontrajequie.com.br\/sobre\/wp-json\/wp\/v2\/types\/post"}],"author":[{"embeddable":true,"href":"https:\/\/www.encontrajequie.com.br\/sobre\/wp-json\/wp\/v2\/users\/1"}],"replies":[{"embeddable":true,"href":"https:\/\/www.encontrajequie.com.br\/sobre\/wp-json\/wp\/v2\/comments?post=767"}],"version-history":[{"count":0,"href":"https:\/\/www.encontrajequie.com.br\/sobre\/wp-json\/wp\/v2\/posts\/767\/revisions"}],"wp:featuredmedia":[{"embeddable":true,"href":"https:\/\/www.encontrajequie.com.br\/sobre\/wp-json\/wp\/v2\/media\/766"}],"wp:attachment":[{"href":"https:\/\/www.encontrajequie.com.br\/sobre\/wp-json\/wp\/v2\/media?parent=767"}],"wp:term":[{"taxonomy":"category","embeddable":true,"href":"https:\/\/www.encontrajequie.com.br\/sobre\/wp-json\/wp\/v2\/categories?post=767"},{"taxonomy":"post_tag","embeddable":true,"href":"https:\/\/www.encontrajequie.com.br\/sobre\/wp-json\/wp\/v2\/tags?post=767"}],"curies":[{"name":"wp","href":"https:\/\/api.w.org\/{rel}","templated":true}]}}