{"id":809,"date":"2026-02-28T03:29:05","date_gmt":"2026-02-28T06:29:05","guid":{"rendered":"https:\/\/www.encontrajequie.com.br\/sobre\/prefeitura-de-jequie-segue-com-acoes-de-enfrentamento-as-chuvas-que-atingiram-o-municipio\/"},"modified":"2026-02-28T03:29:05","modified_gmt":"2026-02-28T06:29:05","slug":"prefeitura-de-jequie-segue-com-acoes-de-enfrentamento-as-chuvas-que-atingiram-o-municipio","status":"publish","type":"post","link":"https:\/\/www.encontrajequie.com.br\/sobre\/prefeitura-de-jequie-segue-com-acoes-de-enfrentamento-as-chuvas-que-atingiram-o-municipio\/","title":{"rendered":"Prefeitura de Jequi\u00e9 segue com a\u00e7\u00f5es de enfrentamento \u00e0s chuvas que atingiram o munic\u00edpio"},"content":{"rendered":"<div class=\"30cf832dc5940d4704f66d0ed9a44050\" data-index=\"1\" style=\"float: none; margin:0px;\">\n<!-- Anuncio display - global -->\r\n<ins class=\"adsbygoogle\"\r\n     style=\"display:block\"\r\n     data-ad-client=\"ca-pub-8585364105181520\"\r\n     data-ad-slot=\"8789329856\"\r\n     data-ad-format=\"auto\"\r\n     data-full-width-responsive=\"true\"><\/ins>\r\n<script>\r\n     (adsbygoogle = window.adsbygoogle || []).push({});\r\n<\/script>\n<\/div>\n<h2>Impactos das Chuvas em Jequi\u00e9<\/h2>\n<p>Nos \u00faltimos quatro dias, a cidade de Jequi\u00e9 enfrentou um cen\u00e1rio desafiador devido a chuvas intensas, que resultaram em um volume significativo de precipita\u00e7\u00e3o acumulada, variando entre 82,2 e 90,4 mil\u00edmetros. Essas \u00e1guas trouxeram consigo consequ\u00eancias severas, atingindo v\u00e1rios bairros e \u00e1reas rurais. As regi\u00f5es mais afetadas incluem os bairros Cidade Nova, Joaquim Rom\u00e3o, Jequiezinho, KM 3 e Curral Novo, al\u00e9m do distrito rural de Itajuru, onde a for\u00e7a das chuvas causou alagamentos e outras ocorr\u00eancias complicadas.<\/p>\n<h2>A\u00e7\u00e3o R\u00e1pida da Defesa Civil<\/h2>\n<p>Perante essa situa\u00e7\u00e3o cr\u00edtica, a Prefeitura de Jequi\u00e9, atrav\u00e9s da Coordenadoria Municipal de Prote\u00e7\u00e3o e Defesa Civil (COMPDEC) e da Secretaria de Infraestrutura e Servi\u00e7os P\u00fablicos, lan\u00e7ou m\u00e3o de medidas r\u00e1pidas para monitorar e responder aos impactos das chuvas. Equipes t\u00e9cnicas e operacionais foram mobilizadas para atuar de maneira eficiente nas \u00e1reas mais necessitadas, buscando solucionar os problemas emergentes e assistir a popula\u00e7\u00e3o.<\/p>\n<h2>Medidas de Emerg\u00eancia Adotadas<\/h2>\n<p>Durante a ocorr\u00eancia das chuvas, foram registradas diversas situa\u00e7\u00f5es que exigiram interven\u00e7\u00f5es imediatas. Um incidente marcante foi o rompimento de uma barragem de peixes em Itajuru, que resultou no alagamento de ruas e afeta\u00e7\u00e3o de resid\u00eancias nas proximidades. Al\u00e9m disso, em fun\u00e7\u00e3o do aterro saturado, o deslizamento de um barranco comprometeu a estrutura de uma casa, ocasionando a necessidade de evacua\u00e7\u00e3o.<\/p>\n<p><img decoding=\"async\" src=\"https:\/\/www.encontrajequie.com.br\/sobre\/wp-content\/uploads\/2026\/02\/prefeitura-de-jequie-segue-com-acoes-de-enfrentamento-as-chuvas-que-atingiram-o-municipio.webp\" alt=\"Prefeitura de Jequi\u00e9\" loading=\"lazy\" \/><\/p>\n<h2>\u00c1reas Mais Afetadas pela Precipita\u00e7\u00e3o<\/h2>\n<p>Dentre as localidades impactadas, o bairro KM 3 foi particularmente severo, onde a inunda\u00e7\u00e3o levou \u00e0 invas\u00e3o de v\u00e1rias casas e \u00e0 destrui\u00e7\u00e3o de tr\u00eas im\u00f3veis, todos afetados pela satura\u00e7\u00e3o do solo. Apenas uma das resid\u00eancias estava habitada no momento escolar do evento, e a fam\u00edlia foi prontamente assistida pelas equipes de emerg\u00eancia.<\/p>\n<h2>Assist\u00eancia \u00e0s Fam\u00edlias Desalojadas<\/h2>\n<p>A assist\u00eancia \u00e0s fam\u00edlias afetadas foi uma prioridade fundamental no processo de resposta \u00e0 emerg\u00eancia. A fam\u00edlia do im\u00f3vel desmoronado recebeu suporte imediato, foi acolhida temporariamente por parentes e est\u00e1 sendo monitorada para garantir sua seguran\u00e7a e bem-estar. A \u00e1rea permanece sob supervis\u00e3o t\u00e9cnica para garantir que riscos adicionais sejam avaliados e que medidas de seguran\u00e7a sejam implementadas.<\/p>\n<h2>Trabalho Intenso nas Limpezas de Vias<\/h2>\n<p>Al\u00e9m das a\u00e7\u00f5es de emerg\u00eancia, o trabalho de limpeza das vias afetadas se tornou uma a\u00e7\u00e3o primordial. No bairro Curral Novo, ruas nos Residen\u00e7iais Vida Jequi\u00e9 e Beira Rio experimentaram alagamentos e ac\u00famulo de lama. As equipes da Defesa Civil, em parceria com a Secretaria de Infraestrutura e Servi\u00e7os P\u00fablicos, atuaram incessantemente para desobstruir as vias, remover entulhos e realizar limpezas emergenciais nas \u00e1reas mais danificadas, especialmente onde a enxurrada trouxe sedimentos das partes mais altas da cidade.<\/p>\n<h2>Monitoramento das Condi\u00e7\u00f5es Meteorol\u00f3gicas<\/h2>\n<p>Com base nas informa\u00e7\u00f5es meteorol\u00f3gicas mais recentes, as previs\u00f5es indicam que as chuvas intensas continuar\u00e3o at\u00e9 o dia 7 de mar\u00e7o. Essa situa\u00e7\u00e3o exige vigil\u00e2ncia cont\u00ednua e precau\u00e7\u00f5es redobradas por parte da popula\u00e7\u00e3o. As equipes da Prefeitura permanecem atentas e prontas para monitorar as condi\u00e7\u00f5es das \u00e1reas suscet\u00edveis a desastres.<\/p>\n<h2>A Comunidade em A\u00e7\u00e3o<\/h2>\n<p>A colabora\u00e7\u00e3o da comunidade tamb\u00e9m \u00e9 um elemento vital nas situa\u00e7\u00f5es de emerg\u00eancia. Incentivos para que os cidad\u00e3os fiquem atentos \u00e0s condi\u00e7\u00f5es clim\u00e1ticas e relatem situa\u00e7\u00f5es de risco contribuem para um ambiente mais seguro. O apoio m\u00fatuo entre os moradores pode proporcionar uma resposta eficaz em momentos de crise.<\/p>\n<h2>A Import\u00e2ncia de Acompanhamento T\u00e9cnico<\/h2>\n<p>A manuten\u00e7\u00e3o do acompanhamento t\u00e9cnico nas \u00e1reas afetadas \u00e9 crucial. O intuito \u00e9 avaliar poss\u00edveis novos riscos e implementar medidas preventivas que garantam a seguran\u00e7a dos locais e de seus habitantes. O trabalho constante da Defesa Civil demonstra o comprometimento do munic\u00edpio com a prote\u00e7\u00e3o e seguran\u00e7a da popula\u00e7\u00e3o de Jequi\u00e9.<\/p>\n<h2>Orienta\u00e7\u00f5es \u00e0 Popula\u00e7\u00e3o para Preven\u00e7\u00e3o<\/h2>\n<p>Em vista das previs\u00f5es de continuidade das chuvas, \u00e9 imprescind\u00edvel que a popula\u00e7\u00e3o siga orienta\u00e7\u00f5es de seguran\u00e7a. \u00c9 necess\u00e1rio estar bem informado sobre os procedimentos a serem adotados em situa\u00e7\u00f5es de emerg\u00eancia e contatar a Defesa Civil em casos de urg\u00eancia. O telefone dispon\u00edvel para contato \u00e9 (73) 93505-0750, com atendimento 24 horas, garantindo prontid\u00e3o na assist\u00eancia ao cidad\u00e3o.<\/p>\n\n<div style=\"font-size: 0px; height: 0px; line-height: 0px; margin: 0; padding: 0; clear: both;\"><\/div>","protected":false},"excerpt":{"rendered":"<p>A Prefeitura de Jequi\u00e9 intensifica a\u00e7\u00f5es para enfrentar chuvas e minimizar danos \u00e0 popula\u00e7\u00e3o.<\/p>\n","protected":false},"author":1,"featured_media":808,"comment_status":"open","ping_status":"closed","sticky":false,"template":"","format":"standard","meta":{"footnotes":""},"categories":[1],"tags":[],"class_list":["post-809","post","type-post","status-publish","format-standard","has-post-thumbnail","hentry","category-noticias-em-jequie","has_thumb"],"aioseo_notices":[],"aioseo_head":"\n\t\t<!-- All in One SEO 5.0.0.1 - aioseo.com -->\n\t<meta name=\"description\" content=\"A Prefeitura de Jequi\u00e9 intensifica a\u00e7\u00f5es para enfrentar chuvas e minimizar danos \u00e0 popula\u00e7\u00e3o.\" \/>\n\t<meta name=\"robots\" content=\"max-image-preview:large\" \/>\n\t<meta name=\"author\" content=\"Encontra Jequi\u00e9\"\/>\n\t<link rel=\"canonical\" href=\"https:\/\/www.encontrajequie.com.br\/sobre\/prefeitura-de-jequie-segue-com-acoes-de-enfrentamento-as-chuvas-que-atingiram-o-municipio\/\" \/>\n\t<meta name=\"generator\" content=\"All in One SEO (AIOSEO) 5.0.0.1\" \/>\n\t\t<meta property=\"og:locale\" content=\"pt_BR\" \/>\n\t\t<meta property=\"og:site_name\" content=\"Encontra Jequi\u00e9 | Not\u00edcias, eventos, informa\u00e7\u00f5es e dicas na cidade de Jequi\u00e9 e regi\u00e3o.\" \/>\n\t\t<meta property=\"og:type\" content=\"article\" \/>\n\t\t<meta property=\"og:title\" content=\"Prefeitura de Jequi\u00e9 segue com a\u00e7\u00f5es de enfrentamento \u00e0s chuvas que atingiram o munic\u00edpio | Encontra Jequi\u00e9\" \/>\n\t\t<meta property=\"og:description\" content=\"A Prefeitura de Jequi\u00e9 intensifica a\u00e7\u00f5es para enfrentar chuvas e minimizar danos \u00e0 popula\u00e7\u00e3o.\" \/>\n\t\t<meta property=\"og:url\" content=\"https:\/\/www.encontrajequie.com.br\/sobre\/prefeitura-de-jequie-segue-com-acoes-de-enfrentamento-as-chuvas-que-atingiram-o-municipio\/\" \/>\n\t\t<meta property=\"article:published_time\" content=\"2026-02-28T06:29:05+00:00\" \/>\n\t\t<meta property=\"article:modified_time\" content=\"2026-02-28T06:29:05+00:00\" \/>\n\t\t<meta name=\"twitter:card\" content=\"summary_large_image\" \/>\n\t\t<meta name=\"twitter:title\" content=\"Prefeitura de Jequi\u00e9 segue com a\u00e7\u00f5es de enfrentamento \u00e0s chuvas que atingiram o munic\u00edpio | Encontra Jequi\u00e9\" \/>\n\t\t<meta name=\"twitter:description\" content=\"A Prefeitura de Jequi\u00e9 intensifica a\u00e7\u00f5es para enfrentar chuvas e minimizar danos \u00e0 popula\u00e7\u00e3o.\" \/>\n\t\t<script type=\"application\/ld+json\" class=\"aioseo-schema\">\n\t\t\t{\"@context\":\"https:\\\/\\\/schema.org\",\"@graph\":[{\"@type\":\"Article\",\"@id\":\"https:\\\/\\\/www.encontrajequie.com.br\\\/sobre\\\/prefeitura-de-jequie-segue-com-acoes-de-enfrentamento-as-chuvas-que-atingiram-o-municipio\\\/#article\",\"name\":\"Prefeitura de Jequi\\u00e9 segue com a\\u00e7\\u00f5es de enfrentamento \\u00e0s chuvas que atingiram o munic\\u00edpio | Encontra Jequi\\u00e9\",\"headline\":\"Prefeitura de Jequi\\u00e9 segue com a\\u00e7\\u00f5es de enfrentamento \\u00e0s chuvas que atingiram o munic\\u00edpio\",\"author\":{\"@id\":\"https:\\\/\\\/www.encontrajequie.com.br\\\/sobre\\\/author\\\/ejequie\\\/#author\"},\"publisher\":{\"@id\":\"https:\\\/\\\/www.encontrajequie.com.br\\\/sobre\\\/#organization\"},\"image\":{\"@type\":\"ImageObject\",\"url\":\"https:\\\/\\\/www.encontrajequie.com.br\\\/sobre\\\/wp-content\\\/uploads\\\/2026\\\/02\\\/prefeitura-de-jequie-segue-com-acoes-de-enfrentamento-as-chuvas-que-atingiram-o-municipio.webp\",\"width\":280,\"height\":280,\"caption\":\"Prefeitura de Jequi\\u00e9\"},\"datePublished\":\"2026-02-28T03:29:05-03:00\",\"dateModified\":\"2026-02-28T03:29:05-03:00\",\"inLanguage\":\"pt-BR\",\"mainEntityOfPage\":{\"@id\":\"https:\\\/\\\/www.encontrajequie.com.br\\\/sobre\\\/prefeitura-de-jequie-segue-com-acoes-de-enfrentamento-as-chuvas-que-atingiram-o-municipio\\\/#webpage\"},\"isPartOf\":{\"@id\":\"https:\\\/\\\/www.encontrajequie.com.br\\\/sobre\\\/prefeitura-de-jequie-segue-com-acoes-de-enfrentamento-as-chuvas-que-atingiram-o-municipio\\\/#webpage\"},\"articleSection\":\"Not\\u00edcias Jequi\\u00e9\"},{\"@type\":\"BreadcrumbList\",\"@id\":\"https:\\\/\\\/www.encontrajequie.com.br\\\/sobre\\\/prefeitura-de-jequie-segue-com-acoes-de-enfrentamento-as-chuvas-que-atingiram-o-municipio\\\/#breadcrumblist\",\"itemListElement\":[{\"@type\":\"ListItem\",\"@id\":\"https:\\\/\\\/www.encontrajequie.com.br\\\/sobre#listItem\",\"position\":1,\"name\":\"Home\",\"item\":\"https:\\\/\\\/www.encontrajequie.com.br\\\/sobre\",\"nextItem\":{\"@type\":\"ListItem\",\"@id\":\"https:\\\/\\\/www.encontrajequie.com.br\\\/sobre\\\/noticias-em-jequie\\\/#listItem\",\"name\":\"Not\\u00edcias Jequi\\u00e9\"}},{\"@type\":\"ListItem\",\"@id\":\"https:\\\/\\\/www.encontrajequie.com.br\\\/sobre\\\/noticias-em-jequie\\\/#listItem\",\"position\":2,\"name\":\"Not\\u00edcias Jequi\\u00e9\",\"item\":\"https:\\\/\\\/www.encontrajequie.com.br\\\/sobre\\\/noticias-em-jequie\\\/\",\"nextItem\":{\"@type\":\"ListItem\",\"@id\":\"https:\\\/\\\/www.encontrajequie.com.br\\\/sobre\\\/prefeitura-de-jequie-segue-com-acoes-de-enfrentamento-as-chuvas-que-atingiram-o-municipio\\\/#listItem\",\"name\":\"Prefeitura de Jequi\\u00e9 segue com a\\u00e7\\u00f5es de enfrentamento \\u00e0s chuvas que atingiram o munic\\u00edpio\"},\"previousItem\":{\"@type\":\"ListItem\",\"@id\":\"https:\\\/\\\/www.encontrajequie.com.br\\\/sobre#listItem\",\"name\":\"Home\"}},{\"@type\":\"ListItem\",\"@id\":\"https:\\\/\\\/www.encontrajequie.com.br\\\/sobre\\\/prefeitura-de-jequie-segue-com-acoes-de-enfrentamento-as-chuvas-que-atingiram-o-municipio\\\/#listItem\",\"position\":3,\"name\":\"Prefeitura de Jequi\\u00e9 segue com a\\u00e7\\u00f5es de enfrentamento \\u00e0s chuvas que atingiram o munic\\u00edpio\",\"previousItem\":{\"@type\":\"ListItem\",\"@id\":\"https:\\\/\\\/www.encontrajequie.com.br\\\/sobre\\\/noticias-em-jequie\\\/#listItem\",\"name\":\"Not\\u00edcias Jequi\\u00e9\"}}]},{\"@type\":\"Organization\",\"@id\":\"https:\\\/\\\/www.encontrajequie.com.br\\\/sobre\\\/#organization\",\"name\":\"Encontra Jequi\\u00e9\",\"description\":\"Not\\u00edcias, eventos, informa\\u00e7\\u00f5es e dicas na cidade de Jequi\\u00e9 e regi\\u00e3o.\",\"url\":\"https:\\\/\\\/www.encontrajequie.com.br\\\/sobre\\\/\"},{\"@type\":\"Person\",\"@id\":\"https:\\\/\\\/www.encontrajequie.com.br\\\/sobre\\\/author\\\/ejequie\\\/#author\",\"url\":\"https:\\\/\\\/www.encontrajequie.com.br\\\/sobre\\\/author\\\/ejequie\\\/\",\"name\":\"Encontra Jequi\\u00e9\",\"image\":{\"@type\":\"ImageObject\",\"@id\":\"https:\\\/\\\/www.encontrajequie.com.br\\\/sobre\\\/prefeitura-de-jequie-segue-com-acoes-de-enfrentamento-as-chuvas-que-atingiram-o-municipio\\\/#authorImage\",\"url\":\"https:\\\/\\\/secure.gravatar.com\\\/avatar\\\/507340682b8270222e1f208e23198b6ae7e2c6a1033ae84e99bc6bce4f82a387?s=96&d=mm&r=g\",\"width\":96,\"height\":96,\"caption\":\"Encontra Jequi\\u00e9\"}},{\"@type\":\"WebPage\",\"@id\":\"https:\\\/\\\/www.encontrajequie.com.br\\\/sobre\\\/prefeitura-de-jequie-segue-com-acoes-de-enfrentamento-as-chuvas-que-atingiram-o-municipio\\\/#webpage\",\"url\":\"https:\\\/\\\/www.encontrajequie.com.br\\\/sobre\\\/prefeitura-de-jequie-segue-com-acoes-de-enfrentamento-as-chuvas-que-atingiram-o-municipio\\\/\",\"name\":\"Prefeitura de Jequi\\u00e9 segue com a\\u00e7\\u00f5es de enfrentamento \\u00e0s chuvas que atingiram o munic\\u00edpio | Encontra Jequi\\u00e9\",\"description\":\"A Prefeitura de Jequi\\u00e9 intensifica a\\u00e7\\u00f5es para enfrentar chuvas e minimizar danos \\u00e0 popula\\u00e7\\u00e3o.\",\"inLanguage\":\"pt-BR\",\"isPartOf\":{\"@id\":\"https:\\\/\\\/www.encontrajequie.com.br\\\/sobre\\\/#website\"},\"breadcrumb\":{\"@id\":\"https:\\\/\\\/www.encontrajequie.com.br\\\/sobre\\\/prefeitura-de-jequie-segue-com-acoes-de-enfrentamento-as-chuvas-que-atingiram-o-municipio\\\/#breadcrumblist\"},\"author\":{\"@id\":\"https:\\\/\\\/www.encontrajequie.com.br\\\/sobre\\\/author\\\/ejequie\\\/#author\"},\"creator\":{\"@id\":\"https:\\\/\\\/www.encontrajequie.com.br\\\/sobre\\\/author\\\/ejequie\\\/#author\"},\"image\":{\"@type\":\"ImageObject\",\"url\":\"https:\\\/\\\/www.encontrajequie.com.br\\\/sobre\\\/wp-content\\\/uploads\\\/2026\\\/02\\\/prefeitura-de-jequie-segue-com-acoes-de-enfrentamento-as-chuvas-que-atingiram-o-municipio.webp\",\"@id\":\"https:\\\/\\\/www.encontrajequie.com.br\\\/sobre\\\/prefeitura-de-jequie-segue-com-acoes-de-enfrentamento-as-chuvas-que-atingiram-o-municipio\\\/#mainImage\",\"width\":280,\"height\":280,\"caption\":\"Prefeitura de Jequi\\u00e9\"},\"primaryImageOfPage\":{\"@id\":\"https:\\\/\\\/www.encontrajequie.com.br\\\/sobre\\\/prefeitura-de-jequie-segue-com-acoes-de-enfrentamento-as-chuvas-que-atingiram-o-municipio\\\/#mainImage\"},\"datePublished\":\"2026-02-28T03:29:05-03:00\",\"dateModified\":\"2026-02-28T03:29:05-03:00\"},{\"@type\":\"WebSite\",\"@id\":\"https:\\\/\\\/www.encontrajequie.com.br\\\/sobre\\\/#website\",\"url\":\"https:\\\/\\\/www.encontrajequie.com.br\\\/sobre\\\/\",\"name\":\"Encontra Jequi\\u00e9\",\"description\":\"Not\\u00edcias, eventos, informa\\u00e7\\u00f5es e dicas na cidade de Jequi\\u00e9 e regi\\u00e3o.\",\"inLanguage\":\"pt-BR\",\"publisher\":{\"@id\":\"https:\\\/\\\/www.encontrajequie.com.br\\\/sobre\\\/#organization\"}}]}\n\t\t<\/script>\n\t\t<!-- All in One SEO -->\n\n","aioseo_head_json":{"title":"Prefeitura de Jequi\u00e9 segue com a\u00e7\u00f5es de enfrentamento \u00e0s chuvas que atingiram o munic\u00edpio | Encontra Jequi\u00e9","description":"A Prefeitura de Jequi\u00e9 intensifica a\u00e7\u00f5es para enfrentar chuvas e minimizar danos \u00e0 popula\u00e7\u00e3o.","canonical_url":"https:\/\/www.encontrajequie.com.br\/sobre\/prefeitura-de-jequie-segue-com-acoes-de-enfrentamento-as-chuvas-que-atingiram-o-municipio\/","robots":"max-image-preview:large","keywords":"","webmasterTools":{"miscellaneous":""},"schema":{"@context":"https:\/\/schema.org","@graph":[{"@type":"Article","@id":"https:\/\/www.encontrajequie.com.br\/sobre\/prefeitura-de-jequie-segue-com-acoes-de-enfrentamento-as-chuvas-que-atingiram-o-municipio\/#article","name":"Prefeitura de Jequi\u00e9 segue com a\u00e7\u00f5es de enfrentamento \u00e0s chuvas que atingiram o munic\u00edpio | Encontra Jequi\u00e9","headline":"Prefeitura de Jequi\u00e9 segue com a\u00e7\u00f5es de enfrentamento \u00e0s chuvas que atingiram o munic\u00edpio","author":{"@id":"https:\/\/www.encontrajequie.com.br\/sobre\/author\/ejequie\/#author"},"publisher":{"@id":"https:\/\/www.encontrajequie.com.br\/sobre\/#organization"},"image":{"@type":"ImageObject","url":"https:\/\/www.encontrajequie.com.br\/sobre\/wp-content\/uploads\/2026\/02\/prefeitura-de-jequie-segue-com-acoes-de-enfrentamento-as-chuvas-que-atingiram-o-municipio.webp","width":280,"height":280,"caption":"Prefeitura de Jequi\u00e9"},"datePublished":"2026-02-28T03:29:05-03:00","dateModified":"2026-02-28T03:29:05-03:00","inLanguage":"pt-BR","mainEntityOfPage":{"@id":"https:\/\/www.encontrajequie.com.br\/sobre\/prefeitura-de-jequie-segue-com-acoes-de-enfrentamento-as-chuvas-que-atingiram-o-municipio\/#webpage"},"isPartOf":{"@id":"https:\/\/www.encontrajequie.com.br\/sobre\/prefeitura-de-jequie-segue-com-acoes-de-enfrentamento-as-chuvas-que-atingiram-o-municipio\/#webpage"},"articleSection":"Not\u00edcias Jequi\u00e9"},{"@type":"BreadcrumbList","@id":"https:\/\/www.encontrajequie.com.br\/sobre\/prefeitura-de-jequie-segue-com-acoes-de-enfrentamento-as-chuvas-que-atingiram-o-municipio\/#breadcrumblist","itemListElement":[{"@type":"ListItem","@id":"https:\/\/www.encontrajequie.com.br\/sobre#listItem","position":1,"name":"Home","item":"https:\/\/www.encontrajequie.com.br\/sobre","nextItem":{"@type":"ListItem","@id":"https:\/\/www.encontrajequie.com.br\/sobre\/noticias-em-jequie\/#listItem","name":"Not\u00edcias Jequi\u00e9"}},{"@type":"ListItem","@id":"https:\/\/www.encontrajequie.com.br\/sobre\/noticias-em-jequie\/#listItem","position":2,"name":"Not\u00edcias Jequi\u00e9","item":"https:\/\/www.encontrajequie.com.br\/sobre\/noticias-em-jequie\/","nextItem":{"@type":"ListItem","@id":"https:\/\/www.encontrajequie.com.br\/sobre\/prefeitura-de-jequie-segue-com-acoes-de-enfrentamento-as-chuvas-que-atingiram-o-municipio\/#listItem","name":"Prefeitura de Jequi\u00e9 segue com a\u00e7\u00f5es de enfrentamento \u00e0s chuvas que atingiram o munic\u00edpio"},"previousItem":{"@type":"ListItem","@id":"https:\/\/www.encontrajequie.com.br\/sobre#listItem","name":"Home"}},{"@type":"ListItem","@id":"https:\/\/www.encontrajequie.com.br\/sobre\/prefeitura-de-jequie-segue-com-acoes-de-enfrentamento-as-chuvas-que-atingiram-o-municipio\/#listItem","position":3,"name":"Prefeitura de Jequi\u00e9 segue com a\u00e7\u00f5es de enfrentamento \u00e0s chuvas que atingiram o munic\u00edpio","previousItem":{"@type":"ListItem","@id":"https:\/\/www.encontrajequie.com.br\/sobre\/noticias-em-jequie\/#listItem","name":"Not\u00edcias Jequi\u00e9"}}]},{"@type":"Organization","@id":"https:\/\/www.encontrajequie.com.br\/sobre\/#organization","name":"Encontra Jequi\u00e9","description":"Not\u00edcias, eventos, informa\u00e7\u00f5es e dicas na cidade de Jequi\u00e9 e regi\u00e3o.","url":"https:\/\/www.encontrajequie.com.br\/sobre\/"},{"@type":"Person","@id":"https:\/\/www.encontrajequie.com.br\/sobre\/author\/ejequie\/#author","url":"https:\/\/www.encontrajequie.com.br\/sobre\/author\/ejequie\/","name":"Encontra Jequi\u00e9","image":{"@type":"ImageObject","@id":"https:\/\/www.encontrajequie.com.br\/sobre\/prefeitura-de-jequie-segue-com-acoes-de-enfrentamento-as-chuvas-que-atingiram-o-municipio\/#authorImage","url":"https:\/\/secure.gravatar.com\/avatar\/507340682b8270222e1f208e23198b6ae7e2c6a1033ae84e99bc6bce4f82a387?s=96&d=mm&r=g","width":96,"height":96,"caption":"Encontra Jequi\u00e9"}},{"@type":"WebPage","@id":"https:\/\/www.encontrajequie.com.br\/sobre\/prefeitura-de-jequie-segue-com-acoes-de-enfrentamento-as-chuvas-que-atingiram-o-municipio\/#webpage","url":"https:\/\/www.encontrajequie.com.br\/sobre\/prefeitura-de-jequie-segue-com-acoes-de-enfrentamento-as-chuvas-que-atingiram-o-municipio\/","name":"Prefeitura de Jequi\u00e9 segue com a\u00e7\u00f5es de enfrentamento \u00e0s chuvas que atingiram o munic\u00edpio | Encontra Jequi\u00e9","description":"A Prefeitura de Jequi\u00e9 intensifica a\u00e7\u00f5es para enfrentar chuvas e minimizar danos \u00e0 popula\u00e7\u00e3o.","inLanguage":"pt-BR","isPartOf":{"@id":"https:\/\/www.encontrajequie.com.br\/sobre\/#website"},"breadcrumb":{"@id":"https:\/\/www.encontrajequie.com.br\/sobre\/prefeitura-de-jequie-segue-com-acoes-de-enfrentamento-as-chuvas-que-atingiram-o-municipio\/#breadcrumblist"},"author":{"@id":"https:\/\/www.encontrajequie.com.br\/sobre\/author\/ejequie\/#author"},"creator":{"@id":"https:\/\/www.encontrajequie.com.br\/sobre\/author\/ejequie\/#author"},"image":{"@type":"ImageObject","url":"https:\/\/www.encontrajequie.com.br\/sobre\/wp-content\/uploads\/2026\/02\/prefeitura-de-jequie-segue-com-acoes-de-enfrentamento-as-chuvas-que-atingiram-o-municipio.webp","@id":"https:\/\/www.encontrajequie.com.br\/sobre\/prefeitura-de-jequie-segue-com-acoes-de-enfrentamento-as-chuvas-que-atingiram-o-municipio\/#mainImage","width":280,"height":280,"caption":"Prefeitura de Jequi\u00e9"},"primaryImageOfPage":{"@id":"https:\/\/www.encontrajequie.com.br\/sobre\/prefeitura-de-jequie-segue-com-acoes-de-enfrentamento-as-chuvas-que-atingiram-o-municipio\/#mainImage"},"datePublished":"2026-02-28T03:29:05-03:00","dateModified":"2026-02-28T03:29:05-03:00"},{"@type":"WebSite","@id":"https:\/\/www.encontrajequie.com.br\/sobre\/#website","url":"https:\/\/www.encontrajequie.com.br\/sobre\/","name":"Encontra Jequi\u00e9","description":"Not\u00edcias, eventos, informa\u00e7\u00f5es e dicas na cidade de Jequi\u00e9 e regi\u00e3o.","inLanguage":"pt-BR","publisher":{"@id":"https:\/\/www.encontrajequie.com.br\/sobre\/#organization"}}]},"og:locale":"pt_BR","og:site_name":"Encontra Jequi\u00e9 | Not\u00edcias, eventos, informa\u00e7\u00f5es e dicas na cidade de Jequi\u00e9 e regi\u00e3o.","og:type":"article","og:title":"Prefeitura de Jequi\u00e9 segue com a\u00e7\u00f5es de enfrentamento \u00e0s chuvas que atingiram o munic\u00edpio | Encontra Jequi\u00e9","og:description":"A Prefeitura de Jequi\u00e9 intensifica a\u00e7\u00f5es para enfrentar chuvas e minimizar danos \u00e0 popula\u00e7\u00e3o.","og:url":"https:\/\/www.encontrajequie.com.br\/sobre\/prefeitura-de-jequie-segue-com-acoes-de-enfrentamento-as-chuvas-que-atingiram-o-municipio\/","article:published_time":"2026-02-28T06:29:05+00:00","article:modified_time":"2026-02-28T06:29:05+00:00","twitter:card":"summary_large_image","twitter:title":"Prefeitura de Jequi\u00e9 segue com a\u00e7\u00f5es de enfrentamento \u00e0s chuvas que atingiram o munic\u00edpio | Encontra Jequi\u00e9","twitter:description":"A Prefeitura de Jequi\u00e9 intensifica a\u00e7\u00f5es para enfrentar chuvas e minimizar danos \u00e0 popula\u00e7\u00e3o."},"aioseo_meta_data":{"post_id":"809","title":null,"description":null,"keywords":null,"keyphrases":null,"primary_term":null,"canonical_url":null,"og_title":null,"og_description":null,"og_object_type":"default","og_image_type":"default","og_image_url":null,"og_image_width":null,"og_image_height":null,"og_image_custom_url":null,"og_image_custom_fields":null,"og_video":null,"og_custom_url":null,"og_article_section":null,"og_article_tags":null,"twitter_use_og":false,"twitter_card":"default","twitter_image_type":"default","twitter_image_url":null,"twitter_image_custom_url":null,"twitter_image_custom_fields":null,"twitter_title":null,"twitter_description":null,"schema":{"blockGraphs":[],"customGraphs":[],"default":{"data":{"Article":[],"Course":[],"Dataset":[],"FAQPage":[],"Movie":[],"Person":[],"Product":[],"ProductReview":[],"Car":[],"Recipe":[],"Service":[],"SoftwareApplication":[],"WebPage":[]},"graphName":"Article","isEnabled":true},"graphs":[]},"schema_type":"default","schema_type_options":null,"pillar_content":false,"robots_default":true,"robots_noindex":false,"robots_noarchive":false,"robots_nosnippet":false,"robots_nofollow":false,"robots_noimageindex":false,"robots_noodp":false,"robots_notranslate":false,"robots_max_snippet":null,"robots_max_videopreview":null,"robots_max_imagepreview":"large","priority":null,"frequency":null,"local_seo":null,"breadcrumb_settings":null,"limit_modified_date":false,"ai":null,"created":"2026-02-28 06:29:07","updated":"2026-02-28 06:34:23","focus_keyword":null,"additional_keywords":null,"truseo_locale":null,"seo_analyzer_scan_date":null},"aioseo_breadcrumb":"<div class=\"aioseo-breadcrumbs\"><span class=\"aioseo-breadcrumb\">\n\t\t\t<a href=\"https:\/\/www.encontrajequie.com.br\/sobre\" title=\"Home\">Home<\/a>\n\t\t<\/span><span class=\"aioseo-breadcrumb-separator\">&raquo;<\/span><span class=\"aioseo-breadcrumb\">\n\t\t\t<a href=\"https:\/\/www.encontrajequie.com.br\/sobre\/noticias-em-jequie\/\" title=\"Not\u00edcias Jequi\u00e9\">Not\u00edcias Jequi\u00e9<\/a>\n\t\t<\/span><span class=\"aioseo-breadcrumb-separator\">&raquo;<\/span><span class=\"aioseo-breadcrumb\">\n\t\t\tPrefeitura de Jequi\u00e9 segue com a\u00e7\u00f5es de enfrentamento \u00e0s chuvas que atingiram o munic\u00edpio\n\t\t<\/span><\/div>","aioseo_breadcrumb_json":[{"label":"Home","link":"https:\/\/www.encontrajequie.com.br\/sobre"},{"label":"Not\u00edcias Jequi\u00e9","link":"https:\/\/www.encontrajequie.com.br\/sobre\/noticias-em-jequie\/"},{"label":"Prefeitura de Jequi\u00e9 segue com a\u00e7\u00f5es de enfrentamento \u00e0s chuvas que atingiram o munic\u00edpio","link":"https:\/\/www.encontrajequie.com.br\/sobre\/prefeitura-de-jequie-segue-com-acoes-de-enfrentamento-as-chuvas-que-atingiram-o-municipio\/"}],"_links":{"self":[{"href":"https:\/\/www.encontrajequie.com.br\/sobre\/wp-json\/wp\/v2\/posts\/809","targetHints":{"allow":["GET"]}}],"collection":[{"href":"https:\/\/www.encontrajequie.com.br\/sobre\/wp-json\/wp\/v2\/posts"}],"about":[{"href":"https:\/\/www.encontrajequie.com.br\/sobre\/wp-json\/wp\/v2\/types\/post"}],"author":[{"embeddable":true,"href":"https:\/\/www.encontrajequie.com.br\/sobre\/wp-json\/wp\/v2\/users\/1"}],"replies":[{"embeddable":true,"href":"https:\/\/www.encontrajequie.com.br\/sobre\/wp-json\/wp\/v2\/comments?post=809"}],"version-history":[{"count":0,"href":"https:\/\/www.encontrajequie.com.br\/sobre\/wp-json\/wp\/v2\/posts\/809\/revisions"}],"wp:featuredmedia":[{"embeddable":true,"href":"https:\/\/www.encontrajequie.com.br\/sobre\/wp-json\/wp\/v2\/media\/808"}],"wp:attachment":[{"href":"https:\/\/www.encontrajequie.com.br\/sobre\/wp-json\/wp\/v2\/media?parent=809"}],"wp:term":[{"taxonomy":"category","embeddable":true,"href":"https:\/\/www.encontrajequie.com.br\/sobre\/wp-json\/wp\/v2\/categories?post=809"},{"taxonomy":"post_tag","embeddable":true,"href":"https:\/\/www.encontrajequie.com.br\/sobre\/wp-json\/wp\/v2\/tags?post=809"}],"curies":[{"name":"wp","href":"https:\/\/api.w.org\/{rel}","templated":true}]}}