{"id":837,"date":"2026-03-05T03:30:45","date_gmt":"2026-03-05T06:30:45","guid":{"rendered":"https:\/\/www.encontrajequie.com.br\/sobre\/operacao-prende-4-pessoas-e-apreende-4-adolescentes-em-jequie\/"},"modified":"2026-03-05T03:30:45","modified_gmt":"2026-03-05T06:30:45","slug":"operacao-prende-4-pessoas-e-apreende-4-adolescentes-em-jequie","status":"publish","type":"post","link":"https:\/\/www.encontrajequie.com.br\/sobre\/operacao-prende-4-pessoas-e-apreende-4-adolescentes-em-jequie\/","title":{"rendered":"Opera\u00e7\u00e3o prende 4 pessoas e apreende 4 adolescentes em Jequi\u00e9"},"content":{"rendered":"<div class=\"30cf832dc5940d4704f66d0ed9a44050\" data-index=\"1\" style=\"float: none; margin:0px;\">\n<!-- Anuncio display - global -->\r\n<ins class=\"adsbygoogle\"\r\n     style=\"display:block\"\r\n     data-ad-client=\"ca-pub-8585364105181520\"\r\n     data-ad-slot=\"8789329856\"\r\n     data-ad-format=\"auto\"\r\n     data-full-width-responsive=\"true\"><\/ins>\r\n<script>\r\n     (adsbygoogle = window.adsbygoogle || []).push({});\r\n<\/script>\n<\/div>\n<h2>Contexto da Opera\u00e7\u00e3o em Jequi\u00e9<\/h2>\n<p>No \u00faltimo m\u00eas, a cidade de Jequi\u00e9, situada no estado da Bahia, foi palco de uma opera\u00e7\u00e3o eficaz das autoridades, resultando na pris\u00e3o de quatro indiv\u00edduos e na apreens\u00e3o de quatro adolescentes. Esta a\u00e7\u00e3o faz parte de uma s\u00e9rie de esfor\u00e7os cont\u00ednuos para combater o tr\u00e1fico de drogas e a criminalidade na regi\u00e3o, que tem enfrentado um aumento preocupante na viol\u00eancia associada a esses crimes.<\/p>\n<p>A opera\u00e7\u00e3o foi resultado de meses de investiga\u00e7\u00e3o e monitoramento, onde a pol\u00edcia local, em parceria com equipes de intelig\u00eancia, conseguiu identificar os principais envolvidos em atividades il\u00edcitas. Com isso, foram emitidos sete mandados de busca e apreens\u00e3o que foram executados simultaneamente.<\/p>\n<h2>Motiva\u00e7\u00e3o por tr\u00e1s das pris\u00f5es<\/h2>\n<p>A crescente onda de criminalidade e viol\u00eancia em Jequi\u00e9 motivou as autoridades a intensificarem suas a\u00e7\u00f5es para restaurar a seguran\u00e7a e ordem p\u00fablica. O tr\u00e1fico de drogas foi apontado como uma das principais causas do aumento da viol\u00eancia, levando a uma s\u00e9rie de a\u00e7\u00f5es preventivas e repressivas. A opera\u00e7\u00e3o visava desarticular uma rede criminosa que atuava na distribui\u00e7\u00e3o de drogas e na influ\u00eancia sobre os jovens na comunidade.<\/p>\n<p><img decoding=\"async\" src=\"https:\/\/www.encontrajequie.com.br\/sobre\/wp-content\/uploads\/2026\/03\/operacao-prende-4-pessoas-e-apreende-4-adolescentes-em-jequie.webp\" alt=\"operacao em Jequi\u00e9\" loading=\"lazy\" \/><\/p>\n<p>Al\u00e9m das pris\u00f5es, a a\u00e7\u00e3o buscou interromper o ciclo de depend\u00eancia que se desenvolve entre os jovens, uma vez que a maioria dos adolescentes apreendidos estava envolvida com o tr\u00e1fico. Isso demonstra a import\u00e2ncia de um trabalho que aborde n\u00e3o apenas a repress\u00e3o, mas tamb\u00e9m a educa\u00e7\u00e3o e conscientiza\u00e7\u00e3o da juventude sobre os perigos das drogas.<\/p>\n<h2>Impacto nas comunidades locais<\/h2>\n<p>A opera\u00e7\u00e3o tem um impacto significativo nas comunidades de Jequi\u00e9. A pris\u00e3o dos suspeitos e a apreens\u00e3o dos adolescentes enviaram um recado claro de que as autoridades est\u00e3o atentas e prontas para agir. Espera-se que essa a\u00e7\u00e3o ajude a diminuir o medo e a sensa\u00e7\u00e3o de inseguran\u00e7a que muitos moradores t\u00eam sentido nos \u00faltimos tempos.<\/p>\n<p>Por outro lado, \u00e9 fundamental que as autoridades tamb\u00e9m se preocupem com o acompanhamento dos adolescentes apreendidos, para que eles n\u00e3o retornem ao crime ap\u00f3s serem libertados. Para isso, programas de reabilita\u00e7\u00e3o e reintegra\u00e7\u00e3o social s\u00e3o essenciais para evitar a reincid\u00eancia.<\/p>\n<h2>Resultados da apreens\u00e3o de adolescentes<\/h2>\n<p>Os adolescentes apreendidos durante a opera\u00e7\u00e3o t\u00eam idades entre 15 e 17 anos e, em sua maioria, estavam envolvidos em atividades relacionadas ao tr\u00e1fico. A pol\u00edcia busca entender o n\u00edvel de participa\u00e7\u00e3o de cada um deles, bem como suas motiva\u00e7\u00f5es para estarem envolvidos neste tipo de crime. A inten\u00e7\u00e3o \u00e9 criar uma abordagem que trabalhe quest\u00f5es sociais que possam ter levado esses jovens a essa escolha.<\/p>\n<p>\u00c9 um passo importante no processo de recupera\u00e7\u00e3o e reintegra\u00e7\u00e3o, j\u00e1 que trabalhar com os adolescentes apreendidos pode ajudar a prevenir futuras gera\u00e7\u00f5es de jovens sendo atra\u00eddas para o mundo do crime. A educa\u00e7\u00e3o e o apoio psicol\u00f3gico podem ser fundamentais neste processo.<\/p>\n<h2>Rea\u00e7\u00e3o da popula\u00e7\u00e3o<\/h2>\n<p>A rea\u00e7\u00e3o da comunidade local \u00e0 opera\u00e7\u00e3o foi mista. Enquanto alguns moradores apoiam firmemente a a\u00e7\u00e3o da pol\u00edcia e desejam ver mais opera\u00e7\u00f5es desse tipo para combater a criminalidade, outros expressaram preocupa\u00e7\u00f5es sobre a abordagem da pol\u00edcia e as condi\u00e7\u00f5es em que os adolescentes apreendidos foram tratados.<\/p>\n<p>\u00c9 essencial que as autoridades se envolvam com a popula\u00e7\u00e3o, ouvindo suas preocupa\u00e7\u00f5es e explicando os motivos das a\u00e7\u00f5es. Este tipo de transpar\u00eancia \u00e9 vital para fidellizar a confian\u00e7a da comunidade na pol\u00edcia e nas institui\u00e7\u00f5es de seguran\u00e7a.<\/p>\n<h2>Estrat\u00e9gias de seguran\u00e7a p\u00fablica atuais<\/h2>\n<p>As estrat\u00e9gias de seguran\u00e7a p\u00fablica em Jequi\u00e9 est\u00e3o em constante revis\u00e3o para melhor atender \u00e0s necessidades da popula\u00e7\u00e3o. A opera\u00e7\u00e3o recente \u00e9 apenas uma das v\u00e1rias iniciativas que fazem parte de um planejamento mais amplo que inclui esfor\u00e7os de preven\u00e7\u00e3o, como programas sociais voltados para a educa\u00e7\u00e3o dos jovens.<\/p>\n<p>A integra\u00e7\u00e3o entre diferentes setores, como educa\u00e7\u00e3o e sa\u00fade, tem se mostrado uma abordagem eficaz na redu\u00e7\u00e3o do crime. Quanto mais as autoridades se dedicam n\u00e3o s\u00f3 ao efeito punitivo, mas tamb\u00e9m a iniciativas preventivas, maiores s\u00e3o as chances de sucesso a longo prazo.<\/p>\n<h2>Import\u00e2ncia do cumprimento de mandados<\/h2>\n<p>O cumprimento de mandados judiciais \u00e9 um aspecto crucial para garantir a efetividade das opera\u00e7\u00f5es policiais. A emiss\u00e3o de mandados baseados em investiga\u00e7\u00f5es robustas \u00e9 essencial para n\u00e3o apenas manter a ordem, mas tamb\u00e9m para garantir que os direitos dos cidad\u00e3os sejam respeitados durante o processo. Cada mandado cumprido apresenta a oportunidade de coletar evid\u00eancias que podem ser fundamentais em processos judiciais.<\/p>\n<h2>Legisla\u00e7\u00e3o sobre menores infratores<\/h2>\n<p>A legisla\u00e7\u00e3o brasileira que aborda a situa\u00e7\u00e3o de menores infratores \u00e9 complexa. A principal lei que trata do assunto \u00e9 o Estatuto da Crian\u00e7a e do Adolescente (ECA), que assegura direitos e estabelece medidas socioeducativas para jovens infratores. As medidas variam de acordo com a gravidade do ato infracional e buscam oferecer oportunidades de reabilita\u00e7\u00e3o ao inv\u00e9s de penas severas.<\/p>\n<p>Essa abordagem busca equilibrar a necessidade de responsabiliza\u00e7\u00e3o dos jovens e a prote\u00e7\u00e3o de seus direitos, reconhecendo que muitos deles podem ter sido v\u00edtimas de circunst\u00e2ncias sociais adversas que os levaram ao crime.<\/p>\n<h2>An\u00e1lise do cen\u00e1rio criminal em Jequi\u00e9<\/h2>\n<p>O cen\u00e1rio criminal em Jequi\u00e9 apresenta v\u00e1rias nuances. A cidade tem enfrentado desafios significativos relacionados ao tr\u00e1fico de drogas e \u00e0 viol\u00eancia, com um aumento na incid\u00eancia de homic\u00eddios e outros crimes violentos. No entanto, a\u00e7\u00f5es como a recente opera\u00e7\u00e3o demonstram a disposi\u00e7\u00e3o das autoridades em enfrentar estes problemas.<\/p>\n<p>Al\u00e9m do trabalho policial, \u00e9 vital que haja uma colabora\u00e7\u00e3o com a comunidade e investimento em programas sociais que ajudem a oferecer alternativas aos jovens. Essa an\u00e1lise do cen\u00e1rio deve considerar n\u00e3o apenas os dados estat\u00edsticos, mas tamb\u00e9m as percep\u00e7\u00f5es dos moradores sobre seguran\u00e7a e suas experi\u00eancias pessoais.<\/p>\n<h2>Pr\u00f3ximos passos e perspectivas futuras<\/h2>\n<p>Os pr\u00f3ximos passos ap\u00f3s a opera\u00e7\u00e3o devem incluir a avalia\u00e7\u00e3o dos resultados obtidos e o planejamento de a\u00e7\u00f5es futuras baseadas nas li\u00e7\u00f5es aprendidas. A pol\u00edcia dever\u00e1 continuar a monitorar a situa\u00e7\u00e3o em Jequi\u00e9, buscando identificar novos pontos cr\u00edticos e adaptar suas estrat\u00e9gias conforme necess\u00e1rio.<\/p>\n<p>Al\u00e9m disso, um di\u00e1logo aberto com a popula\u00e7\u00e3o \u00e9 essencial para entender suas expectativas e preocupa\u00e7\u00f5es em rela\u00e7\u00e3o \u00e0 seguran\u00e7a. Isso pode contribuir para criar um ambiente de confian\u00e7a, que \u00e9 crucial para a efic\u00e1cia de qualquer a\u00e7\u00e3o de seguran\u00e7a p\u00fablica.<\/p>\n<p>Por fim, a combina\u00e7\u00e3o de a\u00e7\u00f5es policiais, programas sociais, e parcerias com a comunidade parece ser a chave para uma abordagem duradoura em busca da melhora da seguran\u00e7a em Jequi\u00e9, a fim de garantir um futuro mais seguro e promissor para seus habitantes.<\/p>\n\n<div style=\"font-size: 0px; height: 0px; line-height: 0px; margin: 0; padding: 0; clear: both;\"><\/div>","protected":false},"excerpt":{"rendered":"<p>Opera\u00e7\u00e3o em Jequi\u00e9 resulta em pris\u00f5es e apreens\u00f5es significativas de adolescentes.<\/p>\n","protected":false},"author":1,"featured_media":836,"comment_status":"open","ping_status":"closed","sticky":false,"template":"","format":"standard","meta":{"footnotes":""},"categories":[1],"tags":[],"class_list":["post-837","post","type-post","status-publish","format-standard","has-post-thumbnail","hentry","category-noticias-em-jequie","has_thumb"],"aioseo_notices":[],"aioseo_head":"\n\t\t<!-- All in One SEO 5.0.0.1 - aioseo.com -->\n\t<meta name=\"description\" content=\"Opera\u00e7\u00e3o em Jequi\u00e9 resulta em pris\u00f5es e apreens\u00f5es significativas de adolescentes.\" \/>\n\t<meta name=\"robots\" content=\"max-image-preview:large\" \/>\n\t<meta name=\"author\" content=\"Encontra Jequi\u00e9\"\/>\n\t<link rel=\"canonical\" href=\"https:\/\/www.encontrajequie.com.br\/sobre\/operacao-prende-4-pessoas-e-apreende-4-adolescentes-em-jequie\/\" \/>\n\t<meta name=\"generator\" content=\"All in One SEO (AIOSEO) 5.0.0.1\" \/>\n\t\t<meta property=\"og:locale\" content=\"pt_BR\" \/>\n\t\t<meta property=\"og:site_name\" content=\"Encontra Jequi\u00e9 | Not\u00edcias, eventos, informa\u00e7\u00f5es e dicas na cidade de Jequi\u00e9 e regi\u00e3o.\" \/>\n\t\t<meta property=\"og:type\" content=\"article\" \/>\n\t\t<meta property=\"og:title\" content=\"Opera\u00e7\u00e3o prende 4 pessoas e apreende 4 adolescentes em Jequi\u00e9 | Encontra Jequi\u00e9\" \/>\n\t\t<meta property=\"og:description\" content=\"Opera\u00e7\u00e3o em Jequi\u00e9 resulta em pris\u00f5es e apreens\u00f5es significativas de adolescentes.\" \/>\n\t\t<meta property=\"og:url\" content=\"https:\/\/www.encontrajequie.com.br\/sobre\/operacao-prende-4-pessoas-e-apreende-4-adolescentes-em-jequie\/\" \/>\n\t\t<meta property=\"article:published_time\" content=\"2026-03-05T06:30:45+00:00\" \/>\n\t\t<meta property=\"article:modified_time\" content=\"2026-03-05T06:30:45+00:00\" \/>\n\t\t<meta name=\"twitter:card\" content=\"summary_large_image\" \/>\n\t\t<meta name=\"twitter:title\" content=\"Opera\u00e7\u00e3o prende 4 pessoas e apreende 4 adolescentes em Jequi\u00e9 | Encontra Jequi\u00e9\" \/>\n\t\t<meta name=\"twitter:description\" content=\"Opera\u00e7\u00e3o em Jequi\u00e9 resulta em pris\u00f5es e apreens\u00f5es significativas de adolescentes.\" \/>\n\t\t<script type=\"application\/ld+json\" class=\"aioseo-schema\">\n\t\t\t{\"@context\":\"https:\\\/\\\/schema.org\",\"@graph\":[{\"@type\":\"Article\",\"@id\":\"https:\\\/\\\/www.encontrajequie.com.br\\\/sobre\\\/operacao-prende-4-pessoas-e-apreende-4-adolescentes-em-jequie\\\/#article\",\"name\":\"Opera\\u00e7\\u00e3o prende 4 pessoas e apreende 4 adolescentes em Jequi\\u00e9 | Encontra Jequi\\u00e9\",\"headline\":\"Opera\\u00e7\\u00e3o prende 4 pessoas e apreende 4 adolescentes em Jequi\\u00e9\",\"author\":{\"@id\":\"https:\\\/\\\/www.encontrajequie.com.br\\\/sobre\\\/author\\\/ejequie\\\/#author\"},\"publisher\":{\"@id\":\"https:\\\/\\\/www.encontrajequie.com.br\\\/sobre\\\/#organization\"},\"image\":{\"@type\":\"ImageObject\",\"url\":\"https:\\\/\\\/www.encontrajequie.com.br\\\/sobre\\\/wp-content\\\/uploads\\\/2026\\\/03\\\/operacao-prende-4-pessoas-e-apreende-4-adolescentes-em-jequie.webp\",\"width\":280,\"height\":280,\"caption\":\"operacao em Jequi\\u00e9\"},\"datePublished\":\"2026-03-05T03:30:45-03:00\",\"dateModified\":\"2026-03-05T03:30:45-03:00\",\"inLanguage\":\"pt-BR\",\"mainEntityOfPage\":{\"@id\":\"https:\\\/\\\/www.encontrajequie.com.br\\\/sobre\\\/operacao-prende-4-pessoas-e-apreende-4-adolescentes-em-jequie\\\/#webpage\"},\"isPartOf\":{\"@id\":\"https:\\\/\\\/www.encontrajequie.com.br\\\/sobre\\\/operacao-prende-4-pessoas-e-apreende-4-adolescentes-em-jequie\\\/#webpage\"},\"articleSection\":\"Not\\u00edcias Jequi\\u00e9\"},{\"@type\":\"BreadcrumbList\",\"@id\":\"https:\\\/\\\/www.encontrajequie.com.br\\\/sobre\\\/operacao-prende-4-pessoas-e-apreende-4-adolescentes-em-jequie\\\/#breadcrumblist\",\"itemListElement\":[{\"@type\":\"ListItem\",\"@id\":\"https:\\\/\\\/www.encontrajequie.com.br\\\/sobre#listItem\",\"position\":1,\"name\":\"Home\",\"item\":\"https:\\\/\\\/www.encontrajequie.com.br\\\/sobre\",\"nextItem\":{\"@type\":\"ListItem\",\"@id\":\"https:\\\/\\\/www.encontrajequie.com.br\\\/sobre\\\/noticias-em-jequie\\\/#listItem\",\"name\":\"Not\\u00edcias Jequi\\u00e9\"}},{\"@type\":\"ListItem\",\"@id\":\"https:\\\/\\\/www.encontrajequie.com.br\\\/sobre\\\/noticias-em-jequie\\\/#listItem\",\"position\":2,\"name\":\"Not\\u00edcias Jequi\\u00e9\",\"item\":\"https:\\\/\\\/www.encontrajequie.com.br\\\/sobre\\\/noticias-em-jequie\\\/\",\"nextItem\":{\"@type\":\"ListItem\",\"@id\":\"https:\\\/\\\/www.encontrajequie.com.br\\\/sobre\\\/operacao-prende-4-pessoas-e-apreende-4-adolescentes-em-jequie\\\/#listItem\",\"name\":\"Opera\\u00e7\\u00e3o prende 4 pessoas e apreende 4 adolescentes em Jequi\\u00e9\"},\"previousItem\":{\"@type\":\"ListItem\",\"@id\":\"https:\\\/\\\/www.encontrajequie.com.br\\\/sobre#listItem\",\"name\":\"Home\"}},{\"@type\":\"ListItem\",\"@id\":\"https:\\\/\\\/www.encontrajequie.com.br\\\/sobre\\\/operacao-prende-4-pessoas-e-apreende-4-adolescentes-em-jequie\\\/#listItem\",\"position\":3,\"name\":\"Opera\\u00e7\\u00e3o prende 4 pessoas e apreende 4 adolescentes em Jequi\\u00e9\",\"previousItem\":{\"@type\":\"ListItem\",\"@id\":\"https:\\\/\\\/www.encontrajequie.com.br\\\/sobre\\\/noticias-em-jequie\\\/#listItem\",\"name\":\"Not\\u00edcias Jequi\\u00e9\"}}]},{\"@type\":\"Organization\",\"@id\":\"https:\\\/\\\/www.encontrajequie.com.br\\\/sobre\\\/#organization\",\"name\":\"Encontra Jequi\\u00e9\",\"description\":\"Not\\u00edcias, eventos, informa\\u00e7\\u00f5es e dicas na cidade de Jequi\\u00e9 e regi\\u00e3o.\",\"url\":\"https:\\\/\\\/www.encontrajequie.com.br\\\/sobre\\\/\"},{\"@type\":\"Person\",\"@id\":\"https:\\\/\\\/www.encontrajequie.com.br\\\/sobre\\\/author\\\/ejequie\\\/#author\",\"url\":\"https:\\\/\\\/www.encontrajequie.com.br\\\/sobre\\\/author\\\/ejequie\\\/\",\"name\":\"Encontra Jequi\\u00e9\",\"image\":{\"@type\":\"ImageObject\",\"@id\":\"https:\\\/\\\/www.encontrajequie.com.br\\\/sobre\\\/operacao-prende-4-pessoas-e-apreende-4-adolescentes-em-jequie\\\/#authorImage\",\"url\":\"https:\\\/\\\/secure.gravatar.com\\\/avatar\\\/507340682b8270222e1f208e23198b6ae7e2c6a1033ae84e99bc6bce4f82a387?s=96&d=mm&r=g\",\"width\":96,\"height\":96,\"caption\":\"Encontra Jequi\\u00e9\"}},{\"@type\":\"WebPage\",\"@id\":\"https:\\\/\\\/www.encontrajequie.com.br\\\/sobre\\\/operacao-prende-4-pessoas-e-apreende-4-adolescentes-em-jequie\\\/#webpage\",\"url\":\"https:\\\/\\\/www.encontrajequie.com.br\\\/sobre\\\/operacao-prende-4-pessoas-e-apreende-4-adolescentes-em-jequie\\\/\",\"name\":\"Opera\\u00e7\\u00e3o prende 4 pessoas e apreende 4 adolescentes em Jequi\\u00e9 | Encontra Jequi\\u00e9\",\"description\":\"Opera\\u00e7\\u00e3o em Jequi\\u00e9 resulta em pris\\u00f5es e apreens\\u00f5es significativas de adolescentes.\",\"inLanguage\":\"pt-BR\",\"isPartOf\":{\"@id\":\"https:\\\/\\\/www.encontrajequie.com.br\\\/sobre\\\/#website\"},\"breadcrumb\":{\"@id\":\"https:\\\/\\\/www.encontrajequie.com.br\\\/sobre\\\/operacao-prende-4-pessoas-e-apreende-4-adolescentes-em-jequie\\\/#breadcrumblist\"},\"author\":{\"@id\":\"https:\\\/\\\/www.encontrajequie.com.br\\\/sobre\\\/author\\\/ejequie\\\/#author\"},\"creator\":{\"@id\":\"https:\\\/\\\/www.encontrajequie.com.br\\\/sobre\\\/author\\\/ejequie\\\/#author\"},\"image\":{\"@type\":\"ImageObject\",\"url\":\"https:\\\/\\\/www.encontrajequie.com.br\\\/sobre\\\/wp-content\\\/uploads\\\/2026\\\/03\\\/operacao-prende-4-pessoas-e-apreende-4-adolescentes-em-jequie.webp\",\"@id\":\"https:\\\/\\\/www.encontrajequie.com.br\\\/sobre\\\/operacao-prende-4-pessoas-e-apreende-4-adolescentes-em-jequie\\\/#mainImage\",\"width\":280,\"height\":280,\"caption\":\"operacao em Jequi\\u00e9\"},\"primaryImageOfPage\":{\"@id\":\"https:\\\/\\\/www.encontrajequie.com.br\\\/sobre\\\/operacao-prende-4-pessoas-e-apreende-4-adolescentes-em-jequie\\\/#mainImage\"},\"datePublished\":\"2026-03-05T03:30:45-03:00\",\"dateModified\":\"2026-03-05T03:30:45-03:00\"},{\"@type\":\"WebSite\",\"@id\":\"https:\\\/\\\/www.encontrajequie.com.br\\\/sobre\\\/#website\",\"url\":\"https:\\\/\\\/www.encontrajequie.com.br\\\/sobre\\\/\",\"name\":\"Encontra Jequi\\u00e9\",\"description\":\"Not\\u00edcias, eventos, informa\\u00e7\\u00f5es e dicas na cidade de Jequi\\u00e9 e regi\\u00e3o.\",\"inLanguage\":\"pt-BR\",\"publisher\":{\"@id\":\"https:\\\/\\\/www.encontrajequie.com.br\\\/sobre\\\/#organization\"}}]}\n\t\t<\/script>\n\t\t<!-- All in One SEO -->\n\n","aioseo_head_json":{"title":"Opera\u00e7\u00e3o prende 4 pessoas e apreende 4 adolescentes em Jequi\u00e9 | Encontra Jequi\u00e9","description":"Opera\u00e7\u00e3o em Jequi\u00e9 resulta em pris\u00f5es e apreens\u00f5es significativas de adolescentes.","canonical_url":"https:\/\/www.encontrajequie.com.br\/sobre\/operacao-prende-4-pessoas-e-apreende-4-adolescentes-em-jequie\/","robots":"max-image-preview:large","keywords":"","webmasterTools":{"miscellaneous":""},"schema":{"@context":"https:\/\/schema.org","@graph":[{"@type":"Article","@id":"https:\/\/www.encontrajequie.com.br\/sobre\/operacao-prende-4-pessoas-e-apreende-4-adolescentes-em-jequie\/#article","name":"Opera\u00e7\u00e3o prende 4 pessoas e apreende 4 adolescentes em Jequi\u00e9 | Encontra Jequi\u00e9","headline":"Opera\u00e7\u00e3o prende 4 pessoas e apreende 4 adolescentes em Jequi\u00e9","author":{"@id":"https:\/\/www.encontrajequie.com.br\/sobre\/author\/ejequie\/#author"},"publisher":{"@id":"https:\/\/www.encontrajequie.com.br\/sobre\/#organization"},"image":{"@type":"ImageObject","url":"https:\/\/www.encontrajequie.com.br\/sobre\/wp-content\/uploads\/2026\/03\/operacao-prende-4-pessoas-e-apreende-4-adolescentes-em-jequie.webp","width":280,"height":280,"caption":"operacao em Jequi\u00e9"},"datePublished":"2026-03-05T03:30:45-03:00","dateModified":"2026-03-05T03:30:45-03:00","inLanguage":"pt-BR","mainEntityOfPage":{"@id":"https:\/\/www.encontrajequie.com.br\/sobre\/operacao-prende-4-pessoas-e-apreende-4-adolescentes-em-jequie\/#webpage"},"isPartOf":{"@id":"https:\/\/www.encontrajequie.com.br\/sobre\/operacao-prende-4-pessoas-e-apreende-4-adolescentes-em-jequie\/#webpage"},"articleSection":"Not\u00edcias Jequi\u00e9"},{"@type":"BreadcrumbList","@id":"https:\/\/www.encontrajequie.com.br\/sobre\/operacao-prende-4-pessoas-e-apreende-4-adolescentes-em-jequie\/#breadcrumblist","itemListElement":[{"@type":"ListItem","@id":"https:\/\/www.encontrajequie.com.br\/sobre#listItem","position":1,"name":"Home","item":"https:\/\/www.encontrajequie.com.br\/sobre","nextItem":{"@type":"ListItem","@id":"https:\/\/www.encontrajequie.com.br\/sobre\/noticias-em-jequie\/#listItem","name":"Not\u00edcias Jequi\u00e9"}},{"@type":"ListItem","@id":"https:\/\/www.encontrajequie.com.br\/sobre\/noticias-em-jequie\/#listItem","position":2,"name":"Not\u00edcias Jequi\u00e9","item":"https:\/\/www.encontrajequie.com.br\/sobre\/noticias-em-jequie\/","nextItem":{"@type":"ListItem","@id":"https:\/\/www.encontrajequie.com.br\/sobre\/operacao-prende-4-pessoas-e-apreende-4-adolescentes-em-jequie\/#listItem","name":"Opera\u00e7\u00e3o prende 4 pessoas e apreende 4 adolescentes em Jequi\u00e9"},"previousItem":{"@type":"ListItem","@id":"https:\/\/www.encontrajequie.com.br\/sobre#listItem","name":"Home"}},{"@type":"ListItem","@id":"https:\/\/www.encontrajequie.com.br\/sobre\/operacao-prende-4-pessoas-e-apreende-4-adolescentes-em-jequie\/#listItem","position":3,"name":"Opera\u00e7\u00e3o prende 4 pessoas e apreende 4 adolescentes em Jequi\u00e9","previousItem":{"@type":"ListItem","@id":"https:\/\/www.encontrajequie.com.br\/sobre\/noticias-em-jequie\/#listItem","name":"Not\u00edcias Jequi\u00e9"}}]},{"@type":"Organization","@id":"https:\/\/www.encontrajequie.com.br\/sobre\/#organization","name":"Encontra Jequi\u00e9","description":"Not\u00edcias, eventos, informa\u00e7\u00f5es e dicas na cidade de Jequi\u00e9 e regi\u00e3o.","url":"https:\/\/www.encontrajequie.com.br\/sobre\/"},{"@type":"Person","@id":"https:\/\/www.encontrajequie.com.br\/sobre\/author\/ejequie\/#author","url":"https:\/\/www.encontrajequie.com.br\/sobre\/author\/ejequie\/","name":"Encontra Jequi\u00e9","image":{"@type":"ImageObject","@id":"https:\/\/www.encontrajequie.com.br\/sobre\/operacao-prende-4-pessoas-e-apreende-4-adolescentes-em-jequie\/#authorImage","url":"https:\/\/secure.gravatar.com\/avatar\/507340682b8270222e1f208e23198b6ae7e2c6a1033ae84e99bc6bce4f82a387?s=96&d=mm&r=g","width":96,"height":96,"caption":"Encontra Jequi\u00e9"}},{"@type":"WebPage","@id":"https:\/\/www.encontrajequie.com.br\/sobre\/operacao-prende-4-pessoas-e-apreende-4-adolescentes-em-jequie\/#webpage","url":"https:\/\/www.encontrajequie.com.br\/sobre\/operacao-prende-4-pessoas-e-apreende-4-adolescentes-em-jequie\/","name":"Opera\u00e7\u00e3o prende 4 pessoas e apreende 4 adolescentes em Jequi\u00e9 | Encontra Jequi\u00e9","description":"Opera\u00e7\u00e3o em Jequi\u00e9 resulta em pris\u00f5es e apreens\u00f5es significativas de adolescentes.","inLanguage":"pt-BR","isPartOf":{"@id":"https:\/\/www.encontrajequie.com.br\/sobre\/#website"},"breadcrumb":{"@id":"https:\/\/www.encontrajequie.com.br\/sobre\/operacao-prende-4-pessoas-e-apreende-4-adolescentes-em-jequie\/#breadcrumblist"},"author":{"@id":"https:\/\/www.encontrajequie.com.br\/sobre\/author\/ejequie\/#author"},"creator":{"@id":"https:\/\/www.encontrajequie.com.br\/sobre\/author\/ejequie\/#author"},"image":{"@type":"ImageObject","url":"https:\/\/www.encontrajequie.com.br\/sobre\/wp-content\/uploads\/2026\/03\/operacao-prende-4-pessoas-e-apreende-4-adolescentes-em-jequie.webp","@id":"https:\/\/www.encontrajequie.com.br\/sobre\/operacao-prende-4-pessoas-e-apreende-4-adolescentes-em-jequie\/#mainImage","width":280,"height":280,"caption":"operacao em Jequi\u00e9"},"primaryImageOfPage":{"@id":"https:\/\/www.encontrajequie.com.br\/sobre\/operacao-prende-4-pessoas-e-apreende-4-adolescentes-em-jequie\/#mainImage"},"datePublished":"2026-03-05T03:30:45-03:00","dateModified":"2026-03-05T03:30:45-03:00"},{"@type":"WebSite","@id":"https:\/\/www.encontrajequie.com.br\/sobre\/#website","url":"https:\/\/www.encontrajequie.com.br\/sobre\/","name":"Encontra Jequi\u00e9","description":"Not\u00edcias, eventos, informa\u00e7\u00f5es e dicas na cidade de Jequi\u00e9 e regi\u00e3o.","inLanguage":"pt-BR","publisher":{"@id":"https:\/\/www.encontrajequie.com.br\/sobre\/#organization"}}]},"og:locale":"pt_BR","og:site_name":"Encontra Jequi\u00e9 | Not\u00edcias, eventos, informa\u00e7\u00f5es e dicas na cidade de Jequi\u00e9 e regi\u00e3o.","og:type":"article","og:title":"Opera\u00e7\u00e3o prende 4 pessoas e apreende 4 adolescentes em Jequi\u00e9 | Encontra Jequi\u00e9","og:description":"Opera\u00e7\u00e3o em Jequi\u00e9 resulta em pris\u00f5es e apreens\u00f5es significativas de adolescentes.","og:url":"https:\/\/www.encontrajequie.com.br\/sobre\/operacao-prende-4-pessoas-e-apreende-4-adolescentes-em-jequie\/","article:published_time":"2026-03-05T06:30:45+00:00","article:modified_time":"2026-03-05T06:30:45+00:00","twitter:card":"summary_large_image","twitter:title":"Opera\u00e7\u00e3o prende 4 pessoas e apreende 4 adolescentes em Jequi\u00e9 | Encontra Jequi\u00e9","twitter:description":"Opera\u00e7\u00e3o em Jequi\u00e9 resulta em pris\u00f5es e apreens\u00f5es significativas de adolescentes."},"aioseo_meta_data":{"post_id":"837","title":null,"description":null,"keywords":null,"keyphrases":null,"primary_term":null,"canonical_url":null,"og_title":null,"og_description":null,"og_object_type":"default","og_image_type":"default","og_image_url":null,"og_image_width":null,"og_image_height":null,"og_image_custom_url":null,"og_image_custom_fields":null,"og_video":null,"og_custom_url":null,"og_article_section":null,"og_article_tags":null,"twitter_use_og":false,"twitter_card":"default","twitter_image_type":"default","twitter_image_url":null,"twitter_image_custom_url":null,"twitter_image_custom_fields":null,"twitter_title":null,"twitter_description":null,"schema":{"blockGraphs":[],"customGraphs":[],"default":{"data":{"Article":[],"Course":[],"Dataset":[],"FAQPage":[],"Movie":[],"Person":[],"Product":[],"ProductReview":[],"Car":[],"Recipe":[],"Service":[],"SoftwareApplication":[],"WebPage":[]},"graphName":"Article","isEnabled":true},"graphs":[]},"schema_type":"default","schema_type_options":null,"pillar_content":false,"robots_default":true,"robots_noindex":false,"robots_noarchive":false,"robots_nosnippet":false,"robots_nofollow":false,"robots_noimageindex":false,"robots_noodp":false,"robots_notranslate":false,"robots_max_snippet":null,"robots_max_videopreview":null,"robots_max_imagepreview":"large","priority":null,"frequency":null,"local_seo":null,"breadcrumb_settings":null,"limit_modified_date":false,"ai":null,"created":"2026-03-05 06:30:49","updated":"2026-03-05 06:31:55","focus_keyword":null,"additional_keywords":null,"truseo_locale":null,"seo_analyzer_scan_date":null},"aioseo_breadcrumb":"<div class=\"aioseo-breadcrumbs\"><span class=\"aioseo-breadcrumb\">\n\t\t\t<a href=\"https:\/\/www.encontrajequie.com.br\/sobre\" title=\"Home\">Home<\/a>\n\t\t<\/span><span class=\"aioseo-breadcrumb-separator\">&raquo;<\/span><span class=\"aioseo-breadcrumb\">\n\t\t\t<a href=\"https:\/\/www.encontrajequie.com.br\/sobre\/noticias-em-jequie\/\" title=\"Not\u00edcias Jequi\u00e9\">Not\u00edcias Jequi\u00e9<\/a>\n\t\t<\/span><span class=\"aioseo-breadcrumb-separator\">&raquo;<\/span><span class=\"aioseo-breadcrumb\">\n\t\t\tOpera\u00e7\u00e3o prende 4 pessoas e apreende 4 adolescentes em Jequi\u00e9\n\t\t<\/span><\/div>","aioseo_breadcrumb_json":[{"label":"Home","link":"https:\/\/www.encontrajequie.com.br\/sobre"},{"label":"Not\u00edcias Jequi\u00e9","link":"https:\/\/www.encontrajequie.com.br\/sobre\/noticias-em-jequie\/"},{"label":"Opera\u00e7\u00e3o prende 4 pessoas e apreende 4 adolescentes em Jequi\u00e9","link":"https:\/\/www.encontrajequie.com.br\/sobre\/operacao-prende-4-pessoas-e-apreende-4-adolescentes-em-jequie\/"}],"_links":{"self":[{"href":"https:\/\/www.encontrajequie.com.br\/sobre\/wp-json\/wp\/v2\/posts\/837","targetHints":{"allow":["GET"]}}],"collection":[{"href":"https:\/\/www.encontrajequie.com.br\/sobre\/wp-json\/wp\/v2\/posts"}],"about":[{"href":"https:\/\/www.encontrajequie.com.br\/sobre\/wp-json\/wp\/v2\/types\/post"}],"author":[{"embeddable":true,"href":"https:\/\/www.encontrajequie.com.br\/sobre\/wp-json\/wp\/v2\/users\/1"}],"replies":[{"embeddable":true,"href":"https:\/\/www.encontrajequie.com.br\/sobre\/wp-json\/wp\/v2\/comments?post=837"}],"version-history":[{"count":0,"href":"https:\/\/www.encontrajequie.com.br\/sobre\/wp-json\/wp\/v2\/posts\/837\/revisions"}],"wp:featuredmedia":[{"embeddable":true,"href":"https:\/\/www.encontrajequie.com.br\/sobre\/wp-json\/wp\/v2\/media\/836"}],"wp:attachment":[{"href":"https:\/\/www.encontrajequie.com.br\/sobre\/wp-json\/wp\/v2\/media?parent=837"}],"wp:term":[{"taxonomy":"category","embeddable":true,"href":"https:\/\/www.encontrajequie.com.br\/sobre\/wp-json\/wp\/v2\/categories?post=837"},{"taxonomy":"post_tag","embeddable":true,"href":"https:\/\/www.encontrajequie.com.br\/sobre\/wp-json\/wp\/v2\/tags?post=837"}],"curies":[{"name":"wp","href":"https:\/\/api.w.org\/{rel}","templated":true}]}}