{"id":839,"date":"2026-03-06T03:27:45","date_gmt":"2026-03-06T06:27:45","guid":{"rendered":"https:\/\/www.encontrajequie.com.br\/sobre\/jequie-deve-ter-um-dia-com-trovoes-e-raios-neste-domingo-01\/"},"modified":"2026-03-06T03:27:45","modified_gmt":"2026-03-06T06:27:45","slug":"jequie-deve-ter-um-dia-com-trovoes-e-raios-neste-domingo-01","status":"publish","type":"post","link":"https:\/\/www.encontrajequie.com.br\/sobre\/jequie-deve-ter-um-dia-com-trovoes-e-raios-neste-domingo-01\/","title":{"rendered":"Jequi\u00e9 deve ter um dia com trov\u00f5es e raios neste domingo (01)"},"content":{"rendered":"<div class=\"30cf832dc5940d4704f66d0ed9a44050\" data-index=\"1\" style=\"float: none; margin:0px;\">\n<!-- Anuncio display - global -->\r\n<ins class=\"adsbygoogle\"\r\n     style=\"display:block\"\r\n     data-ad-client=\"ca-pub-8585364105181520\"\r\n     data-ad-slot=\"8789329856\"\r\n     data-ad-format=\"auto\"\r\n     data-full-width-responsive=\"true\"><\/ins>\r\n<script>\r\n     (adsbygoogle = window.adsbygoogle || []).push({});\r\n<\/script>\n<\/div>\n<h2>Previs\u00e3o do Tempo em Jequi\u00e9<\/h2>\n<p>No pr\u00f3ximo domingo (01 de mar\u00e7o de 2026), a cidade de Jequi\u00e9, na Bahia, experimentar\u00e1 um dia caracterizado por intensa atividade el\u00e9trica, incluindo trov\u00f5es e raios. As temperaturas na regi\u00e3o v\u00e3o oscilar entre 20\u00b0C e 28\u00b0C, com a possibilidade de chuvas e fen\u00f4menos clim\u00e1ticos que dever\u00e3o impactar a rotina dos moradores e visitantes.<\/p>\n<h2>Temperaturas ao Longo do Dia<\/h2>\n<p>A jornada de domingo come\u00e7ar\u00e1 com temperaturas agrad\u00e1veis, em torno de 20\u00b0C nas primeiras horas da madrugada. \u00c0 medida que o dia avan\u00e7a, espera-se um aumento gradual, atingindo a m\u00e1xima de 28\u00b0C durante a tarde. Na parte da noite, a expectativa \u00e9 que as temperaturas permane\u00e7am est\u00e1veis, tamb\u00e9m em torno de 20\u00b0C, proporcionando um clima ameno. Confira as previs\u00f5es hor\u00e1rias:<\/p>\n<ul>\n<li><strong>Madrugada:<\/strong> 20\u00b0C<\/li>\n<li><strong>Manh\u00e3:<\/strong> Aumento para 24\u00b0C<\/li>\n<li><strong>Tarde:<\/strong> Ponto m\u00e1ximo de 28\u00b0C<\/li>\n<li><strong>Noite:<\/strong> Retorno aos 20\u00b0C<\/li>\n<\/ul>\n<h2>Umidade Relativa do Ar<\/h2>\n<p>A umidade do ar em Jequi\u00e9 deve ter varia\u00e7\u00f5es significativas ao longo do domingo. Prev\u00ea-se que atinja 100% em determinados momentos, especialmente durante a manh\u00e3, quando as chuvas s\u00e3o mais intensas. No entanto, \u00e0 tarde, os \u00edndices devem diminuir para cerca de 70%, dando al\u00edvio ao calor. Isso significa que a sensa\u00e7\u00e3o de abafamento poder\u00e1 ser not\u00e1vel nas primeiras horas do dia, enquanto os per\u00edodos secos trar\u00e3o um conforto maior.<\/p>\n<p><img decoding=\"async\" src=\"https:\/\/www.encontrajequie.com.br\/sobre\/wp-content\/uploads\/2026\/03\/jequie-deve-ter-um-dia-com-trovoes-e-raios-neste-domingo-01.webp\" alt=\"trov\u00f5es e raios em Jequi\u00e9\" loading=\"lazy\" \/><\/p>\n<h2>Ventos e Dire\u00e7\u00e3o do Vento<\/h2>\n<p>Os ventos em Jequi\u00e9 neste domingo estar\u00e3o predominantemente fracos, soprando de oeste para noroeste. A expectativa \u00e9 que essa brisa suave ajude a amenizar um pouco a sensa\u00e7\u00e3o t\u00e9rmica, especialmente nas horas mais quentes do dia. A previs\u00e3o \u00e9 que o sol nas\u00e7a \u00e0s 05h43 e se ponha \u00e0s 18h06, proporcionando um hor\u00e1rio adequado para atividades ao ar livre, desde que acompanhadas com cautela devido \u00e0 possibilidade de tempestades.<\/p>\n<h2>O Que Esperar na Madrugada<\/h2>\n<p>Durante a madrugada, as condi\u00e7\u00f5es clim\u00e1ticas estar\u00e3o favor\u00e1veis para um descanso tranquilo. O c\u00e9u dever\u00e1 apresentar condi\u00e7\u00f5es vari\u00e1veis, com algumas nuvens, mas sem expectativa de chuvas nesse per\u00edodo. As temperaturas amenas facilitar\u00e3o o sono, tornando a noite mais agrad\u00e1vel.<\/p>\n<h2>Condi\u00e7\u00f5es Clim\u00e1ticas para a Manh\u00e3<\/h2>\n<p>Pela manh\u00e3, Jequi\u00e9 enfrentar\u00e1 um clima \u00famido e abafado, com a possibilidade de trovoadas. A umidade elevada poder\u00e1 trazer desconforto, mas tamb\u00e9m contribuir\u00e1 para o aumento das chances de chuvas, que devem se intensificar ao longo do dia. Este \u00e9 um per\u00edodo em que os moradores devem estar atentos a eventuais alertas meteorol\u00f3gicos.<\/p>\n<h2>Impacto da Umidade no Conforto<\/h2>\n<p>A alta umidade pode afetar bastante o conforto dos habitantes. As atividades ao ar livre podem ser prejudicadas, pois a sensa\u00e7\u00e3o t\u00e9rmica pode ser maior que a temperatura real. \u00c9 prudente buscar abrigo e evitar a exposi\u00e7\u00e3o excessiva ao sol, principalmente durante os per\u00edodos de calor intenso. O melhor \u00e9 optar por ambientes frescos e arejados, especialmente na parte da manh\u00e3.<\/p>\n<h2>Previs\u00e3o para os Pr\u00f3ximos Dias<\/h2>\n<p>Para os dias seguintes, a previs\u00e3o do tempo em Jequi\u00e9 mostra um clima similar, com dias \u00famidos e chuvas frequentes:<\/p>\n<ul>\n<li><strong>Segunda-feira (02\/03\/2026):<\/strong> 19\u00b0C a 29\u00b0C, com tempo \u00famido pela manh\u00e3 e chuvas \u00e0 tarde e \u00e0 noite.<\/li>\n<li><strong>Ter\u00e7a-feira (03\/03\/2026):<\/strong> Mudan\u00e7as clim\u00e1ticas com m\u00e1xima de 32\u00b0C, muitas nuvens e expect\u00e2ncia de pancadas de chuva.<\/li>\n<li><strong>Quarta-feira (04\/03\/2026):<\/strong> Temperaturas variando de 20\u00b0C a 32\u00b0C, com previs\u00e3o de mais chuvas e trovoadas.<\/li>\n<li><strong>Quinta-feira (05\/03\/2026):<\/strong> 19\u00b0C a 30\u00b0C, com possibilidade de garoa fina.<\/li>\n<\/ul>\n<h2>Dicas para Aproveitar o Dia<\/h2>\n<p>Considerando as previs\u00f5es do tempo, \u00e9 importante se preparar adequadamente para o dia em Jequi\u00e9:<\/p>\n<ul>\n<li><strong>Leve um guarda-chuva:<\/strong> Este item ser\u00e1 essencial neste dia devido \u00e0 previs\u00e3o de chuvas.<\/li>\n<li><strong>Vista roupas leves:<\/strong> O calor durante a tarde pede roupas frescas que sejam confort\u00e1veis.<\/li>\n<li><strong>Hidrate-se bem:<\/strong> A umidade e o calor exigem que os moradores se mantenham hidratados.<\/li>\n<li><strong>Evite atividades ao ar livre:<\/strong> Durante os per\u00edodos de tempestade, procure ficar em locais cobertos e seguros.<\/li>\n<\/ul>\n<h2>Considera\u00e7\u00f5es Finais sobre o Clima<\/h2>\n<p>A previs\u00e3o para Jequi\u00e9 indica um dia cheio de varia\u00e7\u00f5es clim\u00e1ticas, com destaque para as chuvas e as poss\u00edveis trovoadas. \u00c9 essencial que a popula\u00e7\u00e3o esteja atenta \u00e0s mudan\u00e7as no tempo e preparada para agir de acordo com as condi\u00e7\u00f5es adversas que poder\u00e3o surgir. Com as orienta\u00e7\u00f5es corretas, \u00e9 poss\u00edvel aproveitar o dia, mesmo com as previs\u00f5es desafiadoras.<\/p>\n\n<div style=\"font-size: 0px; height: 0px; line-height: 0px; margin: 0; padding: 0; clear: both;\"><\/div>","protected":false},"excerpt":{"rendered":"<p>Jequi\u00e9 enfrentar\u00e1 trov\u00f5es e raios, com temperaturas entre 20\u00b0C e 28\u00b0C.<\/p>\n","protected":false},"author":1,"featured_media":838,"comment_status":"open","ping_status":"closed","sticky":false,"template":"","format":"standard","meta":{"footnotes":""},"categories":[1],"tags":[],"class_list":["post-839","post","type-post","status-publish","format-standard","has-post-thumbnail","hentry","category-noticias-em-jequie","has_thumb"],"aioseo_notices":[],"aioseo_head":"\n\t\t<!-- All in One SEO 5.0.0.1 - aioseo.com -->\n\t<meta name=\"description\" content=\"Jequi\u00e9 enfrentar\u00e1 trov\u00f5es e raios, com temperaturas entre 20\u00b0C e 28\u00b0C.\" \/>\n\t<meta name=\"robots\" content=\"max-image-preview:large\" \/>\n\t<meta name=\"author\" content=\"Encontra Jequi\u00e9\"\/>\n\t<link rel=\"canonical\" href=\"https:\/\/www.encontrajequie.com.br\/sobre\/jequie-deve-ter-um-dia-com-trovoes-e-raios-neste-domingo-01\/\" \/>\n\t<meta name=\"generator\" content=\"All in One SEO (AIOSEO) 5.0.0.1\" \/>\n\t\t<meta property=\"og:locale\" content=\"pt_BR\" \/>\n\t\t<meta property=\"og:site_name\" content=\"Encontra Jequi\u00e9 | Not\u00edcias, eventos, informa\u00e7\u00f5es e dicas na cidade de Jequi\u00e9 e regi\u00e3o.\" \/>\n\t\t<meta property=\"og:type\" content=\"article\" \/>\n\t\t<meta property=\"og:title\" content=\"Jequi\u00e9 deve ter um dia com trov\u00f5es e raios neste domingo (01) | Encontra Jequi\u00e9\" \/>\n\t\t<meta property=\"og:description\" content=\"Jequi\u00e9 enfrentar\u00e1 trov\u00f5es e raios, com temperaturas entre 20\u00b0C e 28\u00b0C.\" \/>\n\t\t<meta property=\"og:url\" content=\"https:\/\/www.encontrajequie.com.br\/sobre\/jequie-deve-ter-um-dia-com-trovoes-e-raios-neste-domingo-01\/\" \/>\n\t\t<meta property=\"article:published_time\" content=\"2026-03-06T06:27:45+00:00\" \/>\n\t\t<meta property=\"article:modified_time\" content=\"2026-03-06T06:27:45+00:00\" \/>\n\t\t<meta name=\"twitter:card\" content=\"summary_large_image\" \/>\n\t\t<meta name=\"twitter:title\" content=\"Jequi\u00e9 deve ter um dia com trov\u00f5es e raios neste domingo (01) | Encontra Jequi\u00e9\" \/>\n\t\t<meta name=\"twitter:description\" content=\"Jequi\u00e9 enfrentar\u00e1 trov\u00f5es e raios, com temperaturas entre 20\u00b0C e 28\u00b0C.\" \/>\n\t\t<script type=\"application\/ld+json\" class=\"aioseo-schema\">\n\t\t\t{\"@context\":\"https:\\\/\\\/schema.org\",\"@graph\":[{\"@type\":\"Article\",\"@id\":\"https:\\\/\\\/www.encontrajequie.com.br\\\/sobre\\\/jequie-deve-ter-um-dia-com-trovoes-e-raios-neste-domingo-01\\\/#article\",\"name\":\"Jequi\\u00e9 deve ter um dia com trov\\u00f5es e raios neste domingo (01) | Encontra Jequi\\u00e9\",\"headline\":\"Jequi\\u00e9 deve ter um dia com trov\\u00f5es e raios neste domingo (01)\",\"author\":{\"@id\":\"https:\\\/\\\/www.encontrajequie.com.br\\\/sobre\\\/author\\\/ejequie\\\/#author\"},\"publisher\":{\"@id\":\"https:\\\/\\\/www.encontrajequie.com.br\\\/sobre\\\/#organization\"},\"image\":{\"@type\":\"ImageObject\",\"url\":\"https:\\\/\\\/www.encontrajequie.com.br\\\/sobre\\\/wp-content\\\/uploads\\\/2026\\\/03\\\/jequie-deve-ter-um-dia-com-trovoes-e-raios-neste-domingo-01.webp\",\"width\":280,\"height\":280,\"caption\":\"trov\\u00f5es e raios em Jequi\\u00e9\"},\"datePublished\":\"2026-03-06T03:27:45-03:00\",\"dateModified\":\"2026-03-06T03:27:45-03:00\",\"inLanguage\":\"pt-BR\",\"mainEntityOfPage\":{\"@id\":\"https:\\\/\\\/www.encontrajequie.com.br\\\/sobre\\\/jequie-deve-ter-um-dia-com-trovoes-e-raios-neste-domingo-01\\\/#webpage\"},\"isPartOf\":{\"@id\":\"https:\\\/\\\/www.encontrajequie.com.br\\\/sobre\\\/jequie-deve-ter-um-dia-com-trovoes-e-raios-neste-domingo-01\\\/#webpage\"},\"articleSection\":\"Not\\u00edcias Jequi\\u00e9\"},{\"@type\":\"BreadcrumbList\",\"@id\":\"https:\\\/\\\/www.encontrajequie.com.br\\\/sobre\\\/jequie-deve-ter-um-dia-com-trovoes-e-raios-neste-domingo-01\\\/#breadcrumblist\",\"itemListElement\":[{\"@type\":\"ListItem\",\"@id\":\"https:\\\/\\\/www.encontrajequie.com.br\\\/sobre#listItem\",\"position\":1,\"name\":\"Home\",\"item\":\"https:\\\/\\\/www.encontrajequie.com.br\\\/sobre\",\"nextItem\":{\"@type\":\"ListItem\",\"@id\":\"https:\\\/\\\/www.encontrajequie.com.br\\\/sobre\\\/noticias-em-jequie\\\/#listItem\",\"name\":\"Not\\u00edcias Jequi\\u00e9\"}},{\"@type\":\"ListItem\",\"@id\":\"https:\\\/\\\/www.encontrajequie.com.br\\\/sobre\\\/noticias-em-jequie\\\/#listItem\",\"position\":2,\"name\":\"Not\\u00edcias Jequi\\u00e9\",\"item\":\"https:\\\/\\\/www.encontrajequie.com.br\\\/sobre\\\/noticias-em-jequie\\\/\",\"nextItem\":{\"@type\":\"ListItem\",\"@id\":\"https:\\\/\\\/www.encontrajequie.com.br\\\/sobre\\\/jequie-deve-ter-um-dia-com-trovoes-e-raios-neste-domingo-01\\\/#listItem\",\"name\":\"Jequi\\u00e9 deve ter um dia com trov\\u00f5es e raios neste domingo (01)\"},\"previousItem\":{\"@type\":\"ListItem\",\"@id\":\"https:\\\/\\\/www.encontrajequie.com.br\\\/sobre#listItem\",\"name\":\"Home\"}},{\"@type\":\"ListItem\",\"@id\":\"https:\\\/\\\/www.encontrajequie.com.br\\\/sobre\\\/jequie-deve-ter-um-dia-com-trovoes-e-raios-neste-domingo-01\\\/#listItem\",\"position\":3,\"name\":\"Jequi\\u00e9 deve ter um dia com trov\\u00f5es e raios neste domingo (01)\",\"previousItem\":{\"@type\":\"ListItem\",\"@id\":\"https:\\\/\\\/www.encontrajequie.com.br\\\/sobre\\\/noticias-em-jequie\\\/#listItem\",\"name\":\"Not\\u00edcias Jequi\\u00e9\"}}]},{\"@type\":\"Organization\",\"@id\":\"https:\\\/\\\/www.encontrajequie.com.br\\\/sobre\\\/#organization\",\"name\":\"Encontra Jequi\\u00e9\",\"description\":\"Not\\u00edcias, eventos, informa\\u00e7\\u00f5es e dicas na cidade de Jequi\\u00e9 e regi\\u00e3o.\",\"url\":\"https:\\\/\\\/www.encontrajequie.com.br\\\/sobre\\\/\"},{\"@type\":\"Person\",\"@id\":\"https:\\\/\\\/www.encontrajequie.com.br\\\/sobre\\\/author\\\/ejequie\\\/#author\",\"url\":\"https:\\\/\\\/www.encontrajequie.com.br\\\/sobre\\\/author\\\/ejequie\\\/\",\"name\":\"Encontra Jequi\\u00e9\",\"image\":{\"@type\":\"ImageObject\",\"@id\":\"https:\\\/\\\/www.encontrajequie.com.br\\\/sobre\\\/jequie-deve-ter-um-dia-com-trovoes-e-raios-neste-domingo-01\\\/#authorImage\",\"url\":\"https:\\\/\\\/secure.gravatar.com\\\/avatar\\\/507340682b8270222e1f208e23198b6ae7e2c6a1033ae84e99bc6bce4f82a387?s=96&d=mm&r=g\",\"width\":96,\"height\":96,\"caption\":\"Encontra Jequi\\u00e9\"}},{\"@type\":\"WebPage\",\"@id\":\"https:\\\/\\\/www.encontrajequie.com.br\\\/sobre\\\/jequie-deve-ter-um-dia-com-trovoes-e-raios-neste-domingo-01\\\/#webpage\",\"url\":\"https:\\\/\\\/www.encontrajequie.com.br\\\/sobre\\\/jequie-deve-ter-um-dia-com-trovoes-e-raios-neste-domingo-01\\\/\",\"name\":\"Jequi\\u00e9 deve ter um dia com trov\\u00f5es e raios neste domingo (01) | Encontra Jequi\\u00e9\",\"description\":\"Jequi\\u00e9 enfrentar\\u00e1 trov\\u00f5es e raios, com temperaturas entre 20\\u00b0C e 28\\u00b0C.\",\"inLanguage\":\"pt-BR\",\"isPartOf\":{\"@id\":\"https:\\\/\\\/www.encontrajequie.com.br\\\/sobre\\\/#website\"},\"breadcrumb\":{\"@id\":\"https:\\\/\\\/www.encontrajequie.com.br\\\/sobre\\\/jequie-deve-ter-um-dia-com-trovoes-e-raios-neste-domingo-01\\\/#breadcrumblist\"},\"author\":{\"@id\":\"https:\\\/\\\/www.encontrajequie.com.br\\\/sobre\\\/author\\\/ejequie\\\/#author\"},\"creator\":{\"@id\":\"https:\\\/\\\/www.encontrajequie.com.br\\\/sobre\\\/author\\\/ejequie\\\/#author\"},\"image\":{\"@type\":\"ImageObject\",\"url\":\"https:\\\/\\\/www.encontrajequie.com.br\\\/sobre\\\/wp-content\\\/uploads\\\/2026\\\/03\\\/jequie-deve-ter-um-dia-com-trovoes-e-raios-neste-domingo-01.webp\",\"@id\":\"https:\\\/\\\/www.encontrajequie.com.br\\\/sobre\\\/jequie-deve-ter-um-dia-com-trovoes-e-raios-neste-domingo-01\\\/#mainImage\",\"width\":280,\"height\":280,\"caption\":\"trov\\u00f5es e raios em Jequi\\u00e9\"},\"primaryImageOfPage\":{\"@id\":\"https:\\\/\\\/www.encontrajequie.com.br\\\/sobre\\\/jequie-deve-ter-um-dia-com-trovoes-e-raios-neste-domingo-01\\\/#mainImage\"},\"datePublished\":\"2026-03-06T03:27:45-03:00\",\"dateModified\":\"2026-03-06T03:27:45-03:00\"},{\"@type\":\"WebSite\",\"@id\":\"https:\\\/\\\/www.encontrajequie.com.br\\\/sobre\\\/#website\",\"url\":\"https:\\\/\\\/www.encontrajequie.com.br\\\/sobre\\\/\",\"name\":\"Encontra Jequi\\u00e9\",\"description\":\"Not\\u00edcias, eventos, informa\\u00e7\\u00f5es e dicas na cidade de Jequi\\u00e9 e regi\\u00e3o.\",\"inLanguage\":\"pt-BR\",\"publisher\":{\"@id\":\"https:\\\/\\\/www.encontrajequie.com.br\\\/sobre\\\/#organization\"}}]}\n\t\t<\/script>\n\t\t<!-- All in One SEO -->\n\n","aioseo_head_json":{"title":"Jequi\u00e9 deve ter um dia com trov\u00f5es e raios neste domingo (01) | Encontra Jequi\u00e9","description":"Jequi\u00e9 enfrentar\u00e1 trov\u00f5es e raios, com temperaturas entre 20\u00b0C e 28\u00b0C.","canonical_url":"https:\/\/www.encontrajequie.com.br\/sobre\/jequie-deve-ter-um-dia-com-trovoes-e-raios-neste-domingo-01\/","robots":"max-image-preview:large","keywords":"","webmasterTools":{"miscellaneous":""},"schema":{"@context":"https:\/\/schema.org","@graph":[{"@type":"Article","@id":"https:\/\/www.encontrajequie.com.br\/sobre\/jequie-deve-ter-um-dia-com-trovoes-e-raios-neste-domingo-01\/#article","name":"Jequi\u00e9 deve ter um dia com trov\u00f5es e raios neste domingo (01) | Encontra Jequi\u00e9","headline":"Jequi\u00e9 deve ter um dia com trov\u00f5es e raios neste domingo (01)","author":{"@id":"https:\/\/www.encontrajequie.com.br\/sobre\/author\/ejequie\/#author"},"publisher":{"@id":"https:\/\/www.encontrajequie.com.br\/sobre\/#organization"},"image":{"@type":"ImageObject","url":"https:\/\/www.encontrajequie.com.br\/sobre\/wp-content\/uploads\/2026\/03\/jequie-deve-ter-um-dia-com-trovoes-e-raios-neste-domingo-01.webp","width":280,"height":280,"caption":"trov\u00f5es e raios em Jequi\u00e9"},"datePublished":"2026-03-06T03:27:45-03:00","dateModified":"2026-03-06T03:27:45-03:00","inLanguage":"pt-BR","mainEntityOfPage":{"@id":"https:\/\/www.encontrajequie.com.br\/sobre\/jequie-deve-ter-um-dia-com-trovoes-e-raios-neste-domingo-01\/#webpage"},"isPartOf":{"@id":"https:\/\/www.encontrajequie.com.br\/sobre\/jequie-deve-ter-um-dia-com-trovoes-e-raios-neste-domingo-01\/#webpage"},"articleSection":"Not\u00edcias Jequi\u00e9"},{"@type":"BreadcrumbList","@id":"https:\/\/www.encontrajequie.com.br\/sobre\/jequie-deve-ter-um-dia-com-trovoes-e-raios-neste-domingo-01\/#breadcrumblist","itemListElement":[{"@type":"ListItem","@id":"https:\/\/www.encontrajequie.com.br\/sobre#listItem","position":1,"name":"Home","item":"https:\/\/www.encontrajequie.com.br\/sobre","nextItem":{"@type":"ListItem","@id":"https:\/\/www.encontrajequie.com.br\/sobre\/noticias-em-jequie\/#listItem","name":"Not\u00edcias Jequi\u00e9"}},{"@type":"ListItem","@id":"https:\/\/www.encontrajequie.com.br\/sobre\/noticias-em-jequie\/#listItem","position":2,"name":"Not\u00edcias Jequi\u00e9","item":"https:\/\/www.encontrajequie.com.br\/sobre\/noticias-em-jequie\/","nextItem":{"@type":"ListItem","@id":"https:\/\/www.encontrajequie.com.br\/sobre\/jequie-deve-ter-um-dia-com-trovoes-e-raios-neste-domingo-01\/#listItem","name":"Jequi\u00e9 deve ter um dia com trov\u00f5es e raios neste domingo (01)"},"previousItem":{"@type":"ListItem","@id":"https:\/\/www.encontrajequie.com.br\/sobre#listItem","name":"Home"}},{"@type":"ListItem","@id":"https:\/\/www.encontrajequie.com.br\/sobre\/jequie-deve-ter-um-dia-com-trovoes-e-raios-neste-domingo-01\/#listItem","position":3,"name":"Jequi\u00e9 deve ter um dia com trov\u00f5es e raios neste domingo (01)","previousItem":{"@type":"ListItem","@id":"https:\/\/www.encontrajequie.com.br\/sobre\/noticias-em-jequie\/#listItem","name":"Not\u00edcias Jequi\u00e9"}}]},{"@type":"Organization","@id":"https:\/\/www.encontrajequie.com.br\/sobre\/#organization","name":"Encontra Jequi\u00e9","description":"Not\u00edcias, eventos, informa\u00e7\u00f5es e dicas na cidade de Jequi\u00e9 e regi\u00e3o.","url":"https:\/\/www.encontrajequie.com.br\/sobre\/"},{"@type":"Person","@id":"https:\/\/www.encontrajequie.com.br\/sobre\/author\/ejequie\/#author","url":"https:\/\/www.encontrajequie.com.br\/sobre\/author\/ejequie\/","name":"Encontra Jequi\u00e9","image":{"@type":"ImageObject","@id":"https:\/\/www.encontrajequie.com.br\/sobre\/jequie-deve-ter-um-dia-com-trovoes-e-raios-neste-domingo-01\/#authorImage","url":"https:\/\/secure.gravatar.com\/avatar\/507340682b8270222e1f208e23198b6ae7e2c6a1033ae84e99bc6bce4f82a387?s=96&d=mm&r=g","width":96,"height":96,"caption":"Encontra Jequi\u00e9"}},{"@type":"WebPage","@id":"https:\/\/www.encontrajequie.com.br\/sobre\/jequie-deve-ter-um-dia-com-trovoes-e-raios-neste-domingo-01\/#webpage","url":"https:\/\/www.encontrajequie.com.br\/sobre\/jequie-deve-ter-um-dia-com-trovoes-e-raios-neste-domingo-01\/","name":"Jequi\u00e9 deve ter um dia com trov\u00f5es e raios neste domingo (01) | Encontra Jequi\u00e9","description":"Jequi\u00e9 enfrentar\u00e1 trov\u00f5es e raios, com temperaturas entre 20\u00b0C e 28\u00b0C.","inLanguage":"pt-BR","isPartOf":{"@id":"https:\/\/www.encontrajequie.com.br\/sobre\/#website"},"breadcrumb":{"@id":"https:\/\/www.encontrajequie.com.br\/sobre\/jequie-deve-ter-um-dia-com-trovoes-e-raios-neste-domingo-01\/#breadcrumblist"},"author":{"@id":"https:\/\/www.encontrajequie.com.br\/sobre\/author\/ejequie\/#author"},"creator":{"@id":"https:\/\/www.encontrajequie.com.br\/sobre\/author\/ejequie\/#author"},"image":{"@type":"ImageObject","url":"https:\/\/www.encontrajequie.com.br\/sobre\/wp-content\/uploads\/2026\/03\/jequie-deve-ter-um-dia-com-trovoes-e-raios-neste-domingo-01.webp","@id":"https:\/\/www.encontrajequie.com.br\/sobre\/jequie-deve-ter-um-dia-com-trovoes-e-raios-neste-domingo-01\/#mainImage","width":280,"height":280,"caption":"trov\u00f5es e raios em Jequi\u00e9"},"primaryImageOfPage":{"@id":"https:\/\/www.encontrajequie.com.br\/sobre\/jequie-deve-ter-um-dia-com-trovoes-e-raios-neste-domingo-01\/#mainImage"},"datePublished":"2026-03-06T03:27:45-03:00","dateModified":"2026-03-06T03:27:45-03:00"},{"@type":"WebSite","@id":"https:\/\/www.encontrajequie.com.br\/sobre\/#website","url":"https:\/\/www.encontrajequie.com.br\/sobre\/","name":"Encontra Jequi\u00e9","description":"Not\u00edcias, eventos, informa\u00e7\u00f5es e dicas na cidade de Jequi\u00e9 e regi\u00e3o.","inLanguage":"pt-BR","publisher":{"@id":"https:\/\/www.encontrajequie.com.br\/sobre\/#organization"}}]},"og:locale":"pt_BR","og:site_name":"Encontra Jequi\u00e9 | Not\u00edcias, eventos, informa\u00e7\u00f5es e dicas na cidade de Jequi\u00e9 e regi\u00e3o.","og:type":"article","og:title":"Jequi\u00e9 deve ter um dia com trov\u00f5es e raios neste domingo (01) | Encontra Jequi\u00e9","og:description":"Jequi\u00e9 enfrentar\u00e1 trov\u00f5es e raios, com temperaturas entre 20\u00b0C e 28\u00b0C.","og:url":"https:\/\/www.encontrajequie.com.br\/sobre\/jequie-deve-ter-um-dia-com-trovoes-e-raios-neste-domingo-01\/","article:published_time":"2026-03-06T06:27:45+00:00","article:modified_time":"2026-03-06T06:27:45+00:00","twitter:card":"summary_large_image","twitter:title":"Jequi\u00e9 deve ter um dia com trov\u00f5es e raios neste domingo (01) | Encontra Jequi\u00e9","twitter:description":"Jequi\u00e9 enfrentar\u00e1 trov\u00f5es e raios, com temperaturas entre 20\u00b0C e 28\u00b0C."},"aioseo_meta_data":{"post_id":"839","title":null,"description":null,"keywords":null,"keyphrases":null,"primary_term":null,"canonical_url":null,"og_title":null,"og_description":null,"og_object_type":"default","og_image_type":"default","og_image_url":null,"og_image_width":null,"og_image_height":null,"og_image_custom_url":null,"og_image_custom_fields":null,"og_video":null,"og_custom_url":null,"og_article_section":null,"og_article_tags":null,"twitter_use_og":false,"twitter_card":"default","twitter_image_type":"default","twitter_image_url":null,"twitter_image_custom_url":null,"twitter_image_custom_fields":null,"twitter_title":null,"twitter_description":null,"schema":{"blockGraphs":[],"customGraphs":[],"default":{"data":{"Article":[],"Course":[],"Dataset":[],"FAQPage":[],"Movie":[],"Person":[],"Product":[],"ProductReview":[],"Car":[],"Recipe":[],"Service":[],"SoftwareApplication":[],"WebPage":[]},"graphName":"Article","isEnabled":true},"graphs":[]},"schema_type":"default","schema_type_options":null,"pillar_content":false,"robots_default":true,"robots_noindex":false,"robots_noarchive":false,"robots_nosnippet":false,"robots_nofollow":false,"robots_noimageindex":false,"robots_noodp":false,"robots_notranslate":false,"robots_max_snippet":null,"robots_max_videopreview":null,"robots_max_imagepreview":"large","priority":null,"frequency":null,"local_seo":null,"breadcrumb_settings":null,"limit_modified_date":false,"ai":null,"created":"2026-03-06 06:27:47","updated":"2026-03-06 06:28:41","focus_keyword":null,"additional_keywords":null,"truseo_locale":null,"seo_analyzer_scan_date":null},"aioseo_breadcrumb":"<div class=\"aioseo-breadcrumbs\"><span class=\"aioseo-breadcrumb\">\n\t\t\t<a href=\"https:\/\/www.encontrajequie.com.br\/sobre\" title=\"Home\">Home<\/a>\n\t\t<\/span><span class=\"aioseo-breadcrumb-separator\">&raquo;<\/span><span class=\"aioseo-breadcrumb\">\n\t\t\t<a href=\"https:\/\/www.encontrajequie.com.br\/sobre\/noticias-em-jequie\/\" title=\"Not\u00edcias Jequi\u00e9\">Not\u00edcias Jequi\u00e9<\/a>\n\t\t<\/span><span class=\"aioseo-breadcrumb-separator\">&raquo;<\/span><span class=\"aioseo-breadcrumb\">\n\t\t\tJequi\u00e9 deve ter um dia com trov\u00f5es e raios neste domingo (01)\n\t\t<\/span><\/div>","aioseo_breadcrumb_json":[{"label":"Home","link":"https:\/\/www.encontrajequie.com.br\/sobre"},{"label":"Not\u00edcias Jequi\u00e9","link":"https:\/\/www.encontrajequie.com.br\/sobre\/noticias-em-jequie\/"},{"label":"Jequi\u00e9 deve ter um dia com trov\u00f5es e raios neste domingo (01)","link":"https:\/\/www.encontrajequie.com.br\/sobre\/jequie-deve-ter-um-dia-com-trovoes-e-raios-neste-domingo-01\/"}],"_links":{"self":[{"href":"https:\/\/www.encontrajequie.com.br\/sobre\/wp-json\/wp\/v2\/posts\/839","targetHints":{"allow":["GET"]}}],"collection":[{"href":"https:\/\/www.encontrajequie.com.br\/sobre\/wp-json\/wp\/v2\/posts"}],"about":[{"href":"https:\/\/www.encontrajequie.com.br\/sobre\/wp-json\/wp\/v2\/types\/post"}],"author":[{"embeddable":true,"href":"https:\/\/www.encontrajequie.com.br\/sobre\/wp-json\/wp\/v2\/users\/1"}],"replies":[{"embeddable":true,"href":"https:\/\/www.encontrajequie.com.br\/sobre\/wp-json\/wp\/v2\/comments?post=839"}],"version-history":[{"count":0,"href":"https:\/\/www.encontrajequie.com.br\/sobre\/wp-json\/wp\/v2\/posts\/839\/revisions"}],"wp:featuredmedia":[{"embeddable":true,"href":"https:\/\/www.encontrajequie.com.br\/sobre\/wp-json\/wp\/v2\/media\/838"}],"wp:attachment":[{"href":"https:\/\/www.encontrajequie.com.br\/sobre\/wp-json\/wp\/v2\/media?parent=839"}],"wp:term":[{"taxonomy":"category","embeddable":true,"href":"https:\/\/www.encontrajequie.com.br\/sobre\/wp-json\/wp\/v2\/categories?post=839"},{"taxonomy":"post_tag","embeddable":true,"href":"https:\/\/www.encontrajequie.com.br\/sobre\/wp-json\/wp\/v2\/tags?post=839"}],"curies":[{"name":"wp","href":"https:\/\/api.w.org\/{rel}","templated":true}]}}