{"id":843,"date":"2026-03-06T03:30:03","date_gmt":"2026-03-06T06:30:03","guid":{"rendered":"https:\/\/www.encontrajequie.com.br\/sobre\/jeronimo-minimiza-criticas-de-ze-coca-e-reforca-alianca-com-lula-para-obras-na-bahia\/"},"modified":"2026-03-06T03:30:03","modified_gmt":"2026-03-06T06:30:03","slug":"jeronimo-minimiza-criticas-de-ze-coca-e-reforca-alianca-com-lula-para-obras-na-bahia","status":"publish","type":"post","link":"https:\/\/www.encontrajequie.com.br\/sobre\/jeronimo-minimiza-criticas-de-ze-coca-e-reforca-alianca-com-lula-para-obras-na-bahia\/","title":{"rendered":"Jer\u00f4nimo minimiza cr\u00edticas de Z\u00e9 Coc\u00e1 e refor\u00e7a alian\u00e7a com Lula para obras na Bahia"},"content":{"rendered":"<div class=\"30cf832dc5940d4704f66d0ed9a44050\" data-index=\"1\" style=\"float: none; margin:0px;\">\n<!-- Anuncio display - global -->\r\n<ins class=\"adsbygoogle\"\r\n     style=\"display:block\"\r\n     data-ad-client=\"ca-pub-8585364105181520\"\r\n     data-ad-slot=\"8789329856\"\r\n     data-ad-format=\"auto\"\r\n     data-full-width-responsive=\"true\"><\/ins>\r\n<script>\r\n     (adsbygoogle = window.adsbygoogle || []).push({});\r\n<\/script>\n<\/div>\n<h2>A Rela\u00e7\u00e3o entre Jer\u00f4nimo e Z\u00e9 Coc\u00e1<\/h2>\n<p>Nesta semana, o governador da Bahia, Jer\u00f4nimo Rodrigues, respondeu \u00e0s cr\u00edticas feitas pelo prefeito de Jequi\u00e9, Z\u00e9 Coc\u00e1. O tom da resposta foi de respeito, enfatizando a manuten\u00e7\u00e3o de uma rela\u00e7\u00e3o cordial e focada no desenvolvimento da cidade. Jer\u00f4nimo acredita que a parceria entre os governos federal e estadual tem trazido benef\u00edcios significativos para a popula\u00e7\u00e3o de Jequi\u00e9, refor\u00e7ando que os projetos encaminhados ao munic\u00edpio s\u00e3o frutos de um acordo positivo entre eles.<\/p>\n<h2>As Cr\u00edticas de Z\u00e9 Coc\u00e1<\/h2>\n<p>Recentemente, Z\u00e9 Coc\u00e1 declarou que acredita que o ciclo do presidente Luiz In\u00e1cio Lula da Silva est\u00e1 esgotado e que o Brasil necessitaria de uma nova lideran\u00e7a. Em entrevista, ele afirmou: &#8220;Lula\u2026 j\u00e1 deu o seu tempo, n\u00e3o sou contra ningu\u00e9m, ele fez o trabalho dele, mas o Brasil precisa de mais, precisa de um candidato mais pujante&#8221;. Esta declara\u00e7\u00e3o gerou uma s\u00e9rie de rea\u00e7\u00f5es, principalmente entre os apoiadores do governo federal.<\/p>\n<h2>A Import\u00e2ncia da Alian\u00e7a com Lula<\/h2>\n<p>Para o governador Jer\u00f4nimo, \u00e9 fundamental destacar a import\u00e2ncia da alian\u00e7a com o presidente Lula, especialmente considerando os investimentos que est\u00e3o sendo realizados na Bahia. Ele reafirma que, sob a lideran\u00e7a de Lula, o governo federal continuar\u00e1 a apoiar iniciativas que melhorem a infraestrutura e os servi\u00e7os p\u00fablicos estaduais, assegurando que a presen\u00e7a de Lula ser\u00e1 constante em Jequi\u00e9.<\/p>\n<p><img decoding=\"async\" src=\"https:\/\/www.encontrajequie.com.br\/sobre\/wp-content\/uploads\/2026\/03\/jeronimo-minimiza-criticas-de-ze-coca-e-reforca-alianca-com-lula-para-obras-na-bahia.webp\" alt=\"Jer\u00f4nimo e Lula na Bahia\" loading=\"lazy\" \/><\/p>\n<h2>Obras Priorit\u00e1rias na Bahia<\/h2>\n<p>Durante sua fala, Jer\u00f4nimo mencionou diversos projetos em andamento na Bahia que visam modernizar a infraestrutura da regi\u00e3o e fomentar o desenvolvimento econ\u00f4mico. Ele destacou que muitas dessas obras s\u00e3o essenciais para melhorar a qualidade de vida e gerar emprego para os cidad\u00e3os baianos, ressaltando a responsabilidade conjunta de todos os envolvidos, incluindo a administra\u00e7\u00e3o municipal.<\/p>\n<h2>Desenvolvimento Regional em Debate<\/h2>\n<p>Jer\u00f4nimo e Z\u00e9 Coc\u00e1, embora tenham vis\u00f5es pol\u00edticas diferentes, reconhecem a necessidade de um desenvolvimento regional estruturado. O governador entende que as cr\u00edticas de Coc\u00e1 podem ser vistas como uma oportunidade para discutir melhorias e, quem sabe, encontrar um consenso que beneficie a popula\u00e7\u00e3o. Discutir o futuro da Bahia \u00e9 essencial, e a cr\u00edtica tamb\u00e9m faz parte deste processo de constru\u00e7\u00e3o.<\/p>\n<h2>Impacto das Pol\u00edticas Fiscais<\/h2>\n<p>As preocupa\u00e7\u00f5es de Z\u00e9 Coc\u00e1 com a pol\u00edtica fiscal do governo s\u00e3o v\u00e1lidas, j\u00e1 que impactos significativos no setor p\u00fablico podem afetar o bem-estar econ\u00f4mico da popula\u00e7\u00e3o. Ele est\u00e1 atento \u00e0 necessidade de reformas estruturais que possam n\u00e3o apenas aliviar a carga tribut\u00e1ria, mas tamb\u00e9m promover um crescimento sustent\u00e1vel a longo prazo.<\/p>\n<h2>O Papel do Prefeito de Jequi\u00e9<\/h2>\n<p>O prefeito Z\u00e9 Coc\u00e1, \u00e0 frente de seu munic\u00edpio, busca representar as necessidades da popula\u00e7\u00e3o e reivindicar melhorias. Seu posicionamento \u00e9 uma postura necess\u00e1ria para um l\u00edder, que luta por um futuro melhor para sua cidade e, por extens\u00e3o, para a Bahia. \u00c9 importante que a comunica\u00e7\u00e3o entre os n\u00edveis de governo permane\u00e7a aberta, para que as demandas locais n\u00e3o sejam ignoradas.<\/p>\n<h2>Expectativas para o Futuro<\/h2>\n<p>As expectativas que cercam a continuidade dessa parceria entre Jer\u00f4nimo e Coc\u00e1 s\u00e3o grandes. Se, de um lado, existe a press\u00e3o por reformas e novas lideran\u00e7as, do outro, tamb\u00e9m h\u00e1 um desejo de melhorias concretas e servi\u00e7os p\u00fablicos eficazes. A capacidade de dialogar e encontrar solu\u00e7\u00f5es conjuntas \u00e9 essencial para que as promessas de desenvolvimento se concretizem.<\/p>\n<h2>Reformula\u00e7\u00e3o Pol\u00edtica Necess\u00e1ria<\/h2>\n<p>O debate sobre novas lideran\u00e7as pol\u00edticas \u00e9 cada vez mais relevante, especialmente em um cen\u00e1rio onde muitos clamam por mudan\u00e7a. As palavras de Z\u00e9 Coc\u00e1 refletem um clamor por renova\u00e7\u00e3o e alinhamento com as demandas do povo. Para o governador, apesar de disc\u00f3rdias, o foco deve permanecer no que \u00e9 melhor para a popula\u00e7\u00e3o, e \u00e9 neste sentido que a pol\u00edtica deve avan\u00e7ar.<\/p>\n<h2>A Necessidade de Novas Lideran\u00e7as<\/h2>\n<p>Por fim, tanto Jer\u00f4nimo quanto Z\u00e9 Coc\u00e1, em seus respectivos pap\u00e9is, precisam estar abertos \u00e0 mudan\u00e7a e \u00e0 inova\u00e7\u00e3o. A busca por novas lideran\u00e7as n\u00e3o deve desencadear divis\u00f5es, mas sim unificar esfor\u00e7os em prol do desenvolvimento. A capacidade de adapta\u00e7\u00e3o dos l\u00edderes e a sua habilidade em apoiar reformas podem ser a chave para um futuro mais pr\u00f3spero e equilibrado para a Bahia.<\/p>\n\n<div style=\"font-size: 0px; height: 0px; line-height: 0px; margin: 0; padding: 0; clear: both;\"><\/div>","protected":false},"excerpt":{"rendered":"<p>Jer\u00f4nimo defende alian\u00e7a com Lula e responde a cr\u00edticas de Z\u00e9 Coc\u00e1.<\/p>\n","protected":false},"author":1,"featured_media":842,"comment_status":"open","ping_status":"closed","sticky":false,"template":"","format":"standard","meta":{"footnotes":""},"categories":[1],"tags":[],"class_list":["post-843","post","type-post","status-publish","format-standard","has-post-thumbnail","hentry","category-noticias-em-jequie","has_thumb"],"aioseo_notices":[],"aioseo_head":"\n\t\t<!-- All in One SEO 5.0.0.1 - aioseo.com -->\n\t<meta name=\"description\" content=\"Jer\u00f4nimo defende alian\u00e7a com Lula e responde a cr\u00edticas de Z\u00e9 Coc\u00e1.\" \/>\n\t<meta name=\"robots\" content=\"max-image-preview:large\" \/>\n\t<meta name=\"author\" content=\"Encontra Jequi\u00e9\"\/>\n\t<link rel=\"canonical\" href=\"https:\/\/www.encontrajequie.com.br\/sobre\/jeronimo-minimiza-criticas-de-ze-coca-e-reforca-alianca-com-lula-para-obras-na-bahia\/\" \/>\n\t<meta name=\"generator\" content=\"All in One SEO (AIOSEO) 5.0.0.1\" \/>\n\t\t<meta property=\"og:locale\" content=\"pt_BR\" \/>\n\t\t<meta property=\"og:site_name\" content=\"Encontra Jequi\u00e9 | Not\u00edcias, eventos, informa\u00e7\u00f5es e dicas na cidade de Jequi\u00e9 e regi\u00e3o.\" \/>\n\t\t<meta property=\"og:type\" content=\"article\" \/>\n\t\t<meta property=\"og:title\" content=\"Jer\u00f4nimo minimiza cr\u00edticas de Z\u00e9 Coc\u00e1 e refor\u00e7a alian\u00e7a com Lula para obras na Bahia | Encontra Jequi\u00e9\" \/>\n\t\t<meta property=\"og:description\" content=\"Jer\u00f4nimo defende alian\u00e7a com Lula e responde a cr\u00edticas de Z\u00e9 Coc\u00e1.\" \/>\n\t\t<meta property=\"og:url\" content=\"https:\/\/www.encontrajequie.com.br\/sobre\/jeronimo-minimiza-criticas-de-ze-coca-e-reforca-alianca-com-lula-para-obras-na-bahia\/\" \/>\n\t\t<meta property=\"article:published_time\" content=\"2026-03-06T06:30:03+00:00\" \/>\n\t\t<meta property=\"article:modified_time\" content=\"2026-03-06T06:30:03+00:00\" \/>\n\t\t<meta name=\"twitter:card\" content=\"summary_large_image\" \/>\n\t\t<meta name=\"twitter:title\" content=\"Jer\u00f4nimo minimiza cr\u00edticas de Z\u00e9 Coc\u00e1 e refor\u00e7a alian\u00e7a com Lula para obras na Bahia | Encontra Jequi\u00e9\" \/>\n\t\t<meta name=\"twitter:description\" content=\"Jer\u00f4nimo defende alian\u00e7a com Lula e responde a cr\u00edticas de Z\u00e9 Coc\u00e1.\" \/>\n\t\t<script type=\"application\/ld+json\" class=\"aioseo-schema\">\n\t\t\t{\"@context\":\"https:\\\/\\\/schema.org\",\"@graph\":[{\"@type\":\"Article\",\"@id\":\"https:\\\/\\\/www.encontrajequie.com.br\\\/sobre\\\/jeronimo-minimiza-criticas-de-ze-coca-e-reforca-alianca-com-lula-para-obras-na-bahia\\\/#article\",\"name\":\"Jer\\u00f4nimo minimiza cr\\u00edticas de Z\\u00e9 Coc\\u00e1 e refor\\u00e7a alian\\u00e7a com Lula para obras na Bahia | Encontra Jequi\\u00e9\",\"headline\":\"Jer\\u00f4nimo minimiza cr\\u00edticas de Z\\u00e9 Coc\\u00e1 e refor\\u00e7a alian\\u00e7a com Lula para obras na Bahia\",\"author\":{\"@id\":\"https:\\\/\\\/www.encontrajequie.com.br\\\/sobre\\\/author\\\/ejequie\\\/#author\"},\"publisher\":{\"@id\":\"https:\\\/\\\/www.encontrajequie.com.br\\\/sobre\\\/#organization\"},\"image\":{\"@type\":\"ImageObject\",\"url\":\"https:\\\/\\\/www.encontrajequie.com.br\\\/sobre\\\/wp-content\\\/uploads\\\/2026\\\/03\\\/jeronimo-minimiza-criticas-de-ze-coca-e-reforca-alianca-com-lula-para-obras-na-bahia.webp\",\"width\":280,\"height\":280,\"caption\":\"Jer\\u00f4nimo e Lula na Bahia\"},\"datePublished\":\"2026-03-06T03:30:03-03:00\",\"dateModified\":\"2026-03-06T03:30:03-03:00\",\"inLanguage\":\"pt-BR\",\"mainEntityOfPage\":{\"@id\":\"https:\\\/\\\/www.encontrajequie.com.br\\\/sobre\\\/jeronimo-minimiza-criticas-de-ze-coca-e-reforca-alianca-com-lula-para-obras-na-bahia\\\/#webpage\"},\"isPartOf\":{\"@id\":\"https:\\\/\\\/www.encontrajequie.com.br\\\/sobre\\\/jeronimo-minimiza-criticas-de-ze-coca-e-reforca-alianca-com-lula-para-obras-na-bahia\\\/#webpage\"},\"articleSection\":\"Not\\u00edcias Jequi\\u00e9\"},{\"@type\":\"BreadcrumbList\",\"@id\":\"https:\\\/\\\/www.encontrajequie.com.br\\\/sobre\\\/jeronimo-minimiza-criticas-de-ze-coca-e-reforca-alianca-com-lula-para-obras-na-bahia\\\/#breadcrumblist\",\"itemListElement\":[{\"@type\":\"ListItem\",\"@id\":\"https:\\\/\\\/www.encontrajequie.com.br\\\/sobre#listItem\",\"position\":1,\"name\":\"Home\",\"item\":\"https:\\\/\\\/www.encontrajequie.com.br\\\/sobre\",\"nextItem\":{\"@type\":\"ListItem\",\"@id\":\"https:\\\/\\\/www.encontrajequie.com.br\\\/sobre\\\/noticias-em-jequie\\\/#listItem\",\"name\":\"Not\\u00edcias Jequi\\u00e9\"}},{\"@type\":\"ListItem\",\"@id\":\"https:\\\/\\\/www.encontrajequie.com.br\\\/sobre\\\/noticias-em-jequie\\\/#listItem\",\"position\":2,\"name\":\"Not\\u00edcias Jequi\\u00e9\",\"item\":\"https:\\\/\\\/www.encontrajequie.com.br\\\/sobre\\\/noticias-em-jequie\\\/\",\"nextItem\":{\"@type\":\"ListItem\",\"@id\":\"https:\\\/\\\/www.encontrajequie.com.br\\\/sobre\\\/jeronimo-minimiza-criticas-de-ze-coca-e-reforca-alianca-com-lula-para-obras-na-bahia\\\/#listItem\",\"name\":\"Jer\\u00f4nimo minimiza cr\\u00edticas de Z\\u00e9 Coc\\u00e1 e refor\\u00e7a alian\\u00e7a com Lula para obras na Bahia\"},\"previousItem\":{\"@type\":\"ListItem\",\"@id\":\"https:\\\/\\\/www.encontrajequie.com.br\\\/sobre#listItem\",\"name\":\"Home\"}},{\"@type\":\"ListItem\",\"@id\":\"https:\\\/\\\/www.encontrajequie.com.br\\\/sobre\\\/jeronimo-minimiza-criticas-de-ze-coca-e-reforca-alianca-com-lula-para-obras-na-bahia\\\/#listItem\",\"position\":3,\"name\":\"Jer\\u00f4nimo minimiza cr\\u00edticas de Z\\u00e9 Coc\\u00e1 e refor\\u00e7a alian\\u00e7a com Lula para obras na Bahia\",\"previousItem\":{\"@type\":\"ListItem\",\"@id\":\"https:\\\/\\\/www.encontrajequie.com.br\\\/sobre\\\/noticias-em-jequie\\\/#listItem\",\"name\":\"Not\\u00edcias Jequi\\u00e9\"}}]},{\"@type\":\"Organization\",\"@id\":\"https:\\\/\\\/www.encontrajequie.com.br\\\/sobre\\\/#organization\",\"name\":\"Encontra Jequi\\u00e9\",\"description\":\"Not\\u00edcias, eventos, informa\\u00e7\\u00f5es e dicas na cidade de Jequi\\u00e9 e regi\\u00e3o.\",\"url\":\"https:\\\/\\\/www.encontrajequie.com.br\\\/sobre\\\/\"},{\"@type\":\"Person\",\"@id\":\"https:\\\/\\\/www.encontrajequie.com.br\\\/sobre\\\/author\\\/ejequie\\\/#author\",\"url\":\"https:\\\/\\\/www.encontrajequie.com.br\\\/sobre\\\/author\\\/ejequie\\\/\",\"name\":\"Encontra Jequi\\u00e9\",\"image\":{\"@type\":\"ImageObject\",\"@id\":\"https:\\\/\\\/www.encontrajequie.com.br\\\/sobre\\\/jeronimo-minimiza-criticas-de-ze-coca-e-reforca-alianca-com-lula-para-obras-na-bahia\\\/#authorImage\",\"url\":\"https:\\\/\\\/secure.gravatar.com\\\/avatar\\\/507340682b8270222e1f208e23198b6ae7e2c6a1033ae84e99bc6bce4f82a387?s=96&d=mm&r=g\",\"width\":96,\"height\":96,\"caption\":\"Encontra Jequi\\u00e9\"}},{\"@type\":\"WebPage\",\"@id\":\"https:\\\/\\\/www.encontrajequie.com.br\\\/sobre\\\/jeronimo-minimiza-criticas-de-ze-coca-e-reforca-alianca-com-lula-para-obras-na-bahia\\\/#webpage\",\"url\":\"https:\\\/\\\/www.encontrajequie.com.br\\\/sobre\\\/jeronimo-minimiza-criticas-de-ze-coca-e-reforca-alianca-com-lula-para-obras-na-bahia\\\/\",\"name\":\"Jer\\u00f4nimo minimiza cr\\u00edticas de Z\\u00e9 Coc\\u00e1 e refor\\u00e7a alian\\u00e7a com Lula para obras na Bahia | Encontra Jequi\\u00e9\",\"description\":\"Jer\\u00f4nimo defende alian\\u00e7a com Lula e responde a cr\\u00edticas de Z\\u00e9 Coc\\u00e1.\",\"inLanguage\":\"pt-BR\",\"isPartOf\":{\"@id\":\"https:\\\/\\\/www.encontrajequie.com.br\\\/sobre\\\/#website\"},\"breadcrumb\":{\"@id\":\"https:\\\/\\\/www.encontrajequie.com.br\\\/sobre\\\/jeronimo-minimiza-criticas-de-ze-coca-e-reforca-alianca-com-lula-para-obras-na-bahia\\\/#breadcrumblist\"},\"author\":{\"@id\":\"https:\\\/\\\/www.encontrajequie.com.br\\\/sobre\\\/author\\\/ejequie\\\/#author\"},\"creator\":{\"@id\":\"https:\\\/\\\/www.encontrajequie.com.br\\\/sobre\\\/author\\\/ejequie\\\/#author\"},\"image\":{\"@type\":\"ImageObject\",\"url\":\"https:\\\/\\\/www.encontrajequie.com.br\\\/sobre\\\/wp-content\\\/uploads\\\/2026\\\/03\\\/jeronimo-minimiza-criticas-de-ze-coca-e-reforca-alianca-com-lula-para-obras-na-bahia.webp\",\"@id\":\"https:\\\/\\\/www.encontrajequie.com.br\\\/sobre\\\/jeronimo-minimiza-criticas-de-ze-coca-e-reforca-alianca-com-lula-para-obras-na-bahia\\\/#mainImage\",\"width\":280,\"height\":280,\"caption\":\"Jer\\u00f4nimo e Lula na Bahia\"},\"primaryImageOfPage\":{\"@id\":\"https:\\\/\\\/www.encontrajequie.com.br\\\/sobre\\\/jeronimo-minimiza-criticas-de-ze-coca-e-reforca-alianca-com-lula-para-obras-na-bahia\\\/#mainImage\"},\"datePublished\":\"2026-03-06T03:30:03-03:00\",\"dateModified\":\"2026-03-06T03:30:03-03:00\"},{\"@type\":\"WebSite\",\"@id\":\"https:\\\/\\\/www.encontrajequie.com.br\\\/sobre\\\/#website\",\"url\":\"https:\\\/\\\/www.encontrajequie.com.br\\\/sobre\\\/\",\"name\":\"Encontra Jequi\\u00e9\",\"description\":\"Not\\u00edcias, eventos, informa\\u00e7\\u00f5es e dicas na cidade de Jequi\\u00e9 e regi\\u00e3o.\",\"inLanguage\":\"pt-BR\",\"publisher\":{\"@id\":\"https:\\\/\\\/www.encontrajequie.com.br\\\/sobre\\\/#organization\"}}]}\n\t\t<\/script>\n\t\t<!-- All in One SEO -->\n\n","aioseo_head_json":{"title":"Jer\u00f4nimo minimiza cr\u00edticas de Z\u00e9 Coc\u00e1 e refor\u00e7a alian\u00e7a com Lula para obras na Bahia | Encontra Jequi\u00e9","description":"Jer\u00f4nimo defende alian\u00e7a com Lula e responde a cr\u00edticas de Z\u00e9 Coc\u00e1.","canonical_url":"https:\/\/www.encontrajequie.com.br\/sobre\/jeronimo-minimiza-criticas-de-ze-coca-e-reforca-alianca-com-lula-para-obras-na-bahia\/","robots":"max-image-preview:large","keywords":"","webmasterTools":{"miscellaneous":""},"schema":{"@context":"https:\/\/schema.org","@graph":[{"@type":"Article","@id":"https:\/\/www.encontrajequie.com.br\/sobre\/jeronimo-minimiza-criticas-de-ze-coca-e-reforca-alianca-com-lula-para-obras-na-bahia\/#article","name":"Jer\u00f4nimo minimiza cr\u00edticas de Z\u00e9 Coc\u00e1 e refor\u00e7a alian\u00e7a com Lula para obras na Bahia | Encontra Jequi\u00e9","headline":"Jer\u00f4nimo minimiza cr\u00edticas de Z\u00e9 Coc\u00e1 e refor\u00e7a alian\u00e7a com Lula para obras na Bahia","author":{"@id":"https:\/\/www.encontrajequie.com.br\/sobre\/author\/ejequie\/#author"},"publisher":{"@id":"https:\/\/www.encontrajequie.com.br\/sobre\/#organization"},"image":{"@type":"ImageObject","url":"https:\/\/www.encontrajequie.com.br\/sobre\/wp-content\/uploads\/2026\/03\/jeronimo-minimiza-criticas-de-ze-coca-e-reforca-alianca-com-lula-para-obras-na-bahia.webp","width":280,"height":280,"caption":"Jer\u00f4nimo e Lula na Bahia"},"datePublished":"2026-03-06T03:30:03-03:00","dateModified":"2026-03-06T03:30:03-03:00","inLanguage":"pt-BR","mainEntityOfPage":{"@id":"https:\/\/www.encontrajequie.com.br\/sobre\/jeronimo-minimiza-criticas-de-ze-coca-e-reforca-alianca-com-lula-para-obras-na-bahia\/#webpage"},"isPartOf":{"@id":"https:\/\/www.encontrajequie.com.br\/sobre\/jeronimo-minimiza-criticas-de-ze-coca-e-reforca-alianca-com-lula-para-obras-na-bahia\/#webpage"},"articleSection":"Not\u00edcias Jequi\u00e9"},{"@type":"BreadcrumbList","@id":"https:\/\/www.encontrajequie.com.br\/sobre\/jeronimo-minimiza-criticas-de-ze-coca-e-reforca-alianca-com-lula-para-obras-na-bahia\/#breadcrumblist","itemListElement":[{"@type":"ListItem","@id":"https:\/\/www.encontrajequie.com.br\/sobre#listItem","position":1,"name":"Home","item":"https:\/\/www.encontrajequie.com.br\/sobre","nextItem":{"@type":"ListItem","@id":"https:\/\/www.encontrajequie.com.br\/sobre\/noticias-em-jequie\/#listItem","name":"Not\u00edcias Jequi\u00e9"}},{"@type":"ListItem","@id":"https:\/\/www.encontrajequie.com.br\/sobre\/noticias-em-jequie\/#listItem","position":2,"name":"Not\u00edcias Jequi\u00e9","item":"https:\/\/www.encontrajequie.com.br\/sobre\/noticias-em-jequie\/","nextItem":{"@type":"ListItem","@id":"https:\/\/www.encontrajequie.com.br\/sobre\/jeronimo-minimiza-criticas-de-ze-coca-e-reforca-alianca-com-lula-para-obras-na-bahia\/#listItem","name":"Jer\u00f4nimo minimiza cr\u00edticas de Z\u00e9 Coc\u00e1 e refor\u00e7a alian\u00e7a com Lula para obras na Bahia"},"previousItem":{"@type":"ListItem","@id":"https:\/\/www.encontrajequie.com.br\/sobre#listItem","name":"Home"}},{"@type":"ListItem","@id":"https:\/\/www.encontrajequie.com.br\/sobre\/jeronimo-minimiza-criticas-de-ze-coca-e-reforca-alianca-com-lula-para-obras-na-bahia\/#listItem","position":3,"name":"Jer\u00f4nimo minimiza cr\u00edticas de Z\u00e9 Coc\u00e1 e refor\u00e7a alian\u00e7a com Lula para obras na Bahia","previousItem":{"@type":"ListItem","@id":"https:\/\/www.encontrajequie.com.br\/sobre\/noticias-em-jequie\/#listItem","name":"Not\u00edcias Jequi\u00e9"}}]},{"@type":"Organization","@id":"https:\/\/www.encontrajequie.com.br\/sobre\/#organization","name":"Encontra Jequi\u00e9","description":"Not\u00edcias, eventos, informa\u00e7\u00f5es e dicas na cidade de Jequi\u00e9 e regi\u00e3o.","url":"https:\/\/www.encontrajequie.com.br\/sobre\/"},{"@type":"Person","@id":"https:\/\/www.encontrajequie.com.br\/sobre\/author\/ejequie\/#author","url":"https:\/\/www.encontrajequie.com.br\/sobre\/author\/ejequie\/","name":"Encontra Jequi\u00e9","image":{"@type":"ImageObject","@id":"https:\/\/www.encontrajequie.com.br\/sobre\/jeronimo-minimiza-criticas-de-ze-coca-e-reforca-alianca-com-lula-para-obras-na-bahia\/#authorImage","url":"https:\/\/secure.gravatar.com\/avatar\/507340682b8270222e1f208e23198b6ae7e2c6a1033ae84e99bc6bce4f82a387?s=96&d=mm&r=g","width":96,"height":96,"caption":"Encontra Jequi\u00e9"}},{"@type":"WebPage","@id":"https:\/\/www.encontrajequie.com.br\/sobre\/jeronimo-minimiza-criticas-de-ze-coca-e-reforca-alianca-com-lula-para-obras-na-bahia\/#webpage","url":"https:\/\/www.encontrajequie.com.br\/sobre\/jeronimo-minimiza-criticas-de-ze-coca-e-reforca-alianca-com-lula-para-obras-na-bahia\/","name":"Jer\u00f4nimo minimiza cr\u00edticas de Z\u00e9 Coc\u00e1 e refor\u00e7a alian\u00e7a com Lula para obras na Bahia | Encontra Jequi\u00e9","description":"Jer\u00f4nimo defende alian\u00e7a com Lula e responde a cr\u00edticas de Z\u00e9 Coc\u00e1.","inLanguage":"pt-BR","isPartOf":{"@id":"https:\/\/www.encontrajequie.com.br\/sobre\/#website"},"breadcrumb":{"@id":"https:\/\/www.encontrajequie.com.br\/sobre\/jeronimo-minimiza-criticas-de-ze-coca-e-reforca-alianca-com-lula-para-obras-na-bahia\/#breadcrumblist"},"author":{"@id":"https:\/\/www.encontrajequie.com.br\/sobre\/author\/ejequie\/#author"},"creator":{"@id":"https:\/\/www.encontrajequie.com.br\/sobre\/author\/ejequie\/#author"},"image":{"@type":"ImageObject","url":"https:\/\/www.encontrajequie.com.br\/sobre\/wp-content\/uploads\/2026\/03\/jeronimo-minimiza-criticas-de-ze-coca-e-reforca-alianca-com-lula-para-obras-na-bahia.webp","@id":"https:\/\/www.encontrajequie.com.br\/sobre\/jeronimo-minimiza-criticas-de-ze-coca-e-reforca-alianca-com-lula-para-obras-na-bahia\/#mainImage","width":280,"height":280,"caption":"Jer\u00f4nimo e Lula na Bahia"},"primaryImageOfPage":{"@id":"https:\/\/www.encontrajequie.com.br\/sobre\/jeronimo-minimiza-criticas-de-ze-coca-e-reforca-alianca-com-lula-para-obras-na-bahia\/#mainImage"},"datePublished":"2026-03-06T03:30:03-03:00","dateModified":"2026-03-06T03:30:03-03:00"},{"@type":"WebSite","@id":"https:\/\/www.encontrajequie.com.br\/sobre\/#website","url":"https:\/\/www.encontrajequie.com.br\/sobre\/","name":"Encontra Jequi\u00e9","description":"Not\u00edcias, eventos, informa\u00e7\u00f5es e dicas na cidade de Jequi\u00e9 e regi\u00e3o.","inLanguage":"pt-BR","publisher":{"@id":"https:\/\/www.encontrajequie.com.br\/sobre\/#organization"}}]},"og:locale":"pt_BR","og:site_name":"Encontra Jequi\u00e9 | Not\u00edcias, eventos, informa\u00e7\u00f5es e dicas na cidade de Jequi\u00e9 e regi\u00e3o.","og:type":"article","og:title":"Jer\u00f4nimo minimiza cr\u00edticas de Z\u00e9 Coc\u00e1 e refor\u00e7a alian\u00e7a com Lula para obras na Bahia | Encontra Jequi\u00e9","og:description":"Jer\u00f4nimo defende alian\u00e7a com Lula e responde a cr\u00edticas de Z\u00e9 Coc\u00e1.","og:url":"https:\/\/www.encontrajequie.com.br\/sobre\/jeronimo-minimiza-criticas-de-ze-coca-e-reforca-alianca-com-lula-para-obras-na-bahia\/","article:published_time":"2026-03-06T06:30:03+00:00","article:modified_time":"2026-03-06T06:30:03+00:00","twitter:card":"summary_large_image","twitter:title":"Jer\u00f4nimo minimiza cr\u00edticas de Z\u00e9 Coc\u00e1 e refor\u00e7a alian\u00e7a com Lula para obras na Bahia | Encontra Jequi\u00e9","twitter:description":"Jer\u00f4nimo defende alian\u00e7a com Lula e responde a cr\u00edticas de Z\u00e9 Coc\u00e1."},"aioseo_meta_data":{"post_id":"843","title":null,"description":null,"keywords":null,"keyphrases":null,"primary_term":null,"canonical_url":null,"og_title":null,"og_description":null,"og_object_type":"default","og_image_type":"default","og_image_url":null,"og_image_width":null,"og_image_height":null,"og_image_custom_url":null,"og_image_custom_fields":null,"og_video":null,"og_custom_url":null,"og_article_section":null,"og_article_tags":null,"twitter_use_og":false,"twitter_card":"default","twitter_image_type":"default","twitter_image_url":null,"twitter_image_custom_url":null,"twitter_image_custom_fields":null,"twitter_title":null,"twitter_description":null,"schema":{"blockGraphs":[],"customGraphs":[],"default":{"data":{"Article":[],"Course":[],"Dataset":[],"FAQPage":[],"Movie":[],"Person":[],"Product":[],"ProductReview":[],"Car":[],"Recipe":[],"Service":[],"SoftwareApplication":[],"WebPage":[]},"graphName":"Article","isEnabled":true},"graphs":[]},"schema_type":"default","schema_type_options":null,"pillar_content":false,"robots_default":true,"robots_noindex":false,"robots_noarchive":false,"robots_nosnippet":false,"robots_nofollow":false,"robots_noimageindex":false,"robots_noodp":false,"robots_notranslate":false,"robots_max_snippet":null,"robots_max_videopreview":null,"robots_max_imagepreview":"large","priority":null,"frequency":null,"local_seo":null,"breadcrumb_settings":null,"limit_modified_date":false,"ai":null,"created":"2026-03-06 06:30:07","updated":"2026-03-06 07:18:19","focus_keyword":null,"additional_keywords":null,"truseo_locale":null,"seo_analyzer_scan_date":null},"aioseo_breadcrumb":"<div class=\"aioseo-breadcrumbs\"><span class=\"aioseo-breadcrumb\">\n\t\t\t<a href=\"https:\/\/www.encontrajequie.com.br\/sobre\" title=\"Home\">Home<\/a>\n\t\t<\/span><span class=\"aioseo-breadcrumb-separator\">&raquo;<\/span><span class=\"aioseo-breadcrumb\">\n\t\t\t<a href=\"https:\/\/www.encontrajequie.com.br\/sobre\/noticias-em-jequie\/\" title=\"Not\u00edcias Jequi\u00e9\">Not\u00edcias Jequi\u00e9<\/a>\n\t\t<\/span><span class=\"aioseo-breadcrumb-separator\">&raquo;<\/span><span class=\"aioseo-breadcrumb\">\n\t\t\tJer\u00f4nimo minimiza cr\u00edticas de Z\u00e9 Coc\u00e1 e refor\u00e7a alian\u00e7a com Lula para obras na Bahia\n\t\t<\/span><\/div>","aioseo_breadcrumb_json":[{"label":"Home","link":"https:\/\/www.encontrajequie.com.br\/sobre"},{"label":"Not\u00edcias Jequi\u00e9","link":"https:\/\/www.encontrajequie.com.br\/sobre\/noticias-em-jequie\/"},{"label":"Jer\u00f4nimo minimiza cr\u00edticas de Z\u00e9 Coc\u00e1 e refor\u00e7a alian\u00e7a com Lula para obras na Bahia","link":"https:\/\/www.encontrajequie.com.br\/sobre\/jeronimo-minimiza-criticas-de-ze-coca-e-reforca-alianca-com-lula-para-obras-na-bahia\/"}],"_links":{"self":[{"href":"https:\/\/www.encontrajequie.com.br\/sobre\/wp-json\/wp\/v2\/posts\/843","targetHints":{"allow":["GET"]}}],"collection":[{"href":"https:\/\/www.encontrajequie.com.br\/sobre\/wp-json\/wp\/v2\/posts"}],"about":[{"href":"https:\/\/www.encontrajequie.com.br\/sobre\/wp-json\/wp\/v2\/types\/post"}],"author":[{"embeddable":true,"href":"https:\/\/www.encontrajequie.com.br\/sobre\/wp-json\/wp\/v2\/users\/1"}],"replies":[{"embeddable":true,"href":"https:\/\/www.encontrajequie.com.br\/sobre\/wp-json\/wp\/v2\/comments?post=843"}],"version-history":[{"count":0,"href":"https:\/\/www.encontrajequie.com.br\/sobre\/wp-json\/wp\/v2\/posts\/843\/revisions"}],"wp:featuredmedia":[{"embeddable":true,"href":"https:\/\/www.encontrajequie.com.br\/sobre\/wp-json\/wp\/v2\/media\/842"}],"wp:attachment":[{"href":"https:\/\/www.encontrajequie.com.br\/sobre\/wp-json\/wp\/v2\/media?parent=843"}],"wp:term":[{"taxonomy":"category","embeddable":true,"href":"https:\/\/www.encontrajequie.com.br\/sobre\/wp-json\/wp\/v2\/categories?post=843"},{"taxonomy":"post_tag","embeddable":true,"href":"https:\/\/www.encontrajequie.com.br\/sobre\/wp-json\/wp\/v2\/tags?post=843"}],"curies":[{"name":"wp","href":"https:\/\/api.w.org\/{rel}","templated":true}]}}