{"id":858,"date":"2026-03-10T03:29:20","date_gmt":"2026-03-10T06:29:20","guid":{"rendered":"https:\/\/www.encontrajequie.com.br\/sobre\/prefeitura-de-jequie-promove-formacao-de-novos-profissionais-dos-cursos-gratuitos-e-amplia-acesso-ao-mercado-de-trabalho\/"},"modified":"2026-03-10T03:29:20","modified_gmt":"2026-03-10T06:29:20","slug":"prefeitura-de-jequie-promove-formacao-de-novos-profissionais-dos-cursos-gratuitos-e-amplia-acesso-ao-mercado-de-trabalho","status":"publish","type":"post","link":"https:\/\/www.encontrajequie.com.br\/sobre\/prefeitura-de-jequie-promove-formacao-de-novos-profissionais-dos-cursos-gratuitos-e-amplia-acesso-ao-mercado-de-trabalho\/","title":{"rendered":"Prefeitura de Jequi\u00e9 promove forma\u00e7\u00e3o de novos profissionais dos cursos gratuitos e amplia acesso ao mercado de trabalho"},"content":{"rendered":"<div class=\"30cf832dc5940d4704f66d0ed9a44050\" data-index=\"1\" style=\"float: none; margin:0px;\">\n<!-- Anuncio display - global -->\r\n<ins class=\"adsbygoogle\"\r\n     style=\"display:block\"\r\n     data-ad-client=\"ca-pub-8585364105181520\"\r\n     data-ad-slot=\"8789329856\"\r\n     data-ad-format=\"auto\"\r\n     data-full-width-responsive=\"true\"><\/ins>\r\n<script>\r\n     (adsbygoogle = window.adsbygoogle || []).push({});\r\n<\/script>\n<\/div>\n<h2>Forma\u00e7\u00e3o Profissional Gratuita em Jequi\u00e9<\/h2>\n<p>A Prefeitura de Jequi\u00e9, atrav\u00e9s da Secretaria de Desenvolvimento Social, tem se destacado na promo\u00e7\u00e3o de cursos profissionalizantes sem custo, com o intuito de preparar a comunidade local para o ingresso no mercado de trabalho. Recentemente, foram realizadas cerim\u00f4nias de forma\u00e7\u00e3o para novas turmas nos cursos de Manicure e Pedicure e Cabeleireiro, que simbolizam um avan\u00e7o significativo na capacita\u00e7\u00e3o da popula\u00e7\u00e3o.<\/p>\n<h2>Objetivos dos Cursos Oferecidos<\/h2>\n<p>Os cursos gratuitos visam oferecer \u00e0 popula\u00e7\u00e3o a oportunidade de adquirir novas habilidades, com foco na gera\u00e7\u00e3o de renda e no fomento \u00e0 autonomia profissional. Por meio da aquisi\u00e7\u00e3o de conhecimentos te\u00f3ricos e pr\u00e1ticos, os participantes s\u00e3o capacitados para enfrentar os desafios do mercado de trabalho atual. A iniciativa \u00e9 parte de uma estrat\u00e9gia maior para aumentar as oportunidades de emprego na regi\u00e3o.<\/p>\n<h2>O Papel da Secretaria de Desenvolvimento Social<\/h2>\n<p>A Secretaria de Desenvolvimento Social tem um papel crucial na implementa\u00e7\u00e3o desse programa, buscando atender \u00e0s demandas da comunidade e criando pol\u00edticas p\u00fablicas que possibilitem a inclus\u00e3o social. A secret\u00e1ria, Patr\u00edcia Miranda Brand\u00e3o Santana, enfatiza a import\u00e2ncia do acesso \u00e0 forma\u00e7\u00e3o profissional, ressaltando que ela n\u00e3o apenas aumenta as chances de emprego, mas tamb\u00e9m melhora a qualidade de vida dos cidad\u00e3os.<\/p>\n<p><img decoding=\"async\" src=\"https:\/\/www.encontrajequie.com.br\/sobre\/wp-content\/uploads\/2026\/03\/prefeitura-de-jequie-promove-formacao-de-novos-profissionais-dos-cursos-gratuitos-e-amplia-acesso-ao.webp\" alt=\"cursos gratuitos\" loading=\"lazy\" \/><\/p>\n<h2>Reconhecimento dos Concluintes<\/h2>\n<p>Neste \u00faltimo evento, os alunos que finalizaram os cursos foram oficialmente reconhecidos pelo empenho e dedica\u00e7\u00e3o ao longo do per\u00edodo de aprendizado. As formaturas s\u00e3o momentos de celebra\u00e7\u00e3o, onde as conquistas dos alunos s\u00e3o comemoradas junto com familiares e professores, refor\u00e7ando o valor do esfor\u00e7o investido.<\/p>\n<h2>Import\u00e2ncia da Qualifica\u00e7\u00e3o Profissional<\/h2>\n<p>A qualifica\u00e7\u00e3o profissional \u00e9 um aspecto vital para o desenvolvimento de compet\u00eancias que atendam \u00e0s necessidades do mercado. Cursos como os oferecidos pela Central de Cursos de Jequi\u00e9 proporcionam um aprendizado atualizado, preparado para o que h\u00e1 de mais moderno no setor. Especialistas acreditam que investir em educa\u00e7\u00e3o profissional \u00e9 a chave para redu\u00e7\u00e3o do desemprego e para a inclus\u00e3o de pessoas em situa\u00e7\u00f5es vulner\u00e1veis.<\/p>\n<h2>A\u00e7\u00f5es da Central de Cursos<\/h2>\n<p>A Central de Cursos da cidade se dedica a oferecer forma\u00e7\u00f5es diversas que atendem aos interesses dos cidad\u00e3os. As aulas s\u00e3o estruturalmente projetadas para proporcionar um equil\u00edbrio entre teoria e pr\u00e1tica, garantindo que os alunos saiam prontos para atuar no mercado. Os cursos s\u00e3o abertos a todos, sem restri\u00e7\u00e3o de idade, criando assim um espa\u00e7o inclusivo para todos os interessados.<\/p>\n<h2>Depoimentos dos Participantes<\/h2>\n<p>Depoimentos de participantes destacam as transforma\u00e7\u00f5es que os cursos trouxeram para suas vidas. Muitos mencionam que as habilidades adquiridas n\u00e3o s\u00f3 contribu\u00edram para a sua forma\u00e7\u00e3o profissional, mas tamb\u00e9m impactaram positivamente sua confian\u00e7a e autoestima. Os alunos sentem-se motivados e preparados para enfrentar desafios e buscar novas oportunidades que, anteriormente, acreditavam ser inalcan\u00e7\u00e1veis.<\/p>\n<h2>Impacto na Gera\u00e7\u00e3o de Renda<\/h2>\n<p>A capacita\u00e7\u00e3o oferecida pelos cursos gratuitos est\u00e1 diretamente ligada ao aumento da gera\u00e7\u00e3o de renda na comunidade. Os formandos est\u00e3o mais bem preparados para atuar em suas \u00e1reas de forma\u00e7\u00e3o, o que se traduz em melhores oportunidades de emprego. Al\u00e9m disso, o aumento de profissionais qualificados promove um ambiente competitivo saud\u00e1vel, que ativa o dinamismo econ\u00f4mico da regi\u00e3o.<\/p>\n<h2>Pr\u00e1ticas Contempor\u00e2neas em Educa\u00e7\u00e3o Profissional<\/h2>\n<p>As pr\u00e1ticas de ensino implementadas nos cursos de Jequi\u00e9 seguem tend\u00eancias contempor\u00e2neas de educa\u00e7\u00e3o, onde o aprendizado pr\u00e1tico \u00e9 valorizado. Os instrutores s\u00e3o orientados a aplicar metodologias ativas que incentivem a participa\u00e7\u00e3o dos alunos, tornando o aprendizado mais envolvente e eficiente. Os conte\u00fados das aulas s\u00e3o constantemente atualizados para refletir as inova\u00e7\u00f5es do mercado.<\/p>\n<h2>O Futuro do Mercado de Trabalho em Jequi\u00e9<\/h2>\n<p>Com a constante evolu\u00e7\u00e3o do mercado de trabalho, a prepara\u00e7\u00e3o da for\u00e7a de trabalho local se torna uma prioridade. A Prefeitura de Jequi\u00e9, por meio de iniciativas como esses cursos, busca n\u00e3o apenas equipar os cidad\u00e3os com habilidades, mas tamb\u00e9m antecipar as tend\u00eancias do setor, preparando-os para as necessidades futuras. A expectativa \u00e9 que, com a continuidade das forma\u00e7\u00f5es, a cidade consiga n\u00e3o s\u00f3 melhorar os \u00edndices de emprego, mas tamb\u00e9m criar um ambiente prop\u00edcio para o desenvolvimento de neg\u00f3cios e empreendedorismo.<\/p>\n<p>Portanto, a forma\u00e7\u00e3o de novos profissionais em Jequi\u00e9 n\u00e3o \u00e9 apenas uma etapa no caminho para o emprego, mas um investimento no futuro da cidade, promovendo dignidade, cidadania e desenvolvimento social.<\/p>\n\n<div style=\"font-size: 0px; height: 0px; line-height: 0px; margin: 0; padding: 0; clear: both;\"><\/div>","protected":false},"excerpt":{"rendered":"<p>Prefeitura de Jequi\u00e9 oferece cursos gratuitos que conectam jovens ao mercado de trabalho.<\/p>\n","protected":false},"author":1,"featured_media":857,"comment_status":"open","ping_status":"closed","sticky":false,"template":"","format":"standard","meta":{"footnotes":""},"categories":[1],"tags":[],"class_list":["post-858","post","type-post","status-publish","format-standard","has-post-thumbnail","hentry","category-noticias-em-jequie","has_thumb"],"aioseo_notices":[],"_links":{"self":[{"href":"https:\/\/www.encontrajequie.com.br\/sobre\/wp-json\/wp\/v2\/posts\/858","targetHints":{"allow":["GET"]}}],"collection":[{"href":"https:\/\/www.encontrajequie.com.br\/sobre\/wp-json\/wp\/v2\/posts"}],"about":[{"href":"https:\/\/www.encontrajequie.com.br\/sobre\/wp-json\/wp\/v2\/types\/post"}],"author":[{"embeddable":true,"href":"https:\/\/www.encontrajequie.com.br\/sobre\/wp-json\/wp\/v2\/users\/1"}],"replies":[{"embeddable":true,"href":"https:\/\/www.encontrajequie.com.br\/sobre\/wp-json\/wp\/v2\/comments?post=858"}],"version-history":[{"count":0,"href":"https:\/\/www.encontrajequie.com.br\/sobre\/wp-json\/wp\/v2\/posts\/858\/revisions"}],"wp:featuredmedia":[{"embeddable":true,"href":"https:\/\/www.encontrajequie.com.br\/sobre\/wp-json\/wp\/v2\/media\/857"}],"wp:attachment":[{"href":"https:\/\/www.encontrajequie.com.br\/sobre\/wp-json\/wp\/v2\/media?parent=858"}],"wp:term":[{"taxonomy":"category","embeddable":true,"href":"https:\/\/www.encontrajequie.com.br\/sobre\/wp-json\/wp\/v2\/categories?post=858"},{"taxonomy":"post_tag","embeddable":true,"href":"https:\/\/www.encontrajequie.com.br\/sobre\/wp-json\/wp\/v2\/tags?post=858"}],"curies":[{"name":"wp","href":"https:\/\/api.w.org\/{rel}","templated":true}]}}