{"id":869,"date":"2026-03-12T03:30:22","date_gmt":"2026-03-12T06:30:22","guid":{"rendered":"https:\/\/www.encontrajequie.com.br\/sobre\/prefeitura-de-jequie-intensifica-recuperacao-da-pavimentacao-asfaltica-dos-trechos-afetados-pelas-fortes-chuvas\/"},"modified":"2026-03-12T03:30:22","modified_gmt":"2026-03-12T06:30:22","slug":"prefeitura-de-jequie-intensifica-recuperacao-da-pavimentacao-asfaltica-dos-trechos-afetados-pelas-fortes-chuvas","status":"publish","type":"post","link":"https:\/\/www.encontrajequie.com.br\/sobre\/prefeitura-de-jequie-intensifica-recuperacao-da-pavimentacao-asfaltica-dos-trechos-afetados-pelas-fortes-chuvas\/","title":{"rendered":"Prefeitura de Jequi\u00e9 intensifica recupera\u00e7\u00e3o da pavimenta\u00e7\u00e3o asf\u00e1ltica dos trechos afetados pelas fortes chuvas"},"content":{"rendered":"<div class=\"30cf832dc5940d4704f66d0ed9a44050\" data-index=\"1\" style=\"float: none; margin:0px;\">\n<!-- Anuncio display - global -->\r\n<ins class=\"adsbygoogle\"\r\n     style=\"display:block\"\r\n     data-ad-client=\"ca-pub-8585364105181520\"\r\n     data-ad-slot=\"8789329856\"\r\n     data-ad-format=\"auto\"\r\n     data-full-width-responsive=\"true\"><\/ins>\r\n<script>\r\n     (adsbygoogle = window.adsbygoogle || []).push({});\r\n<\/script>\n<\/div>\n<h2>Interven\u00e7\u00f5es nas Vias de Jequi\u00e9<\/h2>\n<p>A Prefeitura de Jequi\u00e9, por meio da Secretaria de Infraestrutura, est\u00e1 intensificando suas a\u00e7\u00f5es para recuperar a pavimenta\u00e7\u00e3o asf\u00e1ltica em diferentes trechos da cidade, que sofreram danos devido \u00e0s intensas chuvas. As equipes de trabalho est\u00e3o distribu\u00eddas em locais estrat\u00e9gicos, com o objetivo de restaurar a qualidade das vias urbanas e garantir a seguran\u00e7a dos motoristas e pedestres.<\/p>\n<h2>A\u00e7\u00f5es da Secretaria de Infraestrutura<\/h2>\n<p>Na ter\u00e7a-feira, 10 de mar\u00e7o, as interven\u00e7\u00f5es focaram na Rua Corredor Costa Brito, localizada no bairro Jequiezinho, e na Avenida Landulfo Carib\u00e9, pr\u00f3ximo \u00e0 Pra\u00e7a Cavaleiro Aruanda, no centro da cidade. Esses pontos foram escolhidos por apresentarem os maiores danos, onde a for\u00e7a das chuvas comprometeu a estrutura do pavimento. Os servi\u00e7os realizados incluem a recomposi\u00e7\u00e3o da base das estradas e a aplica\u00e7\u00e3o de uma nova camada de asfalto.<\/p>\n<h2>Vias Atingidas e Trabalho Realizado<\/h2>\n<p>As a\u00e7\u00f5es visam especificamente os trechos mais afetados, onde a eros\u00e3o e o desgaste provocado pelas \u00e1guas pluviais foram not\u00e1veis. As equipes da prefeitura t\u00eam trabalhado incansavelmente para restaurar a integridade dessas vias, executando igualmente servi\u00e7os de drenagem e melhoria na infraestrutura, assegurando que as solu\u00e7\u00f5es sejam duradouras.<\/p>\n<h2>Impacto das Chuvas na Malha Vi\u00e1ria<\/h2>\n<p>As chuvas fortes frequentemente causam estragos nas vias urbanas, tornando-as perigosas e dificultando a locomo\u00e7\u00e3o. Em Jequi\u00e9, as consequ\u00eancias foram vis\u00edveis, com buracos e deslizamentos de terra em diversas ruas. A resposta r\u00e1pida da administra\u00e7\u00e3o municipal reflete um compromisso com a manuten\u00e7\u00e3o da seguran\u00e7a e acessibilidade nas estradas, beneficiando todos os cidad\u00e3os e motoristas que utilizam diariamente essas vias.<\/p>\n<h2>Compromisso com a Mobilidade Urbana<\/h2>\n<p>Para o secret\u00e1rio de Infraestrutura, Lucindo Menezes, o trabalho de recupera\u00e7\u00e3o das vias \u00e9 um sinal do comprometimento da administra\u00e7\u00e3o em garantir melhores condi\u00e7\u00f5es de tr\u00e1fego. &#8220;Estamos monitorando a situa\u00e7\u00e3o e priorizando as interven\u00e7\u00f5es nos locais onde os estragos foram mais severos. A recupera\u00e7\u00e3o das ruas afetadas \u00e9 fundamental para melhorar a mobilidade urbana e a qualidade de vida da popula\u00e7\u00e3o&#8221;, ressaltou o secret\u00e1rio.<\/p>\n<h2>Melhorias na Drenagem Pluvial<\/h2>\n<p>Um aspecto crucial do projeto de recupera\u00e7\u00e3o \u00e9 a implementa\u00e7\u00e3o de melhorias no sistema de drenagem pluvial. O intuito \u00e9 prevenir alagamentos e minimizar os danos \u00e0s vias em futuras chuvas. O sistema de drenagem da Rua Corredor Costa Brito, por exemplo, foi projetado para ser robusto, garantindo que a \u00e1gua seja escoada adequadamente, protegendo assim o pavimento rec\u00e9m-recuperado.<\/p>\n<h2>Requalifica\u00e7\u00e3o das Estruturas Urbanas<\/h2>\n<p>Al\u00e9m da recupera\u00e7\u00e3o das pavimenta\u00e7\u00f5es, a prefeitura tem promovido uma requalifica\u00e7\u00e3o mais ampla da infraestrutura urbana. Este esfor\u00e7o inclui n\u00e3o apenas a manuten\u00e7\u00e3o das vias, mas tamb\u00e9m a melhoria das \u00e1reas adjacentes, como cal\u00e7ad\u00f5es e passeios, estimulando um ambiente urbano mais acess\u00edvel e agrad\u00e1vel para todos os usu\u00e1rios.<\/p>\n<h2>Import\u00e2ncia da Manuten\u00e7\u00e3o Preventiva<\/h2>\n<p>Investir em manuten\u00e7\u00e3o preventiva \u00e9 fundamental para evitar problemas maiores no futuro. A equipe da Secretaria de Infraestrutura se dedica a realizar inspe\u00e7\u00f5es regulares em diversos pontos da cidade, buscando identificar e resolver quest\u00f5es antes que se tornem cr\u00edticos. Essa abordagem proativa ajuda a preservar a qualidade das vias e o bem-estar da comunidade.<\/p>\n<h2>Depoimentos de Moradores<\/h2>\n<p>Os residentes das \u00e1reas recuperadas t\u00eam expressado a satisfa\u00e7\u00e3o com as interven\u00e7\u00f5es realizadas. A melhoria na pavimenta\u00e7\u00e3o trouxe al\u00edvio para muitos que enfrentavam dificuldades para transitar pela cidade. Moradores destacam a import\u00e2ncia de ver a administra\u00e7\u00e3o p\u00fablica atuando em tempo h\u00e1bil para resolver os problemas que afetam o dia a dia.<\/p>\n<h2>Pr\u00f3ximos Passos da Recupera\u00e7\u00e3o<\/h2>\n<p>O plano de recupera\u00e7\u00e3o das vias continua em execu\u00e7\u00e3o, com a prefeitura j\u00e1 programando outras interven\u00e7\u00f5es em locais priorit\u00e1rios que ainda apresentam dificuldades. O compromisso \u00e9 de seguir com as a\u00e7\u00f5es at\u00e9 que todas as \u00e1reas afetadas sejam completamente recuperadas, reafirmando a responsabilidade da gest\u00e3o p\u00fablica em zelar pela infraestrutura e bem-estar dos cidad\u00e3os de Jequi\u00e9.<\/p>\n\n<div style=\"font-size: 0px; height: 0px; line-height: 0px; margin: 0; padding: 0; clear: both;\"><\/div>","protected":false},"excerpt":{"rendered":"<p>Prefeitura de Jequi\u00e9 melhora a pavimenta\u00e7\u00e3o impactada pelas chuvas.<\/p>\n","protected":false},"author":1,"featured_media":0,"comment_status":"open","ping_status":"closed","sticky":false,"template":"","format":"standard","meta":{"footnotes":""},"categories":[1],"tags":[],"class_list":["post-869","post","type-post","status-publish","format-standard","hentry","category-noticias-em-jequie"],"aioseo_notices":[],"aioseo_head":"\n\t\t<!-- All in One SEO 5.0.0.1 - aioseo.com -->\n\t<meta name=\"description\" content=\"Prefeitura de Jequi\u00e9 melhora a pavimenta\u00e7\u00e3o impactada pelas chuvas.\" \/>\n\t<meta name=\"robots\" content=\"max-image-preview:large\" \/>\n\t<meta name=\"author\" content=\"Encontra Jequi\u00e9\"\/>\n\t<link rel=\"canonical\" href=\"https:\/\/www.encontrajequie.com.br\/sobre\/prefeitura-de-jequie-intensifica-recuperacao-da-pavimentacao-asfaltica-dos-trechos-afetados-pelas-fortes-chuvas\/\" \/>\n\t<meta name=\"generator\" content=\"All in One SEO (AIOSEO) 5.0.0.1\" \/>\n\t\t<meta property=\"og:locale\" content=\"pt_BR\" \/>\n\t\t<meta property=\"og:site_name\" content=\"Encontra Jequi\u00e9 | Not\u00edcias, eventos, informa\u00e7\u00f5es e dicas na cidade de Jequi\u00e9 e regi\u00e3o.\" \/>\n\t\t<meta property=\"og:type\" content=\"article\" \/>\n\t\t<meta property=\"og:title\" content=\"Prefeitura de Jequi\u00e9 intensifica recupera\u00e7\u00e3o da pavimenta\u00e7\u00e3o asf\u00e1ltica dos trechos afetados pelas fortes chuvas | Encontra Jequi\u00e9\" \/>\n\t\t<meta property=\"og:description\" content=\"Prefeitura de Jequi\u00e9 melhora a pavimenta\u00e7\u00e3o impactada pelas chuvas.\" \/>\n\t\t<meta property=\"og:url\" content=\"https:\/\/www.encontrajequie.com.br\/sobre\/prefeitura-de-jequie-intensifica-recuperacao-da-pavimentacao-asfaltica-dos-trechos-afetados-pelas-fortes-chuvas\/\" \/>\n\t\t<meta property=\"article:published_time\" content=\"2026-03-12T06:30:22+00:00\" \/>\n\t\t<meta property=\"article:modified_time\" content=\"2026-03-12T06:30:22+00:00\" \/>\n\t\t<meta name=\"twitter:card\" content=\"summary_large_image\" \/>\n\t\t<meta name=\"twitter:title\" content=\"Prefeitura de Jequi\u00e9 intensifica recupera\u00e7\u00e3o da pavimenta\u00e7\u00e3o asf\u00e1ltica dos trechos afetados pelas fortes chuvas | Encontra Jequi\u00e9\" \/>\n\t\t<meta name=\"twitter:description\" content=\"Prefeitura de Jequi\u00e9 melhora a pavimenta\u00e7\u00e3o impactada pelas chuvas.\" \/>\n\t\t<script type=\"application\/ld+json\" class=\"aioseo-schema\">\n\t\t\t{\"@context\":\"https:\\\/\\\/schema.org\",\"@graph\":[{\"@type\":\"Article\",\"@id\":\"https:\\\/\\\/www.encontrajequie.com.br\\\/sobre\\\/prefeitura-de-jequie-intensifica-recuperacao-da-pavimentacao-asfaltica-dos-trechos-afetados-pelas-fortes-chuvas\\\/#article\",\"name\":\"Prefeitura de Jequi\\u00e9 intensifica recupera\\u00e7\\u00e3o da pavimenta\\u00e7\\u00e3o asf\\u00e1ltica dos trechos afetados pelas fortes chuvas | Encontra Jequi\\u00e9\",\"headline\":\"Prefeitura de Jequi\\u00e9 intensifica recupera\\u00e7\\u00e3o da pavimenta\\u00e7\\u00e3o asf\\u00e1ltica dos trechos afetados pelas fortes chuvas\",\"author\":{\"@id\":\"https:\\\/\\\/www.encontrajequie.com.br\\\/sobre\\\/author\\\/ejequie\\\/#author\"},\"publisher\":{\"@id\":\"https:\\\/\\\/www.encontrajequie.com.br\\\/sobre\\\/#organization\"},\"datePublished\":\"2026-03-12T03:30:22-03:00\",\"dateModified\":\"2026-03-12T03:30:22-03:00\",\"inLanguage\":\"pt-BR\",\"mainEntityOfPage\":{\"@id\":\"https:\\\/\\\/www.encontrajequie.com.br\\\/sobre\\\/prefeitura-de-jequie-intensifica-recuperacao-da-pavimentacao-asfaltica-dos-trechos-afetados-pelas-fortes-chuvas\\\/#webpage\"},\"isPartOf\":{\"@id\":\"https:\\\/\\\/www.encontrajequie.com.br\\\/sobre\\\/prefeitura-de-jequie-intensifica-recuperacao-da-pavimentacao-asfaltica-dos-trechos-afetados-pelas-fortes-chuvas\\\/#webpage\"},\"articleSection\":\"Not\\u00edcias Jequi\\u00e9\"},{\"@type\":\"BreadcrumbList\",\"@id\":\"https:\\\/\\\/www.encontrajequie.com.br\\\/sobre\\\/prefeitura-de-jequie-intensifica-recuperacao-da-pavimentacao-asfaltica-dos-trechos-afetados-pelas-fortes-chuvas\\\/#breadcrumblist\",\"itemListElement\":[{\"@type\":\"ListItem\",\"@id\":\"https:\\\/\\\/www.encontrajequie.com.br\\\/sobre#listItem\",\"position\":1,\"name\":\"Home\",\"item\":\"https:\\\/\\\/www.encontrajequie.com.br\\\/sobre\",\"nextItem\":{\"@type\":\"ListItem\",\"@id\":\"https:\\\/\\\/www.encontrajequie.com.br\\\/sobre\\\/noticias-em-jequie\\\/#listItem\",\"name\":\"Not\\u00edcias Jequi\\u00e9\"}},{\"@type\":\"ListItem\",\"@id\":\"https:\\\/\\\/www.encontrajequie.com.br\\\/sobre\\\/noticias-em-jequie\\\/#listItem\",\"position\":2,\"name\":\"Not\\u00edcias Jequi\\u00e9\",\"item\":\"https:\\\/\\\/www.encontrajequie.com.br\\\/sobre\\\/noticias-em-jequie\\\/\",\"nextItem\":{\"@type\":\"ListItem\",\"@id\":\"https:\\\/\\\/www.encontrajequie.com.br\\\/sobre\\\/prefeitura-de-jequie-intensifica-recuperacao-da-pavimentacao-asfaltica-dos-trechos-afetados-pelas-fortes-chuvas\\\/#listItem\",\"name\":\"Prefeitura de Jequi\\u00e9 intensifica recupera\\u00e7\\u00e3o da pavimenta\\u00e7\\u00e3o asf\\u00e1ltica dos trechos afetados pelas fortes chuvas\"},\"previousItem\":{\"@type\":\"ListItem\",\"@id\":\"https:\\\/\\\/www.encontrajequie.com.br\\\/sobre#listItem\",\"name\":\"Home\"}},{\"@type\":\"ListItem\",\"@id\":\"https:\\\/\\\/www.encontrajequie.com.br\\\/sobre\\\/prefeitura-de-jequie-intensifica-recuperacao-da-pavimentacao-asfaltica-dos-trechos-afetados-pelas-fortes-chuvas\\\/#listItem\",\"position\":3,\"name\":\"Prefeitura de Jequi\\u00e9 intensifica recupera\\u00e7\\u00e3o da pavimenta\\u00e7\\u00e3o asf\\u00e1ltica dos trechos afetados pelas fortes chuvas\",\"previousItem\":{\"@type\":\"ListItem\",\"@id\":\"https:\\\/\\\/www.encontrajequie.com.br\\\/sobre\\\/noticias-em-jequie\\\/#listItem\",\"name\":\"Not\\u00edcias Jequi\\u00e9\"}}]},{\"@type\":\"Organization\",\"@id\":\"https:\\\/\\\/www.encontrajequie.com.br\\\/sobre\\\/#organization\",\"name\":\"Encontra Jequi\\u00e9\",\"description\":\"Not\\u00edcias, eventos, informa\\u00e7\\u00f5es e dicas na cidade de Jequi\\u00e9 e regi\\u00e3o.\",\"url\":\"https:\\\/\\\/www.encontrajequie.com.br\\\/sobre\\\/\"},{\"@type\":\"Person\",\"@id\":\"https:\\\/\\\/www.encontrajequie.com.br\\\/sobre\\\/author\\\/ejequie\\\/#author\",\"url\":\"https:\\\/\\\/www.encontrajequie.com.br\\\/sobre\\\/author\\\/ejequie\\\/\",\"name\":\"Encontra Jequi\\u00e9\",\"image\":{\"@type\":\"ImageObject\",\"@id\":\"https:\\\/\\\/www.encontrajequie.com.br\\\/sobre\\\/prefeitura-de-jequie-intensifica-recuperacao-da-pavimentacao-asfaltica-dos-trechos-afetados-pelas-fortes-chuvas\\\/#authorImage\",\"url\":\"https:\\\/\\\/secure.gravatar.com\\\/avatar\\\/507340682b8270222e1f208e23198b6ae7e2c6a1033ae84e99bc6bce4f82a387?s=96&d=mm&r=g\",\"width\":96,\"height\":96,\"caption\":\"Encontra Jequi\\u00e9\"}},{\"@type\":\"WebPage\",\"@id\":\"https:\\\/\\\/www.encontrajequie.com.br\\\/sobre\\\/prefeitura-de-jequie-intensifica-recuperacao-da-pavimentacao-asfaltica-dos-trechos-afetados-pelas-fortes-chuvas\\\/#webpage\",\"url\":\"https:\\\/\\\/www.encontrajequie.com.br\\\/sobre\\\/prefeitura-de-jequie-intensifica-recuperacao-da-pavimentacao-asfaltica-dos-trechos-afetados-pelas-fortes-chuvas\\\/\",\"name\":\"Prefeitura de Jequi\\u00e9 intensifica recupera\\u00e7\\u00e3o da pavimenta\\u00e7\\u00e3o asf\\u00e1ltica dos trechos afetados pelas fortes chuvas | Encontra Jequi\\u00e9\",\"description\":\"Prefeitura de Jequi\\u00e9 melhora a pavimenta\\u00e7\\u00e3o impactada pelas chuvas.\",\"inLanguage\":\"pt-BR\",\"isPartOf\":{\"@id\":\"https:\\\/\\\/www.encontrajequie.com.br\\\/sobre\\\/#website\"},\"breadcrumb\":{\"@id\":\"https:\\\/\\\/www.encontrajequie.com.br\\\/sobre\\\/prefeitura-de-jequie-intensifica-recuperacao-da-pavimentacao-asfaltica-dos-trechos-afetados-pelas-fortes-chuvas\\\/#breadcrumblist\"},\"author\":{\"@id\":\"https:\\\/\\\/www.encontrajequie.com.br\\\/sobre\\\/author\\\/ejequie\\\/#author\"},\"creator\":{\"@id\":\"https:\\\/\\\/www.encontrajequie.com.br\\\/sobre\\\/author\\\/ejequie\\\/#author\"},\"datePublished\":\"2026-03-12T03:30:22-03:00\",\"dateModified\":\"2026-03-12T03:30:22-03:00\"},{\"@type\":\"WebSite\",\"@id\":\"https:\\\/\\\/www.encontrajequie.com.br\\\/sobre\\\/#website\",\"url\":\"https:\\\/\\\/www.encontrajequie.com.br\\\/sobre\\\/\",\"name\":\"Encontra Jequi\\u00e9\",\"description\":\"Not\\u00edcias, eventos, informa\\u00e7\\u00f5es e dicas na cidade de Jequi\\u00e9 e regi\\u00e3o.\",\"inLanguage\":\"pt-BR\",\"publisher\":{\"@id\":\"https:\\\/\\\/www.encontrajequie.com.br\\\/sobre\\\/#organization\"}}]}\n\t\t<\/script>\n\t\t<!-- All in One SEO -->\n\n","aioseo_head_json":{"title":"Prefeitura de Jequi\u00e9 intensifica recupera\u00e7\u00e3o da pavimenta\u00e7\u00e3o asf\u00e1ltica dos trechos afetados pelas fortes chuvas | Encontra Jequi\u00e9","description":"Prefeitura de Jequi\u00e9 melhora a pavimenta\u00e7\u00e3o impactada pelas chuvas.","canonical_url":"https:\/\/www.encontrajequie.com.br\/sobre\/prefeitura-de-jequie-intensifica-recuperacao-da-pavimentacao-asfaltica-dos-trechos-afetados-pelas-fortes-chuvas\/","robots":"max-image-preview:large","keywords":"","webmasterTools":{"miscellaneous":""},"schema":{"@context":"https:\/\/schema.org","@graph":[{"@type":"Article","@id":"https:\/\/www.encontrajequie.com.br\/sobre\/prefeitura-de-jequie-intensifica-recuperacao-da-pavimentacao-asfaltica-dos-trechos-afetados-pelas-fortes-chuvas\/#article","name":"Prefeitura de Jequi\u00e9 intensifica recupera\u00e7\u00e3o da pavimenta\u00e7\u00e3o asf\u00e1ltica dos trechos afetados pelas fortes chuvas | Encontra Jequi\u00e9","headline":"Prefeitura de Jequi\u00e9 intensifica recupera\u00e7\u00e3o da pavimenta\u00e7\u00e3o asf\u00e1ltica dos trechos afetados pelas fortes chuvas","author":{"@id":"https:\/\/www.encontrajequie.com.br\/sobre\/author\/ejequie\/#author"},"publisher":{"@id":"https:\/\/www.encontrajequie.com.br\/sobre\/#organization"},"datePublished":"2026-03-12T03:30:22-03:00","dateModified":"2026-03-12T03:30:22-03:00","inLanguage":"pt-BR","mainEntityOfPage":{"@id":"https:\/\/www.encontrajequie.com.br\/sobre\/prefeitura-de-jequie-intensifica-recuperacao-da-pavimentacao-asfaltica-dos-trechos-afetados-pelas-fortes-chuvas\/#webpage"},"isPartOf":{"@id":"https:\/\/www.encontrajequie.com.br\/sobre\/prefeitura-de-jequie-intensifica-recuperacao-da-pavimentacao-asfaltica-dos-trechos-afetados-pelas-fortes-chuvas\/#webpage"},"articleSection":"Not\u00edcias Jequi\u00e9"},{"@type":"BreadcrumbList","@id":"https:\/\/www.encontrajequie.com.br\/sobre\/prefeitura-de-jequie-intensifica-recuperacao-da-pavimentacao-asfaltica-dos-trechos-afetados-pelas-fortes-chuvas\/#breadcrumblist","itemListElement":[{"@type":"ListItem","@id":"https:\/\/www.encontrajequie.com.br\/sobre#listItem","position":1,"name":"Home","item":"https:\/\/www.encontrajequie.com.br\/sobre","nextItem":{"@type":"ListItem","@id":"https:\/\/www.encontrajequie.com.br\/sobre\/noticias-em-jequie\/#listItem","name":"Not\u00edcias Jequi\u00e9"}},{"@type":"ListItem","@id":"https:\/\/www.encontrajequie.com.br\/sobre\/noticias-em-jequie\/#listItem","position":2,"name":"Not\u00edcias Jequi\u00e9","item":"https:\/\/www.encontrajequie.com.br\/sobre\/noticias-em-jequie\/","nextItem":{"@type":"ListItem","@id":"https:\/\/www.encontrajequie.com.br\/sobre\/prefeitura-de-jequie-intensifica-recuperacao-da-pavimentacao-asfaltica-dos-trechos-afetados-pelas-fortes-chuvas\/#listItem","name":"Prefeitura de Jequi\u00e9 intensifica recupera\u00e7\u00e3o da pavimenta\u00e7\u00e3o asf\u00e1ltica dos trechos afetados pelas fortes chuvas"},"previousItem":{"@type":"ListItem","@id":"https:\/\/www.encontrajequie.com.br\/sobre#listItem","name":"Home"}},{"@type":"ListItem","@id":"https:\/\/www.encontrajequie.com.br\/sobre\/prefeitura-de-jequie-intensifica-recuperacao-da-pavimentacao-asfaltica-dos-trechos-afetados-pelas-fortes-chuvas\/#listItem","position":3,"name":"Prefeitura de Jequi\u00e9 intensifica recupera\u00e7\u00e3o da pavimenta\u00e7\u00e3o asf\u00e1ltica dos trechos afetados pelas fortes chuvas","previousItem":{"@type":"ListItem","@id":"https:\/\/www.encontrajequie.com.br\/sobre\/noticias-em-jequie\/#listItem","name":"Not\u00edcias Jequi\u00e9"}}]},{"@type":"Organization","@id":"https:\/\/www.encontrajequie.com.br\/sobre\/#organization","name":"Encontra Jequi\u00e9","description":"Not\u00edcias, eventos, informa\u00e7\u00f5es e dicas na cidade de Jequi\u00e9 e regi\u00e3o.","url":"https:\/\/www.encontrajequie.com.br\/sobre\/"},{"@type":"Person","@id":"https:\/\/www.encontrajequie.com.br\/sobre\/author\/ejequie\/#author","url":"https:\/\/www.encontrajequie.com.br\/sobre\/author\/ejequie\/","name":"Encontra Jequi\u00e9","image":{"@type":"ImageObject","@id":"https:\/\/www.encontrajequie.com.br\/sobre\/prefeitura-de-jequie-intensifica-recuperacao-da-pavimentacao-asfaltica-dos-trechos-afetados-pelas-fortes-chuvas\/#authorImage","url":"https:\/\/secure.gravatar.com\/avatar\/507340682b8270222e1f208e23198b6ae7e2c6a1033ae84e99bc6bce4f82a387?s=96&d=mm&r=g","width":96,"height":96,"caption":"Encontra Jequi\u00e9"}},{"@type":"WebPage","@id":"https:\/\/www.encontrajequie.com.br\/sobre\/prefeitura-de-jequie-intensifica-recuperacao-da-pavimentacao-asfaltica-dos-trechos-afetados-pelas-fortes-chuvas\/#webpage","url":"https:\/\/www.encontrajequie.com.br\/sobre\/prefeitura-de-jequie-intensifica-recuperacao-da-pavimentacao-asfaltica-dos-trechos-afetados-pelas-fortes-chuvas\/","name":"Prefeitura de Jequi\u00e9 intensifica recupera\u00e7\u00e3o da pavimenta\u00e7\u00e3o asf\u00e1ltica dos trechos afetados pelas fortes chuvas | Encontra Jequi\u00e9","description":"Prefeitura de Jequi\u00e9 melhora a pavimenta\u00e7\u00e3o impactada pelas chuvas.","inLanguage":"pt-BR","isPartOf":{"@id":"https:\/\/www.encontrajequie.com.br\/sobre\/#website"},"breadcrumb":{"@id":"https:\/\/www.encontrajequie.com.br\/sobre\/prefeitura-de-jequie-intensifica-recuperacao-da-pavimentacao-asfaltica-dos-trechos-afetados-pelas-fortes-chuvas\/#breadcrumblist"},"author":{"@id":"https:\/\/www.encontrajequie.com.br\/sobre\/author\/ejequie\/#author"},"creator":{"@id":"https:\/\/www.encontrajequie.com.br\/sobre\/author\/ejequie\/#author"},"datePublished":"2026-03-12T03:30:22-03:00","dateModified":"2026-03-12T03:30:22-03:00"},{"@type":"WebSite","@id":"https:\/\/www.encontrajequie.com.br\/sobre\/#website","url":"https:\/\/www.encontrajequie.com.br\/sobre\/","name":"Encontra Jequi\u00e9","description":"Not\u00edcias, eventos, informa\u00e7\u00f5es e dicas na cidade de Jequi\u00e9 e regi\u00e3o.","inLanguage":"pt-BR","publisher":{"@id":"https:\/\/www.encontrajequie.com.br\/sobre\/#organization"}}]},"og:locale":"pt_BR","og:site_name":"Encontra Jequi\u00e9 | Not\u00edcias, eventos, informa\u00e7\u00f5es e dicas na cidade de Jequi\u00e9 e regi\u00e3o.","og:type":"article","og:title":"Prefeitura de Jequi\u00e9 intensifica recupera\u00e7\u00e3o da pavimenta\u00e7\u00e3o asf\u00e1ltica dos trechos afetados pelas fortes chuvas | Encontra Jequi\u00e9","og:description":"Prefeitura de Jequi\u00e9 melhora a pavimenta\u00e7\u00e3o impactada pelas chuvas.","og:url":"https:\/\/www.encontrajequie.com.br\/sobre\/prefeitura-de-jequie-intensifica-recuperacao-da-pavimentacao-asfaltica-dos-trechos-afetados-pelas-fortes-chuvas\/","article:published_time":"2026-03-12T06:30:22+00:00","article:modified_time":"2026-03-12T06:30:22+00:00","twitter:card":"summary_large_image","twitter:title":"Prefeitura de Jequi\u00e9 intensifica recupera\u00e7\u00e3o da pavimenta\u00e7\u00e3o asf\u00e1ltica dos trechos afetados pelas fortes chuvas | Encontra Jequi\u00e9","twitter:description":"Prefeitura de Jequi\u00e9 melhora a pavimenta\u00e7\u00e3o impactada pelas chuvas."},"aioseo_meta_data":{"post_id":"869","title":null,"description":null,"keywords":null,"keyphrases":null,"primary_term":null,"canonical_url":null,"og_title":null,"og_description":null,"og_object_type":"default","og_image_type":"default","og_image_url":null,"og_image_width":null,"og_image_height":null,"og_image_custom_url":null,"og_image_custom_fields":null,"og_video":null,"og_custom_url":null,"og_article_section":null,"og_article_tags":null,"twitter_use_og":false,"twitter_card":"default","twitter_image_type":"default","twitter_image_url":null,"twitter_image_custom_url":null,"twitter_image_custom_fields":null,"twitter_title":null,"twitter_description":null,"schema":{"blockGraphs":[],"customGraphs":[],"default":{"data":{"Article":[],"Course":[],"Dataset":[],"FAQPage":[],"Movie":[],"Person":[],"Product":[],"ProductReview":[],"Car":[],"Recipe":[],"Service":[],"SoftwareApplication":[],"WebPage":[]},"graphName":"Article","isEnabled":true},"graphs":[]},"schema_type":"default","schema_type_options":null,"pillar_content":false,"robots_default":true,"robots_noindex":false,"robots_noarchive":false,"robots_nosnippet":false,"robots_nofollow":false,"robots_noimageindex":false,"robots_noodp":false,"robots_notranslate":false,"robots_max_snippet":null,"robots_max_videopreview":null,"robots_max_imagepreview":"large","priority":null,"frequency":null,"local_seo":null,"breadcrumb_settings":null,"limit_modified_date":false,"ai":null,"created":"2026-03-12 06:30:26","updated":"2026-03-12 06:37:58","focus_keyword":null,"additional_keywords":null,"truseo_locale":null,"seo_analyzer_scan_date":null},"aioseo_breadcrumb":"<div class=\"aioseo-breadcrumbs\"><span class=\"aioseo-breadcrumb\">\n\t\t\t<a href=\"https:\/\/www.encontrajequie.com.br\/sobre\" title=\"Home\">Home<\/a>\n\t\t<\/span><span class=\"aioseo-breadcrumb-separator\">&raquo;<\/span><span class=\"aioseo-breadcrumb\">\n\t\t\t<a href=\"https:\/\/www.encontrajequie.com.br\/sobre\/noticias-em-jequie\/\" title=\"Not\u00edcias Jequi\u00e9\">Not\u00edcias Jequi\u00e9<\/a>\n\t\t<\/span><span class=\"aioseo-breadcrumb-separator\">&raquo;<\/span><span class=\"aioseo-breadcrumb\">\n\t\t\tPrefeitura de Jequi\u00e9 intensifica recupera\u00e7\u00e3o da pavimenta\u00e7\u00e3o asf\u00e1ltica dos trechos afetados pelas fortes chuvas\n\t\t<\/span><\/div>","aioseo_breadcrumb_json":[{"label":"Home","link":"https:\/\/www.encontrajequie.com.br\/sobre"},{"label":"Not\u00edcias Jequi\u00e9","link":"https:\/\/www.encontrajequie.com.br\/sobre\/noticias-em-jequie\/"},{"label":"Prefeitura de Jequi\u00e9 intensifica recupera\u00e7\u00e3o da pavimenta\u00e7\u00e3o asf\u00e1ltica dos trechos afetados pelas fortes chuvas","link":"https:\/\/www.encontrajequie.com.br\/sobre\/prefeitura-de-jequie-intensifica-recuperacao-da-pavimentacao-asfaltica-dos-trechos-afetados-pelas-fortes-chuvas\/"}],"_links":{"self":[{"href":"https:\/\/www.encontrajequie.com.br\/sobre\/wp-json\/wp\/v2\/posts\/869","targetHints":{"allow":["GET"]}}],"collection":[{"href":"https:\/\/www.encontrajequie.com.br\/sobre\/wp-json\/wp\/v2\/posts"}],"about":[{"href":"https:\/\/www.encontrajequie.com.br\/sobre\/wp-json\/wp\/v2\/types\/post"}],"author":[{"embeddable":true,"href":"https:\/\/www.encontrajequie.com.br\/sobre\/wp-json\/wp\/v2\/users\/1"}],"replies":[{"embeddable":true,"href":"https:\/\/www.encontrajequie.com.br\/sobre\/wp-json\/wp\/v2\/comments?post=869"}],"version-history":[{"count":0,"href":"https:\/\/www.encontrajequie.com.br\/sobre\/wp-json\/wp\/v2\/posts\/869\/revisions"}],"wp:attachment":[{"href":"https:\/\/www.encontrajequie.com.br\/sobre\/wp-json\/wp\/v2\/media?parent=869"}],"wp:term":[{"taxonomy":"category","embeddable":true,"href":"https:\/\/www.encontrajequie.com.br\/sobre\/wp-json\/wp\/v2\/categories?post=869"},{"taxonomy":"post_tag","embeddable":true,"href":"https:\/\/www.encontrajequie.com.br\/sobre\/wp-json\/wp\/v2\/tags?post=869"}],"curies":[{"name":"wp","href":"https:\/\/api.w.org\/{rel}","templated":true}]}}