{"id":880,"date":"2026-03-16T03:29:22","date_gmt":"2026-03-16T06:29:22","guid":{"rendered":"https:\/\/www.encontrajequie.com.br\/sobre\/jequie-deve-ter-um-dia-com-pancadas-fortes-e-rapidas-nesta-sexta\/"},"modified":"2026-03-16T03:29:22","modified_gmt":"2026-03-16T06:29:22","slug":"jequie-deve-ter-um-dia-com-pancadas-fortes-e-rapidas-nesta-sexta","status":"publish","type":"post","link":"https:\/\/www.encontrajequie.com.br\/sobre\/jequie-deve-ter-um-dia-com-pancadas-fortes-e-rapidas-nesta-sexta\/","title":{"rendered":"Jequi\u00e9 deve ter um dia com pancadas fortes e r\u00e1pidas nesta sexta"},"content":{"rendered":"<div class=\"30cf832dc5940d4704f66d0ed9a44050\" data-index=\"1\" style=\"float: none; margin:0px;\">\n<!-- Anuncio display - global -->\r\n<ins class=\"adsbygoogle\"\r\n     style=\"display:block\"\r\n     data-ad-client=\"ca-pub-8585364105181520\"\r\n     data-ad-slot=\"8789329856\"\r\n     data-ad-format=\"auto\"\r\n     data-full-width-responsive=\"true\"><\/ins>\r\n<script>\r\n     (adsbygoogle = window.adsbygoogle || []).push({});\r\n<\/script>\n<\/div>\n<h2>Temperaturas em Jequi\u00e9: O Que Esperar Hoje<\/h2>\n<p>A expectativa para hoje em Jequi\u00e9 \u00e9 de um dia com temperaturas oscilando entre <strong>21\u00b0C<\/strong> e <strong>32\u00b0C<\/strong>. Ao amanhecer, espera-se que a temperatura esteja mais amena, proporcionando conforto nas primeiras horas do dia. Conforme o sol se eleva, a sensa\u00e7\u00e3o de calor ir\u00e1 aumentar, principalmente durante a tarde, quando se prev\u00ea que a m\u00e1xima chegue aos <strong>32\u00b0C<\/strong>.<\/p>\n<h2>Padr\u00e3o de Chuva: Quando As Pancadas Ser\u00e3o Mais Intensificadas<\/h2>\n<p>As previs\u00f5es meteorol\u00f3gicas indicam que, durante a tarde, com a eleva\u00e7\u00e3o das temperaturas, haver\u00e1 um aumento significativo na umidade relativa, resultando em pancadas de chuvas r\u00e1pidas e locais. Essas chuvas podem ocorrer a qualquer momento, mas t\u00eam maior probabilidade de se intensificarem entre o in\u00edcio da tarde e o final da tarde, caracterizando um dia inst\u00e1vel.<\/p>\n<h2>Como A Umidade Afetar\u00e1 Seu Dia<\/h2>\n<p>A umidade relativa do ar durante o dia vai variar, podendo atingir at\u00e9 <strong>100%<\/strong> nas primeiras horas da manh\u00e3 e se reduzir para aproximadamente <strong>50%<\/strong> nas horas mais quentes, especialmente \u00e0 tarde. Essa diversidade de umidade pode influenciar a temperatura percebida, fazendo com que o calor pare\u00e7a mais intenso, especialmente durante os picos de sol.<\/p>\n<p><img decoding=\"async\" src=\"https:\/\/www.encontrajequie.com.br\/sobre\/wp-content\/uploads\/2026\/03\/jequie-deve-ter-um-dia-com-pancadas-fortes-e-rapidas-nesta-sexta.webp\" alt=\"pancadas de chuva em Jequi\u00e9\" loading=\"lazy\" \/><\/p>\n<h2>Temperatura Ideal: O Que Isso Significa?<\/h2>\n<p>O conceito de temperatura ideal \u00e9 relativo e pode variar de acordo com a percep\u00e7\u00e3o de conforto de cada indiv\u00edduo. Em Jequi\u00e9, a combina\u00e7\u00e3o de temperaturas entre <strong>21\u00b0C<\/strong> e <strong>32\u00b0C<\/strong> pode ser considerada ideal para diversas atividades ao ar livre, desde que se evitem os hor\u00e1rios de calor excessivo. Utilizar protetor solar e se manter hidratado s\u00e3o recomenda\u00e7\u00f5es essenciais para lidar com o calor.<\/p>\n<h2>Ventos em Jequi\u00e9: Dire\u00e7\u00e3o e Intensidade Previstas<\/h2>\n<p>Os ventos previstos para hoje em Jequi\u00e9 dever\u00e3o ser suaves, soprando principalmente de leste a nordeste. Essa brisa pode oferecer algum al\u00edvio durante os momentos mais quentes do dia. O nascer do sol est\u00e1 programado para \u00e0s <strong>05h41<\/strong>, e o p\u00f4r do sol ocorrer\u00e1 \u00e0s <strong>18h10<\/strong>, proporcionando um dia com longas horas de luz solar.<\/p>\n<h2>Pr\u00f3ximos Dias: Como Ser\u00e1 a Previs\u00e3o do Tempo?<\/h2>\n<p>As previs\u00f5es para os pr\u00f3ximos dias em Jequi\u00e9 indicam que a instabilidade atmosf\u00e9rica continuar\u00e1. Amanh\u00e3, as temperaturas est\u00e3o previstas para variar entre <strong>21\u00b0C<\/strong> e <strong>31\u00b0C<\/strong>, com c\u00e9u encoberto e possibilidade de chuvisco. J\u00e1 no domingo (22\/02), a expectativa \u00e9 de que as temperaturas fiquem entre <strong>21\u00b0C<\/strong> e <strong>32\u00b0C<\/strong>, com muitas nuvens e chuvas eventuais. Na segunda-feira (23\/02), a temperatura dever\u00e1 oscilar entre <strong>22\u00b0C<\/strong> e <strong>32\u00b0C<\/strong>, com previs\u00e3o de chuvas em \u00e1reas espec\u00edficas.<\/p>\n<h2>Impacto das Tempestades na Vida Cotidiana<\/h2>\n<p>As tempestades, embora r\u00e1pidas, podem afetar atividades ao ar livre e causar interrup\u00e7\u00f5es em servi\u00e7os. \u00c9 aconselh\u00e1vel que os moradores de Jequi\u00e9 estejam preparados para essas instabilidades e considerem adiar compromissos que possam ser afetados, especialmente durante os hor\u00e1rios de maior incid\u00eancia de chuvas.<\/p>\n<h2>Dicas Para Enfrentar o Clima Chuvoso<\/h2>\n<p>Para lidar com o clima chuvoso, algumas dicas pr\u00e1ticas incluem:<\/p>\n<ul>\n<li><strong>Use roupas leves:<\/strong> Optar por roupas que sequem rapidamente pode tornar o dia mais confort\u00e1vel.<\/li>\n<li><strong>Leve um guarda-chuva:<\/strong> Estar preparado para mudan\u00e7as clim\u00e1ticas s\u00fabitas pode evitar desconfortos.<\/li>\n<li><strong>Mantenha-se hidratado:<\/strong> Mesmo em dias nublados ou chuvosos, \u00e9 fundamental beber \u00e1gua.<\/li>\n<li><strong>Evite estradas perigosas:<\/strong> Se houver alagamentos, prefira caminhos mais seguros.<\/li>\n<\/ul>\n<h2>Clima Amanh\u00e3: O Que Est\u00e1 Por Vir?<\/h2>\n<p>O dia de amanh\u00e3 promete ser marcado por c\u00e9u nublado com chuviscos pela manh\u00e3 e tempo fechado durante a tarde e \u00e0 noite. As temperaturas devem seguir o padr\u00e3o observado at\u00e9 aqui, oscilando entre <strong>21\u00b0C<\/strong> e <strong>31\u00b0C<\/strong>. Sin\u00f4nimo de um clima chuvoso novamente, \u00e9 importante planejar o dia com cuidado.<\/p>\n<h2>Previs\u00e3o do Tempo: Onde Encontrar Informa\u00e7\u00e3o Atualizada<\/h2>\n<p>Para acompanhar as atualiza\u00e7\u00f5es clim\u00e1ticas e receber informa\u00e7\u00f5es em tempo real, \u00e9 recomendado acessar plataformas confi\u00e1veis, como sites de meteorologia e aplicativos dedicados ao clima, que possam fornecer alertas sobre mudan\u00e7as nas condi\u00e7\u00f5es atmosf\u00e9ricas.<\/p>\n\n<div style=\"font-size: 0px; height: 0px; line-height: 0px; margin: 0; padding: 0; clear: both;\"><\/div>","protected":false},"excerpt":{"rendered":"<p>Jequi\u00e9 ter\u00e1 um dia marcado por pancadas fortes de chuva nesta sexta-feira.<\/p>\n","protected":false},"author":1,"featured_media":879,"comment_status":"open","ping_status":"closed","sticky":false,"template":"","format":"standard","meta":{"footnotes":""},"categories":[1],"tags":[],"class_list":["post-880","post","type-post","status-publish","format-standard","has-post-thumbnail","hentry","category-noticias-em-jequie","has_thumb"],"aioseo_notices":[],"aioseo_head":"\n\t\t<!-- All in One SEO 5.0.0.1 - aioseo.com -->\n\t<meta name=\"description\" content=\"Jequi\u00e9 ter\u00e1 um dia marcado por pancadas fortes de chuva nesta sexta-feira.\" \/>\n\t<meta name=\"robots\" content=\"max-image-preview:large\" \/>\n\t<meta name=\"author\" content=\"Encontra Jequi\u00e9\"\/>\n\t<link rel=\"canonical\" href=\"https:\/\/www.encontrajequie.com.br\/sobre\/jequie-deve-ter-um-dia-com-pancadas-fortes-e-rapidas-nesta-sexta\/\" \/>\n\t<meta name=\"generator\" content=\"All in One SEO (AIOSEO) 5.0.0.1\" \/>\n\t\t<meta property=\"og:locale\" content=\"pt_BR\" \/>\n\t\t<meta property=\"og:site_name\" content=\"Encontra Jequi\u00e9 | Not\u00edcias, eventos, informa\u00e7\u00f5es e dicas na cidade de Jequi\u00e9 e regi\u00e3o.\" \/>\n\t\t<meta property=\"og:type\" content=\"article\" \/>\n\t\t<meta property=\"og:title\" content=\"Jequi\u00e9 deve ter um dia com pancadas fortes e r\u00e1pidas nesta sexta | Encontra Jequi\u00e9\" \/>\n\t\t<meta property=\"og:description\" content=\"Jequi\u00e9 ter\u00e1 um dia marcado por pancadas fortes de chuva nesta sexta-feira.\" \/>\n\t\t<meta property=\"og:url\" content=\"https:\/\/www.encontrajequie.com.br\/sobre\/jequie-deve-ter-um-dia-com-pancadas-fortes-e-rapidas-nesta-sexta\/\" \/>\n\t\t<meta property=\"article:published_time\" content=\"2026-03-16T06:29:22+00:00\" \/>\n\t\t<meta property=\"article:modified_time\" content=\"2026-03-16T06:29:22+00:00\" \/>\n\t\t<meta name=\"twitter:card\" content=\"summary_large_image\" \/>\n\t\t<meta name=\"twitter:title\" content=\"Jequi\u00e9 deve ter um dia com pancadas fortes e r\u00e1pidas nesta sexta | Encontra Jequi\u00e9\" \/>\n\t\t<meta name=\"twitter:description\" content=\"Jequi\u00e9 ter\u00e1 um dia marcado por pancadas fortes de chuva nesta sexta-feira.\" \/>\n\t\t<script type=\"application\/ld+json\" class=\"aioseo-schema\">\n\t\t\t{\"@context\":\"https:\\\/\\\/schema.org\",\"@graph\":[{\"@type\":\"Article\",\"@id\":\"https:\\\/\\\/www.encontrajequie.com.br\\\/sobre\\\/jequie-deve-ter-um-dia-com-pancadas-fortes-e-rapidas-nesta-sexta\\\/#article\",\"name\":\"Jequi\\u00e9 deve ter um dia com pancadas fortes e r\\u00e1pidas nesta sexta | Encontra Jequi\\u00e9\",\"headline\":\"Jequi\\u00e9 deve ter um dia com pancadas fortes e r\\u00e1pidas nesta sexta\",\"author\":{\"@id\":\"https:\\\/\\\/www.encontrajequie.com.br\\\/sobre\\\/author\\\/ejequie\\\/#author\"},\"publisher\":{\"@id\":\"https:\\\/\\\/www.encontrajequie.com.br\\\/sobre\\\/#organization\"},\"image\":{\"@type\":\"ImageObject\",\"url\":\"https:\\\/\\\/www.encontrajequie.com.br\\\/sobre\\\/wp-content\\\/uploads\\\/2026\\\/03\\\/jequie-deve-ter-um-dia-com-pancadas-fortes-e-rapidas-nesta-sexta.webp\",\"width\":280,\"height\":280,\"caption\":\"pancadas de chuva em Jequi\\u00e9\"},\"datePublished\":\"2026-03-16T03:29:22-03:00\",\"dateModified\":\"2026-03-16T03:29:22-03:00\",\"inLanguage\":\"pt-BR\",\"mainEntityOfPage\":{\"@id\":\"https:\\\/\\\/www.encontrajequie.com.br\\\/sobre\\\/jequie-deve-ter-um-dia-com-pancadas-fortes-e-rapidas-nesta-sexta\\\/#webpage\"},\"isPartOf\":{\"@id\":\"https:\\\/\\\/www.encontrajequie.com.br\\\/sobre\\\/jequie-deve-ter-um-dia-com-pancadas-fortes-e-rapidas-nesta-sexta\\\/#webpage\"},\"articleSection\":\"Not\\u00edcias Jequi\\u00e9\"},{\"@type\":\"BreadcrumbList\",\"@id\":\"https:\\\/\\\/www.encontrajequie.com.br\\\/sobre\\\/jequie-deve-ter-um-dia-com-pancadas-fortes-e-rapidas-nesta-sexta\\\/#breadcrumblist\",\"itemListElement\":[{\"@type\":\"ListItem\",\"@id\":\"https:\\\/\\\/www.encontrajequie.com.br\\\/sobre#listItem\",\"position\":1,\"name\":\"Home\",\"item\":\"https:\\\/\\\/www.encontrajequie.com.br\\\/sobre\",\"nextItem\":{\"@type\":\"ListItem\",\"@id\":\"https:\\\/\\\/www.encontrajequie.com.br\\\/sobre\\\/noticias-em-jequie\\\/#listItem\",\"name\":\"Not\\u00edcias Jequi\\u00e9\"}},{\"@type\":\"ListItem\",\"@id\":\"https:\\\/\\\/www.encontrajequie.com.br\\\/sobre\\\/noticias-em-jequie\\\/#listItem\",\"position\":2,\"name\":\"Not\\u00edcias Jequi\\u00e9\",\"item\":\"https:\\\/\\\/www.encontrajequie.com.br\\\/sobre\\\/noticias-em-jequie\\\/\",\"nextItem\":{\"@type\":\"ListItem\",\"@id\":\"https:\\\/\\\/www.encontrajequie.com.br\\\/sobre\\\/jequie-deve-ter-um-dia-com-pancadas-fortes-e-rapidas-nesta-sexta\\\/#listItem\",\"name\":\"Jequi\\u00e9 deve ter um dia com pancadas fortes e r\\u00e1pidas nesta sexta\"},\"previousItem\":{\"@type\":\"ListItem\",\"@id\":\"https:\\\/\\\/www.encontrajequie.com.br\\\/sobre#listItem\",\"name\":\"Home\"}},{\"@type\":\"ListItem\",\"@id\":\"https:\\\/\\\/www.encontrajequie.com.br\\\/sobre\\\/jequie-deve-ter-um-dia-com-pancadas-fortes-e-rapidas-nesta-sexta\\\/#listItem\",\"position\":3,\"name\":\"Jequi\\u00e9 deve ter um dia com pancadas fortes e r\\u00e1pidas nesta sexta\",\"previousItem\":{\"@type\":\"ListItem\",\"@id\":\"https:\\\/\\\/www.encontrajequie.com.br\\\/sobre\\\/noticias-em-jequie\\\/#listItem\",\"name\":\"Not\\u00edcias Jequi\\u00e9\"}}]},{\"@type\":\"Organization\",\"@id\":\"https:\\\/\\\/www.encontrajequie.com.br\\\/sobre\\\/#organization\",\"name\":\"Encontra Jequi\\u00e9\",\"description\":\"Not\\u00edcias, eventos, informa\\u00e7\\u00f5es e dicas na cidade de Jequi\\u00e9 e regi\\u00e3o.\",\"url\":\"https:\\\/\\\/www.encontrajequie.com.br\\\/sobre\\\/\"},{\"@type\":\"Person\",\"@id\":\"https:\\\/\\\/www.encontrajequie.com.br\\\/sobre\\\/author\\\/ejequie\\\/#author\",\"url\":\"https:\\\/\\\/www.encontrajequie.com.br\\\/sobre\\\/author\\\/ejequie\\\/\",\"name\":\"Encontra Jequi\\u00e9\",\"image\":{\"@type\":\"ImageObject\",\"@id\":\"https:\\\/\\\/www.encontrajequie.com.br\\\/sobre\\\/jequie-deve-ter-um-dia-com-pancadas-fortes-e-rapidas-nesta-sexta\\\/#authorImage\",\"url\":\"https:\\\/\\\/secure.gravatar.com\\\/avatar\\\/507340682b8270222e1f208e23198b6ae7e2c6a1033ae84e99bc6bce4f82a387?s=96&d=mm&r=g\",\"width\":96,\"height\":96,\"caption\":\"Encontra Jequi\\u00e9\"}},{\"@type\":\"WebPage\",\"@id\":\"https:\\\/\\\/www.encontrajequie.com.br\\\/sobre\\\/jequie-deve-ter-um-dia-com-pancadas-fortes-e-rapidas-nesta-sexta\\\/#webpage\",\"url\":\"https:\\\/\\\/www.encontrajequie.com.br\\\/sobre\\\/jequie-deve-ter-um-dia-com-pancadas-fortes-e-rapidas-nesta-sexta\\\/\",\"name\":\"Jequi\\u00e9 deve ter um dia com pancadas fortes e r\\u00e1pidas nesta sexta | Encontra Jequi\\u00e9\",\"description\":\"Jequi\\u00e9 ter\\u00e1 um dia marcado por pancadas fortes de chuva nesta sexta-feira.\",\"inLanguage\":\"pt-BR\",\"isPartOf\":{\"@id\":\"https:\\\/\\\/www.encontrajequie.com.br\\\/sobre\\\/#website\"},\"breadcrumb\":{\"@id\":\"https:\\\/\\\/www.encontrajequie.com.br\\\/sobre\\\/jequie-deve-ter-um-dia-com-pancadas-fortes-e-rapidas-nesta-sexta\\\/#breadcrumblist\"},\"author\":{\"@id\":\"https:\\\/\\\/www.encontrajequie.com.br\\\/sobre\\\/author\\\/ejequie\\\/#author\"},\"creator\":{\"@id\":\"https:\\\/\\\/www.encontrajequie.com.br\\\/sobre\\\/author\\\/ejequie\\\/#author\"},\"image\":{\"@type\":\"ImageObject\",\"url\":\"https:\\\/\\\/www.encontrajequie.com.br\\\/sobre\\\/wp-content\\\/uploads\\\/2026\\\/03\\\/jequie-deve-ter-um-dia-com-pancadas-fortes-e-rapidas-nesta-sexta.webp\",\"@id\":\"https:\\\/\\\/www.encontrajequie.com.br\\\/sobre\\\/jequie-deve-ter-um-dia-com-pancadas-fortes-e-rapidas-nesta-sexta\\\/#mainImage\",\"width\":280,\"height\":280,\"caption\":\"pancadas de chuva em Jequi\\u00e9\"},\"primaryImageOfPage\":{\"@id\":\"https:\\\/\\\/www.encontrajequie.com.br\\\/sobre\\\/jequie-deve-ter-um-dia-com-pancadas-fortes-e-rapidas-nesta-sexta\\\/#mainImage\"},\"datePublished\":\"2026-03-16T03:29:22-03:00\",\"dateModified\":\"2026-03-16T03:29:22-03:00\"},{\"@type\":\"WebSite\",\"@id\":\"https:\\\/\\\/www.encontrajequie.com.br\\\/sobre\\\/#website\",\"url\":\"https:\\\/\\\/www.encontrajequie.com.br\\\/sobre\\\/\",\"name\":\"Encontra Jequi\\u00e9\",\"description\":\"Not\\u00edcias, eventos, informa\\u00e7\\u00f5es e dicas na cidade de Jequi\\u00e9 e regi\\u00e3o.\",\"inLanguage\":\"pt-BR\",\"publisher\":{\"@id\":\"https:\\\/\\\/www.encontrajequie.com.br\\\/sobre\\\/#organization\"}}]}\n\t\t<\/script>\n\t\t<!-- All in One SEO -->\n\n","aioseo_head_json":{"title":"Jequi\u00e9 deve ter um dia com pancadas fortes e r\u00e1pidas nesta sexta | Encontra Jequi\u00e9","description":"Jequi\u00e9 ter\u00e1 um dia marcado por pancadas fortes de chuva nesta sexta-feira.","canonical_url":"https:\/\/www.encontrajequie.com.br\/sobre\/jequie-deve-ter-um-dia-com-pancadas-fortes-e-rapidas-nesta-sexta\/","robots":"max-image-preview:large","keywords":"","webmasterTools":{"miscellaneous":""},"schema":{"@context":"https:\/\/schema.org","@graph":[{"@type":"Article","@id":"https:\/\/www.encontrajequie.com.br\/sobre\/jequie-deve-ter-um-dia-com-pancadas-fortes-e-rapidas-nesta-sexta\/#article","name":"Jequi\u00e9 deve ter um dia com pancadas fortes e r\u00e1pidas nesta sexta | Encontra Jequi\u00e9","headline":"Jequi\u00e9 deve ter um dia com pancadas fortes e r\u00e1pidas nesta sexta","author":{"@id":"https:\/\/www.encontrajequie.com.br\/sobre\/author\/ejequie\/#author"},"publisher":{"@id":"https:\/\/www.encontrajequie.com.br\/sobre\/#organization"},"image":{"@type":"ImageObject","url":"https:\/\/www.encontrajequie.com.br\/sobre\/wp-content\/uploads\/2026\/03\/jequie-deve-ter-um-dia-com-pancadas-fortes-e-rapidas-nesta-sexta.webp","width":280,"height":280,"caption":"pancadas de chuva em Jequi\u00e9"},"datePublished":"2026-03-16T03:29:22-03:00","dateModified":"2026-03-16T03:29:22-03:00","inLanguage":"pt-BR","mainEntityOfPage":{"@id":"https:\/\/www.encontrajequie.com.br\/sobre\/jequie-deve-ter-um-dia-com-pancadas-fortes-e-rapidas-nesta-sexta\/#webpage"},"isPartOf":{"@id":"https:\/\/www.encontrajequie.com.br\/sobre\/jequie-deve-ter-um-dia-com-pancadas-fortes-e-rapidas-nesta-sexta\/#webpage"},"articleSection":"Not\u00edcias Jequi\u00e9"},{"@type":"BreadcrumbList","@id":"https:\/\/www.encontrajequie.com.br\/sobre\/jequie-deve-ter-um-dia-com-pancadas-fortes-e-rapidas-nesta-sexta\/#breadcrumblist","itemListElement":[{"@type":"ListItem","@id":"https:\/\/www.encontrajequie.com.br\/sobre#listItem","position":1,"name":"Home","item":"https:\/\/www.encontrajequie.com.br\/sobre","nextItem":{"@type":"ListItem","@id":"https:\/\/www.encontrajequie.com.br\/sobre\/noticias-em-jequie\/#listItem","name":"Not\u00edcias Jequi\u00e9"}},{"@type":"ListItem","@id":"https:\/\/www.encontrajequie.com.br\/sobre\/noticias-em-jequie\/#listItem","position":2,"name":"Not\u00edcias Jequi\u00e9","item":"https:\/\/www.encontrajequie.com.br\/sobre\/noticias-em-jequie\/","nextItem":{"@type":"ListItem","@id":"https:\/\/www.encontrajequie.com.br\/sobre\/jequie-deve-ter-um-dia-com-pancadas-fortes-e-rapidas-nesta-sexta\/#listItem","name":"Jequi\u00e9 deve ter um dia com pancadas fortes e r\u00e1pidas nesta sexta"},"previousItem":{"@type":"ListItem","@id":"https:\/\/www.encontrajequie.com.br\/sobre#listItem","name":"Home"}},{"@type":"ListItem","@id":"https:\/\/www.encontrajequie.com.br\/sobre\/jequie-deve-ter-um-dia-com-pancadas-fortes-e-rapidas-nesta-sexta\/#listItem","position":3,"name":"Jequi\u00e9 deve ter um dia com pancadas fortes e r\u00e1pidas nesta sexta","previousItem":{"@type":"ListItem","@id":"https:\/\/www.encontrajequie.com.br\/sobre\/noticias-em-jequie\/#listItem","name":"Not\u00edcias Jequi\u00e9"}}]},{"@type":"Organization","@id":"https:\/\/www.encontrajequie.com.br\/sobre\/#organization","name":"Encontra Jequi\u00e9","description":"Not\u00edcias, eventos, informa\u00e7\u00f5es e dicas na cidade de Jequi\u00e9 e regi\u00e3o.","url":"https:\/\/www.encontrajequie.com.br\/sobre\/"},{"@type":"Person","@id":"https:\/\/www.encontrajequie.com.br\/sobre\/author\/ejequie\/#author","url":"https:\/\/www.encontrajequie.com.br\/sobre\/author\/ejequie\/","name":"Encontra Jequi\u00e9","image":{"@type":"ImageObject","@id":"https:\/\/www.encontrajequie.com.br\/sobre\/jequie-deve-ter-um-dia-com-pancadas-fortes-e-rapidas-nesta-sexta\/#authorImage","url":"https:\/\/secure.gravatar.com\/avatar\/507340682b8270222e1f208e23198b6ae7e2c6a1033ae84e99bc6bce4f82a387?s=96&d=mm&r=g","width":96,"height":96,"caption":"Encontra Jequi\u00e9"}},{"@type":"WebPage","@id":"https:\/\/www.encontrajequie.com.br\/sobre\/jequie-deve-ter-um-dia-com-pancadas-fortes-e-rapidas-nesta-sexta\/#webpage","url":"https:\/\/www.encontrajequie.com.br\/sobre\/jequie-deve-ter-um-dia-com-pancadas-fortes-e-rapidas-nesta-sexta\/","name":"Jequi\u00e9 deve ter um dia com pancadas fortes e r\u00e1pidas nesta sexta | Encontra Jequi\u00e9","description":"Jequi\u00e9 ter\u00e1 um dia marcado por pancadas fortes de chuva nesta sexta-feira.","inLanguage":"pt-BR","isPartOf":{"@id":"https:\/\/www.encontrajequie.com.br\/sobre\/#website"},"breadcrumb":{"@id":"https:\/\/www.encontrajequie.com.br\/sobre\/jequie-deve-ter-um-dia-com-pancadas-fortes-e-rapidas-nesta-sexta\/#breadcrumblist"},"author":{"@id":"https:\/\/www.encontrajequie.com.br\/sobre\/author\/ejequie\/#author"},"creator":{"@id":"https:\/\/www.encontrajequie.com.br\/sobre\/author\/ejequie\/#author"},"image":{"@type":"ImageObject","url":"https:\/\/www.encontrajequie.com.br\/sobre\/wp-content\/uploads\/2026\/03\/jequie-deve-ter-um-dia-com-pancadas-fortes-e-rapidas-nesta-sexta.webp","@id":"https:\/\/www.encontrajequie.com.br\/sobre\/jequie-deve-ter-um-dia-com-pancadas-fortes-e-rapidas-nesta-sexta\/#mainImage","width":280,"height":280,"caption":"pancadas de chuva em Jequi\u00e9"},"primaryImageOfPage":{"@id":"https:\/\/www.encontrajequie.com.br\/sobre\/jequie-deve-ter-um-dia-com-pancadas-fortes-e-rapidas-nesta-sexta\/#mainImage"},"datePublished":"2026-03-16T03:29:22-03:00","dateModified":"2026-03-16T03:29:22-03:00"},{"@type":"WebSite","@id":"https:\/\/www.encontrajequie.com.br\/sobre\/#website","url":"https:\/\/www.encontrajequie.com.br\/sobre\/","name":"Encontra Jequi\u00e9","description":"Not\u00edcias, eventos, informa\u00e7\u00f5es e dicas na cidade de Jequi\u00e9 e regi\u00e3o.","inLanguage":"pt-BR","publisher":{"@id":"https:\/\/www.encontrajequie.com.br\/sobre\/#organization"}}]},"og:locale":"pt_BR","og:site_name":"Encontra Jequi\u00e9 | Not\u00edcias, eventos, informa\u00e7\u00f5es e dicas na cidade de Jequi\u00e9 e regi\u00e3o.","og:type":"article","og:title":"Jequi\u00e9 deve ter um dia com pancadas fortes e r\u00e1pidas nesta sexta | Encontra Jequi\u00e9","og:description":"Jequi\u00e9 ter\u00e1 um dia marcado por pancadas fortes de chuva nesta sexta-feira.","og:url":"https:\/\/www.encontrajequie.com.br\/sobre\/jequie-deve-ter-um-dia-com-pancadas-fortes-e-rapidas-nesta-sexta\/","article:published_time":"2026-03-16T06:29:22+00:00","article:modified_time":"2026-03-16T06:29:22+00:00","twitter:card":"summary_large_image","twitter:title":"Jequi\u00e9 deve ter um dia com pancadas fortes e r\u00e1pidas nesta sexta | Encontra Jequi\u00e9","twitter:description":"Jequi\u00e9 ter\u00e1 um dia marcado por pancadas fortes de chuva nesta sexta-feira."},"aioseo_meta_data":{"post_id":"880","title":null,"description":null,"keywords":null,"keyphrases":null,"primary_term":null,"canonical_url":null,"og_title":null,"og_description":null,"og_object_type":"default","og_image_type":"default","og_image_url":null,"og_image_width":null,"og_image_height":null,"og_image_custom_url":null,"og_image_custom_fields":null,"og_video":null,"og_custom_url":null,"og_article_section":null,"og_article_tags":null,"twitter_use_og":false,"twitter_card":"default","twitter_image_type":"default","twitter_image_url":null,"twitter_image_custom_url":null,"twitter_image_custom_fields":null,"twitter_title":null,"twitter_description":null,"schema":{"blockGraphs":[],"customGraphs":[],"default":{"data":{"Article":[],"Course":[],"Dataset":[],"FAQPage":[],"Movie":[],"Person":[],"Product":[],"ProductReview":[],"Car":[],"Recipe":[],"Service":[],"SoftwareApplication":[],"WebPage":[]},"graphName":"Article","isEnabled":true},"graphs":[]},"schema_type":"default","schema_type_options":null,"pillar_content":false,"robots_default":true,"robots_noindex":false,"robots_noarchive":false,"robots_nosnippet":false,"robots_nofollow":false,"robots_noimageindex":false,"robots_noodp":false,"robots_notranslate":false,"robots_max_snippet":null,"robots_max_videopreview":null,"robots_max_imagepreview":"large","priority":null,"frequency":null,"local_seo":null,"breadcrumb_settings":null,"limit_modified_date":false,"ai":null,"created":"2026-03-16 06:29:24","updated":"2026-03-16 06:47:54","focus_keyword":null,"additional_keywords":null,"truseo_locale":null,"seo_analyzer_scan_date":null},"aioseo_breadcrumb":"<div class=\"aioseo-breadcrumbs\"><span class=\"aioseo-breadcrumb\">\n\t\t\t<a href=\"https:\/\/www.encontrajequie.com.br\/sobre\" title=\"Home\">Home<\/a>\n\t\t<\/span><span class=\"aioseo-breadcrumb-separator\">&raquo;<\/span><span class=\"aioseo-breadcrumb\">\n\t\t\t<a href=\"https:\/\/www.encontrajequie.com.br\/sobre\/noticias-em-jequie\/\" title=\"Not\u00edcias Jequi\u00e9\">Not\u00edcias Jequi\u00e9<\/a>\n\t\t<\/span><span class=\"aioseo-breadcrumb-separator\">&raquo;<\/span><span class=\"aioseo-breadcrumb\">\n\t\t\tJequi\u00e9 deve ter um dia com pancadas fortes e r\u00e1pidas nesta sexta\n\t\t<\/span><\/div>","aioseo_breadcrumb_json":[{"label":"Home","link":"https:\/\/www.encontrajequie.com.br\/sobre"},{"label":"Not\u00edcias Jequi\u00e9","link":"https:\/\/www.encontrajequie.com.br\/sobre\/noticias-em-jequie\/"},{"label":"Jequi\u00e9 deve ter um dia com pancadas fortes e r\u00e1pidas nesta sexta","link":"https:\/\/www.encontrajequie.com.br\/sobre\/jequie-deve-ter-um-dia-com-pancadas-fortes-e-rapidas-nesta-sexta\/"}],"_links":{"self":[{"href":"https:\/\/www.encontrajequie.com.br\/sobre\/wp-json\/wp\/v2\/posts\/880","targetHints":{"allow":["GET"]}}],"collection":[{"href":"https:\/\/www.encontrajequie.com.br\/sobre\/wp-json\/wp\/v2\/posts"}],"about":[{"href":"https:\/\/www.encontrajequie.com.br\/sobre\/wp-json\/wp\/v2\/types\/post"}],"author":[{"embeddable":true,"href":"https:\/\/www.encontrajequie.com.br\/sobre\/wp-json\/wp\/v2\/users\/1"}],"replies":[{"embeddable":true,"href":"https:\/\/www.encontrajequie.com.br\/sobre\/wp-json\/wp\/v2\/comments?post=880"}],"version-history":[{"count":0,"href":"https:\/\/www.encontrajequie.com.br\/sobre\/wp-json\/wp\/v2\/posts\/880\/revisions"}],"wp:featuredmedia":[{"embeddable":true,"href":"https:\/\/www.encontrajequie.com.br\/sobre\/wp-json\/wp\/v2\/media\/879"}],"wp:attachment":[{"href":"https:\/\/www.encontrajequie.com.br\/sobre\/wp-json\/wp\/v2\/media?parent=880"}],"wp:term":[{"taxonomy":"category","embeddable":true,"href":"https:\/\/www.encontrajequie.com.br\/sobre\/wp-json\/wp\/v2\/categories?post=880"},{"taxonomy":"post_tag","embeddable":true,"href":"https:\/\/www.encontrajequie.com.br\/sobre\/wp-json\/wp\/v2\/tags?post=880"}],"curies":[{"name":"wp","href":"https:\/\/api.w.org\/{rel}","templated":true}]}}