{"id":883,"date":"2026-03-17T03:28:43","date_gmt":"2026-03-17T06:28:43","guid":{"rendered":"https:\/\/www.encontrajequie.com.br\/sobre\/prefeitura-de-jequie-inicia-instalacao-de-fonte-luminosa-interativa-no-alto-da-prefeitura\/"},"modified":"2026-03-17T03:28:43","modified_gmt":"2026-03-17T06:28:43","slug":"prefeitura-de-jequie-inicia-instalacao-de-fonte-luminosa-interativa-no-alto-da-prefeitura","status":"publish","type":"post","link":"https:\/\/www.encontrajequie.com.br\/sobre\/prefeitura-de-jequie-inicia-instalacao-de-fonte-luminosa-interativa-no-alto-da-prefeitura\/","title":{"rendered":"Prefeitura de Jequi\u00e9 inicia instala\u00e7\u00e3o de fonte luminosa interativa no Alto da Prefeitura"},"content":{"rendered":"<div class=\"30cf832dc5940d4704f66d0ed9a44050\" data-index=\"1\" style=\"float: none; margin:0px;\">\n<!-- Anuncio display - global -->\r\n<ins class=\"adsbygoogle\"\r\n     style=\"display:block\"\r\n     data-ad-client=\"ca-pub-8585364105181520\"\r\n     data-ad-slot=\"8789329856\"\r\n     data-ad-format=\"auto\"\r\n     data-full-width-responsive=\"true\"><\/ins>\r\n<script>\r\n     (adsbygoogle = window.adsbygoogle || []).push({});\r\n<\/script>\n<\/div>\n<h2>Revitaliza\u00e7\u00e3o da Pra\u00e7a Duque de Caxias<\/h2>\n<p>A Prefeitura de Jequi\u00e9 est\u00e1 dando continuidade ao projeto de revitaliza\u00e7\u00e3o da Pra\u00e7a Duque de Caxias, localizada no Alto da Prefeitura. Com o intuito de enriquecer essa \u00e1rea p\u00fablica, foi iniciada a instala\u00e7\u00e3o de uma fonte luminosa interativa. Esta a\u00e7\u00e3o contribui para transformar o espa\u00e7o em um local mais atrativo tanto para os residentes quanto para os visitantes da cidade.<\/p>\n<p>A Pra\u00e7a Duque de Caxias \u00e9 um ponto central e bastante frequentado, oferecendo uma vista panor\u00e2mica espetacular da cidade, o que refor\u00e7a a relev\u00e2ncia de melhorias neste local.<\/p>\n<h2>Caracter\u00edsticas da Nova Fonte Luminosa<\/h2>\n<p>A nova fonte ter\u00e1 um comprimento de 12,5 metros e largura de aproximadamente 5 metros, com uma passarela central para a circula\u00e7\u00e3o dos pedestres. Al\u00e9m de sua estrutura central, o projeto conta com valas hidr\u00e1ulicas laterais que s\u00e3o revestidas com grades de inox, proporcionando seguran\u00e7a e robustez.<\/p>\n<p>O design da fonte combina funcionalidade e est\u00e9tica, criando um espa\u00e7o de conviv\u00eancia que promove um ambiente agrad\u00e1vel para todos.<\/p>\n<h2>Import\u00e2ncia do Espa\u00e7o P\u00fablico<\/h2>\n<p>O investimento na revitaliza\u00e7\u00e3o do espa\u00e7o p\u00fablico \u00e9 essencial para a valoriza\u00e7\u00e3o das \u00e1reas urbanas. Ao transformar locais como a Pra\u00e7a Duque de Caxias, a Prefeitura busca oferecer um ambiente que incentive a intera\u00e7\u00e3o social, promova atividades ao ar livre e fortale\u00e7a a comunidade local.<\/p>\n<p>A disponibilidade de uma fonte interativa n\u00e3o apenas embeleza o espa\u00e7o mas tamb\u00e9m oferece um recurso recreativo, principalmente para as fam\u00edlias.<\/p>\n<h2>Experi\u00eancia Interativa para os Visitantes<\/h2>\n<p>A fonte luminosa proporcionar\u00e1 uma intera\u00e7\u00e3o in\u00e9dita para os visitantes. Com bicos m\u00f3veis que criam jatos de \u00e1gua e ilumina\u00e7\u00e3o em LED subaqu\u00e1tica, a experi\u00eancia ir\u00e1 engajar o p\u00fablico. Os visitantes poder\u00e3o caminhar ao longo da passarela e aproveitar arcos de \u00e1gua iluminada que endurecem a visita ao local.<\/p>\n<p>O projeto foi elaborado para que todas as idades possam desfrutar de momentos agrad\u00e1veis, promovendo momentos de lazer e socializa\u00e7\u00e3o.<\/p>\n<h2>Contribui\u00e7\u00e3o para a Comunidade<\/h2>\n<p>A nova fonte buscar\u00e1 n\u00e3o apenas embelezar o espa\u00e7o, mas tamb\u00e9m aliviar as altas temperaturas, oferecendo um local mais agrad\u00e1vel especialmente durante os dias quentes. Essa caracter\u00edstica adicional tornar\u00e1 o espa\u00e7o um ponto ainda mais desejado para os jequieenses e os turistas.<\/p>\n<p>A instala\u00e7\u00e3o da fonte se junta a outras melhorias que est\u00e3o sendo implementadas no Alto da Prefeitura, criando um ambiente mais organizado e acess\u00edvel \u00e0 popula\u00e7\u00e3o.<\/p>\n<h2>Declara\u00e7\u00f5es do Secret\u00e1rio de Servi\u00e7os P\u00fablicos<\/h2>\n<p>O secret\u00e1rio de Servi\u00e7os P\u00fablicos, Neildo Freitas, destacou a import\u00e2ncia do novo projeto. Segundo ele, ter uma fonte interativa no Alto da Prefeitura representa um passo significativo em dire\u00e7\u00e3o \u00e0 transforma\u00e7\u00e3o do espa\u00e7o p\u00fablico.<\/p>\n<blockquote>\n<p>&#8220;Esta fonte n\u00e3o \u00e9 apenas uma nova atra\u00e7\u00e3o, mas uma reflex\u00e3o do nosso compromisso em transformar completamente o Alto da Prefeitura. O prefeito Z\u00e9 Coc\u00e1 percebeu a necessidade de criar um ambiente que tamb\u00e9m proporcione frescor em um local muito visitado, especialmente por crian\u00e7as e jovens. A beleza da fonte ornamental somada a sua funcionalidade trar\u00e1 mais conforto aos visitantes.&#8221;<\/p>\n<\/blockquote>\n<p>A vis\u00e3o do secret\u00e1rio enfatiza a import\u00e2ncia de um espa\u00e7o p\u00fablico que apoie a conviv\u00eancia comunit\u00e1ria e o bem-estar de todos.<\/p>\n<h2>Impacto na Paisagem Urbana<\/h2>\n<p>A adi\u00e7\u00e3o da fonte ao Alto da Prefeitura \u00e9 um exemplo de como o design urbano pode criar espa\u00e7os n\u00e3o apenas funcionais, mas tamb\u00e9m esteticamente agrad\u00e1veis. A paisagem da regi\u00e3o ser\u00e1 enriquecida, e a atra\u00e7\u00e3o adicional dever\u00e1 trazer mais pessoas ao local, estimulando o com\u00e9rcio e as atividades culturais ao arredor.<\/p>\n<p>Esse tipo de renova\u00e7\u00e3o no ambiente urbano aplica princ\u00edpios que valorizam a arquitetura e a paisagem da cidade, refor\u00e7ando a identidade da comunidade local.<\/p>\n<h2>Funcionamento da Fonte Interativa<\/h2>\n<p>A fonte contar\u00e1 com tecnologia avan\u00e7ada, incluindo um sistema de controle que permitir\u00e1 a troca de cores e um cronograma preestabelecido para os jatos de \u00e1gua. Isso garante uma experi\u00eancia visual din\u00e2mica e envolvente para todos os que visitam o espa\u00e7o.<\/p>\n<p>As l\u00e2mpadas em LED economizam energia e t\u00eam uma longa durabilidade, contribuindo para a sustentabilidade do projeto.<\/p>\n<h2>Seguran\u00e7a e Durabilidade do Projeto<\/h2>\n<p>Al\u00e9m da beleza, o projeto prioriza a seguran\u00e7a dos usu\u00e1rios. As valas que cercam a fonte s\u00e3o revestidas com material resistente, evitando acidentes e garantindo que a estrutura permane\u00e7a \u00edntegra ao longo do tempo.<\/p>\n<p>A instala\u00e7\u00e3o de um sistema de drenagem eficiente \u00e9 crucial para lidar com as chuvas, prevenindo alagamentos e prolongando a vida \u00fatil da fonte.<\/p>\n<h2>Benef\u00edcios para Moradores e Turistas<\/h2>\n<p>A nova fonte interativa trar\u00e1 benef\u00edcios diretos tanto para a comunidade local quanto para os visitantes. Para os moradores, a valoriza\u00e7\u00e3o do espa\u00e7o p\u00fablico significa mais op\u00e7\u00f5es de lazer e atividades para se desfrutar em fam\u00edlia e com amigos.<\/p>\n<p>Os turistas, por sua vez, t\u00eam a oportunidade de conhecer um novo ponto de interesse que enriquece o passeio pela cidade, promovendo a experi\u00eancia cultural e o turismo em Jequi\u00e9. A fonte passar\u00e1 a ser um marco simb\u00f3lico, refletindo o desenvolvimento e a preocupa\u00e7\u00e3o com o bem-estar da popula\u00e7\u00e3o.<\/p>\n\n<div style=\"font-size: 0px; height: 0px; line-height: 0px; margin: 0; padding: 0; clear: both;\"><\/div>","protected":false},"excerpt":{"rendered":"<p>Fonte luminosa interativa transforma o Alto da Prefeitura em um ponto tur\u00edstico.<\/p>\n","protected":false},"author":1,"featured_media":0,"comment_status":"open","ping_status":"closed","sticky":false,"template":"","format":"standard","meta":{"footnotes":""},"categories":[1],"tags":[],"class_list":["post-883","post","type-post","status-publish","format-standard","hentry","category-noticias-em-jequie"],"aioseo_notices":[],"aioseo_head":"\n\t\t<!-- All in One SEO 5.0.0.1 - aioseo.com -->\n\t<meta name=\"description\" content=\"Fonte luminosa interativa transforma o Alto da Prefeitura em um ponto tur\u00edstico.\" \/>\n\t<meta name=\"robots\" content=\"max-image-preview:large\" \/>\n\t<meta name=\"author\" content=\"Encontra Jequi\u00e9\"\/>\n\t<link rel=\"canonical\" href=\"https:\/\/www.encontrajequie.com.br\/sobre\/prefeitura-de-jequie-inicia-instalacao-de-fonte-luminosa-interativa-no-alto-da-prefeitura\/\" \/>\n\t<meta name=\"generator\" content=\"All in One SEO (AIOSEO) 5.0.0.1\" \/>\n\t\t<meta property=\"og:locale\" content=\"pt_BR\" \/>\n\t\t<meta property=\"og:site_name\" content=\"Encontra Jequi\u00e9 | Not\u00edcias, eventos, informa\u00e7\u00f5es e dicas na cidade de Jequi\u00e9 e regi\u00e3o.\" \/>\n\t\t<meta property=\"og:type\" content=\"article\" \/>\n\t\t<meta property=\"og:title\" content=\"Prefeitura de Jequi\u00e9 inicia instala\u00e7\u00e3o de fonte luminosa interativa no Alto da Prefeitura | Encontra Jequi\u00e9\" \/>\n\t\t<meta property=\"og:description\" content=\"Fonte luminosa interativa transforma o Alto da Prefeitura em um ponto tur\u00edstico.\" \/>\n\t\t<meta property=\"og:url\" content=\"https:\/\/www.encontrajequie.com.br\/sobre\/prefeitura-de-jequie-inicia-instalacao-de-fonte-luminosa-interativa-no-alto-da-prefeitura\/\" \/>\n\t\t<meta property=\"article:published_time\" content=\"2026-03-17T06:28:43+00:00\" \/>\n\t\t<meta property=\"article:modified_time\" content=\"2026-03-17T06:28:43+00:00\" \/>\n\t\t<meta name=\"twitter:card\" content=\"summary_large_image\" \/>\n\t\t<meta name=\"twitter:title\" content=\"Prefeitura de Jequi\u00e9 inicia instala\u00e7\u00e3o de fonte luminosa interativa no Alto da Prefeitura | Encontra Jequi\u00e9\" \/>\n\t\t<meta name=\"twitter:description\" content=\"Fonte luminosa interativa transforma o Alto da Prefeitura em um ponto tur\u00edstico.\" \/>\n\t\t<script type=\"application\/ld+json\" class=\"aioseo-schema\">\n\t\t\t{\"@context\":\"https:\\\/\\\/schema.org\",\"@graph\":[{\"@type\":\"Article\",\"@id\":\"https:\\\/\\\/www.encontrajequie.com.br\\\/sobre\\\/prefeitura-de-jequie-inicia-instalacao-de-fonte-luminosa-interativa-no-alto-da-prefeitura\\\/#article\",\"name\":\"Prefeitura de Jequi\\u00e9 inicia instala\\u00e7\\u00e3o de fonte luminosa interativa no Alto da Prefeitura | Encontra Jequi\\u00e9\",\"headline\":\"Prefeitura de Jequi\\u00e9 inicia instala\\u00e7\\u00e3o de fonte luminosa interativa no Alto da Prefeitura\",\"author\":{\"@id\":\"https:\\\/\\\/www.encontrajequie.com.br\\\/sobre\\\/author\\\/ejequie\\\/#author\"},\"publisher\":{\"@id\":\"https:\\\/\\\/www.encontrajequie.com.br\\\/sobre\\\/#organization\"},\"datePublished\":\"2026-03-17T03:28:43-03:00\",\"dateModified\":\"2026-03-17T03:28:43-03:00\",\"inLanguage\":\"pt-BR\",\"mainEntityOfPage\":{\"@id\":\"https:\\\/\\\/www.encontrajequie.com.br\\\/sobre\\\/prefeitura-de-jequie-inicia-instalacao-de-fonte-luminosa-interativa-no-alto-da-prefeitura\\\/#webpage\"},\"isPartOf\":{\"@id\":\"https:\\\/\\\/www.encontrajequie.com.br\\\/sobre\\\/prefeitura-de-jequie-inicia-instalacao-de-fonte-luminosa-interativa-no-alto-da-prefeitura\\\/#webpage\"},\"articleSection\":\"Not\\u00edcias Jequi\\u00e9\"},{\"@type\":\"BreadcrumbList\",\"@id\":\"https:\\\/\\\/www.encontrajequie.com.br\\\/sobre\\\/prefeitura-de-jequie-inicia-instalacao-de-fonte-luminosa-interativa-no-alto-da-prefeitura\\\/#breadcrumblist\",\"itemListElement\":[{\"@type\":\"ListItem\",\"@id\":\"https:\\\/\\\/www.encontrajequie.com.br\\\/sobre#listItem\",\"position\":1,\"name\":\"Home\",\"item\":\"https:\\\/\\\/www.encontrajequie.com.br\\\/sobre\",\"nextItem\":{\"@type\":\"ListItem\",\"@id\":\"https:\\\/\\\/www.encontrajequie.com.br\\\/sobre\\\/noticias-em-jequie\\\/#listItem\",\"name\":\"Not\\u00edcias Jequi\\u00e9\"}},{\"@type\":\"ListItem\",\"@id\":\"https:\\\/\\\/www.encontrajequie.com.br\\\/sobre\\\/noticias-em-jequie\\\/#listItem\",\"position\":2,\"name\":\"Not\\u00edcias Jequi\\u00e9\",\"item\":\"https:\\\/\\\/www.encontrajequie.com.br\\\/sobre\\\/noticias-em-jequie\\\/\",\"nextItem\":{\"@type\":\"ListItem\",\"@id\":\"https:\\\/\\\/www.encontrajequie.com.br\\\/sobre\\\/prefeitura-de-jequie-inicia-instalacao-de-fonte-luminosa-interativa-no-alto-da-prefeitura\\\/#listItem\",\"name\":\"Prefeitura de Jequi\\u00e9 inicia instala\\u00e7\\u00e3o de fonte luminosa interativa no Alto da Prefeitura\"},\"previousItem\":{\"@type\":\"ListItem\",\"@id\":\"https:\\\/\\\/www.encontrajequie.com.br\\\/sobre#listItem\",\"name\":\"Home\"}},{\"@type\":\"ListItem\",\"@id\":\"https:\\\/\\\/www.encontrajequie.com.br\\\/sobre\\\/prefeitura-de-jequie-inicia-instalacao-de-fonte-luminosa-interativa-no-alto-da-prefeitura\\\/#listItem\",\"position\":3,\"name\":\"Prefeitura de Jequi\\u00e9 inicia instala\\u00e7\\u00e3o de fonte luminosa interativa no Alto da Prefeitura\",\"previousItem\":{\"@type\":\"ListItem\",\"@id\":\"https:\\\/\\\/www.encontrajequie.com.br\\\/sobre\\\/noticias-em-jequie\\\/#listItem\",\"name\":\"Not\\u00edcias Jequi\\u00e9\"}}]},{\"@type\":\"Organization\",\"@id\":\"https:\\\/\\\/www.encontrajequie.com.br\\\/sobre\\\/#organization\",\"name\":\"Encontra Jequi\\u00e9\",\"description\":\"Not\\u00edcias, eventos, informa\\u00e7\\u00f5es e dicas na cidade de Jequi\\u00e9 e regi\\u00e3o.\",\"url\":\"https:\\\/\\\/www.encontrajequie.com.br\\\/sobre\\\/\"},{\"@type\":\"Person\",\"@id\":\"https:\\\/\\\/www.encontrajequie.com.br\\\/sobre\\\/author\\\/ejequie\\\/#author\",\"url\":\"https:\\\/\\\/www.encontrajequie.com.br\\\/sobre\\\/author\\\/ejequie\\\/\",\"name\":\"Encontra Jequi\\u00e9\",\"image\":{\"@type\":\"ImageObject\",\"@id\":\"https:\\\/\\\/www.encontrajequie.com.br\\\/sobre\\\/prefeitura-de-jequie-inicia-instalacao-de-fonte-luminosa-interativa-no-alto-da-prefeitura\\\/#authorImage\",\"url\":\"https:\\\/\\\/secure.gravatar.com\\\/avatar\\\/507340682b8270222e1f208e23198b6ae7e2c6a1033ae84e99bc6bce4f82a387?s=96&d=mm&r=g\",\"width\":96,\"height\":96,\"caption\":\"Encontra Jequi\\u00e9\"}},{\"@type\":\"WebPage\",\"@id\":\"https:\\\/\\\/www.encontrajequie.com.br\\\/sobre\\\/prefeitura-de-jequie-inicia-instalacao-de-fonte-luminosa-interativa-no-alto-da-prefeitura\\\/#webpage\",\"url\":\"https:\\\/\\\/www.encontrajequie.com.br\\\/sobre\\\/prefeitura-de-jequie-inicia-instalacao-de-fonte-luminosa-interativa-no-alto-da-prefeitura\\\/\",\"name\":\"Prefeitura de Jequi\\u00e9 inicia instala\\u00e7\\u00e3o de fonte luminosa interativa no Alto da Prefeitura | Encontra Jequi\\u00e9\",\"description\":\"Fonte luminosa interativa transforma o Alto da Prefeitura em um ponto tur\\u00edstico.\",\"inLanguage\":\"pt-BR\",\"isPartOf\":{\"@id\":\"https:\\\/\\\/www.encontrajequie.com.br\\\/sobre\\\/#website\"},\"breadcrumb\":{\"@id\":\"https:\\\/\\\/www.encontrajequie.com.br\\\/sobre\\\/prefeitura-de-jequie-inicia-instalacao-de-fonte-luminosa-interativa-no-alto-da-prefeitura\\\/#breadcrumblist\"},\"author\":{\"@id\":\"https:\\\/\\\/www.encontrajequie.com.br\\\/sobre\\\/author\\\/ejequie\\\/#author\"},\"creator\":{\"@id\":\"https:\\\/\\\/www.encontrajequie.com.br\\\/sobre\\\/author\\\/ejequie\\\/#author\"},\"datePublished\":\"2026-03-17T03:28:43-03:00\",\"dateModified\":\"2026-03-17T03:28:43-03:00\"},{\"@type\":\"WebSite\",\"@id\":\"https:\\\/\\\/www.encontrajequie.com.br\\\/sobre\\\/#website\",\"url\":\"https:\\\/\\\/www.encontrajequie.com.br\\\/sobre\\\/\",\"name\":\"Encontra Jequi\\u00e9\",\"description\":\"Not\\u00edcias, eventos, informa\\u00e7\\u00f5es e dicas na cidade de Jequi\\u00e9 e regi\\u00e3o.\",\"inLanguage\":\"pt-BR\",\"publisher\":{\"@id\":\"https:\\\/\\\/www.encontrajequie.com.br\\\/sobre\\\/#organization\"}}]}\n\t\t<\/script>\n\t\t<!-- All in One SEO -->\n\n","aioseo_head_json":{"title":"Prefeitura de Jequi\u00e9 inicia instala\u00e7\u00e3o de fonte luminosa interativa no Alto da Prefeitura | Encontra Jequi\u00e9","description":"Fonte luminosa interativa transforma o Alto da Prefeitura em um ponto tur\u00edstico.","canonical_url":"https:\/\/www.encontrajequie.com.br\/sobre\/prefeitura-de-jequie-inicia-instalacao-de-fonte-luminosa-interativa-no-alto-da-prefeitura\/","robots":"max-image-preview:large","keywords":"","webmasterTools":{"miscellaneous":""},"schema":{"@context":"https:\/\/schema.org","@graph":[{"@type":"Article","@id":"https:\/\/www.encontrajequie.com.br\/sobre\/prefeitura-de-jequie-inicia-instalacao-de-fonte-luminosa-interativa-no-alto-da-prefeitura\/#article","name":"Prefeitura de Jequi\u00e9 inicia instala\u00e7\u00e3o de fonte luminosa interativa no Alto da Prefeitura | Encontra Jequi\u00e9","headline":"Prefeitura de Jequi\u00e9 inicia instala\u00e7\u00e3o de fonte luminosa interativa no Alto da Prefeitura","author":{"@id":"https:\/\/www.encontrajequie.com.br\/sobre\/author\/ejequie\/#author"},"publisher":{"@id":"https:\/\/www.encontrajequie.com.br\/sobre\/#organization"},"datePublished":"2026-03-17T03:28:43-03:00","dateModified":"2026-03-17T03:28:43-03:00","inLanguage":"pt-BR","mainEntityOfPage":{"@id":"https:\/\/www.encontrajequie.com.br\/sobre\/prefeitura-de-jequie-inicia-instalacao-de-fonte-luminosa-interativa-no-alto-da-prefeitura\/#webpage"},"isPartOf":{"@id":"https:\/\/www.encontrajequie.com.br\/sobre\/prefeitura-de-jequie-inicia-instalacao-de-fonte-luminosa-interativa-no-alto-da-prefeitura\/#webpage"},"articleSection":"Not\u00edcias Jequi\u00e9"},{"@type":"BreadcrumbList","@id":"https:\/\/www.encontrajequie.com.br\/sobre\/prefeitura-de-jequie-inicia-instalacao-de-fonte-luminosa-interativa-no-alto-da-prefeitura\/#breadcrumblist","itemListElement":[{"@type":"ListItem","@id":"https:\/\/www.encontrajequie.com.br\/sobre#listItem","position":1,"name":"Home","item":"https:\/\/www.encontrajequie.com.br\/sobre","nextItem":{"@type":"ListItem","@id":"https:\/\/www.encontrajequie.com.br\/sobre\/noticias-em-jequie\/#listItem","name":"Not\u00edcias Jequi\u00e9"}},{"@type":"ListItem","@id":"https:\/\/www.encontrajequie.com.br\/sobre\/noticias-em-jequie\/#listItem","position":2,"name":"Not\u00edcias Jequi\u00e9","item":"https:\/\/www.encontrajequie.com.br\/sobre\/noticias-em-jequie\/","nextItem":{"@type":"ListItem","@id":"https:\/\/www.encontrajequie.com.br\/sobre\/prefeitura-de-jequie-inicia-instalacao-de-fonte-luminosa-interativa-no-alto-da-prefeitura\/#listItem","name":"Prefeitura de Jequi\u00e9 inicia instala\u00e7\u00e3o de fonte luminosa interativa no Alto da Prefeitura"},"previousItem":{"@type":"ListItem","@id":"https:\/\/www.encontrajequie.com.br\/sobre#listItem","name":"Home"}},{"@type":"ListItem","@id":"https:\/\/www.encontrajequie.com.br\/sobre\/prefeitura-de-jequie-inicia-instalacao-de-fonte-luminosa-interativa-no-alto-da-prefeitura\/#listItem","position":3,"name":"Prefeitura de Jequi\u00e9 inicia instala\u00e7\u00e3o de fonte luminosa interativa no Alto da Prefeitura","previousItem":{"@type":"ListItem","@id":"https:\/\/www.encontrajequie.com.br\/sobre\/noticias-em-jequie\/#listItem","name":"Not\u00edcias Jequi\u00e9"}}]},{"@type":"Organization","@id":"https:\/\/www.encontrajequie.com.br\/sobre\/#organization","name":"Encontra Jequi\u00e9","description":"Not\u00edcias, eventos, informa\u00e7\u00f5es e dicas na cidade de Jequi\u00e9 e regi\u00e3o.","url":"https:\/\/www.encontrajequie.com.br\/sobre\/"},{"@type":"Person","@id":"https:\/\/www.encontrajequie.com.br\/sobre\/author\/ejequie\/#author","url":"https:\/\/www.encontrajequie.com.br\/sobre\/author\/ejequie\/","name":"Encontra Jequi\u00e9","image":{"@type":"ImageObject","@id":"https:\/\/www.encontrajequie.com.br\/sobre\/prefeitura-de-jequie-inicia-instalacao-de-fonte-luminosa-interativa-no-alto-da-prefeitura\/#authorImage","url":"https:\/\/secure.gravatar.com\/avatar\/507340682b8270222e1f208e23198b6ae7e2c6a1033ae84e99bc6bce4f82a387?s=96&d=mm&r=g","width":96,"height":96,"caption":"Encontra Jequi\u00e9"}},{"@type":"WebPage","@id":"https:\/\/www.encontrajequie.com.br\/sobre\/prefeitura-de-jequie-inicia-instalacao-de-fonte-luminosa-interativa-no-alto-da-prefeitura\/#webpage","url":"https:\/\/www.encontrajequie.com.br\/sobre\/prefeitura-de-jequie-inicia-instalacao-de-fonte-luminosa-interativa-no-alto-da-prefeitura\/","name":"Prefeitura de Jequi\u00e9 inicia instala\u00e7\u00e3o de fonte luminosa interativa no Alto da Prefeitura | Encontra Jequi\u00e9","description":"Fonte luminosa interativa transforma o Alto da Prefeitura em um ponto tur\u00edstico.","inLanguage":"pt-BR","isPartOf":{"@id":"https:\/\/www.encontrajequie.com.br\/sobre\/#website"},"breadcrumb":{"@id":"https:\/\/www.encontrajequie.com.br\/sobre\/prefeitura-de-jequie-inicia-instalacao-de-fonte-luminosa-interativa-no-alto-da-prefeitura\/#breadcrumblist"},"author":{"@id":"https:\/\/www.encontrajequie.com.br\/sobre\/author\/ejequie\/#author"},"creator":{"@id":"https:\/\/www.encontrajequie.com.br\/sobre\/author\/ejequie\/#author"},"datePublished":"2026-03-17T03:28:43-03:00","dateModified":"2026-03-17T03:28:43-03:00"},{"@type":"WebSite","@id":"https:\/\/www.encontrajequie.com.br\/sobre\/#website","url":"https:\/\/www.encontrajequie.com.br\/sobre\/","name":"Encontra Jequi\u00e9","description":"Not\u00edcias, eventos, informa\u00e7\u00f5es e dicas na cidade de Jequi\u00e9 e regi\u00e3o.","inLanguage":"pt-BR","publisher":{"@id":"https:\/\/www.encontrajequie.com.br\/sobre\/#organization"}}]},"og:locale":"pt_BR","og:site_name":"Encontra Jequi\u00e9 | Not\u00edcias, eventos, informa\u00e7\u00f5es e dicas na cidade de Jequi\u00e9 e regi\u00e3o.","og:type":"article","og:title":"Prefeitura de Jequi\u00e9 inicia instala\u00e7\u00e3o de fonte luminosa interativa no Alto da Prefeitura | Encontra Jequi\u00e9","og:description":"Fonte luminosa interativa transforma o Alto da Prefeitura em um ponto tur\u00edstico.","og:url":"https:\/\/www.encontrajequie.com.br\/sobre\/prefeitura-de-jequie-inicia-instalacao-de-fonte-luminosa-interativa-no-alto-da-prefeitura\/","article:published_time":"2026-03-17T06:28:43+00:00","article:modified_time":"2026-03-17T06:28:43+00:00","twitter:card":"summary_large_image","twitter:title":"Prefeitura de Jequi\u00e9 inicia instala\u00e7\u00e3o de fonte luminosa interativa no Alto da Prefeitura | Encontra Jequi\u00e9","twitter:description":"Fonte luminosa interativa transforma o Alto da Prefeitura em um ponto tur\u00edstico."},"aioseo_meta_data":{"post_id":"883","title":null,"description":null,"keywords":null,"keyphrases":null,"primary_term":null,"canonical_url":null,"og_title":null,"og_description":null,"og_object_type":"default","og_image_type":"default","og_image_url":null,"og_image_width":null,"og_image_height":null,"og_image_custom_url":null,"og_image_custom_fields":null,"og_video":null,"og_custom_url":null,"og_article_section":null,"og_article_tags":null,"twitter_use_og":false,"twitter_card":"default","twitter_image_type":"default","twitter_image_url":null,"twitter_image_custom_url":null,"twitter_image_custom_fields":null,"twitter_title":null,"twitter_description":null,"schema":{"blockGraphs":[],"customGraphs":[],"default":{"data":{"Article":[],"Course":[],"Dataset":[],"FAQPage":[],"Movie":[],"Person":[],"Product":[],"ProductReview":[],"Car":[],"Recipe":[],"Service":[],"SoftwareApplication":[],"WebPage":[]},"graphName":"Article","isEnabled":true},"graphs":[]},"schema_type":"default","schema_type_options":null,"pillar_content":false,"robots_default":true,"robots_noindex":false,"robots_noarchive":false,"robots_nosnippet":false,"robots_nofollow":false,"robots_noimageindex":false,"robots_noodp":false,"robots_notranslate":false,"robots_max_snippet":null,"robots_max_videopreview":null,"robots_max_imagepreview":"large","priority":null,"frequency":null,"local_seo":null,"breadcrumb_settings":null,"limit_modified_date":false,"ai":null,"created":"2026-03-17 06:28:47","updated":"2026-03-17 06:37:43","focus_keyword":null,"additional_keywords":null,"truseo_locale":null,"seo_analyzer_scan_date":null},"aioseo_breadcrumb":"<div class=\"aioseo-breadcrumbs\"><span class=\"aioseo-breadcrumb\">\n\t\t\t<a href=\"https:\/\/www.encontrajequie.com.br\/sobre\" title=\"Home\">Home<\/a>\n\t\t<\/span><span class=\"aioseo-breadcrumb-separator\">&raquo;<\/span><span class=\"aioseo-breadcrumb\">\n\t\t\t<a href=\"https:\/\/www.encontrajequie.com.br\/sobre\/noticias-em-jequie\/\" title=\"Not\u00edcias Jequi\u00e9\">Not\u00edcias Jequi\u00e9<\/a>\n\t\t<\/span><span class=\"aioseo-breadcrumb-separator\">&raquo;<\/span><span class=\"aioseo-breadcrumb\">\n\t\t\tPrefeitura de Jequi\u00e9 inicia instala\u00e7\u00e3o de fonte luminosa interativa no Alto da Prefeitura\n\t\t<\/span><\/div>","aioseo_breadcrumb_json":[{"label":"Home","link":"https:\/\/www.encontrajequie.com.br\/sobre"},{"label":"Not\u00edcias Jequi\u00e9","link":"https:\/\/www.encontrajequie.com.br\/sobre\/noticias-em-jequie\/"},{"label":"Prefeitura de Jequi\u00e9 inicia instala\u00e7\u00e3o de fonte luminosa interativa no Alto da Prefeitura","link":"https:\/\/www.encontrajequie.com.br\/sobre\/prefeitura-de-jequie-inicia-instalacao-de-fonte-luminosa-interativa-no-alto-da-prefeitura\/"}],"_links":{"self":[{"href":"https:\/\/www.encontrajequie.com.br\/sobre\/wp-json\/wp\/v2\/posts\/883","targetHints":{"allow":["GET"]}}],"collection":[{"href":"https:\/\/www.encontrajequie.com.br\/sobre\/wp-json\/wp\/v2\/posts"}],"about":[{"href":"https:\/\/www.encontrajequie.com.br\/sobre\/wp-json\/wp\/v2\/types\/post"}],"author":[{"embeddable":true,"href":"https:\/\/www.encontrajequie.com.br\/sobre\/wp-json\/wp\/v2\/users\/1"}],"replies":[{"embeddable":true,"href":"https:\/\/www.encontrajequie.com.br\/sobre\/wp-json\/wp\/v2\/comments?post=883"}],"version-history":[{"count":0,"href":"https:\/\/www.encontrajequie.com.br\/sobre\/wp-json\/wp\/v2\/posts\/883\/revisions"}],"wp:attachment":[{"href":"https:\/\/www.encontrajequie.com.br\/sobre\/wp-json\/wp\/v2\/media?parent=883"}],"wp:term":[{"taxonomy":"category","embeddable":true,"href":"https:\/\/www.encontrajequie.com.br\/sobre\/wp-json\/wp\/v2\/categories?post=883"},{"taxonomy":"post_tag","embeddable":true,"href":"https:\/\/www.encontrajequie.com.br\/sobre\/wp-json\/wp\/v2\/tags?post=883"}],"curies":[{"name":"wp","href":"https:\/\/api.w.org\/{rel}","templated":true}]}}