{"id":885,"date":"2026-03-17T03:32:10","date_gmt":"2026-03-17T06:32:10","guid":{"rendered":"https:\/\/www.encontrajequie.com.br\/sobre\/deputado-critica-ze-coca-e-diz-que-prefeito-age-como-ditador-em-jequie\/"},"modified":"2026-03-17T03:32:10","modified_gmt":"2026-03-17T06:32:10","slug":"deputado-critica-ze-coca-e-diz-que-prefeito-age-como-ditador-em-jequie","status":"publish","type":"post","link":"https:\/\/www.encontrajequie.com.br\/sobre\/deputado-critica-ze-coca-e-diz-que-prefeito-age-como-ditador-em-jequie\/","title":{"rendered":"Deputado critica Z\u00e9 Coc\u00e1 e diz que prefeito age como \u201cditador\u201d em Jequi\u00e9"},"content":{"rendered":"<div class=\"30cf832dc5940d4704f66d0ed9a44050\" data-index=\"1\" style=\"float: none; margin:0px;\">\n<!-- Anuncio display - global -->\r\n<ins class=\"adsbygoogle\"\r\n     style=\"display:block\"\r\n     data-ad-client=\"ca-pub-8585364105181520\"\r\n     data-ad-slot=\"8789329856\"\r\n     data-ad-format=\"auto\"\r\n     data-full-width-responsive=\"true\"><\/ins>\r\n<script>\r\n     (adsbygoogle = window.adsbygoogle || []).push({});\r\n<\/script>\n<\/div>\n<h2>A alian\u00e7a pol\u00edtica de Jequi\u00e9<\/h2>\n<p>A pol\u00edtica na cidade de Jequi\u00e9 tem sido marcada por intensas disputas e alian\u00e7as. Com as elei\u00e7\u00f5es se aproximando, a din\u00e2mica entre os l\u00edderes pol\u00edticos se torna cada vez mais crucial, principalmente em fun\u00e7\u00e3o das novas candidaturas que surgem e da necessidade de apoio nas esferas estadual e federal. O atual prefeito, Z\u00e9 Coc\u00e1, que \u00e9 membro do Progressistas, tem sido um protagonista nessas discuss\u00f5es, principalmente em rela\u00e7\u00e3o \u00e0s suas escolhas e a\u00e7\u00f5es no contexto local.<\/p>\n<h2>A postura dos vereadores frente \u00e0 press\u00e3o<\/h2>\n<p>Os vereadores da C\u00e2mara Municipal t\u00eam expressado publicamente seu descontentamento com a posi\u00e7\u00e3o que Z\u00e9 Coc\u00e1 tem adotado. Segundo informa\u00e7\u00f5es recentes, o prefeito tem tentado direcionar as decis\u00f5es dos parlamentares, for\u00e7ando-os a apoiar candidatos que ele aprova. Essa movimenta\u00e7\u00e3o tem gerado insatisfa\u00e7\u00e3o entre membros da c\u00e2mara, levando alguns a se manifestarem contra essa pr\u00e1tica de imposi\u00e7\u00e3o e controle pol\u00edtico.<\/p>\n<h2>Cr\u00edticas de Euclides Fernandes a Z\u00e9 Coc\u00e1<\/h2>\n<p>O deputado estadual Euclides Fernandes, do Partido dos Trabalhadores (PT), n\u00e3o hesitou em criticar o prefeito Z\u00e9 Coc\u00e1. Durante uma entrevista, ele mencionou que a atitude do prefeito \u00e9 um reflexo de uma postura autorit\u00e1ria. Para Fernandes, a tentativa de interferir nas escolhas dos vereadores representa uma forma de ditadura, prejudicando a democracia local.<\/p>\n<h2>Os reflexos da influ\u00eancia pol\u00edtica<\/h2>\n<p>A influ\u00eancia excessiva do prefeito nas decis\u00f5es dos vereadores pode ter consequ\u00eancias adversas para a pol\u00edtica local. Se os parlamentares sentem que n\u00e3o podem decidir de maneira independente, isso pode levar a um clima de desconfian\u00e7a e divis\u00e3o entre os grupos pol\u00edticos da cidade. A falta de harmonia pode, consequentemente, afetar a governabilidade e a implementa\u00e7\u00e3o de pol\u00edticas p\u00fablicas.<\/p>\n<h2>Momento decisivo para a pol\u00edtica local<\/h2>\n<p>Jequi\u00e9 se encontra em um momento crucial. A proximidade das elei\u00e7\u00f5es traz \u00e0 tona a necessidade de decis\u00f5es claras por parte dos l\u00edderes locais. A postura &#8220;em cima do muro&#8221; de Z\u00e9 Coc\u00e1 em rela\u00e7\u00e3o ao apoio a candidatos estaduais pode desestabiliz\u00e1-lo frente a seus aliados e eleitores. A aus\u00eancia de uma posi\u00e7\u00e3o definida pode resultar em perda de credibilidade para o prefeito, conforme destacado por Euclides Fernandes.<\/p>\n<h2>A falta de defini\u00e7\u00e3o pol\u00edtica de Z\u00e9 Coc\u00e1<\/h2>\n<p>O prefeito Z\u00e9 Coc\u00e1 ainda n\u00e3o se pronunciou claramente sobre quem apoiar\u00e1 na disputa pelo governo da Bahia. Ele se encontra indeciso entre apoiar o ex-prefeito ACM Neto, que se apresenta como candidato pelo Uni\u00e3o Brasil, ou o governador Jer\u00f4nimo Rodrigues, que busca a reelei\u00e7\u00e3o. Esta hesita\u00e7\u00e3o gera descontentamento entre seus apoiadores, que buscam uma lideran\u00e7a firme e capaz de conduzir a cidade em uma dire\u00e7\u00e3o clara.<\/p>\n<h2>Apelo \u00e0 credibilidade pol\u00edtica<\/h2>\n<p>A credibilidade \u00e9 um fator vital na pol\u00edtica, e a atitude de um l\u00edder pode influenciar a percep\u00e7\u00e3o p\u00fablica. A falta de uma posi\u00e7\u00e3o assertiva de Z\u00e9 Coc\u00e1 sobre as alian\u00e7as pol\u00edticas pode criar um ambiente de incerteza. De acordo com Euclides Fernandes, a indecis\u00e3o gera desconfian\u00e7a, dificultando a constru\u00e7\u00e3o de uma imagem forte e respeitada frente aos cidad\u00e3os e outros pol\u00edticos.<\/p>\n<h2>O papel do apoio ao governador<\/h2>\n<p>Euclides Fernandes defende que Z\u00e9 Coc\u00e1 deveria se unir ao governador Jer\u00f4nimo Rodrigues, dada a s\u00e9rie de investimentos e projetos que o governo estadual tem implementado em Jequi\u00e9. Para ele, apoiar o atual governador \u00e9 uma decis\u00e3o estrat\u00e9gica que beneficiaria a cidade, considerando os avan\u00e7os em infraestrutura e outras \u00e1reas que t\u00eam sido promovidos pela gest\u00e3o estadual.<\/p>\n<h2>Consequ\u00eancias da abordagem &#8216;em cima do muro&#8217;<\/h2>\n<p>A abordagem indecisa de Z\u00e9 Coc\u00e1 pode acarretar em v\u00e1rias repercuss\u00f5es. Primeiro, pode afastar potenciais aliados que se sintam inseguros em rela\u00e7\u00e3o \u00e0 continuidade do prefeito no poder e sua capacidade de gest\u00e3o. Al\u00e9m disso, a falta de uma linha clara de a\u00e7\u00e3o pode resultar em uma campanha menos eficaz e, portanto, em um desempenho eleitoral abaixo do esperado.<\/p>\n<h2>Vis\u00f5es para o futuro pol\u00edtico de Jequi\u00e9<\/h2>\n<p>O futuro pol\u00edtico de Jequi\u00e9 depende, em grande parte, de a\u00e7\u00f5es decisivas por parte de Z\u00e9 Coc\u00e1. Se ele conseguir alinhar suas a\u00e7\u00f5es e comunicar efetivamente suas inten\u00e7\u00f5es, pode consolidar sua posi\u00e7\u00e3o. No entanto, a press\u00e3o dos vereadores e a cr\u00edtica p\u00fablica apontam para uma necessidade urgente de reconstru\u00e7\u00e3o de sua imagem e a defini\u00e7\u00e3o clara de seu papel nas elei\u00e7\u00f5es que se aproximam. Uma gest\u00e3o transparente e coesa ser\u00e1 essencial para que Jequi\u00e9 continue a prosperar pol\u00edtica e economicamente.<\/p>\n\n<div style=\"font-size: 0px; height: 0px; line-height: 0px; margin: 0; padding: 0; clear: both;\"><\/div>","protected":false},"excerpt":{"rendered":"<p>Deputado Euclides Fernandes critica postura ditatorial do prefeito Z\u00e9 Coc\u00e1 em Jequi\u00e9.<\/p>\n","protected":false},"author":1,"featured_media":0,"comment_status":"open","ping_status":"closed","sticky":false,"template":"","format":"standard","meta":{"footnotes":""},"categories":[1],"tags":[],"class_list":["post-885","post","type-post","status-publish","format-standard","hentry","category-noticias-em-jequie"],"aioseo_notices":[],"aioseo_head":"\n\t\t<!-- All in One SEO 5.0.0.1 - aioseo.com -->\n\t<meta name=\"description\" content=\"Deputado Euclides Fernandes critica postura ditatorial do prefeito Z\u00e9 Coc\u00e1 em Jequi\u00e9.\" \/>\n\t<meta name=\"robots\" content=\"max-image-preview:large\" \/>\n\t<meta name=\"author\" content=\"Encontra Jequi\u00e9\"\/>\n\t<link rel=\"canonical\" href=\"https:\/\/www.encontrajequie.com.br\/sobre\/deputado-critica-ze-coca-e-diz-que-prefeito-age-como-ditador-em-jequie\/\" \/>\n\t<meta name=\"generator\" content=\"All in One SEO (AIOSEO) 5.0.0.1\" \/>\n\t\t<meta property=\"og:locale\" content=\"pt_BR\" \/>\n\t\t<meta property=\"og:site_name\" content=\"Encontra Jequi\u00e9 | Not\u00edcias, eventos, informa\u00e7\u00f5es e dicas na cidade de Jequi\u00e9 e regi\u00e3o.\" \/>\n\t\t<meta property=\"og:type\" content=\"article\" \/>\n\t\t<meta property=\"og:title\" content=\"Deputado critica Z\u00e9 Coc\u00e1 e diz que prefeito age como \u201cditador\u201d em Jequi\u00e9 | Encontra Jequi\u00e9\" \/>\n\t\t<meta property=\"og:description\" content=\"Deputado Euclides Fernandes critica postura ditatorial do prefeito Z\u00e9 Coc\u00e1 em Jequi\u00e9.\" \/>\n\t\t<meta property=\"og:url\" content=\"https:\/\/www.encontrajequie.com.br\/sobre\/deputado-critica-ze-coca-e-diz-que-prefeito-age-como-ditador-em-jequie\/\" \/>\n\t\t<meta property=\"article:published_time\" content=\"2026-03-17T06:32:10+00:00\" \/>\n\t\t<meta property=\"article:modified_time\" content=\"2026-03-17T06:32:10+00:00\" \/>\n\t\t<meta name=\"twitter:card\" content=\"summary_large_image\" \/>\n\t\t<meta name=\"twitter:title\" content=\"Deputado critica Z\u00e9 Coc\u00e1 e diz que prefeito age como \u201cditador\u201d em Jequi\u00e9 | Encontra Jequi\u00e9\" \/>\n\t\t<meta name=\"twitter:description\" content=\"Deputado Euclides Fernandes critica postura ditatorial do prefeito Z\u00e9 Coc\u00e1 em Jequi\u00e9.\" \/>\n\t\t<script type=\"application\/ld+json\" class=\"aioseo-schema\">\n\t\t\t{\"@context\":\"https:\\\/\\\/schema.org\",\"@graph\":[{\"@type\":\"Article\",\"@id\":\"https:\\\/\\\/www.encontrajequie.com.br\\\/sobre\\\/deputado-critica-ze-coca-e-diz-que-prefeito-age-como-ditador-em-jequie\\\/#article\",\"name\":\"Deputado critica Z\\u00e9 Coc\\u00e1 e diz que prefeito age como \\u201cditador\\u201d em Jequi\\u00e9 | Encontra Jequi\\u00e9\",\"headline\":\"Deputado critica Z\\u00e9 Coc\\u00e1 e diz que prefeito age como \\u201cditador\\u201d em Jequi\\u00e9\",\"author\":{\"@id\":\"https:\\\/\\\/www.encontrajequie.com.br\\\/sobre\\\/author\\\/ejequie\\\/#author\"},\"publisher\":{\"@id\":\"https:\\\/\\\/www.encontrajequie.com.br\\\/sobre\\\/#organization\"},\"datePublished\":\"2026-03-17T03:32:10-03:00\",\"dateModified\":\"2026-03-17T03:32:10-03:00\",\"inLanguage\":\"pt-BR\",\"mainEntityOfPage\":{\"@id\":\"https:\\\/\\\/www.encontrajequie.com.br\\\/sobre\\\/deputado-critica-ze-coca-e-diz-que-prefeito-age-como-ditador-em-jequie\\\/#webpage\"},\"isPartOf\":{\"@id\":\"https:\\\/\\\/www.encontrajequie.com.br\\\/sobre\\\/deputado-critica-ze-coca-e-diz-que-prefeito-age-como-ditador-em-jequie\\\/#webpage\"},\"articleSection\":\"Not\\u00edcias Jequi\\u00e9\"},{\"@type\":\"BreadcrumbList\",\"@id\":\"https:\\\/\\\/www.encontrajequie.com.br\\\/sobre\\\/deputado-critica-ze-coca-e-diz-que-prefeito-age-como-ditador-em-jequie\\\/#breadcrumblist\",\"itemListElement\":[{\"@type\":\"ListItem\",\"@id\":\"https:\\\/\\\/www.encontrajequie.com.br\\\/sobre#listItem\",\"position\":1,\"name\":\"Home\",\"item\":\"https:\\\/\\\/www.encontrajequie.com.br\\\/sobre\",\"nextItem\":{\"@type\":\"ListItem\",\"@id\":\"https:\\\/\\\/www.encontrajequie.com.br\\\/sobre\\\/noticias-em-jequie\\\/#listItem\",\"name\":\"Not\\u00edcias Jequi\\u00e9\"}},{\"@type\":\"ListItem\",\"@id\":\"https:\\\/\\\/www.encontrajequie.com.br\\\/sobre\\\/noticias-em-jequie\\\/#listItem\",\"position\":2,\"name\":\"Not\\u00edcias Jequi\\u00e9\",\"item\":\"https:\\\/\\\/www.encontrajequie.com.br\\\/sobre\\\/noticias-em-jequie\\\/\",\"nextItem\":{\"@type\":\"ListItem\",\"@id\":\"https:\\\/\\\/www.encontrajequie.com.br\\\/sobre\\\/deputado-critica-ze-coca-e-diz-que-prefeito-age-como-ditador-em-jequie\\\/#listItem\",\"name\":\"Deputado critica Z\\u00e9 Coc\\u00e1 e diz que prefeito age como \\u201cditador\\u201d em Jequi\\u00e9\"},\"previousItem\":{\"@type\":\"ListItem\",\"@id\":\"https:\\\/\\\/www.encontrajequie.com.br\\\/sobre#listItem\",\"name\":\"Home\"}},{\"@type\":\"ListItem\",\"@id\":\"https:\\\/\\\/www.encontrajequie.com.br\\\/sobre\\\/deputado-critica-ze-coca-e-diz-que-prefeito-age-como-ditador-em-jequie\\\/#listItem\",\"position\":3,\"name\":\"Deputado critica Z\\u00e9 Coc\\u00e1 e diz que prefeito age como \\u201cditador\\u201d em Jequi\\u00e9\",\"previousItem\":{\"@type\":\"ListItem\",\"@id\":\"https:\\\/\\\/www.encontrajequie.com.br\\\/sobre\\\/noticias-em-jequie\\\/#listItem\",\"name\":\"Not\\u00edcias Jequi\\u00e9\"}}]},{\"@type\":\"Organization\",\"@id\":\"https:\\\/\\\/www.encontrajequie.com.br\\\/sobre\\\/#organization\",\"name\":\"Encontra Jequi\\u00e9\",\"description\":\"Not\\u00edcias, eventos, informa\\u00e7\\u00f5es e dicas na cidade de Jequi\\u00e9 e regi\\u00e3o.\",\"url\":\"https:\\\/\\\/www.encontrajequie.com.br\\\/sobre\\\/\"},{\"@type\":\"Person\",\"@id\":\"https:\\\/\\\/www.encontrajequie.com.br\\\/sobre\\\/author\\\/ejequie\\\/#author\",\"url\":\"https:\\\/\\\/www.encontrajequie.com.br\\\/sobre\\\/author\\\/ejequie\\\/\",\"name\":\"Encontra Jequi\\u00e9\",\"image\":{\"@type\":\"ImageObject\",\"@id\":\"https:\\\/\\\/www.encontrajequie.com.br\\\/sobre\\\/deputado-critica-ze-coca-e-diz-que-prefeito-age-como-ditador-em-jequie\\\/#authorImage\",\"url\":\"https:\\\/\\\/secure.gravatar.com\\\/avatar\\\/507340682b8270222e1f208e23198b6ae7e2c6a1033ae84e99bc6bce4f82a387?s=96&d=mm&r=g\",\"width\":96,\"height\":96,\"caption\":\"Encontra Jequi\\u00e9\"}},{\"@type\":\"WebPage\",\"@id\":\"https:\\\/\\\/www.encontrajequie.com.br\\\/sobre\\\/deputado-critica-ze-coca-e-diz-que-prefeito-age-como-ditador-em-jequie\\\/#webpage\",\"url\":\"https:\\\/\\\/www.encontrajequie.com.br\\\/sobre\\\/deputado-critica-ze-coca-e-diz-que-prefeito-age-como-ditador-em-jequie\\\/\",\"name\":\"Deputado critica Z\\u00e9 Coc\\u00e1 e diz que prefeito age como \\u201cditador\\u201d em Jequi\\u00e9 | Encontra Jequi\\u00e9\",\"description\":\"Deputado Euclides Fernandes critica postura ditatorial do prefeito Z\\u00e9 Coc\\u00e1 em Jequi\\u00e9.\",\"inLanguage\":\"pt-BR\",\"isPartOf\":{\"@id\":\"https:\\\/\\\/www.encontrajequie.com.br\\\/sobre\\\/#website\"},\"breadcrumb\":{\"@id\":\"https:\\\/\\\/www.encontrajequie.com.br\\\/sobre\\\/deputado-critica-ze-coca-e-diz-que-prefeito-age-como-ditador-em-jequie\\\/#breadcrumblist\"},\"author\":{\"@id\":\"https:\\\/\\\/www.encontrajequie.com.br\\\/sobre\\\/author\\\/ejequie\\\/#author\"},\"creator\":{\"@id\":\"https:\\\/\\\/www.encontrajequie.com.br\\\/sobre\\\/author\\\/ejequie\\\/#author\"},\"datePublished\":\"2026-03-17T03:32:10-03:00\",\"dateModified\":\"2026-03-17T03:32:10-03:00\"},{\"@type\":\"WebSite\",\"@id\":\"https:\\\/\\\/www.encontrajequie.com.br\\\/sobre\\\/#website\",\"url\":\"https:\\\/\\\/www.encontrajequie.com.br\\\/sobre\\\/\",\"name\":\"Encontra Jequi\\u00e9\",\"description\":\"Not\\u00edcias, eventos, informa\\u00e7\\u00f5es e dicas na cidade de Jequi\\u00e9 e regi\\u00e3o.\",\"inLanguage\":\"pt-BR\",\"publisher\":{\"@id\":\"https:\\\/\\\/www.encontrajequie.com.br\\\/sobre\\\/#organization\"}}]}\n\t\t<\/script>\n\t\t<!-- All in One SEO -->\n\n","aioseo_head_json":{"title":"Deputado critica Z\u00e9 Coc\u00e1 e diz que prefeito age como \u201cditador\u201d em Jequi\u00e9 | Encontra Jequi\u00e9","description":"Deputado Euclides Fernandes critica postura ditatorial do prefeito Z\u00e9 Coc\u00e1 em Jequi\u00e9.","canonical_url":"https:\/\/www.encontrajequie.com.br\/sobre\/deputado-critica-ze-coca-e-diz-que-prefeito-age-como-ditador-em-jequie\/","robots":"max-image-preview:large","keywords":"","webmasterTools":{"miscellaneous":""},"schema":{"@context":"https:\/\/schema.org","@graph":[{"@type":"Article","@id":"https:\/\/www.encontrajequie.com.br\/sobre\/deputado-critica-ze-coca-e-diz-que-prefeito-age-como-ditador-em-jequie\/#article","name":"Deputado critica Z\u00e9 Coc\u00e1 e diz que prefeito age como \u201cditador\u201d em Jequi\u00e9 | Encontra Jequi\u00e9","headline":"Deputado critica Z\u00e9 Coc\u00e1 e diz que prefeito age como \u201cditador\u201d em Jequi\u00e9","author":{"@id":"https:\/\/www.encontrajequie.com.br\/sobre\/author\/ejequie\/#author"},"publisher":{"@id":"https:\/\/www.encontrajequie.com.br\/sobre\/#organization"},"datePublished":"2026-03-17T03:32:10-03:00","dateModified":"2026-03-17T03:32:10-03:00","inLanguage":"pt-BR","mainEntityOfPage":{"@id":"https:\/\/www.encontrajequie.com.br\/sobre\/deputado-critica-ze-coca-e-diz-que-prefeito-age-como-ditador-em-jequie\/#webpage"},"isPartOf":{"@id":"https:\/\/www.encontrajequie.com.br\/sobre\/deputado-critica-ze-coca-e-diz-que-prefeito-age-como-ditador-em-jequie\/#webpage"},"articleSection":"Not\u00edcias Jequi\u00e9"},{"@type":"BreadcrumbList","@id":"https:\/\/www.encontrajequie.com.br\/sobre\/deputado-critica-ze-coca-e-diz-que-prefeito-age-como-ditador-em-jequie\/#breadcrumblist","itemListElement":[{"@type":"ListItem","@id":"https:\/\/www.encontrajequie.com.br\/sobre#listItem","position":1,"name":"Home","item":"https:\/\/www.encontrajequie.com.br\/sobre","nextItem":{"@type":"ListItem","@id":"https:\/\/www.encontrajequie.com.br\/sobre\/noticias-em-jequie\/#listItem","name":"Not\u00edcias Jequi\u00e9"}},{"@type":"ListItem","@id":"https:\/\/www.encontrajequie.com.br\/sobre\/noticias-em-jequie\/#listItem","position":2,"name":"Not\u00edcias Jequi\u00e9","item":"https:\/\/www.encontrajequie.com.br\/sobre\/noticias-em-jequie\/","nextItem":{"@type":"ListItem","@id":"https:\/\/www.encontrajequie.com.br\/sobre\/deputado-critica-ze-coca-e-diz-que-prefeito-age-como-ditador-em-jequie\/#listItem","name":"Deputado critica Z\u00e9 Coc\u00e1 e diz que prefeito age como \u201cditador\u201d em Jequi\u00e9"},"previousItem":{"@type":"ListItem","@id":"https:\/\/www.encontrajequie.com.br\/sobre#listItem","name":"Home"}},{"@type":"ListItem","@id":"https:\/\/www.encontrajequie.com.br\/sobre\/deputado-critica-ze-coca-e-diz-que-prefeito-age-como-ditador-em-jequie\/#listItem","position":3,"name":"Deputado critica Z\u00e9 Coc\u00e1 e diz que prefeito age como \u201cditador\u201d em Jequi\u00e9","previousItem":{"@type":"ListItem","@id":"https:\/\/www.encontrajequie.com.br\/sobre\/noticias-em-jequie\/#listItem","name":"Not\u00edcias Jequi\u00e9"}}]},{"@type":"Organization","@id":"https:\/\/www.encontrajequie.com.br\/sobre\/#organization","name":"Encontra Jequi\u00e9","description":"Not\u00edcias, eventos, informa\u00e7\u00f5es e dicas na cidade de Jequi\u00e9 e regi\u00e3o.","url":"https:\/\/www.encontrajequie.com.br\/sobre\/"},{"@type":"Person","@id":"https:\/\/www.encontrajequie.com.br\/sobre\/author\/ejequie\/#author","url":"https:\/\/www.encontrajequie.com.br\/sobre\/author\/ejequie\/","name":"Encontra Jequi\u00e9","image":{"@type":"ImageObject","@id":"https:\/\/www.encontrajequie.com.br\/sobre\/deputado-critica-ze-coca-e-diz-que-prefeito-age-como-ditador-em-jequie\/#authorImage","url":"https:\/\/secure.gravatar.com\/avatar\/507340682b8270222e1f208e23198b6ae7e2c6a1033ae84e99bc6bce4f82a387?s=96&d=mm&r=g","width":96,"height":96,"caption":"Encontra Jequi\u00e9"}},{"@type":"WebPage","@id":"https:\/\/www.encontrajequie.com.br\/sobre\/deputado-critica-ze-coca-e-diz-que-prefeito-age-como-ditador-em-jequie\/#webpage","url":"https:\/\/www.encontrajequie.com.br\/sobre\/deputado-critica-ze-coca-e-diz-que-prefeito-age-como-ditador-em-jequie\/","name":"Deputado critica Z\u00e9 Coc\u00e1 e diz que prefeito age como \u201cditador\u201d em Jequi\u00e9 | Encontra Jequi\u00e9","description":"Deputado Euclides Fernandes critica postura ditatorial do prefeito Z\u00e9 Coc\u00e1 em Jequi\u00e9.","inLanguage":"pt-BR","isPartOf":{"@id":"https:\/\/www.encontrajequie.com.br\/sobre\/#website"},"breadcrumb":{"@id":"https:\/\/www.encontrajequie.com.br\/sobre\/deputado-critica-ze-coca-e-diz-que-prefeito-age-como-ditador-em-jequie\/#breadcrumblist"},"author":{"@id":"https:\/\/www.encontrajequie.com.br\/sobre\/author\/ejequie\/#author"},"creator":{"@id":"https:\/\/www.encontrajequie.com.br\/sobre\/author\/ejequie\/#author"},"datePublished":"2026-03-17T03:32:10-03:00","dateModified":"2026-03-17T03:32:10-03:00"},{"@type":"WebSite","@id":"https:\/\/www.encontrajequie.com.br\/sobre\/#website","url":"https:\/\/www.encontrajequie.com.br\/sobre\/","name":"Encontra Jequi\u00e9","description":"Not\u00edcias, eventos, informa\u00e7\u00f5es e dicas na cidade de Jequi\u00e9 e regi\u00e3o.","inLanguage":"pt-BR","publisher":{"@id":"https:\/\/www.encontrajequie.com.br\/sobre\/#organization"}}]},"og:locale":"pt_BR","og:site_name":"Encontra Jequi\u00e9 | Not\u00edcias, eventos, informa\u00e7\u00f5es e dicas na cidade de Jequi\u00e9 e regi\u00e3o.","og:type":"article","og:title":"Deputado critica Z\u00e9 Coc\u00e1 e diz que prefeito age como \u201cditador\u201d em Jequi\u00e9 | Encontra Jequi\u00e9","og:description":"Deputado Euclides Fernandes critica postura ditatorial do prefeito Z\u00e9 Coc\u00e1 em Jequi\u00e9.","og:url":"https:\/\/www.encontrajequie.com.br\/sobre\/deputado-critica-ze-coca-e-diz-que-prefeito-age-como-ditador-em-jequie\/","article:published_time":"2026-03-17T06:32:10+00:00","article:modified_time":"2026-03-17T06:32:10+00:00","twitter:card":"summary_large_image","twitter:title":"Deputado critica Z\u00e9 Coc\u00e1 e diz que prefeito age como \u201cditador\u201d em Jequi\u00e9 | Encontra Jequi\u00e9","twitter:description":"Deputado Euclides Fernandes critica postura ditatorial do prefeito Z\u00e9 Coc\u00e1 em Jequi\u00e9."},"aioseo_meta_data":{"post_id":"885","title":null,"description":null,"keywords":null,"keyphrases":null,"primary_term":null,"canonical_url":null,"og_title":null,"og_description":null,"og_object_type":"default","og_image_type":"default","og_image_url":null,"og_image_width":null,"og_image_height":null,"og_image_custom_url":null,"og_image_custom_fields":null,"og_video":null,"og_custom_url":null,"og_article_section":null,"og_article_tags":null,"twitter_use_og":false,"twitter_card":"default","twitter_image_type":"default","twitter_image_url":null,"twitter_image_custom_url":null,"twitter_image_custom_fields":null,"twitter_title":null,"twitter_description":null,"schema":{"blockGraphs":[],"customGraphs":[],"default":{"data":{"Article":[],"Course":[],"Dataset":[],"FAQPage":[],"Movie":[],"Person":[],"Product":[],"ProductReview":[],"Car":[],"Recipe":[],"Service":[],"SoftwareApplication":[],"WebPage":[]},"graphName":"Article","isEnabled":true},"graphs":[]},"schema_type":"default","schema_type_options":null,"pillar_content":false,"robots_default":true,"robots_noindex":false,"robots_noarchive":false,"robots_nosnippet":false,"robots_nofollow":false,"robots_noimageindex":false,"robots_noodp":false,"robots_notranslate":false,"robots_max_snippet":null,"robots_max_videopreview":null,"robots_max_imagepreview":"large","priority":null,"frequency":null,"local_seo":null,"breadcrumb_settings":null,"limit_modified_date":false,"ai":null,"created":"2026-03-17 06:32:14","updated":"2026-03-17 06:37:43","focus_keyword":null,"additional_keywords":null,"truseo_locale":null,"seo_analyzer_scan_date":null},"aioseo_breadcrumb":"<div class=\"aioseo-breadcrumbs\"><span class=\"aioseo-breadcrumb\">\n\t\t\t<a href=\"https:\/\/www.encontrajequie.com.br\/sobre\" title=\"Home\">Home<\/a>\n\t\t<\/span><span class=\"aioseo-breadcrumb-separator\">&raquo;<\/span><span class=\"aioseo-breadcrumb\">\n\t\t\t<a href=\"https:\/\/www.encontrajequie.com.br\/sobre\/noticias-em-jequie\/\" title=\"Not\u00edcias Jequi\u00e9\">Not\u00edcias Jequi\u00e9<\/a>\n\t\t<\/span><span class=\"aioseo-breadcrumb-separator\">&raquo;<\/span><span class=\"aioseo-breadcrumb\">\n\t\t\tDeputado critica Z\u00e9 Coc\u00e1 e diz que prefeito age como \u201cditador\u201d em Jequi\u00e9\n\t\t<\/span><\/div>","aioseo_breadcrumb_json":[{"label":"Home","link":"https:\/\/www.encontrajequie.com.br\/sobre"},{"label":"Not\u00edcias Jequi\u00e9","link":"https:\/\/www.encontrajequie.com.br\/sobre\/noticias-em-jequie\/"},{"label":"Deputado critica Z\u00e9 Coc\u00e1 e diz que prefeito age como \u201cditador\u201d em Jequi\u00e9","link":"https:\/\/www.encontrajequie.com.br\/sobre\/deputado-critica-ze-coca-e-diz-que-prefeito-age-como-ditador-em-jequie\/"}],"_links":{"self":[{"href":"https:\/\/www.encontrajequie.com.br\/sobre\/wp-json\/wp\/v2\/posts\/885","targetHints":{"allow":["GET"]}}],"collection":[{"href":"https:\/\/www.encontrajequie.com.br\/sobre\/wp-json\/wp\/v2\/posts"}],"about":[{"href":"https:\/\/www.encontrajequie.com.br\/sobre\/wp-json\/wp\/v2\/types\/post"}],"author":[{"embeddable":true,"href":"https:\/\/www.encontrajequie.com.br\/sobre\/wp-json\/wp\/v2\/users\/1"}],"replies":[{"embeddable":true,"href":"https:\/\/www.encontrajequie.com.br\/sobre\/wp-json\/wp\/v2\/comments?post=885"}],"version-history":[{"count":0,"href":"https:\/\/www.encontrajequie.com.br\/sobre\/wp-json\/wp\/v2\/posts\/885\/revisions"}],"wp:attachment":[{"href":"https:\/\/www.encontrajequie.com.br\/sobre\/wp-json\/wp\/v2\/media?parent=885"}],"wp:term":[{"taxonomy":"category","embeddable":true,"href":"https:\/\/www.encontrajequie.com.br\/sobre\/wp-json\/wp\/v2\/categories?post=885"},{"taxonomy":"post_tag","embeddable":true,"href":"https:\/\/www.encontrajequie.com.br\/sobre\/wp-json\/wp\/v2\/tags?post=885"}],"curies":[{"name":"wp","href":"https:\/\/api.w.org\/{rel}","templated":true}]}}