{"id":913,"date":"2026-03-26T03:41:08","date_gmt":"2026-03-26T06:41:08","guid":{"rendered":"https:\/\/www.encontrajequie.com.br\/sobre\/jeronimo-garante-que-aeroporto-de-jequie-vai-sair-e-reafirma-pacote-de-obras-na-regiao\/"},"modified":"2026-03-26T03:41:08","modified_gmt":"2026-03-26T06:41:08","slug":"jeronimo-garante-que-aeroporto-de-jequie-vai-sair-e-reafirma-pacote-de-obras-na-regiao","status":"publish","type":"post","link":"https:\/\/www.encontrajequie.com.br\/sobre\/jeronimo-garante-que-aeroporto-de-jequie-vai-sair-e-reafirma-pacote-de-obras-na-regiao\/","title":{"rendered":"Jer\u00f4nimo garante que aeroporto de Jequi\u00e9 &#8220;vai sair&#8221; e reafirma pacote de obras na regi\u00e3o"},"content":{"rendered":"<div class=\"30cf832dc5940d4704f66d0ed9a44050\" data-index=\"1\" style=\"float: none; margin:0px;\">\n<!-- Anuncio display - global -->\r\n<ins class=\"adsbygoogle\"\r\n     style=\"display:block\"\r\n     data-ad-client=\"ca-pub-8585364105181520\"\r\n     data-ad-slot=\"8789329856\"\r\n     data-ad-format=\"auto\"\r\n     data-full-width-responsive=\"true\"><\/ins>\r\n<script>\r\n     (adsbygoogle = window.adsbygoogle || []).push({});\r\n<\/script>\n<\/div>\n<h2>O que foi anunciado por Jer\u00f4nimo<\/h2>\n<p>O governador Jer\u00f4nimo Rodrigues, em uma recente entrevista, reafirmou a viabilidade do projeto do aeroporto de Jequi\u00e9. Ele enfatizou o compromisso do governo em atender n\u00e3o apenas a demanda log\u00edstica, mas tamb\u00e9m as necessidades sociais e de infraestrutura da regi\u00e3o. O aeroporto n\u00e3o \u00e9 um mero projeto de transporte a\u00e9reo; \u00e9 uma iniciativa estrat\u00e9gica voltada para o desenvolvimento geral de Jequi\u00e9 e seus arredores.<\/p>\n<h2>Import\u00e2ncia do aeroporto para Jequi\u00e9<\/h2>\n<p>A cria\u00e7\u00e3o do aeroporto \u00e9 vista como uma virada para o desenvolvimento econ\u00f4mico. A expectativa \u00e9 que a nova infraestrutura intensifique o fluxo de turistas e investidores, impulsionando setores como com\u00e9rcio e servi\u00e7os. Al\u00e9m disso, o aeroporto proporcionar\u00e1 melhor acesso a servi\u00e7os de sa\u00fade e educa\u00e7\u00e3o, facilitando a locomo\u00e7\u00e3o para tratamentos e recursos que hoje s\u00e3o limitados pelo acesso por estrada.<\/p>\n<h2>Desafios enfrentados na execu\u00e7\u00e3o do projeto<\/h2>\n<p>Um dos principais desafios identificados por Jer\u00f4nimo \u00e9 a quest\u00e3o clim\u00e1tica na regi\u00e3o, que afeta o tr\u00e1fego a\u00e9reo, especialmente durante per\u00edodos de chuva intensa e neblina. Esses fatores complicam as opera\u00e7\u00f5es atuais dos aeroportos e precisam ser abordados nos planos de constru\u00e7\u00e3o. Ademais, a burocracia e a necessidade de investimentos significativos s\u00e3o entraves que necessitam ser superados para a consuma\u00e7\u00e3o do projeto.<\/p>\n<p><img decoding=\"async\" src=\"https:\/\/www.encontrajequie.com.br\/sobre\/wp-content\/uploads\/2026\/03\/jeronimo-garante-que-aeroporto-de-jequie-vai-sair-e-reafirma-pacote-de-obras-na-regiao.webp\" alt=\"aeroporto de Jequi\u00e9\" loading=\"lazy\" \/><\/p>\n<h2>Parcerias p\u00fablico-privadas no plano<\/h2>\n<p>O governador mencionou a possibilidade de executar o projeto por meio de parcerias p\u00fablico-privadas (PPP). Essa abordagem pode facilitar o financiamento e a execu\u00e7\u00e3o das obras, permitindo que o governo leve adiante o projeto com o suporte do setor privado. A PPP \u00e9 uma solu\u00e7\u00e3o cada vez mais adotada por diversas gest\u00f5es, pois permite compartilhar responsabilidades e reduzir os custos diretos ao governo.<\/p>\n<h2>Investimentos em sa\u00fade e educa\u00e7\u00e3o na regi\u00e3o<\/h2>\n<p>A introdu\u00e7\u00e3o do aeroporto n\u00e3o \u00e9 a \u00fanica a\u00e7\u00e3o planejada para Jequi\u00e9. O governador destacou tamb\u00e9m investimentos em sa\u00fade e educa\u00e7\u00e3o, como a constru\u00e7\u00e3o de novas unidades de sa\u00fade e melhorias no Hospital Prado Valadares. Al\u00e9m disso, creches e escolas passar\u00e3o por requalifica\u00e7\u00e3o, mostrando o compromisso do governo estadual em melhorar a qualidade de vida da popula\u00e7\u00e3o local.<\/p>\n<h2>Hist\u00f3rico do aeroporto na regi\u00e3o de Jequi\u00e9<\/h2>\n<p>Jequi\u00e9 tem um hist\u00f3rico longo e muitas vezes frustrante relacionado a projetos de aeroportos. Tentativas passadas freq\u00fcentemente esbarraram em quest\u00f5es financeiras e operacionais. No entanto, a atual administra\u00e7\u00e3o parece disposta a transformar as dificuldades em oportunidades, utilizando o aprendizado do passado para garantir que este projeto seja concretizado.<\/p>\n<h2>Expectativas da popula\u00e7\u00e3o sobre o aeroporto<\/h2>\n<p>A popula\u00e7\u00e3o local aguarda ansiosamente a constru\u00e7\u00e3o do aeroporto. Muitos veem isso como uma maneira de revitalizar a economia e atrair novas oportunidades de emprego. O sentimento \u00e9 de esperan\u00e7a, pois um aeroporto pode se tornar uma \u00e2ncora para o desenvolvimento regional, estimulando o turismo e os investimentos.<\/p>\n<h2>O papel do governo na melhoria da infraestrutura<\/h2>\n<p>Jer\u00f4nimo Rodrigues enfatizou que o governo continua trabalhando em colabora\u00e7\u00e3o com o prefeito local, Z\u00e9 Coc\u00e1, e com representantes do legislativo para acelerar todo o processo. O governo est\u00e1 comprometido em que a execu\u00e7\u00e3o do aeroporto e outras obras de infraestrutura ocorram simultaneamente, maximizando os benef\u00edcios para a popula\u00e7\u00e3o.<\/p>\n<h2>Como o aeroporto ir\u00e1 impulsionar o turismo<\/h2>\n<p>Com a constru\u00e7\u00e3o do aeroporto, a expectativa \u00e9 que o turismo na regi\u00e3o experimente um crescimento significativo. O melhor acesso promover\u00e1 atra\u00e7\u00f5es locais e eventos, como festivais e exposi\u00e7\u00f5es culturais, que anteriormente n\u00e3o podiam ser explorados plenamente devido \u00e0 falta de infraestrutura adequada. Turistas de outras regi\u00f5es e mesmo internacionais poder\u00e3o visitar Jequi\u00e9 com mais facilidade, trazendo investimento e cultura.<\/p>\n<h2>Pr\u00f3ximos passos para a concretiza\u00e7\u00e3o do projeto<\/h2>\n<p>Os pr\u00f3ximos passos incluem a finaliza\u00e7\u00e3o das an\u00e1lises t\u00e9cnicas do projeto e a busca ativa por parceiros para as PPPs. O governo tamb\u00e9m ir\u00e1 continuar a dialogar com a comunidade e as lideran\u00e7as locais para ajustar o projeto \u00e0s necessidades e expectativas da popula\u00e7\u00e3o. O objetivo final \u00e9 garantir que, uma vez que o projeto se concretize, ele traga benef\u00edcios duradouros para todos os cidad\u00e3os de Jequi\u00e9 e regi\u00e3o.<\/p>\n\n<div style=\"font-size: 0px; height: 0px; line-height: 0px; margin: 0; padding: 0; clear: both;\"><\/div>","protected":false},"excerpt":{"rendered":"<p>Jer\u00f4nimo promete a constru\u00e7\u00e3o do aeroporto de Jequi\u00e9 e mais investimentos na regi\u00e3o.<\/p>\n","protected":false},"author":1,"featured_media":912,"comment_status":"open","ping_status":"closed","sticky":false,"template":"","format":"standard","meta":{"footnotes":""},"categories":[1],"tags":[],"class_list":["post-913","post","type-post","status-publish","format-standard","has-post-thumbnail","hentry","category-noticias-em-jequie","has_thumb"],"aioseo_notices":[],"aioseo_head":"\n\t\t<!-- All in One SEO 5.0.0.1 - aioseo.com -->\n\t<meta name=\"description\" content=\"Jer\u00f4nimo promete a constru\u00e7\u00e3o do aeroporto de Jequi\u00e9 e mais investimentos na regi\u00e3o.\" \/>\n\t<meta name=\"robots\" content=\"max-image-preview:large\" \/>\n\t<meta name=\"author\" content=\"Encontra Jequi\u00e9\"\/>\n\t<link rel=\"canonical\" href=\"https:\/\/www.encontrajequie.com.br\/sobre\/jeronimo-garante-que-aeroporto-de-jequie-vai-sair-e-reafirma-pacote-de-obras-na-regiao\/\" \/>\n\t<meta name=\"generator\" content=\"All in One SEO (AIOSEO) 5.0.0.1\" \/>\n\t\t<meta property=\"og:locale\" content=\"pt_BR\" \/>\n\t\t<meta property=\"og:site_name\" content=\"Encontra Jequi\u00e9 | Not\u00edcias, eventos, informa\u00e7\u00f5es e dicas na cidade de Jequi\u00e9 e regi\u00e3o.\" \/>\n\t\t<meta property=\"og:type\" content=\"article\" \/>\n\t\t<meta property=\"og:title\" content=\"Jer\u00f4nimo garante que aeroporto de Jequi\u00e9 \u201cvai sair\u201d e reafirma pacote de obras na regi\u00e3o | Encontra Jequi\u00e9\" \/>\n\t\t<meta property=\"og:description\" content=\"Jer\u00f4nimo promete a constru\u00e7\u00e3o do aeroporto de Jequi\u00e9 e mais investimentos na regi\u00e3o.\" \/>\n\t\t<meta property=\"og:url\" content=\"https:\/\/www.encontrajequie.com.br\/sobre\/jeronimo-garante-que-aeroporto-de-jequie-vai-sair-e-reafirma-pacote-de-obras-na-regiao\/\" \/>\n\t\t<meta property=\"article:published_time\" content=\"2026-03-26T06:41:08+00:00\" \/>\n\t\t<meta property=\"article:modified_time\" content=\"2026-03-26T06:41:08+00:00\" \/>\n\t\t<meta name=\"twitter:card\" content=\"summary_large_image\" \/>\n\t\t<meta name=\"twitter:title\" content=\"Jer\u00f4nimo garante que aeroporto de Jequi\u00e9 \u201cvai sair\u201d e reafirma pacote de obras na regi\u00e3o | Encontra Jequi\u00e9\" \/>\n\t\t<meta name=\"twitter:description\" content=\"Jer\u00f4nimo promete a constru\u00e7\u00e3o do aeroporto de Jequi\u00e9 e mais investimentos na regi\u00e3o.\" \/>\n\t\t<script type=\"application\/ld+json\" class=\"aioseo-schema\">\n\t\t\t{\"@context\":\"https:\\\/\\\/schema.org\",\"@graph\":[{\"@type\":\"Article\",\"@id\":\"https:\\\/\\\/www.encontrajequie.com.br\\\/sobre\\\/jeronimo-garante-que-aeroporto-de-jequie-vai-sair-e-reafirma-pacote-de-obras-na-regiao\\\/#article\",\"name\":\"Jer\\u00f4nimo garante que aeroporto de Jequi\\u00e9 \\u201cvai sair\\u201d e reafirma pacote de obras na regi\\u00e3o | Encontra Jequi\\u00e9\",\"headline\":\"Jer\\u00f4nimo garante que aeroporto de Jequi\\u00e9 &#8220;vai sair&#8221; e reafirma pacote de obras na regi\\u00e3o\",\"author\":{\"@id\":\"https:\\\/\\\/www.encontrajequie.com.br\\\/sobre\\\/author\\\/ejequie\\\/#author\"},\"publisher\":{\"@id\":\"https:\\\/\\\/www.encontrajequie.com.br\\\/sobre\\\/#organization\"},\"image\":{\"@type\":\"ImageObject\",\"url\":\"https:\\\/\\\/www.encontrajequie.com.br\\\/sobre\\\/wp-content\\\/uploads\\\/2026\\\/03\\\/jeronimo-garante-que-aeroporto-de-jequie-vai-sair-e-reafirma-pacote-de-obras-na-regiao.webp\",\"width\":280,\"height\":280,\"caption\":\"aeroporto de Jequi\\u00e9\"},\"datePublished\":\"2026-03-26T03:41:08-03:00\",\"dateModified\":\"2026-03-26T03:41:08-03:00\",\"inLanguage\":\"pt-BR\",\"mainEntityOfPage\":{\"@id\":\"https:\\\/\\\/www.encontrajequie.com.br\\\/sobre\\\/jeronimo-garante-que-aeroporto-de-jequie-vai-sair-e-reafirma-pacote-de-obras-na-regiao\\\/#webpage\"},\"isPartOf\":{\"@id\":\"https:\\\/\\\/www.encontrajequie.com.br\\\/sobre\\\/jeronimo-garante-que-aeroporto-de-jequie-vai-sair-e-reafirma-pacote-de-obras-na-regiao\\\/#webpage\"},\"articleSection\":\"Not\\u00edcias Jequi\\u00e9\"},{\"@type\":\"BreadcrumbList\",\"@id\":\"https:\\\/\\\/www.encontrajequie.com.br\\\/sobre\\\/jeronimo-garante-que-aeroporto-de-jequie-vai-sair-e-reafirma-pacote-de-obras-na-regiao\\\/#breadcrumblist\",\"itemListElement\":[{\"@type\":\"ListItem\",\"@id\":\"https:\\\/\\\/www.encontrajequie.com.br\\\/sobre#listItem\",\"position\":1,\"name\":\"Home\",\"item\":\"https:\\\/\\\/www.encontrajequie.com.br\\\/sobre\",\"nextItem\":{\"@type\":\"ListItem\",\"@id\":\"https:\\\/\\\/www.encontrajequie.com.br\\\/sobre\\\/noticias-em-jequie\\\/#listItem\",\"name\":\"Not\\u00edcias Jequi\\u00e9\"}},{\"@type\":\"ListItem\",\"@id\":\"https:\\\/\\\/www.encontrajequie.com.br\\\/sobre\\\/noticias-em-jequie\\\/#listItem\",\"position\":2,\"name\":\"Not\\u00edcias Jequi\\u00e9\",\"item\":\"https:\\\/\\\/www.encontrajequie.com.br\\\/sobre\\\/noticias-em-jequie\\\/\",\"nextItem\":{\"@type\":\"ListItem\",\"@id\":\"https:\\\/\\\/www.encontrajequie.com.br\\\/sobre\\\/jeronimo-garante-que-aeroporto-de-jequie-vai-sair-e-reafirma-pacote-de-obras-na-regiao\\\/#listItem\",\"name\":\"Jer\\u00f4nimo garante que aeroporto de Jequi\\u00e9 &#8220;vai sair&#8221; e reafirma pacote de obras na regi\\u00e3o\"},\"previousItem\":{\"@type\":\"ListItem\",\"@id\":\"https:\\\/\\\/www.encontrajequie.com.br\\\/sobre#listItem\",\"name\":\"Home\"}},{\"@type\":\"ListItem\",\"@id\":\"https:\\\/\\\/www.encontrajequie.com.br\\\/sobre\\\/jeronimo-garante-que-aeroporto-de-jequie-vai-sair-e-reafirma-pacote-de-obras-na-regiao\\\/#listItem\",\"position\":3,\"name\":\"Jer\\u00f4nimo garante que aeroporto de Jequi\\u00e9 &#8220;vai sair&#8221; e reafirma pacote de obras na regi\\u00e3o\",\"previousItem\":{\"@type\":\"ListItem\",\"@id\":\"https:\\\/\\\/www.encontrajequie.com.br\\\/sobre\\\/noticias-em-jequie\\\/#listItem\",\"name\":\"Not\\u00edcias Jequi\\u00e9\"}}]},{\"@type\":\"Organization\",\"@id\":\"https:\\\/\\\/www.encontrajequie.com.br\\\/sobre\\\/#organization\",\"name\":\"Encontra Jequi\\u00e9\",\"description\":\"Not\\u00edcias, eventos, informa\\u00e7\\u00f5es e dicas na cidade de Jequi\\u00e9 e regi\\u00e3o.\",\"url\":\"https:\\\/\\\/www.encontrajequie.com.br\\\/sobre\\\/\"},{\"@type\":\"Person\",\"@id\":\"https:\\\/\\\/www.encontrajequie.com.br\\\/sobre\\\/author\\\/ejequie\\\/#author\",\"url\":\"https:\\\/\\\/www.encontrajequie.com.br\\\/sobre\\\/author\\\/ejequie\\\/\",\"name\":\"Encontra Jequi\\u00e9\",\"image\":{\"@type\":\"ImageObject\",\"@id\":\"https:\\\/\\\/www.encontrajequie.com.br\\\/sobre\\\/jeronimo-garante-que-aeroporto-de-jequie-vai-sair-e-reafirma-pacote-de-obras-na-regiao\\\/#authorImage\",\"url\":\"https:\\\/\\\/secure.gravatar.com\\\/avatar\\\/507340682b8270222e1f208e23198b6ae7e2c6a1033ae84e99bc6bce4f82a387?s=96&d=mm&r=g\",\"width\":96,\"height\":96,\"caption\":\"Encontra Jequi\\u00e9\"}},{\"@type\":\"WebPage\",\"@id\":\"https:\\\/\\\/www.encontrajequie.com.br\\\/sobre\\\/jeronimo-garante-que-aeroporto-de-jequie-vai-sair-e-reafirma-pacote-de-obras-na-regiao\\\/#webpage\",\"url\":\"https:\\\/\\\/www.encontrajequie.com.br\\\/sobre\\\/jeronimo-garante-que-aeroporto-de-jequie-vai-sair-e-reafirma-pacote-de-obras-na-regiao\\\/\",\"name\":\"Jer\\u00f4nimo garante que aeroporto de Jequi\\u00e9 \\u201cvai sair\\u201d e reafirma pacote de obras na regi\\u00e3o | Encontra Jequi\\u00e9\",\"description\":\"Jer\\u00f4nimo promete a constru\\u00e7\\u00e3o do aeroporto de Jequi\\u00e9 e mais investimentos na regi\\u00e3o.\",\"inLanguage\":\"pt-BR\",\"isPartOf\":{\"@id\":\"https:\\\/\\\/www.encontrajequie.com.br\\\/sobre\\\/#website\"},\"breadcrumb\":{\"@id\":\"https:\\\/\\\/www.encontrajequie.com.br\\\/sobre\\\/jeronimo-garante-que-aeroporto-de-jequie-vai-sair-e-reafirma-pacote-de-obras-na-regiao\\\/#breadcrumblist\"},\"author\":{\"@id\":\"https:\\\/\\\/www.encontrajequie.com.br\\\/sobre\\\/author\\\/ejequie\\\/#author\"},\"creator\":{\"@id\":\"https:\\\/\\\/www.encontrajequie.com.br\\\/sobre\\\/author\\\/ejequie\\\/#author\"},\"image\":{\"@type\":\"ImageObject\",\"url\":\"https:\\\/\\\/www.encontrajequie.com.br\\\/sobre\\\/wp-content\\\/uploads\\\/2026\\\/03\\\/jeronimo-garante-que-aeroporto-de-jequie-vai-sair-e-reafirma-pacote-de-obras-na-regiao.webp\",\"@id\":\"https:\\\/\\\/www.encontrajequie.com.br\\\/sobre\\\/jeronimo-garante-que-aeroporto-de-jequie-vai-sair-e-reafirma-pacote-de-obras-na-regiao\\\/#mainImage\",\"width\":280,\"height\":280,\"caption\":\"aeroporto de Jequi\\u00e9\"},\"primaryImageOfPage\":{\"@id\":\"https:\\\/\\\/www.encontrajequie.com.br\\\/sobre\\\/jeronimo-garante-que-aeroporto-de-jequie-vai-sair-e-reafirma-pacote-de-obras-na-regiao\\\/#mainImage\"},\"datePublished\":\"2026-03-26T03:41:08-03:00\",\"dateModified\":\"2026-03-26T03:41:08-03:00\"},{\"@type\":\"WebSite\",\"@id\":\"https:\\\/\\\/www.encontrajequie.com.br\\\/sobre\\\/#website\",\"url\":\"https:\\\/\\\/www.encontrajequie.com.br\\\/sobre\\\/\",\"name\":\"Encontra Jequi\\u00e9\",\"description\":\"Not\\u00edcias, eventos, informa\\u00e7\\u00f5es e dicas na cidade de Jequi\\u00e9 e regi\\u00e3o.\",\"inLanguage\":\"pt-BR\",\"publisher\":{\"@id\":\"https:\\\/\\\/www.encontrajequie.com.br\\\/sobre\\\/#organization\"}}]}\n\t\t<\/script>\n\t\t<!-- All in One SEO -->\n\n","aioseo_head_json":{"title":"Jer\u00f4nimo garante que aeroporto de Jequi\u00e9 \u201cvai sair\u201d e reafirma pacote de obras na regi\u00e3o | Encontra Jequi\u00e9","description":"Jer\u00f4nimo promete a constru\u00e7\u00e3o do aeroporto de Jequi\u00e9 e mais investimentos na regi\u00e3o.","canonical_url":"https:\/\/www.encontrajequie.com.br\/sobre\/jeronimo-garante-que-aeroporto-de-jequie-vai-sair-e-reafirma-pacote-de-obras-na-regiao\/","robots":"max-image-preview:large","keywords":"","webmasterTools":{"miscellaneous":""},"schema":{"@context":"https:\/\/schema.org","@graph":[{"@type":"Article","@id":"https:\/\/www.encontrajequie.com.br\/sobre\/jeronimo-garante-que-aeroporto-de-jequie-vai-sair-e-reafirma-pacote-de-obras-na-regiao\/#article","name":"Jer\u00f4nimo garante que aeroporto de Jequi\u00e9 \u201cvai sair\u201d e reafirma pacote de obras na regi\u00e3o | Encontra Jequi\u00e9","headline":"Jer\u00f4nimo garante que aeroporto de Jequi\u00e9 &#8220;vai sair&#8221; e reafirma pacote de obras na regi\u00e3o","author":{"@id":"https:\/\/www.encontrajequie.com.br\/sobre\/author\/ejequie\/#author"},"publisher":{"@id":"https:\/\/www.encontrajequie.com.br\/sobre\/#organization"},"image":{"@type":"ImageObject","url":"https:\/\/www.encontrajequie.com.br\/sobre\/wp-content\/uploads\/2026\/03\/jeronimo-garante-que-aeroporto-de-jequie-vai-sair-e-reafirma-pacote-de-obras-na-regiao.webp","width":280,"height":280,"caption":"aeroporto de Jequi\u00e9"},"datePublished":"2026-03-26T03:41:08-03:00","dateModified":"2026-03-26T03:41:08-03:00","inLanguage":"pt-BR","mainEntityOfPage":{"@id":"https:\/\/www.encontrajequie.com.br\/sobre\/jeronimo-garante-que-aeroporto-de-jequie-vai-sair-e-reafirma-pacote-de-obras-na-regiao\/#webpage"},"isPartOf":{"@id":"https:\/\/www.encontrajequie.com.br\/sobre\/jeronimo-garante-que-aeroporto-de-jequie-vai-sair-e-reafirma-pacote-de-obras-na-regiao\/#webpage"},"articleSection":"Not\u00edcias Jequi\u00e9"},{"@type":"BreadcrumbList","@id":"https:\/\/www.encontrajequie.com.br\/sobre\/jeronimo-garante-que-aeroporto-de-jequie-vai-sair-e-reafirma-pacote-de-obras-na-regiao\/#breadcrumblist","itemListElement":[{"@type":"ListItem","@id":"https:\/\/www.encontrajequie.com.br\/sobre#listItem","position":1,"name":"Home","item":"https:\/\/www.encontrajequie.com.br\/sobre","nextItem":{"@type":"ListItem","@id":"https:\/\/www.encontrajequie.com.br\/sobre\/noticias-em-jequie\/#listItem","name":"Not\u00edcias Jequi\u00e9"}},{"@type":"ListItem","@id":"https:\/\/www.encontrajequie.com.br\/sobre\/noticias-em-jequie\/#listItem","position":2,"name":"Not\u00edcias Jequi\u00e9","item":"https:\/\/www.encontrajequie.com.br\/sobre\/noticias-em-jequie\/","nextItem":{"@type":"ListItem","@id":"https:\/\/www.encontrajequie.com.br\/sobre\/jeronimo-garante-que-aeroporto-de-jequie-vai-sair-e-reafirma-pacote-de-obras-na-regiao\/#listItem","name":"Jer\u00f4nimo garante que aeroporto de Jequi\u00e9 &#8220;vai sair&#8221; e reafirma pacote de obras na regi\u00e3o"},"previousItem":{"@type":"ListItem","@id":"https:\/\/www.encontrajequie.com.br\/sobre#listItem","name":"Home"}},{"@type":"ListItem","@id":"https:\/\/www.encontrajequie.com.br\/sobre\/jeronimo-garante-que-aeroporto-de-jequie-vai-sair-e-reafirma-pacote-de-obras-na-regiao\/#listItem","position":3,"name":"Jer\u00f4nimo garante que aeroporto de Jequi\u00e9 &#8220;vai sair&#8221; e reafirma pacote de obras na regi\u00e3o","previousItem":{"@type":"ListItem","@id":"https:\/\/www.encontrajequie.com.br\/sobre\/noticias-em-jequie\/#listItem","name":"Not\u00edcias Jequi\u00e9"}}]},{"@type":"Organization","@id":"https:\/\/www.encontrajequie.com.br\/sobre\/#organization","name":"Encontra Jequi\u00e9","description":"Not\u00edcias, eventos, informa\u00e7\u00f5es e dicas na cidade de Jequi\u00e9 e regi\u00e3o.","url":"https:\/\/www.encontrajequie.com.br\/sobre\/"},{"@type":"Person","@id":"https:\/\/www.encontrajequie.com.br\/sobre\/author\/ejequie\/#author","url":"https:\/\/www.encontrajequie.com.br\/sobre\/author\/ejequie\/","name":"Encontra Jequi\u00e9","image":{"@type":"ImageObject","@id":"https:\/\/www.encontrajequie.com.br\/sobre\/jeronimo-garante-que-aeroporto-de-jequie-vai-sair-e-reafirma-pacote-de-obras-na-regiao\/#authorImage","url":"https:\/\/secure.gravatar.com\/avatar\/507340682b8270222e1f208e23198b6ae7e2c6a1033ae84e99bc6bce4f82a387?s=96&d=mm&r=g","width":96,"height":96,"caption":"Encontra Jequi\u00e9"}},{"@type":"WebPage","@id":"https:\/\/www.encontrajequie.com.br\/sobre\/jeronimo-garante-que-aeroporto-de-jequie-vai-sair-e-reafirma-pacote-de-obras-na-regiao\/#webpage","url":"https:\/\/www.encontrajequie.com.br\/sobre\/jeronimo-garante-que-aeroporto-de-jequie-vai-sair-e-reafirma-pacote-de-obras-na-regiao\/","name":"Jer\u00f4nimo garante que aeroporto de Jequi\u00e9 \u201cvai sair\u201d e reafirma pacote de obras na regi\u00e3o | Encontra Jequi\u00e9","description":"Jer\u00f4nimo promete a constru\u00e7\u00e3o do aeroporto de Jequi\u00e9 e mais investimentos na regi\u00e3o.","inLanguage":"pt-BR","isPartOf":{"@id":"https:\/\/www.encontrajequie.com.br\/sobre\/#website"},"breadcrumb":{"@id":"https:\/\/www.encontrajequie.com.br\/sobre\/jeronimo-garante-que-aeroporto-de-jequie-vai-sair-e-reafirma-pacote-de-obras-na-regiao\/#breadcrumblist"},"author":{"@id":"https:\/\/www.encontrajequie.com.br\/sobre\/author\/ejequie\/#author"},"creator":{"@id":"https:\/\/www.encontrajequie.com.br\/sobre\/author\/ejequie\/#author"},"image":{"@type":"ImageObject","url":"https:\/\/www.encontrajequie.com.br\/sobre\/wp-content\/uploads\/2026\/03\/jeronimo-garante-que-aeroporto-de-jequie-vai-sair-e-reafirma-pacote-de-obras-na-regiao.webp","@id":"https:\/\/www.encontrajequie.com.br\/sobre\/jeronimo-garante-que-aeroporto-de-jequie-vai-sair-e-reafirma-pacote-de-obras-na-regiao\/#mainImage","width":280,"height":280,"caption":"aeroporto de Jequi\u00e9"},"primaryImageOfPage":{"@id":"https:\/\/www.encontrajequie.com.br\/sobre\/jeronimo-garante-que-aeroporto-de-jequie-vai-sair-e-reafirma-pacote-de-obras-na-regiao\/#mainImage"},"datePublished":"2026-03-26T03:41:08-03:00","dateModified":"2026-03-26T03:41:08-03:00"},{"@type":"WebSite","@id":"https:\/\/www.encontrajequie.com.br\/sobre\/#website","url":"https:\/\/www.encontrajequie.com.br\/sobre\/","name":"Encontra Jequi\u00e9","description":"Not\u00edcias, eventos, informa\u00e7\u00f5es e dicas na cidade de Jequi\u00e9 e regi\u00e3o.","inLanguage":"pt-BR","publisher":{"@id":"https:\/\/www.encontrajequie.com.br\/sobre\/#organization"}}]},"og:locale":"pt_BR","og:site_name":"Encontra Jequi\u00e9 | Not\u00edcias, eventos, informa\u00e7\u00f5es e dicas na cidade de Jequi\u00e9 e regi\u00e3o.","og:type":"article","og:title":"Jer\u00f4nimo garante que aeroporto de Jequi\u00e9 \u201cvai sair\u201d e reafirma pacote de obras na regi\u00e3o | Encontra Jequi\u00e9","og:description":"Jer\u00f4nimo promete a constru\u00e7\u00e3o do aeroporto de Jequi\u00e9 e mais investimentos na regi\u00e3o.","og:url":"https:\/\/www.encontrajequie.com.br\/sobre\/jeronimo-garante-que-aeroporto-de-jequie-vai-sair-e-reafirma-pacote-de-obras-na-regiao\/","article:published_time":"2026-03-26T06:41:08+00:00","article:modified_time":"2026-03-26T06:41:08+00:00","twitter:card":"summary_large_image","twitter:title":"Jer\u00f4nimo garante que aeroporto de Jequi\u00e9 \u201cvai sair\u201d e reafirma pacote de obras na regi\u00e3o | Encontra Jequi\u00e9","twitter:description":"Jer\u00f4nimo promete a constru\u00e7\u00e3o do aeroporto de Jequi\u00e9 e mais investimentos na regi\u00e3o."},"aioseo_meta_data":{"post_id":"913","title":null,"description":null,"keywords":null,"keyphrases":null,"primary_term":null,"canonical_url":null,"og_title":null,"og_description":null,"og_object_type":"default","og_image_type":"default","og_image_url":null,"og_image_width":null,"og_image_height":null,"og_image_custom_url":null,"og_image_custom_fields":null,"og_video":null,"og_custom_url":null,"og_article_section":null,"og_article_tags":null,"twitter_use_og":false,"twitter_card":"default","twitter_image_type":"default","twitter_image_url":null,"twitter_image_custom_url":null,"twitter_image_custom_fields":null,"twitter_title":null,"twitter_description":null,"schema":{"blockGraphs":[],"customGraphs":[],"default":{"data":{"Article":[],"Course":[],"Dataset":[],"FAQPage":[],"Movie":[],"Person":[],"Product":[],"ProductReview":[],"Car":[],"Recipe":[],"Service":[],"SoftwareApplication":[],"WebPage":[]},"graphName":"Article","isEnabled":true},"graphs":[]},"schema_type":"default","schema_type_options":null,"pillar_content":false,"robots_default":true,"robots_noindex":false,"robots_noarchive":false,"robots_nosnippet":false,"robots_nofollow":false,"robots_noimageindex":false,"robots_noodp":false,"robots_notranslate":false,"robots_max_snippet":null,"robots_max_videopreview":null,"robots_max_imagepreview":"large","priority":null,"frequency":null,"local_seo":null,"breadcrumb_settings":null,"limit_modified_date":false,"ai":null,"created":"2026-03-26 06:41:13","updated":"2026-03-26 06:45:28","focus_keyword":null,"additional_keywords":null,"truseo_locale":null,"seo_analyzer_scan_date":null},"aioseo_breadcrumb":"<div class=\"aioseo-breadcrumbs\"><span class=\"aioseo-breadcrumb\">\n\t\t\t<a href=\"https:\/\/www.encontrajequie.com.br\/sobre\" title=\"Home\">Home<\/a>\n\t\t<\/span><span class=\"aioseo-breadcrumb-separator\">&raquo;<\/span><span class=\"aioseo-breadcrumb\">\n\t\t\t<a href=\"https:\/\/www.encontrajequie.com.br\/sobre\/noticias-em-jequie\/\" title=\"Not\u00edcias Jequi\u00e9\">Not\u00edcias Jequi\u00e9<\/a>\n\t\t<\/span><span class=\"aioseo-breadcrumb-separator\">&raquo;<\/span><span class=\"aioseo-breadcrumb\">\n\t\t\tJer\u00f4nimo garante que aeroporto de Jequi\u00e9 \u201cvai sair\u201d e reafirma pacote de obras na regi\u00e3o\n\t\t<\/span><\/div>","aioseo_breadcrumb_json":[{"label":"Home","link":"https:\/\/www.encontrajequie.com.br\/sobre"},{"label":"Not\u00edcias Jequi\u00e9","link":"https:\/\/www.encontrajequie.com.br\/sobre\/noticias-em-jequie\/"},{"label":"Jer\u00f4nimo garante que aeroporto de Jequi\u00e9 &#8220;vai sair&#8221; e reafirma pacote de obras na regi\u00e3o","link":"https:\/\/www.encontrajequie.com.br\/sobre\/jeronimo-garante-que-aeroporto-de-jequie-vai-sair-e-reafirma-pacote-de-obras-na-regiao\/"}],"_links":{"self":[{"href":"https:\/\/www.encontrajequie.com.br\/sobre\/wp-json\/wp\/v2\/posts\/913","targetHints":{"allow":["GET"]}}],"collection":[{"href":"https:\/\/www.encontrajequie.com.br\/sobre\/wp-json\/wp\/v2\/posts"}],"about":[{"href":"https:\/\/www.encontrajequie.com.br\/sobre\/wp-json\/wp\/v2\/types\/post"}],"author":[{"embeddable":true,"href":"https:\/\/www.encontrajequie.com.br\/sobre\/wp-json\/wp\/v2\/users\/1"}],"replies":[{"embeddable":true,"href":"https:\/\/www.encontrajequie.com.br\/sobre\/wp-json\/wp\/v2\/comments?post=913"}],"version-history":[{"count":0,"href":"https:\/\/www.encontrajequie.com.br\/sobre\/wp-json\/wp\/v2\/posts\/913\/revisions"}],"wp:featuredmedia":[{"embeddable":true,"href":"https:\/\/www.encontrajequie.com.br\/sobre\/wp-json\/wp\/v2\/media\/912"}],"wp:attachment":[{"href":"https:\/\/www.encontrajequie.com.br\/sobre\/wp-json\/wp\/v2\/media?parent=913"}],"wp:term":[{"taxonomy":"category","embeddable":true,"href":"https:\/\/www.encontrajequie.com.br\/sobre\/wp-json\/wp\/v2\/categories?post=913"},{"taxonomy":"post_tag","embeddable":true,"href":"https:\/\/www.encontrajequie.com.br\/sobre\/wp-json\/wp\/v2\/tags?post=913"}],"curies":[{"name":"wp","href":"https:\/\/api.w.org\/{rel}","templated":true}]}}