{"id":929,"date":"2026-03-29T03:42:58","date_gmt":"2026-03-29T06:42:58","guid":{"rendered":"https:\/\/www.encontrajequie.com.br\/sobre\/jequie-deve-ter-um-dia-com-chuva-em-areas-especificas-neste-sabado-28\/"},"modified":"2026-03-29T03:42:58","modified_gmt":"2026-03-29T06:42:58","slug":"jequie-deve-ter-um-dia-com-chuva-em-areas-especificas-neste-sabado-28","status":"publish","type":"post","link":"https:\/\/www.encontrajequie.com.br\/sobre\/jequie-deve-ter-um-dia-com-chuva-em-areas-especificas-neste-sabado-28\/","title":{"rendered":"Jequi\u00e9 deve ter um dia com chuva em \u00e1reas espec\u00edficas neste s\u00e1bado (28)"},"content":{"rendered":"<div class=\"30cf832dc5940d4704f66d0ed9a44050\" data-index=\"1\" style=\"float: none; margin:0px;\">\n<!-- Anuncio display - global -->\r\n<ins class=\"adsbygoogle\"\r\n     style=\"display:block\"\r\n     data-ad-client=\"ca-pub-8585364105181520\"\r\n     data-ad-slot=\"8789329856\"\r\n     data-ad-format=\"auto\"\r\n     data-full-width-responsive=\"true\"><\/ins>\r\n<script>\r\n     (adsbygoogle = window.adsbygoogle || []).push({});\r\n<\/script>\n<\/div>\n<h2>Cen\u00e1rio Climatol\u00f3gico de Jequi\u00e9<\/h2>\n<p>No s\u00e1bado, 28 de mar\u00e7o de 2026, a cidade de Jequi\u00e9 se prepara para um dia marcado por condi\u00e7\u00f5es meteorol\u00f3gicas chuvosas em v\u00e1rias \u00e1reas. As previs\u00f5es apontam para um c\u00e9u predominantemente nublado, com a possibilidade de chuvas r\u00e1pidas, especialmente ao longo do dia. A an\u00e1lise realizada pelo Instituto Nacional de Meteorologia (INMET) destaca que este fen\u00f4meno atmosf\u00e9rico pode trazer al\u00edvio para o calor, proporcionando um clima mais ameno ap\u00f3s a precipita\u00e7\u00e3o.<\/p>\n<h2>Previs\u00e3o de Temperatura e Umidade<\/h2>\n<p>As temperaturas em Jequi\u00e9 para este s\u00e1bado devem oscilar entre 20\u00b0C e 31\u00b0C. A umidade relativa do ar tamb\u00e9m ter\u00e1 varia\u00e7\u00f5es significativas, podendo atingir at\u00e9 100% em alguns momentos, especialmente durante a manh\u00e3. \u00c0 tarde, as taxas de umidade podem cair para cerca de 50%, proporcionando um ambiente mais seco e quente.<\/p>\n<h2>Impactos das Chuvas na Regi\u00e3o<\/h2>\n<p>As chuvas previstas poder\u00e3o ter impactos variados, desde a irriga\u00e7\u00e3o de planta\u00e7\u00f5es locais at\u00e9 poss\u00edveis transtornos em \u00e1reas urbanas. \u00c9 essencial que os moradores estejam preparados para enfrentar esses desafios, especialmente se residem em regi\u00f5es propensas a alagamentos.<\/p>\n<p><img decoding=\"async\" src=\"https:\/\/www.encontrajequie.com.br\/sobre\/wp-content\/uploads\/2026\/03\/jequie-deve-ter-um-dia-com-chuva-em-areas-especificas-neste-sabado-28.webp\" alt=\"jequi\u00e9 chuva neste s\u00e1bado\" loading=\"lazy\" \/><\/p>\n<h2>Quando Esperar a Chuva em Jequi\u00e9<\/h2>\n<p>As precipita\u00e7\u00f5es come\u00e7ar\u00e3o j\u00e1 nas primeiras horas da manh\u00e3 e dever\u00e3o continuar ao longo do dia. A expectativa \u00e9 que as chuvas sejam r\u00e1pidas, mas podem ocorrer em maior intensidade em determinados per\u00edodos, especialmente \u00e0 tarde, quando a temperatura atinge seu pico.<\/p>\n<h2>Como Proteger-se da Chuva<\/h2>\n<p>Para quem necessita sair de casa durante o dia, \u00e9 aconselh\u00e1vel:<\/p>\n<ul>\n<li><strong>Utilizar guarda-chuvas:<\/strong> Essencial para se proteger das chuvas r\u00e1pidas.<\/li>\n<li><strong>Vestir roupas adequadas:<\/strong> Prefira roupas imperme\u00e1veis ou de secagem r\u00e1pida.<\/li>\n<li><strong>Evitar \u00e1reas alagadas:<\/strong> Fique atento aos locais que costumam acumular \u00e1gua, evitando riscos desnecess\u00e1rios.<\/li>\n<\/ul>\n<h2>Temperaturas ao Longo do Dia<\/h2>\n<p>No in\u00edcio da manh\u00e3, as temperaturas ser\u00e3o agrad\u00e1veis, com m\u00ednimas em torno de 20\u00b0C. Durante a manh\u00e3, a temperatura come\u00e7ar\u00e1 a subir, podendo atingir 31\u00b0C entre o final da manh\u00e3 e o in\u00edcio da tarde. \u00c0 noite, as temperaturas devem retornar aos 20\u00b0C, criando um ambiente mais fresco.<\/p>\n<h2>Dire\u00e7\u00e3o e Intensidade do Vento<\/h2>\n<p>Os ventos em Jequi\u00e9 ser\u00e3o leves, soprando na dire\u00e7\u00e3o sudeste a leste, contribuindo para a dispers\u00e3o da umidade no ar. O nascer do sol est\u00e1 programado para \u00e0s 05h46 e o p\u00f4r do sol ocorrer\u00e1 \u00e0s 17h48, permitindo que os moradores aproveitem um longo dia de nuvens e chuvas.<\/p>\n<h2>Proje\u00e7\u00f5es para os Dias Seguintes<\/h2>\n<p>O clima deve continuar apresentando chuvas intermitentes nos dias seguintes:<\/p>\n<ul>\n<li><strong>Domingo:<\/strong> Garoa dever\u00e1 persistir, com temperaturas variando entre 20\u00b0C e 31\u00b0C.<\/li>\n<li><strong>Segunda-feira:<\/strong> Esperam-se chuvas em \u00e1reas espec\u00edficas, tamb\u00e9m variando entre 20\u00b0C e 31\u00b0C.<\/li>\n<li><strong>Ter\u00e7a-feira:<\/strong> O c\u00e9u permanecer\u00e1 nublado, com chuvas r\u00e1pidas e temperaturas de 21\u00b0C a 30\u00b0C.<\/li>\n<\/ul>\n<h2>Conselhos para a Mobilidade com Chuva<\/h2>\n<p>Com a previs\u00e3o de chuvas, \u00e9 fundamental que os moradores de Jequi\u00e9 tomem algumas precau\u00e7\u00f5es ao se deslocarem:<\/p>\n<ul>\n<li><strong>Dirigir com cuidado:<\/strong> Estradas podem estar escorregadias e a visibilidade pode ser reduzida durante a chuva.<\/li>\n<li><strong>Acompanhar as not\u00edcias:<\/strong> Fique atento \u00e0s alertas meteorol\u00f3gicos e not\u00edcias sobre poss\u00edveis alagamentos ou interdi\u00e7\u00f5es.<\/li>\n<li><strong>Planejar a mobilidade:<\/strong> Considere usar transporte p\u00fablico ou adiar viagens que n\u00e3o sejam urgentes.<\/li>\n<\/ul>\n<p>A combina\u00e7\u00e3o de cuidados adequados e aten\u00e7\u00e3o \u00e0 previs\u00e3o do tempo pode minimizar os inconvenientes causados pelas chuvas em Jequi\u00e9, garantindo um s\u00e1bado tranquilo mesmo com as interven\u00e7\u00f5es clim\u00e1ticas previstas.<\/p>\n\n<div style=\"font-size: 0px; height: 0px; line-height: 0px; margin: 0; padding: 0; clear: both;\"><\/div>","protected":false},"excerpt":{"rendered":"<p>Chuva em Jequi\u00e9 neste s\u00e1bado com temperaturas de 20\u00b0C a 31\u00b0C.<\/p>\n","protected":false},"author":1,"featured_media":928,"comment_status":"open","ping_status":"closed","sticky":false,"template":"","format":"standard","meta":{"footnotes":""},"categories":[1],"tags":[],"class_list":["post-929","post","type-post","status-publish","format-standard","has-post-thumbnail","hentry","category-noticias-em-jequie","has_thumb"],"aioseo_notices":[],"aioseo_head":"\n\t\t<!-- All in One SEO 5.0.0.1 - aioseo.com -->\n\t<meta name=\"description\" content=\"Chuva em Jequi\u00e9 neste s\u00e1bado com temperaturas de 20\u00b0C a 31\u00b0C.\" \/>\n\t<meta name=\"robots\" content=\"max-image-preview:large\" \/>\n\t<meta name=\"author\" content=\"Encontra Jequi\u00e9\"\/>\n\t<link rel=\"canonical\" href=\"https:\/\/www.encontrajequie.com.br\/sobre\/jequie-deve-ter-um-dia-com-chuva-em-areas-especificas-neste-sabado-28\/\" \/>\n\t<meta name=\"generator\" content=\"All in One SEO (AIOSEO) 5.0.0.1\" \/>\n\t\t<meta property=\"og:locale\" content=\"pt_BR\" \/>\n\t\t<meta property=\"og:site_name\" content=\"Encontra Jequi\u00e9 | Not\u00edcias, eventos, informa\u00e7\u00f5es e dicas na cidade de Jequi\u00e9 e regi\u00e3o.\" \/>\n\t\t<meta property=\"og:type\" content=\"article\" \/>\n\t\t<meta property=\"og:title\" content=\"Jequi\u00e9 deve ter um dia com chuva em \u00e1reas espec\u00edficas neste s\u00e1bado (28) | Encontra Jequi\u00e9\" \/>\n\t\t<meta property=\"og:description\" content=\"Chuva em Jequi\u00e9 neste s\u00e1bado com temperaturas de 20\u00b0C a 31\u00b0C.\" \/>\n\t\t<meta property=\"og:url\" content=\"https:\/\/www.encontrajequie.com.br\/sobre\/jequie-deve-ter-um-dia-com-chuva-em-areas-especificas-neste-sabado-28\/\" \/>\n\t\t<meta property=\"article:published_time\" content=\"2026-03-29T06:42:58+00:00\" \/>\n\t\t<meta property=\"article:modified_time\" content=\"2026-03-29T06:42:58+00:00\" \/>\n\t\t<meta name=\"twitter:card\" content=\"summary_large_image\" \/>\n\t\t<meta name=\"twitter:title\" content=\"Jequi\u00e9 deve ter um dia com chuva em \u00e1reas espec\u00edficas neste s\u00e1bado (28) | Encontra Jequi\u00e9\" \/>\n\t\t<meta name=\"twitter:description\" content=\"Chuva em Jequi\u00e9 neste s\u00e1bado com temperaturas de 20\u00b0C a 31\u00b0C.\" \/>\n\t\t<script type=\"application\/ld+json\" class=\"aioseo-schema\">\n\t\t\t{\"@context\":\"https:\\\/\\\/schema.org\",\"@graph\":[{\"@type\":\"Article\",\"@id\":\"https:\\\/\\\/www.encontrajequie.com.br\\\/sobre\\\/jequie-deve-ter-um-dia-com-chuva-em-areas-especificas-neste-sabado-28\\\/#article\",\"name\":\"Jequi\\u00e9 deve ter um dia com chuva em \\u00e1reas espec\\u00edficas neste s\\u00e1bado (28) | Encontra Jequi\\u00e9\",\"headline\":\"Jequi\\u00e9 deve ter um dia com chuva em \\u00e1reas espec\\u00edficas neste s\\u00e1bado (28)\",\"author\":{\"@id\":\"https:\\\/\\\/www.encontrajequie.com.br\\\/sobre\\\/author\\\/ejequie\\\/#author\"},\"publisher\":{\"@id\":\"https:\\\/\\\/www.encontrajequie.com.br\\\/sobre\\\/#organization\"},\"image\":{\"@type\":\"ImageObject\",\"url\":\"https:\\\/\\\/www.encontrajequie.com.br\\\/sobre\\\/wp-content\\\/uploads\\\/2026\\\/03\\\/jequie-deve-ter-um-dia-com-chuva-em-areas-especificas-neste-sabado-28.webp\",\"width\":280,\"height\":280,\"caption\":\"jequi\\u00e9 chuva neste s\\u00e1bado\"},\"datePublished\":\"2026-03-29T03:42:58-03:00\",\"dateModified\":\"2026-03-29T03:42:58-03:00\",\"inLanguage\":\"pt-BR\",\"mainEntityOfPage\":{\"@id\":\"https:\\\/\\\/www.encontrajequie.com.br\\\/sobre\\\/jequie-deve-ter-um-dia-com-chuva-em-areas-especificas-neste-sabado-28\\\/#webpage\"},\"isPartOf\":{\"@id\":\"https:\\\/\\\/www.encontrajequie.com.br\\\/sobre\\\/jequie-deve-ter-um-dia-com-chuva-em-areas-especificas-neste-sabado-28\\\/#webpage\"},\"articleSection\":\"Not\\u00edcias Jequi\\u00e9\"},{\"@type\":\"BreadcrumbList\",\"@id\":\"https:\\\/\\\/www.encontrajequie.com.br\\\/sobre\\\/jequie-deve-ter-um-dia-com-chuva-em-areas-especificas-neste-sabado-28\\\/#breadcrumblist\",\"itemListElement\":[{\"@type\":\"ListItem\",\"@id\":\"https:\\\/\\\/www.encontrajequie.com.br\\\/sobre#listItem\",\"position\":1,\"name\":\"Home\",\"item\":\"https:\\\/\\\/www.encontrajequie.com.br\\\/sobre\",\"nextItem\":{\"@type\":\"ListItem\",\"@id\":\"https:\\\/\\\/www.encontrajequie.com.br\\\/sobre\\\/noticias-em-jequie\\\/#listItem\",\"name\":\"Not\\u00edcias Jequi\\u00e9\"}},{\"@type\":\"ListItem\",\"@id\":\"https:\\\/\\\/www.encontrajequie.com.br\\\/sobre\\\/noticias-em-jequie\\\/#listItem\",\"position\":2,\"name\":\"Not\\u00edcias Jequi\\u00e9\",\"item\":\"https:\\\/\\\/www.encontrajequie.com.br\\\/sobre\\\/noticias-em-jequie\\\/\",\"nextItem\":{\"@type\":\"ListItem\",\"@id\":\"https:\\\/\\\/www.encontrajequie.com.br\\\/sobre\\\/jequie-deve-ter-um-dia-com-chuva-em-areas-especificas-neste-sabado-28\\\/#listItem\",\"name\":\"Jequi\\u00e9 deve ter um dia com chuva em \\u00e1reas espec\\u00edficas neste s\\u00e1bado (28)\"},\"previousItem\":{\"@type\":\"ListItem\",\"@id\":\"https:\\\/\\\/www.encontrajequie.com.br\\\/sobre#listItem\",\"name\":\"Home\"}},{\"@type\":\"ListItem\",\"@id\":\"https:\\\/\\\/www.encontrajequie.com.br\\\/sobre\\\/jequie-deve-ter-um-dia-com-chuva-em-areas-especificas-neste-sabado-28\\\/#listItem\",\"position\":3,\"name\":\"Jequi\\u00e9 deve ter um dia com chuva em \\u00e1reas espec\\u00edficas neste s\\u00e1bado (28)\",\"previousItem\":{\"@type\":\"ListItem\",\"@id\":\"https:\\\/\\\/www.encontrajequie.com.br\\\/sobre\\\/noticias-em-jequie\\\/#listItem\",\"name\":\"Not\\u00edcias Jequi\\u00e9\"}}]},{\"@type\":\"Organization\",\"@id\":\"https:\\\/\\\/www.encontrajequie.com.br\\\/sobre\\\/#organization\",\"name\":\"Encontra Jequi\\u00e9\",\"description\":\"Not\\u00edcias, eventos, informa\\u00e7\\u00f5es e dicas na cidade de Jequi\\u00e9 e regi\\u00e3o.\",\"url\":\"https:\\\/\\\/www.encontrajequie.com.br\\\/sobre\\\/\"},{\"@type\":\"Person\",\"@id\":\"https:\\\/\\\/www.encontrajequie.com.br\\\/sobre\\\/author\\\/ejequie\\\/#author\",\"url\":\"https:\\\/\\\/www.encontrajequie.com.br\\\/sobre\\\/author\\\/ejequie\\\/\",\"name\":\"Encontra Jequi\\u00e9\",\"image\":{\"@type\":\"ImageObject\",\"@id\":\"https:\\\/\\\/www.encontrajequie.com.br\\\/sobre\\\/jequie-deve-ter-um-dia-com-chuva-em-areas-especificas-neste-sabado-28\\\/#authorImage\",\"url\":\"https:\\\/\\\/secure.gravatar.com\\\/avatar\\\/507340682b8270222e1f208e23198b6ae7e2c6a1033ae84e99bc6bce4f82a387?s=96&d=mm&r=g\",\"width\":96,\"height\":96,\"caption\":\"Encontra Jequi\\u00e9\"}},{\"@type\":\"WebPage\",\"@id\":\"https:\\\/\\\/www.encontrajequie.com.br\\\/sobre\\\/jequie-deve-ter-um-dia-com-chuva-em-areas-especificas-neste-sabado-28\\\/#webpage\",\"url\":\"https:\\\/\\\/www.encontrajequie.com.br\\\/sobre\\\/jequie-deve-ter-um-dia-com-chuva-em-areas-especificas-neste-sabado-28\\\/\",\"name\":\"Jequi\\u00e9 deve ter um dia com chuva em \\u00e1reas espec\\u00edficas neste s\\u00e1bado (28) | Encontra Jequi\\u00e9\",\"description\":\"Chuva em Jequi\\u00e9 neste s\\u00e1bado com temperaturas de 20\\u00b0C a 31\\u00b0C.\",\"inLanguage\":\"pt-BR\",\"isPartOf\":{\"@id\":\"https:\\\/\\\/www.encontrajequie.com.br\\\/sobre\\\/#website\"},\"breadcrumb\":{\"@id\":\"https:\\\/\\\/www.encontrajequie.com.br\\\/sobre\\\/jequie-deve-ter-um-dia-com-chuva-em-areas-especificas-neste-sabado-28\\\/#breadcrumblist\"},\"author\":{\"@id\":\"https:\\\/\\\/www.encontrajequie.com.br\\\/sobre\\\/author\\\/ejequie\\\/#author\"},\"creator\":{\"@id\":\"https:\\\/\\\/www.encontrajequie.com.br\\\/sobre\\\/author\\\/ejequie\\\/#author\"},\"image\":{\"@type\":\"ImageObject\",\"url\":\"https:\\\/\\\/www.encontrajequie.com.br\\\/sobre\\\/wp-content\\\/uploads\\\/2026\\\/03\\\/jequie-deve-ter-um-dia-com-chuva-em-areas-especificas-neste-sabado-28.webp\",\"@id\":\"https:\\\/\\\/www.encontrajequie.com.br\\\/sobre\\\/jequie-deve-ter-um-dia-com-chuva-em-areas-especificas-neste-sabado-28\\\/#mainImage\",\"width\":280,\"height\":280,\"caption\":\"jequi\\u00e9 chuva neste s\\u00e1bado\"},\"primaryImageOfPage\":{\"@id\":\"https:\\\/\\\/www.encontrajequie.com.br\\\/sobre\\\/jequie-deve-ter-um-dia-com-chuva-em-areas-especificas-neste-sabado-28\\\/#mainImage\"},\"datePublished\":\"2026-03-29T03:42:58-03:00\",\"dateModified\":\"2026-03-29T03:42:58-03:00\"},{\"@type\":\"WebSite\",\"@id\":\"https:\\\/\\\/www.encontrajequie.com.br\\\/sobre\\\/#website\",\"url\":\"https:\\\/\\\/www.encontrajequie.com.br\\\/sobre\\\/\",\"name\":\"Encontra Jequi\\u00e9\",\"description\":\"Not\\u00edcias, eventos, informa\\u00e7\\u00f5es e dicas na cidade de Jequi\\u00e9 e regi\\u00e3o.\",\"inLanguage\":\"pt-BR\",\"publisher\":{\"@id\":\"https:\\\/\\\/www.encontrajequie.com.br\\\/sobre\\\/#organization\"}}]}\n\t\t<\/script>\n\t\t<!-- All in One SEO -->\n\n","aioseo_head_json":{"title":"Jequi\u00e9 deve ter um dia com chuva em \u00e1reas espec\u00edficas neste s\u00e1bado (28) | Encontra Jequi\u00e9","description":"Chuva em Jequi\u00e9 neste s\u00e1bado com temperaturas de 20\u00b0C a 31\u00b0C.","canonical_url":"https:\/\/www.encontrajequie.com.br\/sobre\/jequie-deve-ter-um-dia-com-chuva-em-areas-especificas-neste-sabado-28\/","robots":"max-image-preview:large","keywords":"","webmasterTools":{"miscellaneous":""},"schema":{"@context":"https:\/\/schema.org","@graph":[{"@type":"Article","@id":"https:\/\/www.encontrajequie.com.br\/sobre\/jequie-deve-ter-um-dia-com-chuva-em-areas-especificas-neste-sabado-28\/#article","name":"Jequi\u00e9 deve ter um dia com chuva em \u00e1reas espec\u00edficas neste s\u00e1bado (28) | Encontra Jequi\u00e9","headline":"Jequi\u00e9 deve ter um dia com chuva em \u00e1reas espec\u00edficas neste s\u00e1bado (28)","author":{"@id":"https:\/\/www.encontrajequie.com.br\/sobre\/author\/ejequie\/#author"},"publisher":{"@id":"https:\/\/www.encontrajequie.com.br\/sobre\/#organization"},"image":{"@type":"ImageObject","url":"https:\/\/www.encontrajequie.com.br\/sobre\/wp-content\/uploads\/2026\/03\/jequie-deve-ter-um-dia-com-chuva-em-areas-especificas-neste-sabado-28.webp","width":280,"height":280,"caption":"jequi\u00e9 chuva neste s\u00e1bado"},"datePublished":"2026-03-29T03:42:58-03:00","dateModified":"2026-03-29T03:42:58-03:00","inLanguage":"pt-BR","mainEntityOfPage":{"@id":"https:\/\/www.encontrajequie.com.br\/sobre\/jequie-deve-ter-um-dia-com-chuva-em-areas-especificas-neste-sabado-28\/#webpage"},"isPartOf":{"@id":"https:\/\/www.encontrajequie.com.br\/sobre\/jequie-deve-ter-um-dia-com-chuva-em-areas-especificas-neste-sabado-28\/#webpage"},"articleSection":"Not\u00edcias Jequi\u00e9"},{"@type":"BreadcrumbList","@id":"https:\/\/www.encontrajequie.com.br\/sobre\/jequie-deve-ter-um-dia-com-chuva-em-areas-especificas-neste-sabado-28\/#breadcrumblist","itemListElement":[{"@type":"ListItem","@id":"https:\/\/www.encontrajequie.com.br\/sobre#listItem","position":1,"name":"Home","item":"https:\/\/www.encontrajequie.com.br\/sobre","nextItem":{"@type":"ListItem","@id":"https:\/\/www.encontrajequie.com.br\/sobre\/noticias-em-jequie\/#listItem","name":"Not\u00edcias Jequi\u00e9"}},{"@type":"ListItem","@id":"https:\/\/www.encontrajequie.com.br\/sobre\/noticias-em-jequie\/#listItem","position":2,"name":"Not\u00edcias Jequi\u00e9","item":"https:\/\/www.encontrajequie.com.br\/sobre\/noticias-em-jequie\/","nextItem":{"@type":"ListItem","@id":"https:\/\/www.encontrajequie.com.br\/sobre\/jequie-deve-ter-um-dia-com-chuva-em-areas-especificas-neste-sabado-28\/#listItem","name":"Jequi\u00e9 deve ter um dia com chuva em \u00e1reas espec\u00edficas neste s\u00e1bado (28)"},"previousItem":{"@type":"ListItem","@id":"https:\/\/www.encontrajequie.com.br\/sobre#listItem","name":"Home"}},{"@type":"ListItem","@id":"https:\/\/www.encontrajequie.com.br\/sobre\/jequie-deve-ter-um-dia-com-chuva-em-areas-especificas-neste-sabado-28\/#listItem","position":3,"name":"Jequi\u00e9 deve ter um dia com chuva em \u00e1reas espec\u00edficas neste s\u00e1bado (28)","previousItem":{"@type":"ListItem","@id":"https:\/\/www.encontrajequie.com.br\/sobre\/noticias-em-jequie\/#listItem","name":"Not\u00edcias Jequi\u00e9"}}]},{"@type":"Organization","@id":"https:\/\/www.encontrajequie.com.br\/sobre\/#organization","name":"Encontra Jequi\u00e9","description":"Not\u00edcias, eventos, informa\u00e7\u00f5es e dicas na cidade de Jequi\u00e9 e regi\u00e3o.","url":"https:\/\/www.encontrajequie.com.br\/sobre\/"},{"@type":"Person","@id":"https:\/\/www.encontrajequie.com.br\/sobre\/author\/ejequie\/#author","url":"https:\/\/www.encontrajequie.com.br\/sobre\/author\/ejequie\/","name":"Encontra Jequi\u00e9","image":{"@type":"ImageObject","@id":"https:\/\/www.encontrajequie.com.br\/sobre\/jequie-deve-ter-um-dia-com-chuva-em-areas-especificas-neste-sabado-28\/#authorImage","url":"https:\/\/secure.gravatar.com\/avatar\/507340682b8270222e1f208e23198b6ae7e2c6a1033ae84e99bc6bce4f82a387?s=96&d=mm&r=g","width":96,"height":96,"caption":"Encontra Jequi\u00e9"}},{"@type":"WebPage","@id":"https:\/\/www.encontrajequie.com.br\/sobre\/jequie-deve-ter-um-dia-com-chuva-em-areas-especificas-neste-sabado-28\/#webpage","url":"https:\/\/www.encontrajequie.com.br\/sobre\/jequie-deve-ter-um-dia-com-chuva-em-areas-especificas-neste-sabado-28\/","name":"Jequi\u00e9 deve ter um dia com chuva em \u00e1reas espec\u00edficas neste s\u00e1bado (28) | Encontra Jequi\u00e9","description":"Chuva em Jequi\u00e9 neste s\u00e1bado com temperaturas de 20\u00b0C a 31\u00b0C.","inLanguage":"pt-BR","isPartOf":{"@id":"https:\/\/www.encontrajequie.com.br\/sobre\/#website"},"breadcrumb":{"@id":"https:\/\/www.encontrajequie.com.br\/sobre\/jequie-deve-ter-um-dia-com-chuva-em-areas-especificas-neste-sabado-28\/#breadcrumblist"},"author":{"@id":"https:\/\/www.encontrajequie.com.br\/sobre\/author\/ejequie\/#author"},"creator":{"@id":"https:\/\/www.encontrajequie.com.br\/sobre\/author\/ejequie\/#author"},"image":{"@type":"ImageObject","url":"https:\/\/www.encontrajequie.com.br\/sobre\/wp-content\/uploads\/2026\/03\/jequie-deve-ter-um-dia-com-chuva-em-areas-especificas-neste-sabado-28.webp","@id":"https:\/\/www.encontrajequie.com.br\/sobre\/jequie-deve-ter-um-dia-com-chuva-em-areas-especificas-neste-sabado-28\/#mainImage","width":280,"height":280,"caption":"jequi\u00e9 chuva neste s\u00e1bado"},"primaryImageOfPage":{"@id":"https:\/\/www.encontrajequie.com.br\/sobre\/jequie-deve-ter-um-dia-com-chuva-em-areas-especificas-neste-sabado-28\/#mainImage"},"datePublished":"2026-03-29T03:42:58-03:00","dateModified":"2026-03-29T03:42:58-03:00"},{"@type":"WebSite","@id":"https:\/\/www.encontrajequie.com.br\/sobre\/#website","url":"https:\/\/www.encontrajequie.com.br\/sobre\/","name":"Encontra Jequi\u00e9","description":"Not\u00edcias, eventos, informa\u00e7\u00f5es e dicas na cidade de Jequi\u00e9 e regi\u00e3o.","inLanguage":"pt-BR","publisher":{"@id":"https:\/\/www.encontrajequie.com.br\/sobre\/#organization"}}]},"og:locale":"pt_BR","og:site_name":"Encontra Jequi\u00e9 | Not\u00edcias, eventos, informa\u00e7\u00f5es e dicas na cidade de Jequi\u00e9 e regi\u00e3o.","og:type":"article","og:title":"Jequi\u00e9 deve ter um dia com chuva em \u00e1reas espec\u00edficas neste s\u00e1bado (28) | Encontra Jequi\u00e9","og:description":"Chuva em Jequi\u00e9 neste s\u00e1bado com temperaturas de 20\u00b0C a 31\u00b0C.","og:url":"https:\/\/www.encontrajequie.com.br\/sobre\/jequie-deve-ter-um-dia-com-chuva-em-areas-especificas-neste-sabado-28\/","article:published_time":"2026-03-29T06:42:58+00:00","article:modified_time":"2026-03-29T06:42:58+00:00","twitter:card":"summary_large_image","twitter:title":"Jequi\u00e9 deve ter um dia com chuva em \u00e1reas espec\u00edficas neste s\u00e1bado (28) | Encontra Jequi\u00e9","twitter:description":"Chuva em Jequi\u00e9 neste s\u00e1bado com temperaturas de 20\u00b0C a 31\u00b0C."},"aioseo_meta_data":{"post_id":"929","title":null,"description":null,"keywords":null,"keyphrases":null,"primary_term":null,"canonical_url":null,"og_title":null,"og_description":null,"og_object_type":"default","og_image_type":"default","og_image_url":null,"og_image_width":null,"og_image_height":null,"og_image_custom_url":null,"og_image_custom_fields":null,"og_video":null,"og_custom_url":null,"og_article_section":null,"og_article_tags":null,"twitter_use_og":false,"twitter_card":"default","twitter_image_type":"default","twitter_image_url":null,"twitter_image_custom_url":null,"twitter_image_custom_fields":null,"twitter_title":null,"twitter_description":null,"schema":{"blockGraphs":[],"customGraphs":[],"default":{"data":{"Article":[],"Course":[],"Dataset":[],"FAQPage":[],"Movie":[],"Person":[],"Product":[],"ProductReview":[],"Car":[],"Recipe":[],"Service":[],"SoftwareApplication":[],"WebPage":[]},"graphName":"Article","isEnabled":true},"graphs":[]},"schema_type":"default","schema_type_options":null,"pillar_content":false,"robots_default":true,"robots_noindex":false,"robots_noarchive":false,"robots_nosnippet":false,"robots_nofollow":false,"robots_noimageindex":false,"robots_noodp":false,"robots_notranslate":false,"robots_max_snippet":null,"robots_max_videopreview":null,"robots_max_imagepreview":"large","priority":null,"frequency":null,"local_seo":null,"breadcrumb_settings":null,"limit_modified_date":false,"ai":null,"created":"2026-03-29 06:43:02","updated":"2026-03-29 06:46:00","focus_keyword":null,"additional_keywords":null,"truseo_locale":null,"seo_analyzer_scan_date":null},"aioseo_breadcrumb":"<div class=\"aioseo-breadcrumbs\"><span class=\"aioseo-breadcrumb\">\n\t\t\t<a href=\"https:\/\/www.encontrajequie.com.br\/sobre\" title=\"Home\">Home<\/a>\n\t\t<\/span><span class=\"aioseo-breadcrumb-separator\">&raquo;<\/span><span class=\"aioseo-breadcrumb\">\n\t\t\t<a href=\"https:\/\/www.encontrajequie.com.br\/sobre\/noticias-em-jequie\/\" title=\"Not\u00edcias Jequi\u00e9\">Not\u00edcias Jequi\u00e9<\/a>\n\t\t<\/span><span class=\"aioseo-breadcrumb-separator\">&raquo;<\/span><span class=\"aioseo-breadcrumb\">\n\t\t\tJequi\u00e9 deve ter um dia com chuva em \u00e1reas espec\u00edficas neste s\u00e1bado (28)\n\t\t<\/span><\/div>","aioseo_breadcrumb_json":[{"label":"Home","link":"https:\/\/www.encontrajequie.com.br\/sobre"},{"label":"Not\u00edcias Jequi\u00e9","link":"https:\/\/www.encontrajequie.com.br\/sobre\/noticias-em-jequie\/"},{"label":"Jequi\u00e9 deve ter um dia com chuva em \u00e1reas espec\u00edficas neste s\u00e1bado (28)","link":"https:\/\/www.encontrajequie.com.br\/sobre\/jequie-deve-ter-um-dia-com-chuva-em-areas-especificas-neste-sabado-28\/"}],"_links":{"self":[{"href":"https:\/\/www.encontrajequie.com.br\/sobre\/wp-json\/wp\/v2\/posts\/929","targetHints":{"allow":["GET"]}}],"collection":[{"href":"https:\/\/www.encontrajequie.com.br\/sobre\/wp-json\/wp\/v2\/posts"}],"about":[{"href":"https:\/\/www.encontrajequie.com.br\/sobre\/wp-json\/wp\/v2\/types\/post"}],"author":[{"embeddable":true,"href":"https:\/\/www.encontrajequie.com.br\/sobre\/wp-json\/wp\/v2\/users\/1"}],"replies":[{"embeddable":true,"href":"https:\/\/www.encontrajequie.com.br\/sobre\/wp-json\/wp\/v2\/comments?post=929"}],"version-history":[{"count":0,"href":"https:\/\/www.encontrajequie.com.br\/sobre\/wp-json\/wp\/v2\/posts\/929\/revisions"}],"wp:featuredmedia":[{"embeddable":true,"href":"https:\/\/www.encontrajequie.com.br\/sobre\/wp-json\/wp\/v2\/media\/928"}],"wp:attachment":[{"href":"https:\/\/www.encontrajequie.com.br\/sobre\/wp-json\/wp\/v2\/media?parent=929"}],"wp:term":[{"taxonomy":"category","embeddable":true,"href":"https:\/\/www.encontrajequie.com.br\/sobre\/wp-json\/wp\/v2\/categories?post=929"},{"taxonomy":"post_tag","embeddable":true,"href":"https:\/\/www.encontrajequie.com.br\/sobre\/wp-json\/wp\/v2\/tags?post=929"}],"curies":[{"name":"wp","href":"https:\/\/api.w.org\/{rel}","templated":true}]}}