{"id":933,"date":"2026-03-30T03:42:15","date_gmt":"2026-03-30T06:42:15","guid":{"rendered":"https:\/\/www.encontrajequie.com.br\/sobre\/jequie-deve-ter-um-dia-de-ceu-nublado-com-pancadas-rapidas-neste-domingo-29\/"},"modified":"2026-03-30T03:42:15","modified_gmt":"2026-03-30T06:42:15","slug":"jequie-deve-ter-um-dia-de-ceu-nublado-com-pancadas-rapidas-neste-domingo-29","status":"publish","type":"post","link":"https:\/\/www.encontrajequie.com.br\/sobre\/jequie-deve-ter-um-dia-de-ceu-nublado-com-pancadas-rapidas-neste-domingo-29\/","title":{"rendered":"Jequi\u00e9 deve ter um dia de c\u00e9u nublado com pancadas r\u00e1pidas neste domingo (29)"},"content":{"rendered":"<div class=\"30cf832dc5940d4704f66d0ed9a44050\" data-index=\"1\" style=\"float: none; margin:0px;\">\n<!-- Anuncio display - global -->\r\n<ins class=\"adsbygoogle\"\r\n     style=\"display:block\"\r\n     data-ad-client=\"ca-pub-8585364105181520\"\r\n     data-ad-slot=\"8789329856\"\r\n     data-ad-format=\"auto\"\r\n     data-full-width-responsive=\"true\"><\/ins>\r\n<script>\r\n     (adsbygoogle = window.adsbygoogle || []).push({});\r\n<\/script>\n<\/div>\n<h2>Previs\u00e3o do Tempo para Jequi\u00e9<\/h2>\n<p>Neste domingo, dia 29, o clima em <strong>Jequi\u00e9<\/strong> promete ser predominantemente nublado, com a possibilidade de ocorr\u00eancias de chuvas r\u00e1pidas em determinadas \u00e1reas. De acordo com as informa\u00e7\u00f5es do <strong>Instituto Nacional de Meteorologia (INMET)<\/strong>, as temperaturas na regi\u00e3o dever\u00e3o variar entre <strong>20\u00b0C e 31\u00b0C<\/strong>.<\/p>\n<h2>Temperaturas Previstas para Hoje<\/h2>\n<p>A jornada na cidade de Jequi\u00e9 inicia com temperaturas amenas em torno de <strong>20\u00b0C<\/strong> logo nas primeiras horas da manh\u00e3, proporcionando uma sensa\u00e7\u00e3o de conforto. Durante a manh\u00e3, espera-se um leve aumento, podendo chegar at\u00e9 <strong>31\u00b0C<\/strong>. A tarde promete ser mais quente, mantendo esse valor m\u00e1ximo. No entanto, ao cair da noite, os term\u00f4metros devem se estabilizar novamente em torno de <strong>20\u00b0C<\/strong>.<\/p>\n<h2>O Que Esperar Das Pancadas de Chuva<\/h2>\n<p>As chuvas em Jequi\u00e9 s\u00e3o esperadas de forma isolada e podem ocorrer em \u00e1reas espec\u00edficas ao longo do dia. \u00c9 importante que os residentes fiquem atentos \u00e0 possibilidade de chuvas r\u00e1pidas, mantendo-se informados sobre as mudan\u00e7as nas condi\u00e7\u00f5es clim\u00e1ticas que podem afetar suas atividades ao ar livre.<\/p>\n<p><img decoding=\"async\" src=\"https:\/\/www.encontrajequie.com.br\/sobre\/wp-content\/uploads\/2026\/03\/jequie-deve-ter-um-dia-de-ceu-nublado-com-pancadas-rapidas-neste-domingo-29.webp\" alt=\"previs\u00e3o do tempo em Jequi\u00e9\" loading=\"lazy\" \/><\/p>\n<h2>A Umidade Relativa do Ar em Jequi\u00e9<\/h2>\n<p>A umidade relativa do ar tamb\u00e9m desempenha um papel importante no clima local. Prev\u00ea-se que a umidade alcance <strong>100%<\/strong> no per\u00edodo da manh\u00e3, especialmente durante os momentos mais quentes do dia, e diminua para <strong>50%<\/strong> nos hor\u00e1rios mais secos, que geralmente acontecem \u00e0 tarde.<\/p>\n<h2>Ventos e Sua Intensidade<\/h2>\n<p>Os ventos que soprar\u00e3o em Jequi\u00e9 devem ser predominantemente fracos, movimentando-se do sudeste para o leste. O sol nascer\u00e1 \u00e0s <strong>05h46<\/strong> e se p\u00f4r \u00e0 <strong>17h47<\/strong>, oferecendo um dia com boas possibilidades de luz solar.<\/p>\n<h2>Como Se Comportar Diante da Previs\u00e3o<\/h2>\n<p>Diante da expectativa de chuva, recomenda-se que a popula\u00e7\u00e3o de Jequi\u00e9 prepare-se adequadamente. \u00c9 aconselh\u00e1vel que as pessoas que planejam atividades externas considerem levar guarda-chuvas ou capas de chuva. Al\u00e9m disso, vestimentas leves e confort\u00e1veis s\u00e3o prefer\u00edveis para lidar com a umidade e o calor.<\/p>\n<h2>Compara\u00e7\u00e3o com as Temperaturas dos Pr\u00f3ximos Dias<\/h2>\n<ul>\n<li><strong>Segunda-feira:<\/strong> C\u00e9u encoberto com possibilidades de chuviscos pela manh\u00e3 e \u00e0 tarde, temperaturas entre <strong>20\u00b0C e 30\u00b0C<\/strong>.<\/li>\n<li><strong>Ter\u00e7a-feira (31\/03):<\/strong> Temperatura prevista de <strong>20\u00b0C a 30\u00b0C<\/strong>, com c\u00e9u nublado e oportunidade de chuvas r\u00e1pidas.<\/li>\n<li><strong>Quarta-feira (01\/04):<\/strong> Com manuten\u00e7\u00e3o de muitas nuvens, a temperatura deve variar entre <strong>20\u00b0C e 30\u00b0C<\/strong>.<\/li>\n<li><strong>Quinta-feira (02\/04):<\/strong> Espera-se uma leve garoa, temperaturas entre <strong>20\u00b0C e 30\u00b0C<\/strong>.<\/li>\n<\/ul>\n<h2>Impactos do Clima na Vida Cotidiana<\/h2>\n<p>As condi\u00e7\u00f5es clim\u00e1ticas em Jequi\u00e9, especialmente em dias chuvosos, podem impactar diversas atividades do dia a dia. Desde o deslocamento at\u00e9 a preserva\u00e7\u00e3o das atividades ao ar livre, \u00e9 fundamental que a popula\u00e7\u00e3o se planeje adequadamente. A chuva pode trazer alagamentos em algumas \u00e1reas, aumentando a necessidade de precau\u00e7\u00f5es adicionais durante esses per\u00edodos.<\/p>\n<h2>Dicas de Sa\u00fade Para Dias Chuvosos<\/h2>\n<p>Quando a previs\u00e3o do tempo indica chuvas, \u00e9 importante tomar algumas precau\u00e7\u00f5es de sa\u00fade:<\/p>\n<ul>\n<li><strong>Cuidados com a umidade:<\/strong> O excesso de umidade pode aumentar a incid\u00eancia de doen\u00e7as respirat\u00f3rias, por isso, mantenha ambientes arejados.<\/li>\n<li><strong>Manuten\u00e7\u00e3o da hidrata\u00e7\u00e3o:<\/strong> Apesar do clima mais \u00famido, n\u00e3o se esque\u00e7a de se hidratar adequadamente.<\/li>\n<li><strong>Uso de roupas apropriadas:<\/strong> Utilize material que proteja da chuva, mas que tamb\u00e9m permita a respira\u00e7\u00e3o da pele.<\/li>\n<\/ul>\n<h2>Atividades Recomendadas em Tempo Nublado<\/h2>\n<p>Nos dias nublados em Jequi\u00e9, pode ser a oportunidade ideal para atividades internas que podem ser igualmente aproveitadas. Algumas sugest\u00f5es incluem:<\/p>\n<ul>\n<li>Visitas a museus ou centros culturais.<\/li>\n<li>Organiza\u00e7\u00e3o de eventos familiares em casa.<\/li>\n<li>Participa\u00e7\u00e3o em atividades de lazer indoor, como leitura ou cinema em casa.<\/li>\n<\/ul>\n<h2>Considera\u00e7\u00f5es Finais<\/h2>\n<p>As previs\u00f5es meteorol\u00f3gicas s\u00e3o essenciais para o planejamento do dia a dia da popula\u00e7\u00e3o, especialmente em regi\u00f5es onde as chuvas podem causar impactos significativos. Portanto, este domingo em Jequi\u00e9 apresenta um clima nublado e a possibilidade de chuvas, com temperaturas variando entre <strong>20\u00b0C e 31\u00b0C<\/strong>. Prepare-se para o que vem pela frente e n\u00e3o se esque\u00e7a de aproveitar o dia da melhor forma poss\u00edvel.<\/p>\n\n<div style=\"font-size: 0px; height: 0px; line-height: 0px; margin: 0; padding: 0; clear: both;\"><\/div>","protected":false},"excerpt":{"rendered":"<p>Descubra a previs\u00e3o do tempo em Jequi\u00e9 para o domingo, com chuva e temperaturas variando entre 20\u00b0C e 31\u00b0C.<\/p>\n","protected":false},"author":1,"featured_media":932,"comment_status":"open","ping_status":"closed","sticky":false,"template":"","format":"standard","meta":{"footnotes":""},"categories":[1],"tags":[],"class_list":["post-933","post","type-post","status-publish","format-standard","has-post-thumbnail","hentry","category-noticias-em-jequie","has_thumb"],"aioseo_notices":[],"aioseo_head":"\n\t\t<!-- All in One SEO 5.0.0.1 - aioseo.com -->\n\t<meta name=\"description\" content=\"Descubra a previs\u00e3o do tempo em Jequi\u00e9 para o domingo, com chuva e temperaturas variando entre 20\u00b0C e 31\u00b0C.\" \/>\n\t<meta name=\"robots\" content=\"max-image-preview:large\" \/>\n\t<meta name=\"author\" content=\"Encontra Jequi\u00e9\"\/>\n\t<link rel=\"canonical\" href=\"https:\/\/www.encontrajequie.com.br\/sobre\/jequie-deve-ter-um-dia-de-ceu-nublado-com-pancadas-rapidas-neste-domingo-29\/\" \/>\n\t<meta name=\"generator\" content=\"All in One SEO (AIOSEO) 5.0.0.1\" \/>\n\t\t<meta property=\"og:locale\" content=\"pt_BR\" \/>\n\t\t<meta property=\"og:site_name\" content=\"Encontra Jequi\u00e9 | Not\u00edcias, eventos, informa\u00e7\u00f5es e dicas na cidade de Jequi\u00e9 e regi\u00e3o.\" \/>\n\t\t<meta property=\"og:type\" content=\"article\" \/>\n\t\t<meta property=\"og:title\" content=\"Jequi\u00e9 deve ter um dia de c\u00e9u nublado com pancadas r\u00e1pidas neste domingo (29) | Encontra Jequi\u00e9\" \/>\n\t\t<meta property=\"og:description\" content=\"Descubra a previs\u00e3o do tempo em Jequi\u00e9 para o domingo, com chuva e temperaturas variando entre 20\u00b0C e 31\u00b0C.\" \/>\n\t\t<meta property=\"og:url\" content=\"https:\/\/www.encontrajequie.com.br\/sobre\/jequie-deve-ter-um-dia-de-ceu-nublado-com-pancadas-rapidas-neste-domingo-29\/\" \/>\n\t\t<meta property=\"article:published_time\" content=\"2026-03-30T06:42:15+00:00\" \/>\n\t\t<meta property=\"article:modified_time\" content=\"2026-03-30T06:42:15+00:00\" \/>\n\t\t<meta name=\"twitter:card\" content=\"summary_large_image\" \/>\n\t\t<meta name=\"twitter:title\" content=\"Jequi\u00e9 deve ter um dia de c\u00e9u nublado com pancadas r\u00e1pidas neste domingo (29) | Encontra Jequi\u00e9\" \/>\n\t\t<meta name=\"twitter:description\" content=\"Descubra a previs\u00e3o do tempo em Jequi\u00e9 para o domingo, com chuva e temperaturas variando entre 20\u00b0C e 31\u00b0C.\" \/>\n\t\t<script type=\"application\/ld+json\" class=\"aioseo-schema\">\n\t\t\t{\"@context\":\"https:\\\/\\\/schema.org\",\"@graph\":[{\"@type\":\"Article\",\"@id\":\"https:\\\/\\\/www.encontrajequie.com.br\\\/sobre\\\/jequie-deve-ter-um-dia-de-ceu-nublado-com-pancadas-rapidas-neste-domingo-29\\\/#article\",\"name\":\"Jequi\\u00e9 deve ter um dia de c\\u00e9u nublado com pancadas r\\u00e1pidas neste domingo (29) | Encontra Jequi\\u00e9\",\"headline\":\"Jequi\\u00e9 deve ter um dia de c\\u00e9u nublado com pancadas r\\u00e1pidas neste domingo (29)\",\"author\":{\"@id\":\"https:\\\/\\\/www.encontrajequie.com.br\\\/sobre\\\/author\\\/ejequie\\\/#author\"},\"publisher\":{\"@id\":\"https:\\\/\\\/www.encontrajequie.com.br\\\/sobre\\\/#organization\"},\"image\":{\"@type\":\"ImageObject\",\"url\":\"https:\\\/\\\/www.encontrajequie.com.br\\\/sobre\\\/wp-content\\\/uploads\\\/2026\\\/03\\\/jequie-deve-ter-um-dia-de-ceu-nublado-com-pancadas-rapidas-neste-domingo-29.webp\",\"width\":280,\"height\":280,\"caption\":\"previs\\u00e3o do tempo em Jequi\\u00e9\"},\"datePublished\":\"2026-03-30T03:42:15-03:00\",\"dateModified\":\"2026-03-30T03:42:15-03:00\",\"inLanguage\":\"pt-BR\",\"mainEntityOfPage\":{\"@id\":\"https:\\\/\\\/www.encontrajequie.com.br\\\/sobre\\\/jequie-deve-ter-um-dia-de-ceu-nublado-com-pancadas-rapidas-neste-domingo-29\\\/#webpage\"},\"isPartOf\":{\"@id\":\"https:\\\/\\\/www.encontrajequie.com.br\\\/sobre\\\/jequie-deve-ter-um-dia-de-ceu-nublado-com-pancadas-rapidas-neste-domingo-29\\\/#webpage\"},\"articleSection\":\"Not\\u00edcias Jequi\\u00e9\"},{\"@type\":\"BreadcrumbList\",\"@id\":\"https:\\\/\\\/www.encontrajequie.com.br\\\/sobre\\\/jequie-deve-ter-um-dia-de-ceu-nublado-com-pancadas-rapidas-neste-domingo-29\\\/#breadcrumblist\",\"itemListElement\":[{\"@type\":\"ListItem\",\"@id\":\"https:\\\/\\\/www.encontrajequie.com.br\\\/sobre#listItem\",\"position\":1,\"name\":\"Home\",\"item\":\"https:\\\/\\\/www.encontrajequie.com.br\\\/sobre\",\"nextItem\":{\"@type\":\"ListItem\",\"@id\":\"https:\\\/\\\/www.encontrajequie.com.br\\\/sobre\\\/noticias-em-jequie\\\/#listItem\",\"name\":\"Not\\u00edcias Jequi\\u00e9\"}},{\"@type\":\"ListItem\",\"@id\":\"https:\\\/\\\/www.encontrajequie.com.br\\\/sobre\\\/noticias-em-jequie\\\/#listItem\",\"position\":2,\"name\":\"Not\\u00edcias Jequi\\u00e9\",\"item\":\"https:\\\/\\\/www.encontrajequie.com.br\\\/sobre\\\/noticias-em-jequie\\\/\",\"nextItem\":{\"@type\":\"ListItem\",\"@id\":\"https:\\\/\\\/www.encontrajequie.com.br\\\/sobre\\\/jequie-deve-ter-um-dia-de-ceu-nublado-com-pancadas-rapidas-neste-domingo-29\\\/#listItem\",\"name\":\"Jequi\\u00e9 deve ter um dia de c\\u00e9u nublado com pancadas r\\u00e1pidas neste domingo (29)\"},\"previousItem\":{\"@type\":\"ListItem\",\"@id\":\"https:\\\/\\\/www.encontrajequie.com.br\\\/sobre#listItem\",\"name\":\"Home\"}},{\"@type\":\"ListItem\",\"@id\":\"https:\\\/\\\/www.encontrajequie.com.br\\\/sobre\\\/jequie-deve-ter-um-dia-de-ceu-nublado-com-pancadas-rapidas-neste-domingo-29\\\/#listItem\",\"position\":3,\"name\":\"Jequi\\u00e9 deve ter um dia de c\\u00e9u nublado com pancadas r\\u00e1pidas neste domingo (29)\",\"previousItem\":{\"@type\":\"ListItem\",\"@id\":\"https:\\\/\\\/www.encontrajequie.com.br\\\/sobre\\\/noticias-em-jequie\\\/#listItem\",\"name\":\"Not\\u00edcias Jequi\\u00e9\"}}]},{\"@type\":\"Organization\",\"@id\":\"https:\\\/\\\/www.encontrajequie.com.br\\\/sobre\\\/#organization\",\"name\":\"Encontra Jequi\\u00e9\",\"description\":\"Not\\u00edcias, eventos, informa\\u00e7\\u00f5es e dicas na cidade de Jequi\\u00e9 e regi\\u00e3o.\",\"url\":\"https:\\\/\\\/www.encontrajequie.com.br\\\/sobre\\\/\"},{\"@type\":\"Person\",\"@id\":\"https:\\\/\\\/www.encontrajequie.com.br\\\/sobre\\\/author\\\/ejequie\\\/#author\",\"url\":\"https:\\\/\\\/www.encontrajequie.com.br\\\/sobre\\\/author\\\/ejequie\\\/\",\"name\":\"Encontra Jequi\\u00e9\",\"image\":{\"@type\":\"ImageObject\",\"@id\":\"https:\\\/\\\/www.encontrajequie.com.br\\\/sobre\\\/jequie-deve-ter-um-dia-de-ceu-nublado-com-pancadas-rapidas-neste-domingo-29\\\/#authorImage\",\"url\":\"https:\\\/\\\/secure.gravatar.com\\\/avatar\\\/507340682b8270222e1f208e23198b6ae7e2c6a1033ae84e99bc6bce4f82a387?s=96&d=mm&r=g\",\"width\":96,\"height\":96,\"caption\":\"Encontra Jequi\\u00e9\"}},{\"@type\":\"WebPage\",\"@id\":\"https:\\\/\\\/www.encontrajequie.com.br\\\/sobre\\\/jequie-deve-ter-um-dia-de-ceu-nublado-com-pancadas-rapidas-neste-domingo-29\\\/#webpage\",\"url\":\"https:\\\/\\\/www.encontrajequie.com.br\\\/sobre\\\/jequie-deve-ter-um-dia-de-ceu-nublado-com-pancadas-rapidas-neste-domingo-29\\\/\",\"name\":\"Jequi\\u00e9 deve ter um dia de c\\u00e9u nublado com pancadas r\\u00e1pidas neste domingo (29) | Encontra Jequi\\u00e9\",\"description\":\"Descubra a previs\\u00e3o do tempo em Jequi\\u00e9 para o domingo, com chuva e temperaturas variando entre 20\\u00b0C e 31\\u00b0C.\",\"inLanguage\":\"pt-BR\",\"isPartOf\":{\"@id\":\"https:\\\/\\\/www.encontrajequie.com.br\\\/sobre\\\/#website\"},\"breadcrumb\":{\"@id\":\"https:\\\/\\\/www.encontrajequie.com.br\\\/sobre\\\/jequie-deve-ter-um-dia-de-ceu-nublado-com-pancadas-rapidas-neste-domingo-29\\\/#breadcrumblist\"},\"author\":{\"@id\":\"https:\\\/\\\/www.encontrajequie.com.br\\\/sobre\\\/author\\\/ejequie\\\/#author\"},\"creator\":{\"@id\":\"https:\\\/\\\/www.encontrajequie.com.br\\\/sobre\\\/author\\\/ejequie\\\/#author\"},\"image\":{\"@type\":\"ImageObject\",\"url\":\"https:\\\/\\\/www.encontrajequie.com.br\\\/sobre\\\/wp-content\\\/uploads\\\/2026\\\/03\\\/jequie-deve-ter-um-dia-de-ceu-nublado-com-pancadas-rapidas-neste-domingo-29.webp\",\"@id\":\"https:\\\/\\\/www.encontrajequie.com.br\\\/sobre\\\/jequie-deve-ter-um-dia-de-ceu-nublado-com-pancadas-rapidas-neste-domingo-29\\\/#mainImage\",\"width\":280,\"height\":280,\"caption\":\"previs\\u00e3o do tempo em Jequi\\u00e9\"},\"primaryImageOfPage\":{\"@id\":\"https:\\\/\\\/www.encontrajequie.com.br\\\/sobre\\\/jequie-deve-ter-um-dia-de-ceu-nublado-com-pancadas-rapidas-neste-domingo-29\\\/#mainImage\"},\"datePublished\":\"2026-03-30T03:42:15-03:00\",\"dateModified\":\"2026-03-30T03:42:15-03:00\"},{\"@type\":\"WebSite\",\"@id\":\"https:\\\/\\\/www.encontrajequie.com.br\\\/sobre\\\/#website\",\"url\":\"https:\\\/\\\/www.encontrajequie.com.br\\\/sobre\\\/\",\"name\":\"Encontra Jequi\\u00e9\",\"description\":\"Not\\u00edcias, eventos, informa\\u00e7\\u00f5es e dicas na cidade de Jequi\\u00e9 e regi\\u00e3o.\",\"inLanguage\":\"pt-BR\",\"publisher\":{\"@id\":\"https:\\\/\\\/www.encontrajequie.com.br\\\/sobre\\\/#organization\"}}]}\n\t\t<\/script>\n\t\t<!-- All in One SEO -->\n\n","aioseo_head_json":{"title":"Jequi\u00e9 deve ter um dia de c\u00e9u nublado com pancadas r\u00e1pidas neste domingo (29) | Encontra Jequi\u00e9","description":"Descubra a previs\u00e3o do tempo em Jequi\u00e9 para o domingo, com chuva e temperaturas variando entre 20\u00b0C e 31\u00b0C.","canonical_url":"https:\/\/www.encontrajequie.com.br\/sobre\/jequie-deve-ter-um-dia-de-ceu-nublado-com-pancadas-rapidas-neste-domingo-29\/","robots":"max-image-preview:large","keywords":"","webmasterTools":{"miscellaneous":""},"schema":{"@context":"https:\/\/schema.org","@graph":[{"@type":"Article","@id":"https:\/\/www.encontrajequie.com.br\/sobre\/jequie-deve-ter-um-dia-de-ceu-nublado-com-pancadas-rapidas-neste-domingo-29\/#article","name":"Jequi\u00e9 deve ter um dia de c\u00e9u nublado com pancadas r\u00e1pidas neste domingo (29) | Encontra Jequi\u00e9","headline":"Jequi\u00e9 deve ter um dia de c\u00e9u nublado com pancadas r\u00e1pidas neste domingo (29)","author":{"@id":"https:\/\/www.encontrajequie.com.br\/sobre\/author\/ejequie\/#author"},"publisher":{"@id":"https:\/\/www.encontrajequie.com.br\/sobre\/#organization"},"image":{"@type":"ImageObject","url":"https:\/\/www.encontrajequie.com.br\/sobre\/wp-content\/uploads\/2026\/03\/jequie-deve-ter-um-dia-de-ceu-nublado-com-pancadas-rapidas-neste-domingo-29.webp","width":280,"height":280,"caption":"previs\u00e3o do tempo em Jequi\u00e9"},"datePublished":"2026-03-30T03:42:15-03:00","dateModified":"2026-03-30T03:42:15-03:00","inLanguage":"pt-BR","mainEntityOfPage":{"@id":"https:\/\/www.encontrajequie.com.br\/sobre\/jequie-deve-ter-um-dia-de-ceu-nublado-com-pancadas-rapidas-neste-domingo-29\/#webpage"},"isPartOf":{"@id":"https:\/\/www.encontrajequie.com.br\/sobre\/jequie-deve-ter-um-dia-de-ceu-nublado-com-pancadas-rapidas-neste-domingo-29\/#webpage"},"articleSection":"Not\u00edcias Jequi\u00e9"},{"@type":"BreadcrumbList","@id":"https:\/\/www.encontrajequie.com.br\/sobre\/jequie-deve-ter-um-dia-de-ceu-nublado-com-pancadas-rapidas-neste-domingo-29\/#breadcrumblist","itemListElement":[{"@type":"ListItem","@id":"https:\/\/www.encontrajequie.com.br\/sobre#listItem","position":1,"name":"Home","item":"https:\/\/www.encontrajequie.com.br\/sobre","nextItem":{"@type":"ListItem","@id":"https:\/\/www.encontrajequie.com.br\/sobre\/noticias-em-jequie\/#listItem","name":"Not\u00edcias Jequi\u00e9"}},{"@type":"ListItem","@id":"https:\/\/www.encontrajequie.com.br\/sobre\/noticias-em-jequie\/#listItem","position":2,"name":"Not\u00edcias Jequi\u00e9","item":"https:\/\/www.encontrajequie.com.br\/sobre\/noticias-em-jequie\/","nextItem":{"@type":"ListItem","@id":"https:\/\/www.encontrajequie.com.br\/sobre\/jequie-deve-ter-um-dia-de-ceu-nublado-com-pancadas-rapidas-neste-domingo-29\/#listItem","name":"Jequi\u00e9 deve ter um dia de c\u00e9u nublado com pancadas r\u00e1pidas neste domingo (29)"},"previousItem":{"@type":"ListItem","@id":"https:\/\/www.encontrajequie.com.br\/sobre#listItem","name":"Home"}},{"@type":"ListItem","@id":"https:\/\/www.encontrajequie.com.br\/sobre\/jequie-deve-ter-um-dia-de-ceu-nublado-com-pancadas-rapidas-neste-domingo-29\/#listItem","position":3,"name":"Jequi\u00e9 deve ter um dia de c\u00e9u nublado com pancadas r\u00e1pidas neste domingo (29)","previousItem":{"@type":"ListItem","@id":"https:\/\/www.encontrajequie.com.br\/sobre\/noticias-em-jequie\/#listItem","name":"Not\u00edcias Jequi\u00e9"}}]},{"@type":"Organization","@id":"https:\/\/www.encontrajequie.com.br\/sobre\/#organization","name":"Encontra Jequi\u00e9","description":"Not\u00edcias, eventos, informa\u00e7\u00f5es e dicas na cidade de Jequi\u00e9 e regi\u00e3o.","url":"https:\/\/www.encontrajequie.com.br\/sobre\/"},{"@type":"Person","@id":"https:\/\/www.encontrajequie.com.br\/sobre\/author\/ejequie\/#author","url":"https:\/\/www.encontrajequie.com.br\/sobre\/author\/ejequie\/","name":"Encontra Jequi\u00e9","image":{"@type":"ImageObject","@id":"https:\/\/www.encontrajequie.com.br\/sobre\/jequie-deve-ter-um-dia-de-ceu-nublado-com-pancadas-rapidas-neste-domingo-29\/#authorImage","url":"https:\/\/secure.gravatar.com\/avatar\/507340682b8270222e1f208e23198b6ae7e2c6a1033ae84e99bc6bce4f82a387?s=96&d=mm&r=g","width":96,"height":96,"caption":"Encontra Jequi\u00e9"}},{"@type":"WebPage","@id":"https:\/\/www.encontrajequie.com.br\/sobre\/jequie-deve-ter-um-dia-de-ceu-nublado-com-pancadas-rapidas-neste-domingo-29\/#webpage","url":"https:\/\/www.encontrajequie.com.br\/sobre\/jequie-deve-ter-um-dia-de-ceu-nublado-com-pancadas-rapidas-neste-domingo-29\/","name":"Jequi\u00e9 deve ter um dia de c\u00e9u nublado com pancadas r\u00e1pidas neste domingo (29) | Encontra Jequi\u00e9","description":"Descubra a previs\u00e3o do tempo em Jequi\u00e9 para o domingo, com chuva e temperaturas variando entre 20\u00b0C e 31\u00b0C.","inLanguage":"pt-BR","isPartOf":{"@id":"https:\/\/www.encontrajequie.com.br\/sobre\/#website"},"breadcrumb":{"@id":"https:\/\/www.encontrajequie.com.br\/sobre\/jequie-deve-ter-um-dia-de-ceu-nublado-com-pancadas-rapidas-neste-domingo-29\/#breadcrumblist"},"author":{"@id":"https:\/\/www.encontrajequie.com.br\/sobre\/author\/ejequie\/#author"},"creator":{"@id":"https:\/\/www.encontrajequie.com.br\/sobre\/author\/ejequie\/#author"},"image":{"@type":"ImageObject","url":"https:\/\/www.encontrajequie.com.br\/sobre\/wp-content\/uploads\/2026\/03\/jequie-deve-ter-um-dia-de-ceu-nublado-com-pancadas-rapidas-neste-domingo-29.webp","@id":"https:\/\/www.encontrajequie.com.br\/sobre\/jequie-deve-ter-um-dia-de-ceu-nublado-com-pancadas-rapidas-neste-domingo-29\/#mainImage","width":280,"height":280,"caption":"previs\u00e3o do tempo em Jequi\u00e9"},"primaryImageOfPage":{"@id":"https:\/\/www.encontrajequie.com.br\/sobre\/jequie-deve-ter-um-dia-de-ceu-nublado-com-pancadas-rapidas-neste-domingo-29\/#mainImage"},"datePublished":"2026-03-30T03:42:15-03:00","dateModified":"2026-03-30T03:42:15-03:00"},{"@type":"WebSite","@id":"https:\/\/www.encontrajequie.com.br\/sobre\/#website","url":"https:\/\/www.encontrajequie.com.br\/sobre\/","name":"Encontra Jequi\u00e9","description":"Not\u00edcias, eventos, informa\u00e7\u00f5es e dicas na cidade de Jequi\u00e9 e regi\u00e3o.","inLanguage":"pt-BR","publisher":{"@id":"https:\/\/www.encontrajequie.com.br\/sobre\/#organization"}}]},"og:locale":"pt_BR","og:site_name":"Encontra Jequi\u00e9 | Not\u00edcias, eventos, informa\u00e7\u00f5es e dicas na cidade de Jequi\u00e9 e regi\u00e3o.","og:type":"article","og:title":"Jequi\u00e9 deve ter um dia de c\u00e9u nublado com pancadas r\u00e1pidas neste domingo (29) | Encontra Jequi\u00e9","og:description":"Descubra a previs\u00e3o do tempo em Jequi\u00e9 para o domingo, com chuva e temperaturas variando entre 20\u00b0C e 31\u00b0C.","og:url":"https:\/\/www.encontrajequie.com.br\/sobre\/jequie-deve-ter-um-dia-de-ceu-nublado-com-pancadas-rapidas-neste-domingo-29\/","article:published_time":"2026-03-30T06:42:15+00:00","article:modified_time":"2026-03-30T06:42:15+00:00","twitter:card":"summary_large_image","twitter:title":"Jequi\u00e9 deve ter um dia de c\u00e9u nublado com pancadas r\u00e1pidas neste domingo (29) | Encontra Jequi\u00e9","twitter:description":"Descubra a previs\u00e3o do tempo em Jequi\u00e9 para o domingo, com chuva e temperaturas variando entre 20\u00b0C e 31\u00b0C."},"aioseo_meta_data":{"post_id":"933","title":null,"description":null,"keywords":null,"keyphrases":null,"primary_term":null,"canonical_url":null,"og_title":null,"og_description":null,"og_object_type":"default","og_image_type":"default","og_image_url":null,"og_image_width":null,"og_image_height":null,"og_image_custom_url":null,"og_image_custom_fields":null,"og_video":null,"og_custom_url":null,"og_article_section":null,"og_article_tags":null,"twitter_use_og":false,"twitter_card":"default","twitter_image_type":"default","twitter_image_url":null,"twitter_image_custom_url":null,"twitter_image_custom_fields":null,"twitter_title":null,"twitter_description":null,"schema":{"blockGraphs":[],"customGraphs":[],"default":{"data":{"Article":[],"Course":[],"Dataset":[],"FAQPage":[],"Movie":[],"Person":[],"Product":[],"ProductReview":[],"Car":[],"Recipe":[],"Service":[],"SoftwareApplication":[],"WebPage":[]},"graphName":"Article","isEnabled":true},"graphs":[]},"schema_type":"default","schema_type_options":null,"pillar_content":false,"robots_default":true,"robots_noindex":false,"robots_noarchive":false,"robots_nosnippet":false,"robots_nofollow":false,"robots_noimageindex":false,"robots_noodp":false,"robots_notranslate":false,"robots_max_snippet":null,"robots_max_videopreview":null,"robots_max_imagepreview":"large","priority":null,"frequency":null,"local_seo":null,"breadcrumb_settings":null,"limit_modified_date":false,"ai":null,"created":"2026-03-30 06:42:19","updated":"2026-03-30 06:48:43","focus_keyword":null,"additional_keywords":null,"truseo_locale":null,"seo_analyzer_scan_date":null},"aioseo_breadcrumb":"<div class=\"aioseo-breadcrumbs\"><span class=\"aioseo-breadcrumb\">\n\t\t\t<a href=\"https:\/\/www.encontrajequie.com.br\/sobre\" title=\"Home\">Home<\/a>\n\t\t<\/span><span class=\"aioseo-breadcrumb-separator\">&raquo;<\/span><span class=\"aioseo-breadcrumb\">\n\t\t\t<a href=\"https:\/\/www.encontrajequie.com.br\/sobre\/noticias-em-jequie\/\" title=\"Not\u00edcias Jequi\u00e9\">Not\u00edcias Jequi\u00e9<\/a>\n\t\t<\/span><span class=\"aioseo-breadcrumb-separator\">&raquo;<\/span><span class=\"aioseo-breadcrumb\">\n\t\t\tJequi\u00e9 deve ter um dia de c\u00e9u nublado com pancadas r\u00e1pidas neste domingo (29)\n\t\t<\/span><\/div>","aioseo_breadcrumb_json":[{"label":"Home","link":"https:\/\/www.encontrajequie.com.br\/sobre"},{"label":"Not\u00edcias Jequi\u00e9","link":"https:\/\/www.encontrajequie.com.br\/sobre\/noticias-em-jequie\/"},{"label":"Jequi\u00e9 deve ter um dia de c\u00e9u nublado com pancadas r\u00e1pidas neste domingo (29)","link":"https:\/\/www.encontrajequie.com.br\/sobre\/jequie-deve-ter-um-dia-de-ceu-nublado-com-pancadas-rapidas-neste-domingo-29\/"}],"_links":{"self":[{"href":"https:\/\/www.encontrajequie.com.br\/sobre\/wp-json\/wp\/v2\/posts\/933","targetHints":{"allow":["GET"]}}],"collection":[{"href":"https:\/\/www.encontrajequie.com.br\/sobre\/wp-json\/wp\/v2\/posts"}],"about":[{"href":"https:\/\/www.encontrajequie.com.br\/sobre\/wp-json\/wp\/v2\/types\/post"}],"author":[{"embeddable":true,"href":"https:\/\/www.encontrajequie.com.br\/sobre\/wp-json\/wp\/v2\/users\/1"}],"replies":[{"embeddable":true,"href":"https:\/\/www.encontrajequie.com.br\/sobre\/wp-json\/wp\/v2\/comments?post=933"}],"version-history":[{"count":0,"href":"https:\/\/www.encontrajequie.com.br\/sobre\/wp-json\/wp\/v2\/posts\/933\/revisions"}],"wp:featuredmedia":[{"embeddable":true,"href":"https:\/\/www.encontrajequie.com.br\/sobre\/wp-json\/wp\/v2\/media\/932"}],"wp:attachment":[{"href":"https:\/\/www.encontrajequie.com.br\/sobre\/wp-json\/wp\/v2\/media?parent=933"}],"wp:term":[{"taxonomy":"category","embeddable":true,"href":"https:\/\/www.encontrajequie.com.br\/sobre\/wp-json\/wp\/v2\/categories?post=933"},{"taxonomy":"post_tag","embeddable":true,"href":"https:\/\/www.encontrajequie.com.br\/sobre\/wp-json\/wp\/v2\/tags?post=933"}],"curies":[{"name":"wp","href":"https:\/\/api.w.org\/{rel}","templated":true}]}}