{"id":935,"date":"2026-03-30T03:43:31","date_gmt":"2026-03-30T06:43:31","guid":{"rendered":"https:\/\/www.encontrajequie.com.br\/sobre\/jogador-de-17-anos-do-grapiuna-sofre-parada-cardiaca-apos-jogo-em-jequie\/"},"modified":"2026-03-30T03:43:31","modified_gmt":"2026-03-30T06:43:31","slug":"jogador-de-17-anos-do-grapiuna-sofre-parada-cardiaca-apos-jogo-em-jequie","status":"publish","type":"post","link":"https:\/\/www.encontrajequie.com.br\/sobre\/jogador-de-17-anos-do-grapiuna-sofre-parada-cardiaca-apos-jogo-em-jequie\/","title":{"rendered":"Jogador de 17 anos do Grapi\u00fana sofre parada card\u00edaca ap\u00f3s jogo em Jequi\u00e9"},"content":{"rendered":"<div class=\"30cf832dc5940d4704f66d0ed9a44050\" data-index=\"1\" style=\"float: none; margin:0px;\">\n<!-- Anuncio display - global -->\r\n<ins class=\"adsbygoogle\"\r\n     style=\"display:block\"\r\n     data-ad-client=\"ca-pub-8585364105181520\"\r\n     data-ad-slot=\"8789329856\"\r\n     data-ad-format=\"auto\"\r\n     data-full-width-responsive=\"true\"><\/ins>\r\n<script>\r\n     (adsbygoogle = window.adsbygoogle || []).push({});\r\n<\/script>\n<\/div>\n<h2>O que ocorreu durante o jogo?<\/h2>\n<p>No \u00faltimo s\u00e1bado (28), o jogador Lucas Oliveira, de apenas 17 anos, integrante do Grapi\u00fana Atl\u00e9tico Clube, enfrentou uma experi\u00eancia alarmante ao sofrer uma parada card\u00edaca ap\u00f3s a partida contra a equipe do Jequi\u00e9. O jogo, que ocorreu pelo Campeonato Baiano Sub-20, foi vencido pelo Grapi\u00fana com um placar de 2 a 0, no Est\u00e1dio Waldomiro Borges. No entanto, a celebra\u00e7\u00e3o pela vit\u00f3ria foi abruptamente interrompida quando Lucas acabou passando mal no campo ainda durante a partida.<\/p>\n<h2>Quem \u00e9 Lucas Oliveira?<\/h2>\n<p>Lucas Oliveira \u00e9 um jovem atleta proeminente nas categorias de base do Grapi\u00fana Atl\u00e9tico Clube. Desde cedo, ele demonstrou talento e dedica\u00e7\u00e3o ao esporte, conquistas que lhe garantiram seu lugar no time. Com 17 anos, ele \u00e9 visto como uma promessa para o futuro do futebol baiano. Sua trajet\u00f3ria at\u00e9 aqui foi marcada por treinamentos intensos e participa\u00e7\u00e3o em v\u00e1rias competi\u00e7\u00f5es, que contribu\u00edram para seu crescimento como jogador e como pessoa.<\/p>\n<h2>A rea\u00e7\u00e3o do time e torcedores<\/h2>\n<p>O momento em que Lucas desmaiou em campo foi angustiante para todos os presentes. Atletas, torcedores e membros da comiss\u00e3o t\u00e9cnica mostraram grande preocupa\u00e7\u00e3o. A r\u00e1pida rea\u00e7\u00e3o dos param\u00e9dicos que estavam no local foi crucial. Imediatamente, a equipe m\u00e9dica iniciou procedimentos de reanima\u00e7\u00e3o. A presen\u00e7a de profissionais capacitados no est\u00e1dio foi um fator determinante para estabilizar a situa\u00e7\u00e3o de Lucas antes de sua transfer\u00eancia para um hospital.<\/p>\n<p><img decoding=\"async\" src=\"https:\/\/www.encontrajequie.com.br\/sobre\/wp-content\/uploads\/2026\/03\/jogador-de-17-anos-do-grapiuna-sofre-parada-cardiaca-apos-jogo-em-jequie.webp\" alt=\"\" loading=\"lazy\" \/><\/p>\n<h2>Import\u00e2ncia da sa\u00fade no esporte<\/h2>\n<p>A sa\u00fade dos atletas \u00e9 um aspecto fundamental que deve ser constantemente monitorado. O caso de Lucas Oliveira \u00e9 um lembrete poderoso para equipes e organiza\u00e7\u00f5es esportivas sobre a necessidade de realizar exames regulares e manter protocolos de seguran\u00e7a bem estabelecidos. A pr\u00e1tica esportiva, embora saud\u00e1vel, pode trazer riscos, especialmente em jovens atletas, que est\u00e3o em fase de desenvolvimento e podem n\u00e3o perceber sinais de alerta at\u00e9 que seja tarde demais.<\/p>\n<h2>Como proceder em caso de emerg\u00eancias?<\/h2>\n<p>Em situa\u00e7\u00f5es de emerg\u00eancia, como a que Lucas enfrentou, \u00e9 essencial ter um plano de a\u00e7\u00e3o claro. Aqui est\u00e3o as primeiras etapas que devem ser seguidas:<\/p>\n<ul>\n<li><strong>Chamar ajuda m\u00e9dica:<\/strong> Assim que poss\u00edvel, acionar a equipe de emerg\u00eancia \u00e9 crucial.<\/li>\n<li><strong>Administra\u00e7\u00e3o de primeiros socorros:<\/strong> Conhecimentos b\u00e1sicos em primeiros socorros podem salvar vidas. Manobras de reanima\u00e7\u00e3o cardiopulmonar (RCP) devem ser aplicadas se a v\u00edtima n\u00e3o responder.<\/li>\n<li><strong>Manter a calma:<\/strong> Embora a situa\u00e7\u00e3o possa ser desesperadora, manter a calma ajuda a coordenar melhor as a\u00e7\u00f5es de socorro.<\/li>\n<li><strong>Transportar a v\u00edtima:<\/strong> Se a situa\u00e7\u00e3o n\u00e3o melhorar, \u00e9 necess\u00e1rio acompanhar a v\u00edtima at\u00e9 um hospital.<\/li>\n<\/ul>\n<h2>Tratamento ap\u00f3s a parada card\u00edaca<\/h2>\n<p>Ap\u00f3s ser transportado ao Hospital Geral Prado Valadares (HGPV), Lucas Oliveira recebeu atendimento m\u00e9dico intensivo. Seu tratamento envolveu uma s\u00e9rie de procedimentos, incluindo intuba\u00e7\u00e3o e monitoramento cont\u00ednuo de seus sinais vitais. O acompanhamento em terapia intensiva \u00e9 comum em casos de paradas card\u00edacas para garantir que o paciente esteja est\u00e1vel e possa receber a interven\u00e7\u00e3o necess\u00e1ria para sua recupera\u00e7\u00e3o.<\/p>\n<h2>A jornada de recupera\u00e7\u00e3o do atleta<\/h2>\n<p>A recupera\u00e7\u00e3o de um atleta que sofreu uma parada card\u00edaca pode ser longa e complexa. O primeiro passo \u00e9 a estabiliza\u00e7\u00e3o, seguido de uma avalia\u00e7\u00e3o m\u00e9dica detalhada para identificar as causas subjacentes do incidente. Lucas, como muitos outros atletas, enfrentar\u00e1 um processo de reabilita\u00e7\u00e3o que pode incluir terapia f\u00edsica e acompanhamento psicol\u00f3gico. O suporte emocional \u00e9 essencial, pois experi\u00eancias traum\u00e1ticas podem impactar profundamente a sa\u00fade mental do atleta.<\/p>\n<h2>O impacto no Campeonato Baiano<\/h2>\n<p>A incidente com Lucas Oliveira n\u00e3o afetou apenas o atleta, mas tamb\u00e9m todo o Grapi\u00fana Atl\u00e9tico Clube e a comunidade esportiva local. O time, que estava focado em seu desempenho no Campeonato Baiano Sub-20, agora ter\u00e1 que lidar com as consequ\u00eancias dessa situa\u00e7\u00e3o grave. Muitos jogadores e torcedores expressaram preocupa\u00e7\u00e3o e solidariedade, refletindo como o bem-estar dos jogadores \u00e9 uma prioridade maior que qualquer resultado em campo.<\/p>\n<h2>Preven\u00e7\u00e3o de problemas card\u00edacos em jovens<\/h2>\n<p>A preven\u00e7\u00e3o \u00e9 fundamental para evitar ocorr\u00eancias semelhantes. A implementa\u00e7\u00e3o de exames card\u00edacos regulares para jovens atletas \u00e9 uma medida que deve ser considerada por clubes e escolas de futebol. Al\u00e9m disso, \u00e9 importante educar os jovens sobre os riscos e sinais de problemas card\u00edacos, para que possam informar seus treinadores e m\u00e9dicos se algo parecer errado.<\/p>\n<h2>A import\u00e2ncia do apoio psicol\u00f3gico<\/h2>\n<p>Por fim, o apoio psicol\u00f3gico deve ser uma parte integral do processo de recupera\u00e7\u00e3o para atletas que enfrentam situa\u00e7\u00f5es de emerg\u00eancia como a de Lucas. Seja atrav\u00e9s de coaching esportivo, terapia ou grupos de apoio, \u00e9 vital que os jovens atletas tenham acesso a recursos que os ajudem a processar sua experi\u00eancia e a lidar com as quest\u00f5es emocionais que possam surgir.<\/p>\n\n<div style=\"font-size: 0px; height: 0px; line-height: 0px; margin: 0; padding: 0; clear: both;\"><\/div>","protected":false},"excerpt":{"rendered":"<p>Jogador de 17 anos do Grapi\u00fana sofre parada card\u00edaca ap\u00f3s partida em Jequi\u00e9.<\/p>\n","protected":false},"author":1,"featured_media":934,"comment_status":"open","ping_status":"closed","sticky":false,"template":"","format":"standard","meta":{"footnotes":""},"categories":[1],"tags":[],"class_list":["post-935","post","type-post","status-publish","format-standard","has-post-thumbnail","hentry","category-noticias-em-jequie","has_thumb"],"aioseo_notices":[],"aioseo_head":"\n\t\t<!-- All in One SEO 5.0.0.1 - aioseo.com -->\n\t<meta name=\"description\" content=\"Jogador de 17 anos do Grapi\u00fana sofre parada card\u00edaca ap\u00f3s partida em Jequi\u00e9.\" \/>\n\t<meta name=\"robots\" content=\"max-image-preview:large\" \/>\n\t<meta name=\"author\" content=\"Encontra Jequi\u00e9\"\/>\n\t<link rel=\"canonical\" href=\"https:\/\/www.encontrajequie.com.br\/sobre\/jogador-de-17-anos-do-grapiuna-sofre-parada-cardiaca-apos-jogo-em-jequie\/\" \/>\n\t<meta name=\"generator\" content=\"All in One SEO (AIOSEO) 5.0.0.1\" \/>\n\t\t<meta property=\"og:locale\" content=\"pt_BR\" \/>\n\t\t<meta property=\"og:site_name\" content=\"Encontra Jequi\u00e9 | Not\u00edcias, eventos, informa\u00e7\u00f5es e dicas na cidade de Jequi\u00e9 e regi\u00e3o.\" \/>\n\t\t<meta property=\"og:type\" content=\"article\" \/>\n\t\t<meta property=\"og:title\" content=\"Jogador de 17 anos do Grapi\u00fana sofre parada card\u00edaca ap\u00f3s jogo em Jequi\u00e9 | Encontra Jequi\u00e9\" \/>\n\t\t<meta property=\"og:description\" content=\"Jogador de 17 anos do Grapi\u00fana sofre parada card\u00edaca ap\u00f3s partida em Jequi\u00e9.\" \/>\n\t\t<meta property=\"og:url\" content=\"https:\/\/www.encontrajequie.com.br\/sobre\/jogador-de-17-anos-do-grapiuna-sofre-parada-cardiaca-apos-jogo-em-jequie\/\" \/>\n\t\t<meta property=\"article:published_time\" content=\"2026-03-30T06:43:31+00:00\" \/>\n\t\t<meta property=\"article:modified_time\" content=\"2026-03-30T06:43:31+00:00\" \/>\n\t\t<meta name=\"twitter:card\" content=\"summary_large_image\" \/>\n\t\t<meta name=\"twitter:title\" content=\"Jogador de 17 anos do Grapi\u00fana sofre parada card\u00edaca ap\u00f3s jogo em Jequi\u00e9 | Encontra Jequi\u00e9\" \/>\n\t\t<meta name=\"twitter:description\" content=\"Jogador de 17 anos do Grapi\u00fana sofre parada card\u00edaca ap\u00f3s partida em Jequi\u00e9.\" \/>\n\t\t<script type=\"application\/ld+json\" class=\"aioseo-schema\">\n\t\t\t{\"@context\":\"https:\\\/\\\/schema.org\",\"@graph\":[{\"@type\":\"Article\",\"@id\":\"https:\\\/\\\/www.encontrajequie.com.br\\\/sobre\\\/jogador-de-17-anos-do-grapiuna-sofre-parada-cardiaca-apos-jogo-em-jequie\\\/#article\",\"name\":\"Jogador de 17 anos do Grapi\\u00fana sofre parada card\\u00edaca ap\\u00f3s jogo em Jequi\\u00e9 | Encontra Jequi\\u00e9\",\"headline\":\"Jogador de 17 anos do Grapi\\u00fana sofre parada card\\u00edaca ap\\u00f3s jogo em Jequi\\u00e9\",\"author\":{\"@id\":\"https:\\\/\\\/www.encontrajequie.com.br\\\/sobre\\\/author\\\/ejequie\\\/#author\"},\"publisher\":{\"@id\":\"https:\\\/\\\/www.encontrajequie.com.br\\\/sobre\\\/#organization\"},\"image\":{\"@type\":\"ImageObject\",\"url\":\"https:\\\/\\\/www.encontrajequie.com.br\\\/sobre\\\/wp-content\\\/uploads\\\/2026\\\/03\\\/jogador-de-17-anos-do-grapiuna-sofre-parada-cardiaca-apos-jogo-em-jequie.webp\",\"width\":280,\"height\":280},\"datePublished\":\"2026-03-30T03:43:31-03:00\",\"dateModified\":\"2026-03-30T03:43:31-03:00\",\"inLanguage\":\"pt-BR\",\"mainEntityOfPage\":{\"@id\":\"https:\\\/\\\/www.encontrajequie.com.br\\\/sobre\\\/jogador-de-17-anos-do-grapiuna-sofre-parada-cardiaca-apos-jogo-em-jequie\\\/#webpage\"},\"isPartOf\":{\"@id\":\"https:\\\/\\\/www.encontrajequie.com.br\\\/sobre\\\/jogador-de-17-anos-do-grapiuna-sofre-parada-cardiaca-apos-jogo-em-jequie\\\/#webpage\"},\"articleSection\":\"Not\\u00edcias Jequi\\u00e9\"},{\"@type\":\"BreadcrumbList\",\"@id\":\"https:\\\/\\\/www.encontrajequie.com.br\\\/sobre\\\/jogador-de-17-anos-do-grapiuna-sofre-parada-cardiaca-apos-jogo-em-jequie\\\/#breadcrumblist\",\"itemListElement\":[{\"@type\":\"ListItem\",\"@id\":\"https:\\\/\\\/www.encontrajequie.com.br\\\/sobre#listItem\",\"position\":1,\"name\":\"Home\",\"item\":\"https:\\\/\\\/www.encontrajequie.com.br\\\/sobre\",\"nextItem\":{\"@type\":\"ListItem\",\"@id\":\"https:\\\/\\\/www.encontrajequie.com.br\\\/sobre\\\/noticias-em-jequie\\\/#listItem\",\"name\":\"Not\\u00edcias Jequi\\u00e9\"}},{\"@type\":\"ListItem\",\"@id\":\"https:\\\/\\\/www.encontrajequie.com.br\\\/sobre\\\/noticias-em-jequie\\\/#listItem\",\"position\":2,\"name\":\"Not\\u00edcias Jequi\\u00e9\",\"item\":\"https:\\\/\\\/www.encontrajequie.com.br\\\/sobre\\\/noticias-em-jequie\\\/\",\"nextItem\":{\"@type\":\"ListItem\",\"@id\":\"https:\\\/\\\/www.encontrajequie.com.br\\\/sobre\\\/jogador-de-17-anos-do-grapiuna-sofre-parada-cardiaca-apos-jogo-em-jequie\\\/#listItem\",\"name\":\"Jogador de 17 anos do Grapi\\u00fana sofre parada card\\u00edaca ap\\u00f3s jogo em Jequi\\u00e9\"},\"previousItem\":{\"@type\":\"ListItem\",\"@id\":\"https:\\\/\\\/www.encontrajequie.com.br\\\/sobre#listItem\",\"name\":\"Home\"}},{\"@type\":\"ListItem\",\"@id\":\"https:\\\/\\\/www.encontrajequie.com.br\\\/sobre\\\/jogador-de-17-anos-do-grapiuna-sofre-parada-cardiaca-apos-jogo-em-jequie\\\/#listItem\",\"position\":3,\"name\":\"Jogador de 17 anos do Grapi\\u00fana sofre parada card\\u00edaca ap\\u00f3s jogo em Jequi\\u00e9\",\"previousItem\":{\"@type\":\"ListItem\",\"@id\":\"https:\\\/\\\/www.encontrajequie.com.br\\\/sobre\\\/noticias-em-jequie\\\/#listItem\",\"name\":\"Not\\u00edcias Jequi\\u00e9\"}}]},{\"@type\":\"Organization\",\"@id\":\"https:\\\/\\\/www.encontrajequie.com.br\\\/sobre\\\/#organization\",\"name\":\"Encontra Jequi\\u00e9\",\"description\":\"Not\\u00edcias, eventos, informa\\u00e7\\u00f5es e dicas na cidade de Jequi\\u00e9 e regi\\u00e3o.\",\"url\":\"https:\\\/\\\/www.encontrajequie.com.br\\\/sobre\\\/\"},{\"@type\":\"Person\",\"@id\":\"https:\\\/\\\/www.encontrajequie.com.br\\\/sobre\\\/author\\\/ejequie\\\/#author\",\"url\":\"https:\\\/\\\/www.encontrajequie.com.br\\\/sobre\\\/author\\\/ejequie\\\/\",\"name\":\"Encontra Jequi\\u00e9\",\"image\":{\"@type\":\"ImageObject\",\"@id\":\"https:\\\/\\\/www.encontrajequie.com.br\\\/sobre\\\/jogador-de-17-anos-do-grapiuna-sofre-parada-cardiaca-apos-jogo-em-jequie\\\/#authorImage\",\"url\":\"https:\\\/\\\/secure.gravatar.com\\\/avatar\\\/507340682b8270222e1f208e23198b6ae7e2c6a1033ae84e99bc6bce4f82a387?s=96&d=mm&r=g\",\"width\":96,\"height\":96,\"caption\":\"Encontra Jequi\\u00e9\"}},{\"@type\":\"WebPage\",\"@id\":\"https:\\\/\\\/www.encontrajequie.com.br\\\/sobre\\\/jogador-de-17-anos-do-grapiuna-sofre-parada-cardiaca-apos-jogo-em-jequie\\\/#webpage\",\"url\":\"https:\\\/\\\/www.encontrajequie.com.br\\\/sobre\\\/jogador-de-17-anos-do-grapiuna-sofre-parada-cardiaca-apos-jogo-em-jequie\\\/\",\"name\":\"Jogador de 17 anos do Grapi\\u00fana sofre parada card\\u00edaca ap\\u00f3s jogo em Jequi\\u00e9 | Encontra Jequi\\u00e9\",\"description\":\"Jogador de 17 anos do Grapi\\u00fana sofre parada card\\u00edaca ap\\u00f3s partida em Jequi\\u00e9.\",\"inLanguage\":\"pt-BR\",\"isPartOf\":{\"@id\":\"https:\\\/\\\/www.encontrajequie.com.br\\\/sobre\\\/#website\"},\"breadcrumb\":{\"@id\":\"https:\\\/\\\/www.encontrajequie.com.br\\\/sobre\\\/jogador-de-17-anos-do-grapiuna-sofre-parada-cardiaca-apos-jogo-em-jequie\\\/#breadcrumblist\"},\"author\":{\"@id\":\"https:\\\/\\\/www.encontrajequie.com.br\\\/sobre\\\/author\\\/ejequie\\\/#author\"},\"creator\":{\"@id\":\"https:\\\/\\\/www.encontrajequie.com.br\\\/sobre\\\/author\\\/ejequie\\\/#author\"},\"image\":{\"@type\":\"ImageObject\",\"url\":\"https:\\\/\\\/www.encontrajequie.com.br\\\/sobre\\\/wp-content\\\/uploads\\\/2026\\\/03\\\/jogador-de-17-anos-do-grapiuna-sofre-parada-cardiaca-apos-jogo-em-jequie.webp\",\"@id\":\"https:\\\/\\\/www.encontrajequie.com.br\\\/sobre\\\/jogador-de-17-anos-do-grapiuna-sofre-parada-cardiaca-apos-jogo-em-jequie\\\/#mainImage\",\"width\":280,\"height\":280},\"primaryImageOfPage\":{\"@id\":\"https:\\\/\\\/www.encontrajequie.com.br\\\/sobre\\\/jogador-de-17-anos-do-grapiuna-sofre-parada-cardiaca-apos-jogo-em-jequie\\\/#mainImage\"},\"datePublished\":\"2026-03-30T03:43:31-03:00\",\"dateModified\":\"2026-03-30T03:43:31-03:00\"},{\"@type\":\"WebSite\",\"@id\":\"https:\\\/\\\/www.encontrajequie.com.br\\\/sobre\\\/#website\",\"url\":\"https:\\\/\\\/www.encontrajequie.com.br\\\/sobre\\\/\",\"name\":\"Encontra Jequi\\u00e9\",\"description\":\"Not\\u00edcias, eventos, informa\\u00e7\\u00f5es e dicas na cidade de Jequi\\u00e9 e regi\\u00e3o.\",\"inLanguage\":\"pt-BR\",\"publisher\":{\"@id\":\"https:\\\/\\\/www.encontrajequie.com.br\\\/sobre\\\/#organization\"}}]}\n\t\t<\/script>\n\t\t<!-- All in One SEO -->\n\n","aioseo_head_json":{"title":"Jogador de 17 anos do Grapi\u00fana sofre parada card\u00edaca ap\u00f3s jogo em Jequi\u00e9 | Encontra Jequi\u00e9","description":"Jogador de 17 anos do Grapi\u00fana sofre parada card\u00edaca ap\u00f3s partida em Jequi\u00e9.","canonical_url":"https:\/\/www.encontrajequie.com.br\/sobre\/jogador-de-17-anos-do-grapiuna-sofre-parada-cardiaca-apos-jogo-em-jequie\/","robots":"max-image-preview:large","keywords":"","webmasterTools":{"miscellaneous":""},"schema":{"@context":"https:\/\/schema.org","@graph":[{"@type":"Article","@id":"https:\/\/www.encontrajequie.com.br\/sobre\/jogador-de-17-anos-do-grapiuna-sofre-parada-cardiaca-apos-jogo-em-jequie\/#article","name":"Jogador de 17 anos do Grapi\u00fana sofre parada card\u00edaca ap\u00f3s jogo em Jequi\u00e9 | Encontra Jequi\u00e9","headline":"Jogador de 17 anos do Grapi\u00fana sofre parada card\u00edaca ap\u00f3s jogo em Jequi\u00e9","author":{"@id":"https:\/\/www.encontrajequie.com.br\/sobre\/author\/ejequie\/#author"},"publisher":{"@id":"https:\/\/www.encontrajequie.com.br\/sobre\/#organization"},"image":{"@type":"ImageObject","url":"https:\/\/www.encontrajequie.com.br\/sobre\/wp-content\/uploads\/2026\/03\/jogador-de-17-anos-do-grapiuna-sofre-parada-cardiaca-apos-jogo-em-jequie.webp","width":280,"height":280},"datePublished":"2026-03-30T03:43:31-03:00","dateModified":"2026-03-30T03:43:31-03:00","inLanguage":"pt-BR","mainEntityOfPage":{"@id":"https:\/\/www.encontrajequie.com.br\/sobre\/jogador-de-17-anos-do-grapiuna-sofre-parada-cardiaca-apos-jogo-em-jequie\/#webpage"},"isPartOf":{"@id":"https:\/\/www.encontrajequie.com.br\/sobre\/jogador-de-17-anos-do-grapiuna-sofre-parada-cardiaca-apos-jogo-em-jequie\/#webpage"},"articleSection":"Not\u00edcias Jequi\u00e9"},{"@type":"BreadcrumbList","@id":"https:\/\/www.encontrajequie.com.br\/sobre\/jogador-de-17-anos-do-grapiuna-sofre-parada-cardiaca-apos-jogo-em-jequie\/#breadcrumblist","itemListElement":[{"@type":"ListItem","@id":"https:\/\/www.encontrajequie.com.br\/sobre#listItem","position":1,"name":"Home","item":"https:\/\/www.encontrajequie.com.br\/sobre","nextItem":{"@type":"ListItem","@id":"https:\/\/www.encontrajequie.com.br\/sobre\/noticias-em-jequie\/#listItem","name":"Not\u00edcias Jequi\u00e9"}},{"@type":"ListItem","@id":"https:\/\/www.encontrajequie.com.br\/sobre\/noticias-em-jequie\/#listItem","position":2,"name":"Not\u00edcias Jequi\u00e9","item":"https:\/\/www.encontrajequie.com.br\/sobre\/noticias-em-jequie\/","nextItem":{"@type":"ListItem","@id":"https:\/\/www.encontrajequie.com.br\/sobre\/jogador-de-17-anos-do-grapiuna-sofre-parada-cardiaca-apos-jogo-em-jequie\/#listItem","name":"Jogador de 17 anos do Grapi\u00fana sofre parada card\u00edaca ap\u00f3s jogo em Jequi\u00e9"},"previousItem":{"@type":"ListItem","@id":"https:\/\/www.encontrajequie.com.br\/sobre#listItem","name":"Home"}},{"@type":"ListItem","@id":"https:\/\/www.encontrajequie.com.br\/sobre\/jogador-de-17-anos-do-grapiuna-sofre-parada-cardiaca-apos-jogo-em-jequie\/#listItem","position":3,"name":"Jogador de 17 anos do Grapi\u00fana sofre parada card\u00edaca ap\u00f3s jogo em Jequi\u00e9","previousItem":{"@type":"ListItem","@id":"https:\/\/www.encontrajequie.com.br\/sobre\/noticias-em-jequie\/#listItem","name":"Not\u00edcias Jequi\u00e9"}}]},{"@type":"Organization","@id":"https:\/\/www.encontrajequie.com.br\/sobre\/#organization","name":"Encontra Jequi\u00e9","description":"Not\u00edcias, eventos, informa\u00e7\u00f5es e dicas na cidade de Jequi\u00e9 e regi\u00e3o.","url":"https:\/\/www.encontrajequie.com.br\/sobre\/"},{"@type":"Person","@id":"https:\/\/www.encontrajequie.com.br\/sobre\/author\/ejequie\/#author","url":"https:\/\/www.encontrajequie.com.br\/sobre\/author\/ejequie\/","name":"Encontra Jequi\u00e9","image":{"@type":"ImageObject","@id":"https:\/\/www.encontrajequie.com.br\/sobre\/jogador-de-17-anos-do-grapiuna-sofre-parada-cardiaca-apos-jogo-em-jequie\/#authorImage","url":"https:\/\/secure.gravatar.com\/avatar\/507340682b8270222e1f208e23198b6ae7e2c6a1033ae84e99bc6bce4f82a387?s=96&d=mm&r=g","width":96,"height":96,"caption":"Encontra Jequi\u00e9"}},{"@type":"WebPage","@id":"https:\/\/www.encontrajequie.com.br\/sobre\/jogador-de-17-anos-do-grapiuna-sofre-parada-cardiaca-apos-jogo-em-jequie\/#webpage","url":"https:\/\/www.encontrajequie.com.br\/sobre\/jogador-de-17-anos-do-grapiuna-sofre-parada-cardiaca-apos-jogo-em-jequie\/","name":"Jogador de 17 anos do Grapi\u00fana sofre parada card\u00edaca ap\u00f3s jogo em Jequi\u00e9 | Encontra Jequi\u00e9","description":"Jogador de 17 anos do Grapi\u00fana sofre parada card\u00edaca ap\u00f3s partida em Jequi\u00e9.","inLanguage":"pt-BR","isPartOf":{"@id":"https:\/\/www.encontrajequie.com.br\/sobre\/#website"},"breadcrumb":{"@id":"https:\/\/www.encontrajequie.com.br\/sobre\/jogador-de-17-anos-do-grapiuna-sofre-parada-cardiaca-apos-jogo-em-jequie\/#breadcrumblist"},"author":{"@id":"https:\/\/www.encontrajequie.com.br\/sobre\/author\/ejequie\/#author"},"creator":{"@id":"https:\/\/www.encontrajequie.com.br\/sobre\/author\/ejequie\/#author"},"image":{"@type":"ImageObject","url":"https:\/\/www.encontrajequie.com.br\/sobre\/wp-content\/uploads\/2026\/03\/jogador-de-17-anos-do-grapiuna-sofre-parada-cardiaca-apos-jogo-em-jequie.webp","@id":"https:\/\/www.encontrajequie.com.br\/sobre\/jogador-de-17-anos-do-grapiuna-sofre-parada-cardiaca-apos-jogo-em-jequie\/#mainImage","width":280,"height":280},"primaryImageOfPage":{"@id":"https:\/\/www.encontrajequie.com.br\/sobre\/jogador-de-17-anos-do-grapiuna-sofre-parada-cardiaca-apos-jogo-em-jequie\/#mainImage"},"datePublished":"2026-03-30T03:43:31-03:00","dateModified":"2026-03-30T03:43:31-03:00"},{"@type":"WebSite","@id":"https:\/\/www.encontrajequie.com.br\/sobre\/#website","url":"https:\/\/www.encontrajequie.com.br\/sobre\/","name":"Encontra Jequi\u00e9","description":"Not\u00edcias, eventos, informa\u00e7\u00f5es e dicas na cidade de Jequi\u00e9 e regi\u00e3o.","inLanguage":"pt-BR","publisher":{"@id":"https:\/\/www.encontrajequie.com.br\/sobre\/#organization"}}]},"og:locale":"pt_BR","og:site_name":"Encontra Jequi\u00e9 | Not\u00edcias, eventos, informa\u00e7\u00f5es e dicas na cidade de Jequi\u00e9 e regi\u00e3o.","og:type":"article","og:title":"Jogador de 17 anos do Grapi\u00fana sofre parada card\u00edaca ap\u00f3s jogo em Jequi\u00e9 | Encontra Jequi\u00e9","og:description":"Jogador de 17 anos do Grapi\u00fana sofre parada card\u00edaca ap\u00f3s partida em Jequi\u00e9.","og:url":"https:\/\/www.encontrajequie.com.br\/sobre\/jogador-de-17-anos-do-grapiuna-sofre-parada-cardiaca-apos-jogo-em-jequie\/","article:published_time":"2026-03-30T06:43:31+00:00","article:modified_time":"2026-03-30T06:43:31+00:00","twitter:card":"summary_large_image","twitter:title":"Jogador de 17 anos do Grapi\u00fana sofre parada card\u00edaca ap\u00f3s jogo em Jequi\u00e9 | Encontra Jequi\u00e9","twitter:description":"Jogador de 17 anos do Grapi\u00fana sofre parada card\u00edaca ap\u00f3s partida em Jequi\u00e9."},"aioseo_meta_data":{"post_id":"935","title":null,"description":null,"keywords":null,"keyphrases":null,"primary_term":null,"canonical_url":null,"og_title":null,"og_description":null,"og_object_type":"default","og_image_type":"default","og_image_url":null,"og_image_width":null,"og_image_height":null,"og_image_custom_url":null,"og_image_custom_fields":null,"og_video":null,"og_custom_url":null,"og_article_section":null,"og_article_tags":null,"twitter_use_og":false,"twitter_card":"default","twitter_image_type":"default","twitter_image_url":null,"twitter_image_custom_url":null,"twitter_image_custom_fields":null,"twitter_title":null,"twitter_description":null,"schema":{"blockGraphs":[],"customGraphs":[],"default":{"data":{"Article":[],"Course":[],"Dataset":[],"FAQPage":[],"Movie":[],"Person":[],"Product":[],"ProductReview":[],"Car":[],"Recipe":[],"Service":[],"SoftwareApplication":[],"WebPage":[]},"graphName":"Article","isEnabled":true},"graphs":[]},"schema_type":"default","schema_type_options":null,"pillar_content":false,"robots_default":true,"robots_noindex":false,"robots_noarchive":false,"robots_nosnippet":false,"robots_nofollow":false,"robots_noimageindex":false,"robots_noodp":false,"robots_notranslate":false,"robots_max_snippet":null,"robots_max_videopreview":null,"robots_max_imagepreview":"large","priority":null,"frequency":null,"local_seo":null,"breadcrumb_settings":null,"limit_modified_date":false,"ai":null,"created":"2026-03-30 06:45:08","updated":"2026-03-30 06:48:43","focus_keyword":null,"additional_keywords":null,"truseo_locale":null,"seo_analyzer_scan_date":null},"aioseo_breadcrumb":"<div class=\"aioseo-breadcrumbs\"><span class=\"aioseo-breadcrumb\">\n\t\t\t<a href=\"https:\/\/www.encontrajequie.com.br\/sobre\" title=\"Home\">Home<\/a>\n\t\t<\/span><span class=\"aioseo-breadcrumb-separator\">&raquo;<\/span><span class=\"aioseo-breadcrumb\">\n\t\t\t<a href=\"https:\/\/www.encontrajequie.com.br\/sobre\/noticias-em-jequie\/\" title=\"Not\u00edcias Jequi\u00e9\">Not\u00edcias Jequi\u00e9<\/a>\n\t\t<\/span><span class=\"aioseo-breadcrumb-separator\">&raquo;<\/span><span class=\"aioseo-breadcrumb\">\n\t\t\tJogador de 17 anos do Grapi\u00fana sofre parada card\u00edaca ap\u00f3s jogo em Jequi\u00e9\n\t\t<\/span><\/div>","aioseo_breadcrumb_json":[{"label":"Home","link":"https:\/\/www.encontrajequie.com.br\/sobre"},{"label":"Not\u00edcias Jequi\u00e9","link":"https:\/\/www.encontrajequie.com.br\/sobre\/noticias-em-jequie\/"},{"label":"Jogador de 17 anos do Grapi\u00fana sofre parada card\u00edaca ap\u00f3s jogo em Jequi\u00e9","link":"https:\/\/www.encontrajequie.com.br\/sobre\/jogador-de-17-anos-do-grapiuna-sofre-parada-cardiaca-apos-jogo-em-jequie\/"}],"_links":{"self":[{"href":"https:\/\/www.encontrajequie.com.br\/sobre\/wp-json\/wp\/v2\/posts\/935","targetHints":{"allow":["GET"]}}],"collection":[{"href":"https:\/\/www.encontrajequie.com.br\/sobre\/wp-json\/wp\/v2\/posts"}],"about":[{"href":"https:\/\/www.encontrajequie.com.br\/sobre\/wp-json\/wp\/v2\/types\/post"}],"author":[{"embeddable":true,"href":"https:\/\/www.encontrajequie.com.br\/sobre\/wp-json\/wp\/v2\/users\/1"}],"replies":[{"embeddable":true,"href":"https:\/\/www.encontrajequie.com.br\/sobre\/wp-json\/wp\/v2\/comments?post=935"}],"version-history":[{"count":0,"href":"https:\/\/www.encontrajequie.com.br\/sobre\/wp-json\/wp\/v2\/posts\/935\/revisions"}],"wp:featuredmedia":[{"embeddable":true,"href":"https:\/\/www.encontrajequie.com.br\/sobre\/wp-json\/wp\/v2\/media\/934"}],"wp:attachment":[{"href":"https:\/\/www.encontrajequie.com.br\/sobre\/wp-json\/wp\/v2\/media?parent=935"}],"wp:term":[{"taxonomy":"category","embeddable":true,"href":"https:\/\/www.encontrajequie.com.br\/sobre\/wp-json\/wp\/v2\/categories?post=935"},{"taxonomy":"post_tag","embeddable":true,"href":"https:\/\/www.encontrajequie.com.br\/sobre\/wp-json\/wp\/v2\/tags?post=935"}],"curies":[{"name":"wp","href":"https:\/\/api.w.org\/{rel}","templated":true}]}}