{"id":937,"date":"2026-03-31T03:40:58","date_gmt":"2026-03-31T06:40:58","guid":{"rendered":"https:\/\/www.encontrajequie.com.br\/sobre\/em-celebracao-das-artes-e-da-diversidade-cultural-prefeitura-de-jequie-promove-marco-cultural-na-praca-rui-barbosa\/"},"modified":"2026-03-31T03:40:58","modified_gmt":"2026-03-31T06:40:58","slug":"em-celebracao-das-artes-e-da-diversidade-cultural-prefeitura-de-jequie-promove-marco-cultural-na-praca-rui-barbosa","status":"publish","type":"post","link":"https:\/\/www.encontrajequie.com.br\/sobre\/em-celebracao-das-artes-e-da-diversidade-cultural-prefeitura-de-jequie-promove-marco-cultural-na-praca-rui-barbosa\/","title":{"rendered":"Em celebra\u00e7\u00e3o das artes e da diversidade cultural, Prefeitura de Jequi\u00e9 promove Mar\u00e7o Cultural na Pra\u00e7a Rui Barbosa"},"content":{"rendered":"<div class=\"30cf832dc5940d4704f66d0ed9a44050\" data-index=\"1\" style=\"float: none; margin:0px;\">\n<!-- Anuncio display - global -->\r\n<ins class=\"adsbygoogle\"\r\n     style=\"display:block\"\r\n     data-ad-client=\"ca-pub-8585364105181520\"\r\n     data-ad-slot=\"8789329856\"\r\n     data-ad-format=\"auto\"\r\n     data-full-width-responsive=\"true\"><\/ins>\r\n<script>\r\n     (adsbygoogle = window.adsbygoogle || []).push({});\r\n<\/script>\n<\/div>\n<h2>Celebra\u00e7\u00e3o da Diversidade Cultural<\/h2>\n<p>No dia 27 de mar\u00e7o, a Prefeitura de Jequi\u00e9, por meio da Secretaria de Cultura e Turismo, organizou a quinta edi\u00e7\u00e3o do evento Mar\u00e7o Cultural. Este evento foi realizado na Pra\u00e7a Rui Barbosa e ficou marcado por sua proposta de democratiza\u00e7\u00e3o cultural, promovendo um ambiente acess\u00edvel para todos os cidad\u00e3os. A celebra\u00e7\u00e3o abrangeu diversas manifesta\u00e7\u00f5es art\u00edsticas, ressaltando a import\u00e2ncia de reconhecer e valorizar a diversidade cultural que comp\u00f5e a identidade do munic\u00edpio.<\/p>\n<h2>Atividades Art\u00edsticas na Pra\u00e7a<\/h2>\n<p>O evento foi uma verdadeira homenagem \u00e0s express\u00f5es art\u00edsticas locais, contando com uma programa\u00e7\u00e3o repleta de atividades que atra\u00edram tanto os moradores quanto os visitantes da cidade. Durante a celebra\u00e7\u00e3o, o p\u00fablico teve a oportunidade de interagir com artistas locais, em um ambiente que trouxe \u00e0 frente uma variedade de talentos do munic\u00edpio. As atividades inclu\u00edram exposi\u00e7\u00f5es de artes visuais e apresenta\u00e7\u00f5es ao vivo, criando uma atmosfera vibrante e inclusiva.<\/p>\n<h2>Atra\u00e7\u00f5es Musicais do Evento<\/h2>\n<p>Um dos pontos altos do Mar\u00e7o Cultural foi o espet\u00e1culo musical intitulado &#8220;A Fant\u00e1stica Viagem de J\u00f3 Bahia no Alto da Imagina\u00e7\u00e3o \u2013 2\u00aa edi\u00e7\u00e3o&#8221;. Os int\u00e9rpretes J\u00f4 Bahia e Cris Gon\u00e7alves apresentaram um repert\u00f3rio que mesclou ritmos da M\u00fasica Popular Brasileira (MPB) com o tradicional forr\u00f3, proporcionando ao p\u00fablico uma experi\u00eancia sonora rica e envolvente. Este espet\u00e1culo n\u00e3o apenas destacou a cultura musical da regi\u00e3o, mas tamb\u00e9m incentivou a intera\u00e7\u00e3o entre os presentes, celebrando a alegria e a divers\u00e3o que a m\u00fasica pode proporcionar.<\/p>\n<p><img decoding=\"async\" src=\"https:\/\/www.encontrajequie.com.br\/sobre\/wp-content\/uploads\/2026\/03\/em-celebracao-das-artes-e-da-diversidade-cultural-prefeitura-de-jequie-promove-marco-cultural-na-pra.webp\" alt=\"Mar\u00e7o Cultural\" loading=\"lazy\" \/><\/p>\n<h2>Teatro e Poesia no Mar\u00e7o Cultural<\/h2>\n<p>A programa\u00e7\u00e3o tamb\u00e9m incluiu uma se\u00e7\u00e3o dedicada ao teatro e \u00e0 poesia, reconhecendo a import\u00e2ncia dessas formas art\u00edsticas na forma\u00e7\u00e3o cultural. Com a presen\u00e7a de personagens marcantes, como a Ximbica, interpretada pela diretora municipal de Promo\u00e7\u00e3o Cultural, Virginia Pimentel, o evento trouxe \u00e0 tona o l\u00fadico e o encantamento do universo teatral. Al\u00e9m disso, a poesia foi celebrada em v\u00e1rias vertentes, permitindo aos participantes um mergulho profundo na riqueza das palavras e na express\u00e3o art\u00edstica.<\/p>\n<h2>Participa\u00e7\u00e3o da Comunidade Local<\/h2>\n<p>A participa\u00e7\u00e3o da comunidade local foi fundamental para o sucesso do Mar\u00e7o Cultural. Os moradores foram incentivados a se envolver, n\u00e3o apenas como espectadores, mas tamb\u00e9m como colaboradores, seja atrav\u00e9s da exposi\u00e7\u00e3o de suas obras, seja pela apresenta\u00e7\u00e3o de suas performances. Esta intera\u00e7\u00e3o entre artistas e a comunidade criou um espa\u00e7o harm\u00f4nico onde todos puderam experimentar e valorizar o que h\u00e1 de melhor em Jequi\u00e9.<\/p>\n<h2>Import\u00e2ncia do Acesso \u00e0 Cultura<\/h2>\n<p>O evento enfatizou a necessidade de ampliar o acesso \u00e0 cultura para todos os segmentos sociais, garantindo que as express\u00f5es art\u00edsticas sejam uma parte integral da vida comunit\u00e1ria. O secret\u00e1rio de Cultura e Turismo, Domingos Ailton, ressaltou que iniciativas desse tipo s\u00e3o cruciais para fortalecer a identidade cultural, promovendo um ambiente onde as artes possam florescer e onde o p\u00fablico possa se sentir parte desse processo criativo. Ao democratizar o acesso \u00e0 cultura, a Prefeitura busca construir uma sociedade mais inclusiva e participativa.<\/p>\n<h2>Programa\u00e7\u00e3o Especial para o Dia Internacional da Mulher<\/h2>\n<p>Uma das datas significativas celebradas durante o evento foi o Dia Internacional da Mulher. A programa\u00e7\u00e3o foi planejada para destacar as contribui\u00e7\u00f5es das mulheres nas artes e na cultura, enfatizando a import\u00e2ncia de sua participa\u00e7\u00e3o em todas as esferas da vida social. Ao promover eventos que celebram as conquistas femininas, o Mar\u00e7o Cultural n\u00e3o s\u00f3 honra as mulheres, mas tamb\u00e9m cria um espa\u00e7o de reflex\u00e3o sobre igualdade e respeito.<\/p>\n<h2>Apoio da Pol\u00edtica Nacional de Cultura<\/h2>\n<p>O sucesso do Mar\u00e7o Cultural deve-se, em grande parte, ao apoio da Pol\u00edtica Nacional Aldir Blanc de Fomento \u00e0 Cultura (PNAB). Este programa visa incentivar a produ\u00e7\u00e3o cultural em todo o Brasil, e a Prefeitura de Jequi\u00e9 recebeu fundos para realizar essa edi\u00e7\u00e3o do evento. Esse apoio \u00e9 fundamental para manter viva a arte e a cultura, proporcionando aos artistas e \u00e0 comunidade em geral a oportunidade de se expressar e interagir.<\/p>\n<h2>Vantagens de Eventos Culturais em Espa\u00e7os P\u00fablicos<\/h2>\n<p>A realiza\u00e7\u00e3o de eventos culturais em espa\u00e7os p\u00fablicos, como a Pra\u00e7a Rui Barbosa, traz uma s\u00e9rie de benef\u00edcios \u00e0 comunidade. Primeiro, esses eventos ajudam a revitalizar \u00e1reas urbanas, tornando-as mais atrativas e acolhedoras. Al\u00e9m disso, permitem que a cultura alcance um p\u00fablico mais amplo, incluindo aqueles que, de outra forma, poderiam n\u00e3o ter acesso a eventos realizados em locais fechados. A presen\u00e7a da arte no cotidiano das pessoas pode enriquecer suas vidas, criando la\u00e7os entre os cidad\u00e3os e promovendo um senso de pertencimento.<\/p>\n<h2>Reconhecimento dos Artistas Locais<\/h2>\n<p>Outro aspecto importante do Mar\u00e7o Cultural foi o reconhecimento dos artistas locais. Ao proporcionar um espa\u00e7o para que suas obras fossem apresentadas, a Prefeitura demonstrou seu compromisso em valorizar os talentos de Jequi\u00e9. O festival n\u00e3o apenas serve como uma plataforma de visibilidade para os artistas, mas tamb\u00e9m como um est\u00edmulo para que continuem a desenvolver suas habilidades e a contribuir para a cultura da cidade.<\/p>\n<p>O Mar\u00e7o Cultural de Jequi\u00e9 se tornou um evento emblem\u00e1tico no calend\u00e1rio cultural da cidade, ressaltando a import\u00e2ncia da arte e da cultura na vida comunit\u00e1ria. Atrav\u00e9s da mobiliza\u00e7\u00e3o de talentos locais e da intera\u00e7\u00e3o com o p\u00fablico, a Prefeitura reafirma seu compromisso de promover a cultura como um direito de todos os cidad\u00e3os, transformando as viv\u00eancias art\u00edsticas em experi\u00eancias que enriquecem a sociedade como um todo.<\/p>\n\n<div style=\"font-size: 0px; height: 0px; line-height: 0px; margin: 0; padding: 0; clear: both;\"><\/div>","protected":false},"excerpt":{"rendered":"<p>Mar\u00e7o Cultural traz diversidade e arte para a Pra\u00e7a Rui Barbosa.<\/p>\n","protected":false},"author":1,"featured_media":936,"comment_status":"open","ping_status":"closed","sticky":false,"template":"","format":"standard","meta":{"footnotes":""},"categories":[1],"tags":[],"class_list":["post-937","post","type-post","status-publish","format-standard","has-post-thumbnail","hentry","category-noticias-em-jequie","has_thumb"],"aioseo_notices":[],"aioseo_head":"\n\t\t<!-- All in One SEO 5.0.0.1 - aioseo.com -->\n\t<meta name=\"description\" content=\"Mar\u00e7o Cultural traz diversidade e arte para a Pra\u00e7a Rui Barbosa.\" \/>\n\t<meta name=\"robots\" content=\"max-image-preview:large\" \/>\n\t<meta name=\"author\" content=\"Encontra Jequi\u00e9\"\/>\n\t<link rel=\"canonical\" href=\"https:\/\/www.encontrajequie.com.br\/sobre\/em-celebracao-das-artes-e-da-diversidade-cultural-prefeitura-de-jequie-promove-marco-cultural-na-praca-rui-barbosa\/\" \/>\n\t<meta name=\"generator\" content=\"All in One SEO (AIOSEO) 5.0.0.1\" \/>\n\t\t<meta property=\"og:locale\" content=\"pt_BR\" \/>\n\t\t<meta property=\"og:site_name\" content=\"Encontra Jequi\u00e9 | Not\u00edcias, eventos, informa\u00e7\u00f5es e dicas na cidade de Jequi\u00e9 e regi\u00e3o.\" \/>\n\t\t<meta property=\"og:type\" content=\"article\" \/>\n\t\t<meta property=\"og:title\" content=\"Em celebra\u00e7\u00e3o das artes e da diversidade cultural, Prefeitura de Jequi\u00e9 promove Mar\u00e7o Cultural na Pra\u00e7a Rui Barbosa | Encontra Jequi\u00e9\" \/>\n\t\t<meta property=\"og:description\" content=\"Mar\u00e7o Cultural traz diversidade e arte para a Pra\u00e7a Rui Barbosa.\" \/>\n\t\t<meta property=\"og:url\" content=\"https:\/\/www.encontrajequie.com.br\/sobre\/em-celebracao-das-artes-e-da-diversidade-cultural-prefeitura-de-jequie-promove-marco-cultural-na-praca-rui-barbosa\/\" \/>\n\t\t<meta property=\"article:published_time\" content=\"2026-03-31T06:40:58+00:00\" \/>\n\t\t<meta property=\"article:modified_time\" content=\"2026-03-31T06:40:58+00:00\" \/>\n\t\t<meta name=\"twitter:card\" content=\"summary_large_image\" \/>\n\t\t<meta name=\"twitter:title\" content=\"Em celebra\u00e7\u00e3o das artes e da diversidade cultural, Prefeitura de Jequi\u00e9 promove Mar\u00e7o Cultural na Pra\u00e7a Rui Barbosa | Encontra Jequi\u00e9\" \/>\n\t\t<meta name=\"twitter:description\" content=\"Mar\u00e7o Cultural traz diversidade e arte para a Pra\u00e7a Rui Barbosa.\" \/>\n\t\t<script type=\"application\/ld+json\" class=\"aioseo-schema\">\n\t\t\t{\"@context\":\"https:\\\/\\\/schema.org\",\"@graph\":[{\"@type\":\"Article\",\"@id\":\"https:\\\/\\\/www.encontrajequie.com.br\\\/sobre\\\/em-celebracao-das-artes-e-da-diversidade-cultural-prefeitura-de-jequie-promove-marco-cultural-na-praca-rui-barbosa\\\/#article\",\"name\":\"Em celebra\\u00e7\\u00e3o das artes e da diversidade cultural, Prefeitura de Jequi\\u00e9 promove Mar\\u00e7o Cultural na Pra\\u00e7a Rui Barbosa | Encontra Jequi\\u00e9\",\"headline\":\"Em celebra\\u00e7\\u00e3o das artes e da diversidade cultural, Prefeitura de Jequi\\u00e9 promove Mar\\u00e7o Cultural na Pra\\u00e7a Rui Barbosa\",\"author\":{\"@id\":\"https:\\\/\\\/www.encontrajequie.com.br\\\/sobre\\\/author\\\/ejequie\\\/#author\"},\"publisher\":{\"@id\":\"https:\\\/\\\/www.encontrajequie.com.br\\\/sobre\\\/#organization\"},\"image\":{\"@type\":\"ImageObject\",\"url\":\"https:\\\/\\\/www.encontrajequie.com.br\\\/sobre\\\/wp-content\\\/uploads\\\/2026\\\/03\\\/em-celebracao-das-artes-e-da-diversidade-cultural-prefeitura-de-jequie-promove-marco-cultural-na-pra.webp\",\"width\":280,\"height\":280,\"caption\":\"Mar\\u00e7o Cultural\"},\"datePublished\":\"2026-03-31T03:40:58-03:00\",\"dateModified\":\"2026-03-31T03:40:58-03:00\",\"inLanguage\":\"pt-BR\",\"mainEntityOfPage\":{\"@id\":\"https:\\\/\\\/www.encontrajequie.com.br\\\/sobre\\\/em-celebracao-das-artes-e-da-diversidade-cultural-prefeitura-de-jequie-promove-marco-cultural-na-praca-rui-barbosa\\\/#webpage\"},\"isPartOf\":{\"@id\":\"https:\\\/\\\/www.encontrajequie.com.br\\\/sobre\\\/em-celebracao-das-artes-e-da-diversidade-cultural-prefeitura-de-jequie-promove-marco-cultural-na-praca-rui-barbosa\\\/#webpage\"},\"articleSection\":\"Not\\u00edcias Jequi\\u00e9\"},{\"@type\":\"BreadcrumbList\",\"@id\":\"https:\\\/\\\/www.encontrajequie.com.br\\\/sobre\\\/em-celebracao-das-artes-e-da-diversidade-cultural-prefeitura-de-jequie-promove-marco-cultural-na-praca-rui-barbosa\\\/#breadcrumblist\",\"itemListElement\":[{\"@type\":\"ListItem\",\"@id\":\"https:\\\/\\\/www.encontrajequie.com.br\\\/sobre#listItem\",\"position\":1,\"name\":\"Home\",\"item\":\"https:\\\/\\\/www.encontrajequie.com.br\\\/sobre\",\"nextItem\":{\"@type\":\"ListItem\",\"@id\":\"https:\\\/\\\/www.encontrajequie.com.br\\\/sobre\\\/noticias-em-jequie\\\/#listItem\",\"name\":\"Not\\u00edcias Jequi\\u00e9\"}},{\"@type\":\"ListItem\",\"@id\":\"https:\\\/\\\/www.encontrajequie.com.br\\\/sobre\\\/noticias-em-jequie\\\/#listItem\",\"position\":2,\"name\":\"Not\\u00edcias Jequi\\u00e9\",\"item\":\"https:\\\/\\\/www.encontrajequie.com.br\\\/sobre\\\/noticias-em-jequie\\\/\",\"nextItem\":{\"@type\":\"ListItem\",\"@id\":\"https:\\\/\\\/www.encontrajequie.com.br\\\/sobre\\\/em-celebracao-das-artes-e-da-diversidade-cultural-prefeitura-de-jequie-promove-marco-cultural-na-praca-rui-barbosa\\\/#listItem\",\"name\":\"Em celebra\\u00e7\\u00e3o das artes e da diversidade cultural, Prefeitura de Jequi\\u00e9 promove Mar\\u00e7o Cultural na Pra\\u00e7a Rui Barbosa\"},\"previousItem\":{\"@type\":\"ListItem\",\"@id\":\"https:\\\/\\\/www.encontrajequie.com.br\\\/sobre#listItem\",\"name\":\"Home\"}},{\"@type\":\"ListItem\",\"@id\":\"https:\\\/\\\/www.encontrajequie.com.br\\\/sobre\\\/em-celebracao-das-artes-e-da-diversidade-cultural-prefeitura-de-jequie-promove-marco-cultural-na-praca-rui-barbosa\\\/#listItem\",\"position\":3,\"name\":\"Em celebra\\u00e7\\u00e3o das artes e da diversidade cultural, Prefeitura de Jequi\\u00e9 promove Mar\\u00e7o Cultural na Pra\\u00e7a Rui Barbosa\",\"previousItem\":{\"@type\":\"ListItem\",\"@id\":\"https:\\\/\\\/www.encontrajequie.com.br\\\/sobre\\\/noticias-em-jequie\\\/#listItem\",\"name\":\"Not\\u00edcias Jequi\\u00e9\"}}]},{\"@type\":\"Organization\",\"@id\":\"https:\\\/\\\/www.encontrajequie.com.br\\\/sobre\\\/#organization\",\"name\":\"Encontra Jequi\\u00e9\",\"description\":\"Not\\u00edcias, eventos, informa\\u00e7\\u00f5es e dicas na cidade de Jequi\\u00e9 e regi\\u00e3o.\",\"url\":\"https:\\\/\\\/www.encontrajequie.com.br\\\/sobre\\\/\"},{\"@type\":\"Person\",\"@id\":\"https:\\\/\\\/www.encontrajequie.com.br\\\/sobre\\\/author\\\/ejequie\\\/#author\",\"url\":\"https:\\\/\\\/www.encontrajequie.com.br\\\/sobre\\\/author\\\/ejequie\\\/\",\"name\":\"Encontra Jequi\\u00e9\",\"image\":{\"@type\":\"ImageObject\",\"@id\":\"https:\\\/\\\/www.encontrajequie.com.br\\\/sobre\\\/em-celebracao-das-artes-e-da-diversidade-cultural-prefeitura-de-jequie-promove-marco-cultural-na-praca-rui-barbosa\\\/#authorImage\",\"url\":\"https:\\\/\\\/secure.gravatar.com\\\/avatar\\\/507340682b8270222e1f208e23198b6ae7e2c6a1033ae84e99bc6bce4f82a387?s=96&d=mm&r=g\",\"width\":96,\"height\":96,\"caption\":\"Encontra Jequi\\u00e9\"}},{\"@type\":\"WebPage\",\"@id\":\"https:\\\/\\\/www.encontrajequie.com.br\\\/sobre\\\/em-celebracao-das-artes-e-da-diversidade-cultural-prefeitura-de-jequie-promove-marco-cultural-na-praca-rui-barbosa\\\/#webpage\",\"url\":\"https:\\\/\\\/www.encontrajequie.com.br\\\/sobre\\\/em-celebracao-das-artes-e-da-diversidade-cultural-prefeitura-de-jequie-promove-marco-cultural-na-praca-rui-barbosa\\\/\",\"name\":\"Em celebra\\u00e7\\u00e3o das artes e da diversidade cultural, Prefeitura de Jequi\\u00e9 promove Mar\\u00e7o Cultural na Pra\\u00e7a Rui Barbosa | Encontra Jequi\\u00e9\",\"description\":\"Mar\\u00e7o Cultural traz diversidade e arte para a Pra\\u00e7a Rui Barbosa.\",\"inLanguage\":\"pt-BR\",\"isPartOf\":{\"@id\":\"https:\\\/\\\/www.encontrajequie.com.br\\\/sobre\\\/#website\"},\"breadcrumb\":{\"@id\":\"https:\\\/\\\/www.encontrajequie.com.br\\\/sobre\\\/em-celebracao-das-artes-e-da-diversidade-cultural-prefeitura-de-jequie-promove-marco-cultural-na-praca-rui-barbosa\\\/#breadcrumblist\"},\"author\":{\"@id\":\"https:\\\/\\\/www.encontrajequie.com.br\\\/sobre\\\/author\\\/ejequie\\\/#author\"},\"creator\":{\"@id\":\"https:\\\/\\\/www.encontrajequie.com.br\\\/sobre\\\/author\\\/ejequie\\\/#author\"},\"image\":{\"@type\":\"ImageObject\",\"url\":\"https:\\\/\\\/www.encontrajequie.com.br\\\/sobre\\\/wp-content\\\/uploads\\\/2026\\\/03\\\/em-celebracao-das-artes-e-da-diversidade-cultural-prefeitura-de-jequie-promove-marco-cultural-na-pra.webp\",\"@id\":\"https:\\\/\\\/www.encontrajequie.com.br\\\/sobre\\\/em-celebracao-das-artes-e-da-diversidade-cultural-prefeitura-de-jequie-promove-marco-cultural-na-praca-rui-barbosa\\\/#mainImage\",\"width\":280,\"height\":280,\"caption\":\"Mar\\u00e7o Cultural\"},\"primaryImageOfPage\":{\"@id\":\"https:\\\/\\\/www.encontrajequie.com.br\\\/sobre\\\/em-celebracao-das-artes-e-da-diversidade-cultural-prefeitura-de-jequie-promove-marco-cultural-na-praca-rui-barbosa\\\/#mainImage\"},\"datePublished\":\"2026-03-31T03:40:58-03:00\",\"dateModified\":\"2026-03-31T03:40:58-03:00\"},{\"@type\":\"WebSite\",\"@id\":\"https:\\\/\\\/www.encontrajequie.com.br\\\/sobre\\\/#website\",\"url\":\"https:\\\/\\\/www.encontrajequie.com.br\\\/sobre\\\/\",\"name\":\"Encontra Jequi\\u00e9\",\"description\":\"Not\\u00edcias, eventos, informa\\u00e7\\u00f5es e dicas na cidade de Jequi\\u00e9 e regi\\u00e3o.\",\"inLanguage\":\"pt-BR\",\"publisher\":{\"@id\":\"https:\\\/\\\/www.encontrajequie.com.br\\\/sobre\\\/#organization\"}}]}\n\t\t<\/script>\n\t\t<!-- All in One SEO -->\n\n","aioseo_head_json":{"title":"Em celebra\u00e7\u00e3o das artes e da diversidade cultural, Prefeitura de Jequi\u00e9 promove Mar\u00e7o Cultural na Pra\u00e7a Rui Barbosa | Encontra Jequi\u00e9","description":"Mar\u00e7o Cultural traz diversidade e arte para a Pra\u00e7a Rui Barbosa.","canonical_url":"https:\/\/www.encontrajequie.com.br\/sobre\/em-celebracao-das-artes-e-da-diversidade-cultural-prefeitura-de-jequie-promove-marco-cultural-na-praca-rui-barbosa\/","robots":"max-image-preview:large","keywords":"","webmasterTools":{"miscellaneous":""},"schema":{"@context":"https:\/\/schema.org","@graph":[{"@type":"Article","@id":"https:\/\/www.encontrajequie.com.br\/sobre\/em-celebracao-das-artes-e-da-diversidade-cultural-prefeitura-de-jequie-promove-marco-cultural-na-praca-rui-barbosa\/#article","name":"Em celebra\u00e7\u00e3o das artes e da diversidade cultural, Prefeitura de Jequi\u00e9 promove Mar\u00e7o Cultural na Pra\u00e7a Rui Barbosa | Encontra Jequi\u00e9","headline":"Em celebra\u00e7\u00e3o das artes e da diversidade cultural, Prefeitura de Jequi\u00e9 promove Mar\u00e7o Cultural na Pra\u00e7a Rui Barbosa","author":{"@id":"https:\/\/www.encontrajequie.com.br\/sobre\/author\/ejequie\/#author"},"publisher":{"@id":"https:\/\/www.encontrajequie.com.br\/sobre\/#organization"},"image":{"@type":"ImageObject","url":"https:\/\/www.encontrajequie.com.br\/sobre\/wp-content\/uploads\/2026\/03\/em-celebracao-das-artes-e-da-diversidade-cultural-prefeitura-de-jequie-promove-marco-cultural-na-pra.webp","width":280,"height":280,"caption":"Mar\u00e7o Cultural"},"datePublished":"2026-03-31T03:40:58-03:00","dateModified":"2026-03-31T03:40:58-03:00","inLanguage":"pt-BR","mainEntityOfPage":{"@id":"https:\/\/www.encontrajequie.com.br\/sobre\/em-celebracao-das-artes-e-da-diversidade-cultural-prefeitura-de-jequie-promove-marco-cultural-na-praca-rui-barbosa\/#webpage"},"isPartOf":{"@id":"https:\/\/www.encontrajequie.com.br\/sobre\/em-celebracao-das-artes-e-da-diversidade-cultural-prefeitura-de-jequie-promove-marco-cultural-na-praca-rui-barbosa\/#webpage"},"articleSection":"Not\u00edcias Jequi\u00e9"},{"@type":"BreadcrumbList","@id":"https:\/\/www.encontrajequie.com.br\/sobre\/em-celebracao-das-artes-e-da-diversidade-cultural-prefeitura-de-jequie-promove-marco-cultural-na-praca-rui-barbosa\/#breadcrumblist","itemListElement":[{"@type":"ListItem","@id":"https:\/\/www.encontrajequie.com.br\/sobre#listItem","position":1,"name":"Home","item":"https:\/\/www.encontrajequie.com.br\/sobre","nextItem":{"@type":"ListItem","@id":"https:\/\/www.encontrajequie.com.br\/sobre\/noticias-em-jequie\/#listItem","name":"Not\u00edcias Jequi\u00e9"}},{"@type":"ListItem","@id":"https:\/\/www.encontrajequie.com.br\/sobre\/noticias-em-jequie\/#listItem","position":2,"name":"Not\u00edcias Jequi\u00e9","item":"https:\/\/www.encontrajequie.com.br\/sobre\/noticias-em-jequie\/","nextItem":{"@type":"ListItem","@id":"https:\/\/www.encontrajequie.com.br\/sobre\/em-celebracao-das-artes-e-da-diversidade-cultural-prefeitura-de-jequie-promove-marco-cultural-na-praca-rui-barbosa\/#listItem","name":"Em celebra\u00e7\u00e3o das artes e da diversidade cultural, Prefeitura de Jequi\u00e9 promove Mar\u00e7o Cultural na Pra\u00e7a Rui Barbosa"},"previousItem":{"@type":"ListItem","@id":"https:\/\/www.encontrajequie.com.br\/sobre#listItem","name":"Home"}},{"@type":"ListItem","@id":"https:\/\/www.encontrajequie.com.br\/sobre\/em-celebracao-das-artes-e-da-diversidade-cultural-prefeitura-de-jequie-promove-marco-cultural-na-praca-rui-barbosa\/#listItem","position":3,"name":"Em celebra\u00e7\u00e3o das artes e da diversidade cultural, Prefeitura de Jequi\u00e9 promove Mar\u00e7o Cultural na Pra\u00e7a Rui Barbosa","previousItem":{"@type":"ListItem","@id":"https:\/\/www.encontrajequie.com.br\/sobre\/noticias-em-jequie\/#listItem","name":"Not\u00edcias Jequi\u00e9"}}]},{"@type":"Organization","@id":"https:\/\/www.encontrajequie.com.br\/sobre\/#organization","name":"Encontra Jequi\u00e9","description":"Not\u00edcias, eventos, informa\u00e7\u00f5es e dicas na cidade de Jequi\u00e9 e regi\u00e3o.","url":"https:\/\/www.encontrajequie.com.br\/sobre\/"},{"@type":"Person","@id":"https:\/\/www.encontrajequie.com.br\/sobre\/author\/ejequie\/#author","url":"https:\/\/www.encontrajequie.com.br\/sobre\/author\/ejequie\/","name":"Encontra Jequi\u00e9","image":{"@type":"ImageObject","@id":"https:\/\/www.encontrajequie.com.br\/sobre\/em-celebracao-das-artes-e-da-diversidade-cultural-prefeitura-de-jequie-promove-marco-cultural-na-praca-rui-barbosa\/#authorImage","url":"https:\/\/secure.gravatar.com\/avatar\/507340682b8270222e1f208e23198b6ae7e2c6a1033ae84e99bc6bce4f82a387?s=96&d=mm&r=g","width":96,"height":96,"caption":"Encontra Jequi\u00e9"}},{"@type":"WebPage","@id":"https:\/\/www.encontrajequie.com.br\/sobre\/em-celebracao-das-artes-e-da-diversidade-cultural-prefeitura-de-jequie-promove-marco-cultural-na-praca-rui-barbosa\/#webpage","url":"https:\/\/www.encontrajequie.com.br\/sobre\/em-celebracao-das-artes-e-da-diversidade-cultural-prefeitura-de-jequie-promove-marco-cultural-na-praca-rui-barbosa\/","name":"Em celebra\u00e7\u00e3o das artes e da diversidade cultural, Prefeitura de Jequi\u00e9 promove Mar\u00e7o Cultural na Pra\u00e7a Rui Barbosa | Encontra Jequi\u00e9","description":"Mar\u00e7o Cultural traz diversidade e arte para a Pra\u00e7a Rui Barbosa.","inLanguage":"pt-BR","isPartOf":{"@id":"https:\/\/www.encontrajequie.com.br\/sobre\/#website"},"breadcrumb":{"@id":"https:\/\/www.encontrajequie.com.br\/sobre\/em-celebracao-das-artes-e-da-diversidade-cultural-prefeitura-de-jequie-promove-marco-cultural-na-praca-rui-barbosa\/#breadcrumblist"},"author":{"@id":"https:\/\/www.encontrajequie.com.br\/sobre\/author\/ejequie\/#author"},"creator":{"@id":"https:\/\/www.encontrajequie.com.br\/sobre\/author\/ejequie\/#author"},"image":{"@type":"ImageObject","url":"https:\/\/www.encontrajequie.com.br\/sobre\/wp-content\/uploads\/2026\/03\/em-celebracao-das-artes-e-da-diversidade-cultural-prefeitura-de-jequie-promove-marco-cultural-na-pra.webp","@id":"https:\/\/www.encontrajequie.com.br\/sobre\/em-celebracao-das-artes-e-da-diversidade-cultural-prefeitura-de-jequie-promove-marco-cultural-na-praca-rui-barbosa\/#mainImage","width":280,"height":280,"caption":"Mar\u00e7o Cultural"},"primaryImageOfPage":{"@id":"https:\/\/www.encontrajequie.com.br\/sobre\/em-celebracao-das-artes-e-da-diversidade-cultural-prefeitura-de-jequie-promove-marco-cultural-na-praca-rui-barbosa\/#mainImage"},"datePublished":"2026-03-31T03:40:58-03:00","dateModified":"2026-03-31T03:40:58-03:00"},{"@type":"WebSite","@id":"https:\/\/www.encontrajequie.com.br\/sobre\/#website","url":"https:\/\/www.encontrajequie.com.br\/sobre\/","name":"Encontra Jequi\u00e9","description":"Not\u00edcias, eventos, informa\u00e7\u00f5es e dicas na cidade de Jequi\u00e9 e regi\u00e3o.","inLanguage":"pt-BR","publisher":{"@id":"https:\/\/www.encontrajequie.com.br\/sobre\/#organization"}}]},"og:locale":"pt_BR","og:site_name":"Encontra Jequi\u00e9 | Not\u00edcias, eventos, informa\u00e7\u00f5es e dicas na cidade de Jequi\u00e9 e regi\u00e3o.","og:type":"article","og:title":"Em celebra\u00e7\u00e3o das artes e da diversidade cultural, Prefeitura de Jequi\u00e9 promove Mar\u00e7o Cultural na Pra\u00e7a Rui Barbosa | Encontra Jequi\u00e9","og:description":"Mar\u00e7o Cultural traz diversidade e arte para a Pra\u00e7a Rui Barbosa.","og:url":"https:\/\/www.encontrajequie.com.br\/sobre\/em-celebracao-das-artes-e-da-diversidade-cultural-prefeitura-de-jequie-promove-marco-cultural-na-praca-rui-barbosa\/","article:published_time":"2026-03-31T06:40:58+00:00","article:modified_time":"2026-03-31T06:40:58+00:00","twitter:card":"summary_large_image","twitter:title":"Em celebra\u00e7\u00e3o das artes e da diversidade cultural, Prefeitura de Jequi\u00e9 promove Mar\u00e7o Cultural na Pra\u00e7a Rui Barbosa | Encontra Jequi\u00e9","twitter:description":"Mar\u00e7o Cultural traz diversidade e arte para a Pra\u00e7a Rui Barbosa."},"aioseo_meta_data":{"post_id":"937","title":null,"description":null,"keywords":null,"keyphrases":null,"primary_term":null,"canonical_url":null,"og_title":null,"og_description":null,"og_object_type":"default","og_image_type":"default","og_image_url":null,"og_image_width":null,"og_image_height":null,"og_image_custom_url":null,"og_image_custom_fields":null,"og_video":null,"og_custom_url":null,"og_article_section":null,"og_article_tags":null,"twitter_use_og":false,"twitter_card":"default","twitter_image_type":"default","twitter_image_url":null,"twitter_image_custom_url":null,"twitter_image_custom_fields":null,"twitter_title":null,"twitter_description":null,"schema":{"blockGraphs":[],"customGraphs":[],"default":{"data":{"Article":[],"Course":[],"Dataset":[],"FAQPage":[],"Movie":[],"Person":[],"Product":[],"ProductReview":[],"Car":[],"Recipe":[],"Service":[],"SoftwareApplication":[],"WebPage":[]},"graphName":"Article","isEnabled":true},"graphs":[]},"schema_type":"default","schema_type_options":null,"pillar_content":false,"robots_default":true,"robots_noindex":false,"robots_noarchive":false,"robots_nosnippet":false,"robots_nofollow":false,"robots_noimageindex":false,"robots_noodp":false,"robots_notranslate":false,"robots_max_snippet":null,"robots_max_videopreview":null,"robots_max_imagepreview":"large","priority":null,"frequency":null,"local_seo":null,"breadcrumb_settings":null,"limit_modified_date":false,"ai":null,"created":"2026-03-31 06:41:01","updated":"2026-03-31 06:44:02","focus_keyword":null,"additional_keywords":null,"truseo_locale":null,"seo_analyzer_scan_date":null},"aioseo_breadcrumb":"<div class=\"aioseo-breadcrumbs\"><span class=\"aioseo-breadcrumb\">\n\t\t\t<a href=\"https:\/\/www.encontrajequie.com.br\/sobre\" title=\"Home\">Home<\/a>\n\t\t<\/span><span class=\"aioseo-breadcrumb-separator\">&raquo;<\/span><span class=\"aioseo-breadcrumb\">\n\t\t\t<a href=\"https:\/\/www.encontrajequie.com.br\/sobre\/noticias-em-jequie\/\" title=\"Not\u00edcias Jequi\u00e9\">Not\u00edcias Jequi\u00e9<\/a>\n\t\t<\/span><span class=\"aioseo-breadcrumb-separator\">&raquo;<\/span><span class=\"aioseo-breadcrumb\">\n\t\t\tEm celebra\u00e7\u00e3o das artes e da diversidade cultural, Prefeitura de Jequi\u00e9 promove Mar\u00e7o Cultural na Pra\u00e7a Rui Barbosa\n\t\t<\/span><\/div>","aioseo_breadcrumb_json":[{"label":"Home","link":"https:\/\/www.encontrajequie.com.br\/sobre"},{"label":"Not\u00edcias Jequi\u00e9","link":"https:\/\/www.encontrajequie.com.br\/sobre\/noticias-em-jequie\/"},{"label":"Em celebra\u00e7\u00e3o das artes e da diversidade cultural, Prefeitura de Jequi\u00e9 promove Mar\u00e7o Cultural na Pra\u00e7a Rui Barbosa","link":"https:\/\/www.encontrajequie.com.br\/sobre\/em-celebracao-das-artes-e-da-diversidade-cultural-prefeitura-de-jequie-promove-marco-cultural-na-praca-rui-barbosa\/"}],"_links":{"self":[{"href":"https:\/\/www.encontrajequie.com.br\/sobre\/wp-json\/wp\/v2\/posts\/937","targetHints":{"allow":["GET"]}}],"collection":[{"href":"https:\/\/www.encontrajequie.com.br\/sobre\/wp-json\/wp\/v2\/posts"}],"about":[{"href":"https:\/\/www.encontrajequie.com.br\/sobre\/wp-json\/wp\/v2\/types\/post"}],"author":[{"embeddable":true,"href":"https:\/\/www.encontrajequie.com.br\/sobre\/wp-json\/wp\/v2\/users\/1"}],"replies":[{"embeddable":true,"href":"https:\/\/www.encontrajequie.com.br\/sobre\/wp-json\/wp\/v2\/comments?post=937"}],"version-history":[{"count":0,"href":"https:\/\/www.encontrajequie.com.br\/sobre\/wp-json\/wp\/v2\/posts\/937\/revisions"}],"wp:featuredmedia":[{"embeddable":true,"href":"https:\/\/www.encontrajequie.com.br\/sobre\/wp-json\/wp\/v2\/media\/936"}],"wp:attachment":[{"href":"https:\/\/www.encontrajequie.com.br\/sobre\/wp-json\/wp\/v2\/media?parent=937"}],"wp:term":[{"taxonomy":"category","embeddable":true,"href":"https:\/\/www.encontrajequie.com.br\/sobre\/wp-json\/wp\/v2\/categories?post=937"},{"taxonomy":"post_tag","embeddable":true,"href":"https:\/\/www.encontrajequie.com.br\/sobre\/wp-json\/wp\/v2\/tags?post=937"}],"curies":[{"name":"wp","href":"https:\/\/api.w.org\/{rel}","templated":true}]}}