{"id":957,"date":"2026-04-04T03:41:16","date_gmt":"2026-04-04T06:41:16","guid":{"rendered":"https:\/\/www.encontrajequie.com.br\/sobre\/jequie-deve-ter-um-dia-com-pancadas-fortes-e-rapidas-neste-sabado-04\/"},"modified":"2026-04-04T03:41:16","modified_gmt":"2026-04-04T06:41:16","slug":"jequie-deve-ter-um-dia-com-pancadas-fortes-e-rapidas-neste-sabado-04","status":"publish","type":"post","link":"https:\/\/www.encontrajequie.com.br\/sobre\/jequie-deve-ter-um-dia-com-pancadas-fortes-e-rapidas-neste-sabado-04\/","title":{"rendered":"Jequi\u00e9 deve ter um dia com pancadas fortes e r\u00e1pidas neste s\u00e1bado (04)"},"content":{"rendered":"<div class=\"30cf832dc5940d4704f66d0ed9a44050\" data-index=\"1\" style=\"float: none; margin:0px;\">\n<!-- Anuncio display - global -->\r\n<ins class=\"adsbygoogle\"\r\n     style=\"display:block\"\r\n     data-ad-client=\"ca-pub-8585364105181520\"\r\n     data-ad-slot=\"8789329856\"\r\n     data-ad-format=\"auto\"\r\n     data-full-width-responsive=\"true\"><\/ins>\r\n<script>\r\n     (adsbygoogle = window.adsbygoogle || []).push({});\r\n<\/script>\n<\/div>\n<h2>Como ser\u00e1 o clima em Jequi\u00e9 neste s\u00e1bado?<\/h2>\n<p>No pr\u00f3ximo s\u00e1bado, 04 de abril de 2026, Jequi\u00e9, na Bahia, deve enfrentar um clima desafiador com a possibilidade de tempestades e raios. De acordo com informa\u00e7\u00f5es do <strong>Instituto Nacional de Meteorologia (INMET)<\/strong>, \u00e9 previsto que durante o dia os term\u00f4metros variem entre <strong>20\u00b0C<\/strong> e <strong>32\u00b0C<\/strong>, elevando as temperaturas ao longo da manh\u00e3.<\/p>\n<h2>Temperaturas e umidade na cidade<\/h2>\n<p>O in\u00edcio do dia ser\u00e1 marcado por temperaturas amenas em torno de <strong>20\u00b0C<\/strong>, proporcionando um clima confort\u00e1vel durante as primeiras horas. Entretanto, \u00e0 medida que o sol avan\u00e7a no c\u00e9u, a temperatura deve subir, alcan\u00e7ando os <strong>32\u00b0C<\/strong> na parte da manh\u00e3. \u00c0 tarde, \u00e9 poss\u00edvel que o calor se intensifique ainda mais, mas a chegada de nuvens e novas chuvas pode oferecer al\u00edvio tempor\u00e1rio.<\/p>\n<p>A umidade relativa do ar tamb\u00e9m oscilar\u00e1 durante o dia, atingindo 100% em determinados momentos, especialmente ao amanhecer, e diminuindo at\u00e9 cerca de 50% nos per\u00edodos secos da tarde, comprometendo a sensa\u00e7\u00e3o t\u00e9rmica.<\/p>\n<p><img decoding=\"async\" src=\"https:\/\/www.encontrajequie.com.br\/sobre\/wp-content\/uploads\/2026\/04\/jequie-deve-ter-um-dia-com-pancadas-fortes-e-rapidas-neste-sabado-04.webp\" alt=\"Jequi\u00e9 tempo chuvoso\" loading=\"lazy\" \/><\/p>\n<h2>Previs\u00e3o de chuvas e poss\u00edveis tempestades<\/h2>\n<p>De acordo com os dados meteorol\u00f3gicos, as pancadas de chuva dever\u00e3o acontecer principalmente nas horas da tarde e \u00e0 noite, com a possibilidade de tempestades isoladas. As chuvas poder\u00e3o vir acompanhadas de raios, por isso \u00e9 aconselh\u00e1vel que a popula\u00e7\u00e3o evite locais abertos durante esses per\u00edodos. A previs\u00e3o indica que as precipita\u00e7\u00f5es podem ser r\u00e1pidas, mas intensas, causando ac\u00famulo de \u00e1gua em algumas \u00e1reas.<\/p>\n<h2>O que esperar da umidade relativa do ar?<\/h2>\n<p>A umidade em Jequi\u00e9 \u00e9 um fator crucial para o clima local. Com a previs\u00e3o de umidade relativa atingindo 100% pela manh\u00e3 e caindo para 50% \u00e0 tarde, isso representa um impacto direto no conforto t\u00e9rmico. A alta umidade pela manh\u00e3 pode gerar uma sensa\u00e7\u00e3o de abafado, enquanto os \u00edndices mais baixos \u00e0 tarde podem indicar um clima mais seco, mas o surgimento das chuvas tende a reverter essa sensa\u00e7\u00e3o.<\/p>\n<h2>Vento e suas caracter\u00edsticas durante o dia<\/h2>\n<p>No que se refere ao vento, em Jequi\u00e9 a expectativa \u00e9 de ventos fracos a moderados, que soprar\u00e3o predominantemente de leste a sudeste. A dire\u00e7\u00e3o e a intensidade do vento ajudar\u00e3o a moldar a sensa\u00e7\u00e3o t\u00e9rmica e poder\u00e3o trazer nuvens, contribuindo para a previs\u00e3o de chuvas. O nascer do sol est\u00e1 agendado para ocorrer \u00e0s <strong>05h46<\/strong> e o p\u00f4r do sol deve acontecer \u00e0s <strong>17h43<\/strong>.<\/p>\n<h2>An\u00e1lise do clima nos pr\u00f3ximos dias<\/h2>\n<p>Os pr\u00f3ximos dias tamb\u00e9m indicam clima inst\u00e1vel. Confira a previs\u00e3o:<\/p>\n<ul>\n<li><strong>Domingo (05\/04\/2026):<\/strong> Expectativa de clima \u00famido com chuvas ao longo do dia; temperaturas entre 20\u00b0C e 32\u00b0C.<\/li>\n<li><strong>Segunda-feira (06\/04\/2026):<\/strong> C\u00e9u nublado com temperaturas variando de 19\u00b0C a 30\u00b0C.<\/li>\n<li><strong>Ter\u00e7a-feira (07\/04\/2026):<\/strong> Continua a possibilidade de chuvas, com temperaturas entre 19\u00b0C e 31\u00b0C.<\/li>\n<li><strong>Quarta-feira (08\/04\/2026):<\/strong> Muita nebulosidade, com temperaturas variando entre 19\u00b0C e 32\u00b0C.<\/li>\n<\/ul>\n<h2>O impacto das pancadas de chuva na rotina<\/h2>\n<p>A inclus\u00e3o de chuvas no cotidiano pode alterar a rotina local, especialmente nas atividades ao ar livre e no tr\u00e1fego. As chuvas r\u00e1pidas poder\u00e3o causar alagamentos em alguns pontos da cidade, exigindo cautela de motoristas e pedestres. \u00c9 recomend\u00e1vel que as pessoas procurem se planejar para evitar contratempos, especialmente durante os per\u00edodos de maior incid\u00eancia de chuvas.<\/p>\n<h2>Dicas para se preparar para o tempo chuvoso<\/h2>\n<p>Para enfrentar o dia chuvoso em Jequi\u00e9, aqui v\u00e3o algumas dicas pr\u00e1ticas:<\/p>\n<ul>\n<li><strong>Use roupas apropriadas:<\/strong> Opte por pe\u00e7as leves que sequem rapidamente e n\u00e3o se esque\u00e7a de um guarda-chuva ou capa de chuva.<\/li>\n<li><strong>Evite locais propensos a alagamentos:<\/strong> Se poss\u00edvel, planeje suas rotas para evitar \u00e1reas que costumam acumular \u00e1gua durante chuvas intensas.<\/li>\n<li><strong>Verifique a previs\u00e3o do tempo regularmente:<\/strong> Mantenha-se informado atrav\u00e9s de fontes confi\u00e1veis para ajustar seus planos conforme necess\u00e1rio.<\/li>\n<li><strong>Tenha precau\u00e7\u00f5es com equipamentos eletr\u00f4nicos:<\/strong> Se a chuva vier acompanhada de raios, considere desconectar aparelhos eletr\u00f4nicos para evitar danos.<\/li>\n<\/ul>\n<h2>Quando ser\u00e1 o melhor momento para sair?<\/h2>\n<p>Se a inten\u00e7\u00e3o \u00e9 evitar as chuvas intensas, o melhor hor\u00e1rio para sair seria pela manh\u00e3, assim que o tempo se estabilizar. Caso precise sair \u00e0 tarde, esteja preparado para a possibilidade de chuvas. Sempre vale a pena ficar atento \u00e0s mudan\u00e7as nas condi\u00e7\u00f5es clim\u00e1ticas que podem ocorrer ao longo do dia.<\/p>\n<h2>Import\u00e2ncia das previs\u00f5es clim\u00e1ticas para a popula\u00e7\u00e3o<\/h2>\n<p>As previs\u00f5es do tempo desempenham um papel vital na prepara\u00e7\u00e3o da popula\u00e7\u00e3o. Conhecer as condi\u00e7\u00f5es clim\u00e1ticas antecipadamente ajuda a evitar contratempos e riscos, principalmente em situa\u00e7\u00f5es de alerta para chuva forte. Al\u00e9m disso, as informa\u00e7\u00f5es disponibilizadas pelas institui\u00e7\u00f5es meteorol\u00f3gicas s\u00e3o essenciais para a seguran\u00e7a nas atividades cotidianas, permitindo que a popula\u00e7\u00e3o fa\u00e7a escolhas informadas sobre como se locomover e se proteger contra as intemp\u00e9ries.<\/p>\n\n<div style=\"font-size: 0px; height: 0px; line-height: 0px; margin: 0; padding: 0; clear: both;\"><\/div>","protected":false},"excerpt":{"rendered":"<p>Jequi\u00e9 ter\u00e1 um dia chuvoso e temperaturas entre 20\u00b0C e 32\u00b0C neste s\u00e1bado.<\/p>\n","protected":false},"author":1,"featured_media":956,"comment_status":"open","ping_status":"closed","sticky":false,"template":"","format":"standard","meta":{"footnotes":""},"categories":[1],"tags":[],"class_list":["post-957","post","type-post","status-publish","format-standard","has-post-thumbnail","hentry","category-noticias-em-jequie","has_thumb"],"aioseo_notices":[],"aioseo_head":"\n\t\t<!-- All in One SEO 5.0.0.1 - aioseo.com -->\n\t<meta name=\"description\" content=\"Jequi\u00e9 ter\u00e1 um dia chuvoso e temperaturas entre 20\u00b0C e 32\u00b0C neste s\u00e1bado.\" \/>\n\t<meta name=\"robots\" content=\"max-image-preview:large\" \/>\n\t<meta name=\"author\" content=\"Encontra Jequi\u00e9\"\/>\n\t<link rel=\"canonical\" href=\"https:\/\/www.encontrajequie.com.br\/sobre\/jequie-deve-ter-um-dia-com-pancadas-fortes-e-rapidas-neste-sabado-04\/\" \/>\n\t<meta name=\"generator\" content=\"All in One SEO (AIOSEO) 5.0.0.1\" \/>\n\t\t<meta property=\"og:locale\" content=\"pt_BR\" \/>\n\t\t<meta property=\"og:site_name\" content=\"Encontra Jequi\u00e9 | Not\u00edcias, eventos, informa\u00e7\u00f5es e dicas na cidade de Jequi\u00e9 e regi\u00e3o.\" \/>\n\t\t<meta property=\"og:type\" content=\"article\" \/>\n\t\t<meta property=\"og:title\" content=\"Jequi\u00e9 deve ter um dia com pancadas fortes e r\u00e1pidas neste s\u00e1bado (04) | Encontra Jequi\u00e9\" \/>\n\t\t<meta property=\"og:description\" content=\"Jequi\u00e9 ter\u00e1 um dia chuvoso e temperaturas entre 20\u00b0C e 32\u00b0C neste s\u00e1bado.\" \/>\n\t\t<meta property=\"og:url\" content=\"https:\/\/www.encontrajequie.com.br\/sobre\/jequie-deve-ter-um-dia-com-pancadas-fortes-e-rapidas-neste-sabado-04\/\" \/>\n\t\t<meta property=\"article:published_time\" content=\"2026-04-04T06:41:16+00:00\" \/>\n\t\t<meta property=\"article:modified_time\" content=\"2026-04-04T06:41:16+00:00\" \/>\n\t\t<meta name=\"twitter:card\" content=\"summary_large_image\" \/>\n\t\t<meta name=\"twitter:title\" content=\"Jequi\u00e9 deve ter um dia com pancadas fortes e r\u00e1pidas neste s\u00e1bado (04) | Encontra Jequi\u00e9\" \/>\n\t\t<meta name=\"twitter:description\" content=\"Jequi\u00e9 ter\u00e1 um dia chuvoso e temperaturas entre 20\u00b0C e 32\u00b0C neste s\u00e1bado.\" \/>\n\t\t<script type=\"application\/ld+json\" class=\"aioseo-schema\">\n\t\t\t{\"@context\":\"https:\\\/\\\/schema.org\",\"@graph\":[{\"@type\":\"Article\",\"@id\":\"https:\\\/\\\/www.encontrajequie.com.br\\\/sobre\\\/jequie-deve-ter-um-dia-com-pancadas-fortes-e-rapidas-neste-sabado-04\\\/#article\",\"name\":\"Jequi\\u00e9 deve ter um dia com pancadas fortes e r\\u00e1pidas neste s\\u00e1bado (04) | Encontra Jequi\\u00e9\",\"headline\":\"Jequi\\u00e9 deve ter um dia com pancadas fortes e r\\u00e1pidas neste s\\u00e1bado (04)\",\"author\":{\"@id\":\"https:\\\/\\\/www.encontrajequie.com.br\\\/sobre\\\/author\\\/ejequie\\\/#author\"},\"publisher\":{\"@id\":\"https:\\\/\\\/www.encontrajequie.com.br\\\/sobre\\\/#organization\"},\"image\":{\"@type\":\"ImageObject\",\"url\":\"https:\\\/\\\/www.encontrajequie.com.br\\\/sobre\\\/wp-content\\\/uploads\\\/2026\\\/04\\\/jequie-deve-ter-um-dia-com-pancadas-fortes-e-rapidas-neste-sabado-04.webp\",\"width\":280,\"height\":280,\"caption\":\"Jequi\\u00e9 tempo chuvoso\"},\"datePublished\":\"2026-04-04T03:41:16-03:00\",\"dateModified\":\"2026-04-04T03:41:16-03:00\",\"inLanguage\":\"pt-BR\",\"mainEntityOfPage\":{\"@id\":\"https:\\\/\\\/www.encontrajequie.com.br\\\/sobre\\\/jequie-deve-ter-um-dia-com-pancadas-fortes-e-rapidas-neste-sabado-04\\\/#webpage\"},\"isPartOf\":{\"@id\":\"https:\\\/\\\/www.encontrajequie.com.br\\\/sobre\\\/jequie-deve-ter-um-dia-com-pancadas-fortes-e-rapidas-neste-sabado-04\\\/#webpage\"},\"articleSection\":\"Not\\u00edcias Jequi\\u00e9\"},{\"@type\":\"BreadcrumbList\",\"@id\":\"https:\\\/\\\/www.encontrajequie.com.br\\\/sobre\\\/jequie-deve-ter-um-dia-com-pancadas-fortes-e-rapidas-neste-sabado-04\\\/#breadcrumblist\",\"itemListElement\":[{\"@type\":\"ListItem\",\"@id\":\"https:\\\/\\\/www.encontrajequie.com.br\\\/sobre#listItem\",\"position\":1,\"name\":\"Home\",\"item\":\"https:\\\/\\\/www.encontrajequie.com.br\\\/sobre\",\"nextItem\":{\"@type\":\"ListItem\",\"@id\":\"https:\\\/\\\/www.encontrajequie.com.br\\\/sobre\\\/noticias-em-jequie\\\/#listItem\",\"name\":\"Not\\u00edcias Jequi\\u00e9\"}},{\"@type\":\"ListItem\",\"@id\":\"https:\\\/\\\/www.encontrajequie.com.br\\\/sobre\\\/noticias-em-jequie\\\/#listItem\",\"position\":2,\"name\":\"Not\\u00edcias Jequi\\u00e9\",\"item\":\"https:\\\/\\\/www.encontrajequie.com.br\\\/sobre\\\/noticias-em-jequie\\\/\",\"nextItem\":{\"@type\":\"ListItem\",\"@id\":\"https:\\\/\\\/www.encontrajequie.com.br\\\/sobre\\\/jequie-deve-ter-um-dia-com-pancadas-fortes-e-rapidas-neste-sabado-04\\\/#listItem\",\"name\":\"Jequi\\u00e9 deve ter um dia com pancadas fortes e r\\u00e1pidas neste s\\u00e1bado (04)\"},\"previousItem\":{\"@type\":\"ListItem\",\"@id\":\"https:\\\/\\\/www.encontrajequie.com.br\\\/sobre#listItem\",\"name\":\"Home\"}},{\"@type\":\"ListItem\",\"@id\":\"https:\\\/\\\/www.encontrajequie.com.br\\\/sobre\\\/jequie-deve-ter-um-dia-com-pancadas-fortes-e-rapidas-neste-sabado-04\\\/#listItem\",\"position\":3,\"name\":\"Jequi\\u00e9 deve ter um dia com pancadas fortes e r\\u00e1pidas neste s\\u00e1bado (04)\",\"previousItem\":{\"@type\":\"ListItem\",\"@id\":\"https:\\\/\\\/www.encontrajequie.com.br\\\/sobre\\\/noticias-em-jequie\\\/#listItem\",\"name\":\"Not\\u00edcias Jequi\\u00e9\"}}]},{\"@type\":\"Organization\",\"@id\":\"https:\\\/\\\/www.encontrajequie.com.br\\\/sobre\\\/#organization\",\"name\":\"Encontra Jequi\\u00e9\",\"description\":\"Not\\u00edcias, eventos, informa\\u00e7\\u00f5es e dicas na cidade de Jequi\\u00e9 e regi\\u00e3o.\",\"url\":\"https:\\\/\\\/www.encontrajequie.com.br\\\/sobre\\\/\"},{\"@type\":\"Person\",\"@id\":\"https:\\\/\\\/www.encontrajequie.com.br\\\/sobre\\\/author\\\/ejequie\\\/#author\",\"url\":\"https:\\\/\\\/www.encontrajequie.com.br\\\/sobre\\\/author\\\/ejequie\\\/\",\"name\":\"Encontra Jequi\\u00e9\",\"image\":{\"@type\":\"ImageObject\",\"@id\":\"https:\\\/\\\/www.encontrajequie.com.br\\\/sobre\\\/jequie-deve-ter-um-dia-com-pancadas-fortes-e-rapidas-neste-sabado-04\\\/#authorImage\",\"url\":\"https:\\\/\\\/secure.gravatar.com\\\/avatar\\\/507340682b8270222e1f208e23198b6ae7e2c6a1033ae84e99bc6bce4f82a387?s=96&d=mm&r=g\",\"width\":96,\"height\":96,\"caption\":\"Encontra Jequi\\u00e9\"}},{\"@type\":\"WebPage\",\"@id\":\"https:\\\/\\\/www.encontrajequie.com.br\\\/sobre\\\/jequie-deve-ter-um-dia-com-pancadas-fortes-e-rapidas-neste-sabado-04\\\/#webpage\",\"url\":\"https:\\\/\\\/www.encontrajequie.com.br\\\/sobre\\\/jequie-deve-ter-um-dia-com-pancadas-fortes-e-rapidas-neste-sabado-04\\\/\",\"name\":\"Jequi\\u00e9 deve ter um dia com pancadas fortes e r\\u00e1pidas neste s\\u00e1bado (04) | Encontra Jequi\\u00e9\",\"description\":\"Jequi\\u00e9 ter\\u00e1 um dia chuvoso e temperaturas entre 20\\u00b0C e 32\\u00b0C neste s\\u00e1bado.\",\"inLanguage\":\"pt-BR\",\"isPartOf\":{\"@id\":\"https:\\\/\\\/www.encontrajequie.com.br\\\/sobre\\\/#website\"},\"breadcrumb\":{\"@id\":\"https:\\\/\\\/www.encontrajequie.com.br\\\/sobre\\\/jequie-deve-ter-um-dia-com-pancadas-fortes-e-rapidas-neste-sabado-04\\\/#breadcrumblist\"},\"author\":{\"@id\":\"https:\\\/\\\/www.encontrajequie.com.br\\\/sobre\\\/author\\\/ejequie\\\/#author\"},\"creator\":{\"@id\":\"https:\\\/\\\/www.encontrajequie.com.br\\\/sobre\\\/author\\\/ejequie\\\/#author\"},\"image\":{\"@type\":\"ImageObject\",\"url\":\"https:\\\/\\\/www.encontrajequie.com.br\\\/sobre\\\/wp-content\\\/uploads\\\/2026\\\/04\\\/jequie-deve-ter-um-dia-com-pancadas-fortes-e-rapidas-neste-sabado-04.webp\",\"@id\":\"https:\\\/\\\/www.encontrajequie.com.br\\\/sobre\\\/jequie-deve-ter-um-dia-com-pancadas-fortes-e-rapidas-neste-sabado-04\\\/#mainImage\",\"width\":280,\"height\":280,\"caption\":\"Jequi\\u00e9 tempo chuvoso\"},\"primaryImageOfPage\":{\"@id\":\"https:\\\/\\\/www.encontrajequie.com.br\\\/sobre\\\/jequie-deve-ter-um-dia-com-pancadas-fortes-e-rapidas-neste-sabado-04\\\/#mainImage\"},\"datePublished\":\"2026-04-04T03:41:16-03:00\",\"dateModified\":\"2026-04-04T03:41:16-03:00\"},{\"@type\":\"WebSite\",\"@id\":\"https:\\\/\\\/www.encontrajequie.com.br\\\/sobre\\\/#website\",\"url\":\"https:\\\/\\\/www.encontrajequie.com.br\\\/sobre\\\/\",\"name\":\"Encontra Jequi\\u00e9\",\"description\":\"Not\\u00edcias, eventos, informa\\u00e7\\u00f5es e dicas na cidade de Jequi\\u00e9 e regi\\u00e3o.\",\"inLanguage\":\"pt-BR\",\"publisher\":{\"@id\":\"https:\\\/\\\/www.encontrajequie.com.br\\\/sobre\\\/#organization\"}}]}\n\t\t<\/script>\n\t\t<!-- All in One SEO -->\n\n","aioseo_head_json":{"title":"Jequi\u00e9 deve ter um dia com pancadas fortes e r\u00e1pidas neste s\u00e1bado (04) | Encontra Jequi\u00e9","description":"Jequi\u00e9 ter\u00e1 um dia chuvoso e temperaturas entre 20\u00b0C e 32\u00b0C neste s\u00e1bado.","canonical_url":"https:\/\/www.encontrajequie.com.br\/sobre\/jequie-deve-ter-um-dia-com-pancadas-fortes-e-rapidas-neste-sabado-04\/","robots":"max-image-preview:large","keywords":"","webmasterTools":{"miscellaneous":""},"schema":{"@context":"https:\/\/schema.org","@graph":[{"@type":"Article","@id":"https:\/\/www.encontrajequie.com.br\/sobre\/jequie-deve-ter-um-dia-com-pancadas-fortes-e-rapidas-neste-sabado-04\/#article","name":"Jequi\u00e9 deve ter um dia com pancadas fortes e r\u00e1pidas neste s\u00e1bado (04) | Encontra Jequi\u00e9","headline":"Jequi\u00e9 deve ter um dia com pancadas fortes e r\u00e1pidas neste s\u00e1bado (04)","author":{"@id":"https:\/\/www.encontrajequie.com.br\/sobre\/author\/ejequie\/#author"},"publisher":{"@id":"https:\/\/www.encontrajequie.com.br\/sobre\/#organization"},"image":{"@type":"ImageObject","url":"https:\/\/www.encontrajequie.com.br\/sobre\/wp-content\/uploads\/2026\/04\/jequie-deve-ter-um-dia-com-pancadas-fortes-e-rapidas-neste-sabado-04.webp","width":280,"height":280,"caption":"Jequi\u00e9 tempo chuvoso"},"datePublished":"2026-04-04T03:41:16-03:00","dateModified":"2026-04-04T03:41:16-03:00","inLanguage":"pt-BR","mainEntityOfPage":{"@id":"https:\/\/www.encontrajequie.com.br\/sobre\/jequie-deve-ter-um-dia-com-pancadas-fortes-e-rapidas-neste-sabado-04\/#webpage"},"isPartOf":{"@id":"https:\/\/www.encontrajequie.com.br\/sobre\/jequie-deve-ter-um-dia-com-pancadas-fortes-e-rapidas-neste-sabado-04\/#webpage"},"articleSection":"Not\u00edcias Jequi\u00e9"},{"@type":"BreadcrumbList","@id":"https:\/\/www.encontrajequie.com.br\/sobre\/jequie-deve-ter-um-dia-com-pancadas-fortes-e-rapidas-neste-sabado-04\/#breadcrumblist","itemListElement":[{"@type":"ListItem","@id":"https:\/\/www.encontrajequie.com.br\/sobre#listItem","position":1,"name":"Home","item":"https:\/\/www.encontrajequie.com.br\/sobre","nextItem":{"@type":"ListItem","@id":"https:\/\/www.encontrajequie.com.br\/sobre\/noticias-em-jequie\/#listItem","name":"Not\u00edcias Jequi\u00e9"}},{"@type":"ListItem","@id":"https:\/\/www.encontrajequie.com.br\/sobre\/noticias-em-jequie\/#listItem","position":2,"name":"Not\u00edcias Jequi\u00e9","item":"https:\/\/www.encontrajequie.com.br\/sobre\/noticias-em-jequie\/","nextItem":{"@type":"ListItem","@id":"https:\/\/www.encontrajequie.com.br\/sobre\/jequie-deve-ter-um-dia-com-pancadas-fortes-e-rapidas-neste-sabado-04\/#listItem","name":"Jequi\u00e9 deve ter um dia com pancadas fortes e r\u00e1pidas neste s\u00e1bado (04)"},"previousItem":{"@type":"ListItem","@id":"https:\/\/www.encontrajequie.com.br\/sobre#listItem","name":"Home"}},{"@type":"ListItem","@id":"https:\/\/www.encontrajequie.com.br\/sobre\/jequie-deve-ter-um-dia-com-pancadas-fortes-e-rapidas-neste-sabado-04\/#listItem","position":3,"name":"Jequi\u00e9 deve ter um dia com pancadas fortes e r\u00e1pidas neste s\u00e1bado (04)","previousItem":{"@type":"ListItem","@id":"https:\/\/www.encontrajequie.com.br\/sobre\/noticias-em-jequie\/#listItem","name":"Not\u00edcias Jequi\u00e9"}}]},{"@type":"Organization","@id":"https:\/\/www.encontrajequie.com.br\/sobre\/#organization","name":"Encontra Jequi\u00e9","description":"Not\u00edcias, eventos, informa\u00e7\u00f5es e dicas na cidade de Jequi\u00e9 e regi\u00e3o.","url":"https:\/\/www.encontrajequie.com.br\/sobre\/"},{"@type":"Person","@id":"https:\/\/www.encontrajequie.com.br\/sobre\/author\/ejequie\/#author","url":"https:\/\/www.encontrajequie.com.br\/sobre\/author\/ejequie\/","name":"Encontra Jequi\u00e9","image":{"@type":"ImageObject","@id":"https:\/\/www.encontrajequie.com.br\/sobre\/jequie-deve-ter-um-dia-com-pancadas-fortes-e-rapidas-neste-sabado-04\/#authorImage","url":"https:\/\/secure.gravatar.com\/avatar\/507340682b8270222e1f208e23198b6ae7e2c6a1033ae84e99bc6bce4f82a387?s=96&d=mm&r=g","width":96,"height":96,"caption":"Encontra Jequi\u00e9"}},{"@type":"WebPage","@id":"https:\/\/www.encontrajequie.com.br\/sobre\/jequie-deve-ter-um-dia-com-pancadas-fortes-e-rapidas-neste-sabado-04\/#webpage","url":"https:\/\/www.encontrajequie.com.br\/sobre\/jequie-deve-ter-um-dia-com-pancadas-fortes-e-rapidas-neste-sabado-04\/","name":"Jequi\u00e9 deve ter um dia com pancadas fortes e r\u00e1pidas neste s\u00e1bado (04) | Encontra Jequi\u00e9","description":"Jequi\u00e9 ter\u00e1 um dia chuvoso e temperaturas entre 20\u00b0C e 32\u00b0C neste s\u00e1bado.","inLanguage":"pt-BR","isPartOf":{"@id":"https:\/\/www.encontrajequie.com.br\/sobre\/#website"},"breadcrumb":{"@id":"https:\/\/www.encontrajequie.com.br\/sobre\/jequie-deve-ter-um-dia-com-pancadas-fortes-e-rapidas-neste-sabado-04\/#breadcrumblist"},"author":{"@id":"https:\/\/www.encontrajequie.com.br\/sobre\/author\/ejequie\/#author"},"creator":{"@id":"https:\/\/www.encontrajequie.com.br\/sobre\/author\/ejequie\/#author"},"image":{"@type":"ImageObject","url":"https:\/\/www.encontrajequie.com.br\/sobre\/wp-content\/uploads\/2026\/04\/jequie-deve-ter-um-dia-com-pancadas-fortes-e-rapidas-neste-sabado-04.webp","@id":"https:\/\/www.encontrajequie.com.br\/sobre\/jequie-deve-ter-um-dia-com-pancadas-fortes-e-rapidas-neste-sabado-04\/#mainImage","width":280,"height":280,"caption":"Jequi\u00e9 tempo chuvoso"},"primaryImageOfPage":{"@id":"https:\/\/www.encontrajequie.com.br\/sobre\/jequie-deve-ter-um-dia-com-pancadas-fortes-e-rapidas-neste-sabado-04\/#mainImage"},"datePublished":"2026-04-04T03:41:16-03:00","dateModified":"2026-04-04T03:41:16-03:00"},{"@type":"WebSite","@id":"https:\/\/www.encontrajequie.com.br\/sobre\/#website","url":"https:\/\/www.encontrajequie.com.br\/sobre\/","name":"Encontra Jequi\u00e9","description":"Not\u00edcias, eventos, informa\u00e7\u00f5es e dicas na cidade de Jequi\u00e9 e regi\u00e3o.","inLanguage":"pt-BR","publisher":{"@id":"https:\/\/www.encontrajequie.com.br\/sobre\/#organization"}}]},"og:locale":"pt_BR","og:site_name":"Encontra Jequi\u00e9 | Not\u00edcias, eventos, informa\u00e7\u00f5es e dicas na cidade de Jequi\u00e9 e regi\u00e3o.","og:type":"article","og:title":"Jequi\u00e9 deve ter um dia com pancadas fortes e r\u00e1pidas neste s\u00e1bado (04) | Encontra Jequi\u00e9","og:description":"Jequi\u00e9 ter\u00e1 um dia chuvoso e temperaturas entre 20\u00b0C e 32\u00b0C neste s\u00e1bado.","og:url":"https:\/\/www.encontrajequie.com.br\/sobre\/jequie-deve-ter-um-dia-com-pancadas-fortes-e-rapidas-neste-sabado-04\/","article:published_time":"2026-04-04T06:41:16+00:00","article:modified_time":"2026-04-04T06:41:16+00:00","twitter:card":"summary_large_image","twitter:title":"Jequi\u00e9 deve ter um dia com pancadas fortes e r\u00e1pidas neste s\u00e1bado (04) | Encontra Jequi\u00e9","twitter:description":"Jequi\u00e9 ter\u00e1 um dia chuvoso e temperaturas entre 20\u00b0C e 32\u00b0C neste s\u00e1bado."},"aioseo_meta_data":{"post_id":"957","title":null,"description":null,"keywords":null,"keyphrases":null,"primary_term":null,"canonical_url":null,"og_title":null,"og_description":null,"og_object_type":"default","og_image_type":"default","og_image_url":null,"og_image_width":null,"og_image_height":null,"og_image_custom_url":null,"og_image_custom_fields":null,"og_video":null,"og_custom_url":null,"og_article_section":null,"og_article_tags":null,"twitter_use_og":false,"twitter_card":"default","twitter_image_type":"default","twitter_image_url":null,"twitter_image_custom_url":null,"twitter_image_custom_fields":null,"twitter_title":null,"twitter_description":null,"schema":{"blockGraphs":[],"customGraphs":[],"default":{"data":{"Article":[],"Course":[],"Dataset":[],"FAQPage":[],"Movie":[],"Person":[],"Product":[],"ProductReview":[],"Car":[],"Recipe":[],"Service":[],"SoftwareApplication":[],"WebPage":[]},"graphName":"Article","isEnabled":true},"graphs":[]},"schema_type":"default","schema_type_options":null,"pillar_content":false,"robots_default":true,"robots_noindex":false,"robots_noarchive":false,"robots_nosnippet":false,"robots_nofollow":false,"robots_noimageindex":false,"robots_noodp":false,"robots_notranslate":false,"robots_max_snippet":null,"robots_max_videopreview":null,"robots_max_imagepreview":"large","priority":null,"frequency":null,"local_seo":null,"breadcrumb_settings":null,"limit_modified_date":false,"ai":null,"created":"2026-04-04 06:41:19","updated":"2026-04-04 06:42:17","focus_keyword":null,"additional_keywords":null,"truseo_locale":null,"seo_analyzer_scan_date":null},"aioseo_breadcrumb":"<div class=\"aioseo-breadcrumbs\"><span class=\"aioseo-breadcrumb\">\n\t\t\t<a href=\"https:\/\/www.encontrajequie.com.br\/sobre\" title=\"Home\">Home<\/a>\n\t\t<\/span><span class=\"aioseo-breadcrumb-separator\">&raquo;<\/span><span class=\"aioseo-breadcrumb\">\n\t\t\t<a href=\"https:\/\/www.encontrajequie.com.br\/sobre\/noticias-em-jequie\/\" title=\"Not\u00edcias Jequi\u00e9\">Not\u00edcias Jequi\u00e9<\/a>\n\t\t<\/span><span class=\"aioseo-breadcrumb-separator\">&raquo;<\/span><span class=\"aioseo-breadcrumb\">\n\t\t\tJequi\u00e9 deve ter um dia com pancadas fortes e r\u00e1pidas neste s\u00e1bado (04)\n\t\t<\/span><\/div>","aioseo_breadcrumb_json":[{"label":"Home","link":"https:\/\/www.encontrajequie.com.br\/sobre"},{"label":"Not\u00edcias Jequi\u00e9","link":"https:\/\/www.encontrajequie.com.br\/sobre\/noticias-em-jequie\/"},{"label":"Jequi\u00e9 deve ter um dia com pancadas fortes e r\u00e1pidas neste s\u00e1bado (04)","link":"https:\/\/www.encontrajequie.com.br\/sobre\/jequie-deve-ter-um-dia-com-pancadas-fortes-e-rapidas-neste-sabado-04\/"}],"_links":{"self":[{"href":"https:\/\/www.encontrajequie.com.br\/sobre\/wp-json\/wp\/v2\/posts\/957","targetHints":{"allow":["GET"]}}],"collection":[{"href":"https:\/\/www.encontrajequie.com.br\/sobre\/wp-json\/wp\/v2\/posts"}],"about":[{"href":"https:\/\/www.encontrajequie.com.br\/sobre\/wp-json\/wp\/v2\/types\/post"}],"author":[{"embeddable":true,"href":"https:\/\/www.encontrajequie.com.br\/sobre\/wp-json\/wp\/v2\/users\/1"}],"replies":[{"embeddable":true,"href":"https:\/\/www.encontrajequie.com.br\/sobre\/wp-json\/wp\/v2\/comments?post=957"}],"version-history":[{"count":0,"href":"https:\/\/www.encontrajequie.com.br\/sobre\/wp-json\/wp\/v2\/posts\/957\/revisions"}],"wp:featuredmedia":[{"embeddable":true,"href":"https:\/\/www.encontrajequie.com.br\/sobre\/wp-json\/wp\/v2\/media\/956"}],"wp:attachment":[{"href":"https:\/\/www.encontrajequie.com.br\/sobre\/wp-json\/wp\/v2\/media?parent=957"}],"wp:term":[{"taxonomy":"category","embeddable":true,"href":"https:\/\/www.encontrajequie.com.br\/sobre\/wp-json\/wp\/v2\/categories?post=957"},{"taxonomy":"post_tag","embeddable":true,"href":"https:\/\/www.encontrajequie.com.br\/sobre\/wp-json\/wp\/v2\/tags?post=957"}],"curies":[{"name":"wp","href":"https:\/\/api.w.org\/{rel}","templated":true}]}}