{"id":969,"date":"2026-04-06T03:43:57","date_gmt":"2026-04-06T06:43:57","guid":{"rendered":"https:\/\/www.encontrajequie.com.br\/sobre\/video-em-jequie-rui-costa-critica-ze-coca-e-o-classifica-gente-ruim-em-tom-de-pre\/"},"modified":"2026-04-06T03:43:57","modified_gmt":"2026-04-06T06:43:57","slug":"video-em-jequie-rui-costa-critica-ze-coca-e-o-classifica-gente-ruim-em-tom-de-pre","status":"publish","type":"post","link":"https:\/\/www.encontrajequie.com.br\/sobre\/video-em-jequie-rui-costa-critica-ze-coca-e-o-classifica-gente-ruim-em-tom-de-pre\/","title":{"rendered":"V\u00cdDEO: Em Jequi\u00e9, Rui Costa critica Z\u00e9 Coc\u00e1 e o classifica &#8220;gente ruim&#8221; em tom de pr\u00e9"},"content":{"rendered":"<div class=\"30cf832dc5940d4704f66d0ed9a44050\" data-index=\"1\" style=\"float: none; margin:0px;\">\n<!-- Anuncio display - global -->\r\n<ins class=\"adsbygoogle\"\r\n     style=\"display:block\"\r\n     data-ad-client=\"ca-pub-8585364105181520\"\r\n     data-ad-slot=\"8789329856\"\r\n     data-ad-format=\"auto\"\r\n     data-full-width-responsive=\"true\"><\/ins>\r\n<script>\r\n     (adsbygoogle = window.adsbygoogle || []).push({});\r\n<\/script>\n<\/div>\n<h2>O Contexto Pol\u00edtico em Jequi\u00e9<\/h2>\n<p>Nesta sexta-feira, 20 de mar\u00e7o de 2026, o ministro Rui Costa, que ocupa o cargo de chefe da Casa Civil e \u00e9 pr\u00e9-candidato ao Senado, esteve em Jequi\u00e9. Durante sua visita, ele aproveitou a oportunidade para assinar a autoriza\u00e7\u00e3o das obras de revitaliza\u00e7\u00e3o da rodovia BR-330, um projeto que faz parte de um investimento total de R$ 57,4 milh\u00f5es do Novo PAC. Este evento n\u00e3o apenas simbolizou um compromisso com a infraestrutura da regi\u00e3o, mas tamb\u00e9m se tornou o palco para cr\u00edticas diretas ao prefeito local, Z\u00e9 Coc\u00e1, do PP, destacando o clima de rivalidade nas elei\u00e7\u00f5es que se aproximam.<\/p>\n<h2>Rui Costa e Suas Declara\u00e7\u00f5es Impactantes<\/h2>\n<p>Rui Costa utilizou a oportunidade para expressar sua indigna\u00e7\u00e3o em rela\u00e7\u00e3o ao prefeito, referindo-se a ele como &#8220;gente ruim&#8221; em um tom que evocava uma forte emo\u00e7\u00e3o, apropriado para um cen\u00e1rio de pr\u00e9-campanha. Utilizando met\u00e1foras pessoais e imagens da sua juventude, ele relatou sua pr\u00f3pria experi\u00eancia de vida em uma favela, apontando para as dificuldades que enfrentou e a trai\u00e7\u00e3o de que se sente vitimado por antigos aliados. Dentre suas declara\u00e7\u00f5es, destacou a amargura de ver um ex-aliado criticando-o, mesmo ap\u00f3s sua contribui\u00e7\u00e3o significativa para o sucesso pol\u00edtico do prefeito.<\/p>\n<h2>A Import\u00e2ncia da Pr\u00e9-Campanha<\/h2>\n<p>A fase pr\u00e9-eleitoral \u00e9 crucial no cen\u00e1rio pol\u00edtico, pois ela n\u00e3o apenas define os candidatos, mas tamb\u00e9m molda a percep\u00e7\u00e3o p\u00fablica. Rui Costa tem focado em reafirmar seu legado e suas contribui\u00e7\u00f5es, especialmente em seu relacionamento com Z\u00e9 Coc\u00e1. Ele recordou com pesar as vezes em que ajudou a edificar a resid\u00eancia do prefeito, ressaltando seu esfor\u00e7o e dedica\u00e7\u00e3o. As cr\u00edticas que ele endere\u00e7ou apontavam para uma suposta falta de reconhecimento e gratid\u00e3o por parte de Coc\u00e1, insinuando que seus atos altru\u00edstas foram olvidados.<\/p>\n<p><img decoding=\"async\" src=\"https:\/\/www.encontrajequie.com.br\/sobre\/wp-content\/uploads\/2026\/04\/video-em-jequie-rui-costa-critica-ze-coca-e-o-classifica-gente-ruim-em-tom-de-pre.webp\" alt=\"Rui Costa critica Z\u00e9 Coc\u00e1\" loading=\"lazy\" \/><\/p>\n<h2>Cr\u00edticas e Respostas no Cen\u00e1rio Pol\u00edtico<\/h2>\n<p>Al\u00e9m de criticar Z\u00e9 Coc\u00e1, Rui fez alus\u00f5es a outros antigos aliados que se afastaram e se aliaram \u00e0 oposi\u00e7\u00e3o. Em um momento de ret\u00f3rica pol\u00edtica afiada, ele lembrou de um ex-aliado de Seabra que se disfar\u00e7ou de oponente na \u00faltima hora, refor\u00e7ando a ideia de que a trai\u00e7\u00e3o \u00e9 uma realidade nos c\u00edrculos pol\u00edticos. Essa narrativa foi apoiada por sua observa\u00e7\u00e3o de que, embora os pol\u00edticos possam ser ingratos, a popula\u00e7\u00e3o geralmente permanece fiel e reconhece suas a\u00e7\u00f5es.<\/p>\n<h2>Fatos sobre a Trajet\u00f3ria de Rui Costa<\/h2>\n<p>Rui Costa, ao longo de sua carreira, construiu um legado significativo como pol\u00edtico. Ele j\u00e1 ocupou cargos importantes no governo da Bahia, e sua experi\u00eancia como governador o tornou um jogador-chave no cen\u00e1rio pol\u00edtico estadual. Atrav\u00e9s de seus investimentos em infraestrutura e programas sociais, ele conquistou uma base de apoio s\u00f3lida, que agora est\u00e1 sendo desafiada por advers\u00e1rios que tentam minar sua influ\u00eancia.<\/p>\n<h2>Rela\u00e7\u00f5es Entre Aliados e Inimigos<\/h2>\n<p>A din\u00e2mica entre aliados e opositores em pol\u00edtica \u00e9 frequentemente complexa. Rui Costa exemplifica essa dualidade ao se referir a antigos apoiadores que agora est\u00e3o se distanciando. Essa rela\u00e7\u00e3o conflitante \u00e9 um reflexo do ambiente competitivo e das exig\u00eancias da pol\u00edtica, onde a lealdade pode ser question\u00e1vel e onde a\u00e7\u00f5es passadas s\u00e3o constantemente reavaliadas em fun\u00e7\u00e3o de interesses pessoais e eleitorais.<\/p>\n<h2>O Papel da Comunica\u00e7\u00e3o Pol\u00edtica<\/h2>\n<p>A comunica\u00e7\u00e3o \u00e9 fundamental em campanhas pol\u00edticas. Rui Costa utilizou a sua visita para estabelecer uma conex\u00e3o com os eleitores, usando linguagem acess\u00edvel e met\u00e1foras que ressoam com sua audi\u00eancia. Essa estrat\u00e9gia de comunica\u00e7\u00e3o busca n\u00e3o apenas transmitir suas ideias, mas tamb\u00e9m instigar uma reflex\u00e3o sobre a natureza da gratid\u00e3o e da solidariedade pol\u00edtica.<\/p>\n<h2>Expectativas para as Elei\u00e7\u00f5es de 2026<\/h2>\n<p>O cen\u00e1rio pol\u00edtico para 2026 \u00e9 promissor e incerto. A rivalidade entre Rui Costa e Z\u00e9 Coc\u00e1 poder\u00e1 acirrar as contendas eleitorais, uma vez que ambos representam ideologias diferentes e pretendem conquistar o eleitorado. A forma como os dois pol\u00edticos moldar\u00e3o suas campanhas e como gerenciar\u00e3o suas rela\u00e7\u00f5es interpessoais poder\u00e1 determinar o sucesso ou fracasso nas pr\u00f3ximas elei\u00e7\u00f5es.<\/p>\n<h2>An\u00e1lise do Discurso de Rui Costa<\/h2>\n<p>A ret\u00f3rica utilizada por Rui Costa em Jequi\u00e9 evidencia a sua habilidade de conectar experi\u00eancias pessoais com temas pol\u00edticos mais amplos. Sua abordagem, que combina um tom emocional com cr\u00edticas diretas, reflete um entendimento profundo de como influenciar a opini\u00e3o p\u00fablica e mobilizar seus apoiadores. Essa estrat\u00e9gia \u00e9 t\u00edpica de campanhas que visam impactar emocionalmente os eleitores e consolidar a lealdade ao candidato.<\/p>\n<h2>A Influ\u00eancia do Povo nas Decis\u00f5es Pol\u00edticas<\/h2>\n<p>Um dos pontos centrais do discurso de Rui foi a afirma\u00e7\u00e3o de que, apesar das trai\u00e7\u00f5es pol\u00edticas, o povo continua a reconhecer os esfor\u00e7os de seus l\u00edderes. Essa conex\u00e3o com a base populacional \u00e9 crucial, pois lembrou que a pol\u00edtica n\u00e3o se trata apenas de alian\u00e7as e trai\u00e7\u00f5es, mas da capacidade de atender \u00e0s necessidades da popula\u00e7\u00e3o e manter a confian\u00e7a do eleitorado. Essa perspectiva refor\u00e7a a ideia de que a pol\u00edtica deve ser centrada nas pessoas, e n\u00e3o apenas nas rivalidades entre os pol\u00edticos.<\/p>\n\n<div style=\"font-size: 0px; height: 0px; line-height: 0px; margin: 0; padding: 0; clear: both;\"><\/div>","protected":false},"excerpt":{"rendered":"<p>Rui Costa critica Z\u00e9 Coc\u00e1 em Jequi\u00e9 e chama aten\u00e7\u00e3o para ingratid\u00f5es.<\/p>\n","protected":false},"author":1,"featured_media":968,"comment_status":"open","ping_status":"closed","sticky":false,"template":"","format":"standard","meta":{"footnotes":""},"categories":[1],"tags":[],"class_list":["post-969","post","type-post","status-publish","format-standard","has-post-thumbnail","hentry","category-noticias-em-jequie","has_thumb"],"aioseo_notices":[],"aioseo_head":"\n\t\t<!-- All in One SEO 5.0.0.1 - aioseo.com -->\n\t<meta name=\"description\" content=\"Rui Costa critica Z\u00e9 Coc\u00e1 em Jequi\u00e9 e chama aten\u00e7\u00e3o para ingratid\u00f5es.\" \/>\n\t<meta name=\"robots\" content=\"max-image-preview:large\" \/>\n\t<meta name=\"author\" content=\"Encontra Jequi\u00e9\"\/>\n\t<link rel=\"canonical\" href=\"https:\/\/www.encontrajequie.com.br\/sobre\/video-em-jequie-rui-costa-critica-ze-coca-e-o-classifica-gente-ruim-em-tom-de-pre\/\" \/>\n\t<meta name=\"generator\" content=\"All in One SEO (AIOSEO) 5.0.0.1\" \/>\n\t\t<meta property=\"og:locale\" content=\"pt_BR\" \/>\n\t\t<meta property=\"og:site_name\" content=\"Encontra Jequi\u00e9 | Not\u00edcias, eventos, informa\u00e7\u00f5es e dicas na cidade de Jequi\u00e9 e regi\u00e3o.\" \/>\n\t\t<meta property=\"og:type\" content=\"article\" \/>\n\t\t<meta property=\"og:title\" content=\"V\u00cdDEO: Em Jequi\u00e9, Rui Costa critica Z\u00e9 Coc\u00e1 e o classifica \u201cgente ruim\u201d em tom de pr\u00e9 | Encontra Jequi\u00e9\" \/>\n\t\t<meta property=\"og:description\" content=\"Rui Costa critica Z\u00e9 Coc\u00e1 em Jequi\u00e9 e chama aten\u00e7\u00e3o para ingratid\u00f5es.\" \/>\n\t\t<meta property=\"og:url\" content=\"https:\/\/www.encontrajequie.com.br\/sobre\/video-em-jequie-rui-costa-critica-ze-coca-e-o-classifica-gente-ruim-em-tom-de-pre\/\" \/>\n\t\t<meta property=\"article:published_time\" content=\"2026-04-06T06:43:57+00:00\" \/>\n\t\t<meta property=\"article:modified_time\" content=\"2026-04-06T06:43:57+00:00\" \/>\n\t\t<meta name=\"twitter:card\" content=\"summary_large_image\" \/>\n\t\t<meta name=\"twitter:title\" content=\"V\u00cdDEO: Em Jequi\u00e9, Rui Costa critica Z\u00e9 Coc\u00e1 e o classifica \u201cgente ruim\u201d em tom de pr\u00e9 | Encontra Jequi\u00e9\" \/>\n\t\t<meta name=\"twitter:description\" content=\"Rui Costa critica Z\u00e9 Coc\u00e1 em Jequi\u00e9 e chama aten\u00e7\u00e3o para ingratid\u00f5es.\" \/>\n\t\t<script type=\"application\/ld+json\" class=\"aioseo-schema\">\n\t\t\t{\"@context\":\"https:\\\/\\\/schema.org\",\"@graph\":[{\"@type\":\"Article\",\"@id\":\"https:\\\/\\\/www.encontrajequie.com.br\\\/sobre\\\/video-em-jequie-rui-costa-critica-ze-coca-e-o-classifica-gente-ruim-em-tom-de-pre\\\/#article\",\"name\":\"V\\u00cdDEO: Em Jequi\\u00e9, Rui Costa critica Z\\u00e9 Coc\\u00e1 e o classifica \\u201cgente ruim\\u201d em tom de pr\\u00e9 | Encontra Jequi\\u00e9\",\"headline\":\"V\\u00cdDEO: Em Jequi\\u00e9, Rui Costa critica Z\\u00e9 Coc\\u00e1 e o classifica &#8220;gente ruim&#8221; em tom de pr\\u00e9\",\"author\":{\"@id\":\"https:\\\/\\\/www.encontrajequie.com.br\\\/sobre\\\/author\\\/ejequie\\\/#author\"},\"publisher\":{\"@id\":\"https:\\\/\\\/www.encontrajequie.com.br\\\/sobre\\\/#organization\"},\"image\":{\"@type\":\"ImageObject\",\"url\":\"https:\\\/\\\/www.encontrajequie.com.br\\\/sobre\\\/wp-content\\\/uploads\\\/2026\\\/04\\\/video-em-jequie-rui-costa-critica-ze-coca-e-o-classifica-gente-ruim-em-tom-de-pre.webp\",\"width\":280,\"height\":280,\"caption\":\"Rui Costa critica Z\\u00e9 Coc\\u00e1\"},\"datePublished\":\"2026-04-06T03:43:57-03:00\",\"dateModified\":\"2026-04-06T03:43:57-03:00\",\"inLanguage\":\"pt-BR\",\"mainEntityOfPage\":{\"@id\":\"https:\\\/\\\/www.encontrajequie.com.br\\\/sobre\\\/video-em-jequie-rui-costa-critica-ze-coca-e-o-classifica-gente-ruim-em-tom-de-pre\\\/#webpage\"},\"isPartOf\":{\"@id\":\"https:\\\/\\\/www.encontrajequie.com.br\\\/sobre\\\/video-em-jequie-rui-costa-critica-ze-coca-e-o-classifica-gente-ruim-em-tom-de-pre\\\/#webpage\"},\"articleSection\":\"Not\\u00edcias Jequi\\u00e9\"},{\"@type\":\"BreadcrumbList\",\"@id\":\"https:\\\/\\\/www.encontrajequie.com.br\\\/sobre\\\/video-em-jequie-rui-costa-critica-ze-coca-e-o-classifica-gente-ruim-em-tom-de-pre\\\/#breadcrumblist\",\"itemListElement\":[{\"@type\":\"ListItem\",\"@id\":\"https:\\\/\\\/www.encontrajequie.com.br\\\/sobre#listItem\",\"position\":1,\"name\":\"Home\",\"item\":\"https:\\\/\\\/www.encontrajequie.com.br\\\/sobre\",\"nextItem\":{\"@type\":\"ListItem\",\"@id\":\"https:\\\/\\\/www.encontrajequie.com.br\\\/sobre\\\/noticias-em-jequie\\\/#listItem\",\"name\":\"Not\\u00edcias Jequi\\u00e9\"}},{\"@type\":\"ListItem\",\"@id\":\"https:\\\/\\\/www.encontrajequie.com.br\\\/sobre\\\/noticias-em-jequie\\\/#listItem\",\"position\":2,\"name\":\"Not\\u00edcias Jequi\\u00e9\",\"item\":\"https:\\\/\\\/www.encontrajequie.com.br\\\/sobre\\\/noticias-em-jequie\\\/\",\"nextItem\":{\"@type\":\"ListItem\",\"@id\":\"https:\\\/\\\/www.encontrajequie.com.br\\\/sobre\\\/video-em-jequie-rui-costa-critica-ze-coca-e-o-classifica-gente-ruim-em-tom-de-pre\\\/#listItem\",\"name\":\"V\\u00cdDEO: Em Jequi\\u00e9, Rui Costa critica Z\\u00e9 Coc\\u00e1 e o classifica &#8220;gente ruim&#8221; em tom de pr\\u00e9\"},\"previousItem\":{\"@type\":\"ListItem\",\"@id\":\"https:\\\/\\\/www.encontrajequie.com.br\\\/sobre#listItem\",\"name\":\"Home\"}},{\"@type\":\"ListItem\",\"@id\":\"https:\\\/\\\/www.encontrajequie.com.br\\\/sobre\\\/video-em-jequie-rui-costa-critica-ze-coca-e-o-classifica-gente-ruim-em-tom-de-pre\\\/#listItem\",\"position\":3,\"name\":\"V\\u00cdDEO: Em Jequi\\u00e9, Rui Costa critica Z\\u00e9 Coc\\u00e1 e o classifica &#8220;gente ruim&#8221; em tom de pr\\u00e9\",\"previousItem\":{\"@type\":\"ListItem\",\"@id\":\"https:\\\/\\\/www.encontrajequie.com.br\\\/sobre\\\/noticias-em-jequie\\\/#listItem\",\"name\":\"Not\\u00edcias Jequi\\u00e9\"}}]},{\"@type\":\"Organization\",\"@id\":\"https:\\\/\\\/www.encontrajequie.com.br\\\/sobre\\\/#organization\",\"name\":\"Encontra Jequi\\u00e9\",\"description\":\"Not\\u00edcias, eventos, informa\\u00e7\\u00f5es e dicas na cidade de Jequi\\u00e9 e regi\\u00e3o.\",\"url\":\"https:\\\/\\\/www.encontrajequie.com.br\\\/sobre\\\/\"},{\"@type\":\"Person\",\"@id\":\"https:\\\/\\\/www.encontrajequie.com.br\\\/sobre\\\/author\\\/ejequie\\\/#author\",\"url\":\"https:\\\/\\\/www.encontrajequie.com.br\\\/sobre\\\/author\\\/ejequie\\\/\",\"name\":\"Encontra Jequi\\u00e9\",\"image\":{\"@type\":\"ImageObject\",\"@id\":\"https:\\\/\\\/www.encontrajequie.com.br\\\/sobre\\\/video-em-jequie-rui-costa-critica-ze-coca-e-o-classifica-gente-ruim-em-tom-de-pre\\\/#authorImage\",\"url\":\"https:\\\/\\\/secure.gravatar.com\\\/avatar\\\/507340682b8270222e1f208e23198b6ae7e2c6a1033ae84e99bc6bce4f82a387?s=96&d=mm&r=g\",\"width\":96,\"height\":96,\"caption\":\"Encontra Jequi\\u00e9\"}},{\"@type\":\"WebPage\",\"@id\":\"https:\\\/\\\/www.encontrajequie.com.br\\\/sobre\\\/video-em-jequie-rui-costa-critica-ze-coca-e-o-classifica-gente-ruim-em-tom-de-pre\\\/#webpage\",\"url\":\"https:\\\/\\\/www.encontrajequie.com.br\\\/sobre\\\/video-em-jequie-rui-costa-critica-ze-coca-e-o-classifica-gente-ruim-em-tom-de-pre\\\/\",\"name\":\"V\\u00cdDEO: Em Jequi\\u00e9, Rui Costa critica Z\\u00e9 Coc\\u00e1 e o classifica \\u201cgente ruim\\u201d em tom de pr\\u00e9 | Encontra Jequi\\u00e9\",\"description\":\"Rui Costa critica Z\\u00e9 Coc\\u00e1 em Jequi\\u00e9 e chama aten\\u00e7\\u00e3o para ingratid\\u00f5es.\",\"inLanguage\":\"pt-BR\",\"isPartOf\":{\"@id\":\"https:\\\/\\\/www.encontrajequie.com.br\\\/sobre\\\/#website\"},\"breadcrumb\":{\"@id\":\"https:\\\/\\\/www.encontrajequie.com.br\\\/sobre\\\/video-em-jequie-rui-costa-critica-ze-coca-e-o-classifica-gente-ruim-em-tom-de-pre\\\/#breadcrumblist\"},\"author\":{\"@id\":\"https:\\\/\\\/www.encontrajequie.com.br\\\/sobre\\\/author\\\/ejequie\\\/#author\"},\"creator\":{\"@id\":\"https:\\\/\\\/www.encontrajequie.com.br\\\/sobre\\\/author\\\/ejequie\\\/#author\"},\"image\":{\"@type\":\"ImageObject\",\"url\":\"https:\\\/\\\/www.encontrajequie.com.br\\\/sobre\\\/wp-content\\\/uploads\\\/2026\\\/04\\\/video-em-jequie-rui-costa-critica-ze-coca-e-o-classifica-gente-ruim-em-tom-de-pre.webp\",\"@id\":\"https:\\\/\\\/www.encontrajequie.com.br\\\/sobre\\\/video-em-jequie-rui-costa-critica-ze-coca-e-o-classifica-gente-ruim-em-tom-de-pre\\\/#mainImage\",\"width\":280,\"height\":280,\"caption\":\"Rui Costa critica Z\\u00e9 Coc\\u00e1\"},\"primaryImageOfPage\":{\"@id\":\"https:\\\/\\\/www.encontrajequie.com.br\\\/sobre\\\/video-em-jequie-rui-costa-critica-ze-coca-e-o-classifica-gente-ruim-em-tom-de-pre\\\/#mainImage\"},\"datePublished\":\"2026-04-06T03:43:57-03:00\",\"dateModified\":\"2026-04-06T03:43:57-03:00\"},{\"@type\":\"WebSite\",\"@id\":\"https:\\\/\\\/www.encontrajequie.com.br\\\/sobre\\\/#website\",\"url\":\"https:\\\/\\\/www.encontrajequie.com.br\\\/sobre\\\/\",\"name\":\"Encontra Jequi\\u00e9\",\"description\":\"Not\\u00edcias, eventos, informa\\u00e7\\u00f5es e dicas na cidade de Jequi\\u00e9 e regi\\u00e3o.\",\"inLanguage\":\"pt-BR\",\"publisher\":{\"@id\":\"https:\\\/\\\/www.encontrajequie.com.br\\\/sobre\\\/#organization\"}}]}\n\t\t<\/script>\n\t\t<!-- All in One SEO -->\n\n","aioseo_head_json":{"title":"V\u00cdDEO: Em Jequi\u00e9, Rui Costa critica Z\u00e9 Coc\u00e1 e o classifica \u201cgente ruim\u201d em tom de pr\u00e9 | Encontra Jequi\u00e9","description":"Rui Costa critica Z\u00e9 Coc\u00e1 em Jequi\u00e9 e chama aten\u00e7\u00e3o para ingratid\u00f5es.","canonical_url":"https:\/\/www.encontrajequie.com.br\/sobre\/video-em-jequie-rui-costa-critica-ze-coca-e-o-classifica-gente-ruim-em-tom-de-pre\/","robots":"max-image-preview:large","keywords":"","webmasterTools":{"miscellaneous":""},"schema":{"@context":"https:\/\/schema.org","@graph":[{"@type":"Article","@id":"https:\/\/www.encontrajequie.com.br\/sobre\/video-em-jequie-rui-costa-critica-ze-coca-e-o-classifica-gente-ruim-em-tom-de-pre\/#article","name":"V\u00cdDEO: Em Jequi\u00e9, Rui Costa critica Z\u00e9 Coc\u00e1 e o classifica \u201cgente ruim\u201d em tom de pr\u00e9 | Encontra Jequi\u00e9","headline":"V\u00cdDEO: Em Jequi\u00e9, Rui Costa critica Z\u00e9 Coc\u00e1 e o classifica &#8220;gente ruim&#8221; em tom de pr\u00e9","author":{"@id":"https:\/\/www.encontrajequie.com.br\/sobre\/author\/ejequie\/#author"},"publisher":{"@id":"https:\/\/www.encontrajequie.com.br\/sobre\/#organization"},"image":{"@type":"ImageObject","url":"https:\/\/www.encontrajequie.com.br\/sobre\/wp-content\/uploads\/2026\/04\/video-em-jequie-rui-costa-critica-ze-coca-e-o-classifica-gente-ruim-em-tom-de-pre.webp","width":280,"height":280,"caption":"Rui Costa critica Z\u00e9 Coc\u00e1"},"datePublished":"2026-04-06T03:43:57-03:00","dateModified":"2026-04-06T03:43:57-03:00","inLanguage":"pt-BR","mainEntityOfPage":{"@id":"https:\/\/www.encontrajequie.com.br\/sobre\/video-em-jequie-rui-costa-critica-ze-coca-e-o-classifica-gente-ruim-em-tom-de-pre\/#webpage"},"isPartOf":{"@id":"https:\/\/www.encontrajequie.com.br\/sobre\/video-em-jequie-rui-costa-critica-ze-coca-e-o-classifica-gente-ruim-em-tom-de-pre\/#webpage"},"articleSection":"Not\u00edcias Jequi\u00e9"},{"@type":"BreadcrumbList","@id":"https:\/\/www.encontrajequie.com.br\/sobre\/video-em-jequie-rui-costa-critica-ze-coca-e-o-classifica-gente-ruim-em-tom-de-pre\/#breadcrumblist","itemListElement":[{"@type":"ListItem","@id":"https:\/\/www.encontrajequie.com.br\/sobre#listItem","position":1,"name":"Home","item":"https:\/\/www.encontrajequie.com.br\/sobre","nextItem":{"@type":"ListItem","@id":"https:\/\/www.encontrajequie.com.br\/sobre\/noticias-em-jequie\/#listItem","name":"Not\u00edcias Jequi\u00e9"}},{"@type":"ListItem","@id":"https:\/\/www.encontrajequie.com.br\/sobre\/noticias-em-jequie\/#listItem","position":2,"name":"Not\u00edcias Jequi\u00e9","item":"https:\/\/www.encontrajequie.com.br\/sobre\/noticias-em-jequie\/","nextItem":{"@type":"ListItem","@id":"https:\/\/www.encontrajequie.com.br\/sobre\/video-em-jequie-rui-costa-critica-ze-coca-e-o-classifica-gente-ruim-em-tom-de-pre\/#listItem","name":"V\u00cdDEO: Em Jequi\u00e9, Rui Costa critica Z\u00e9 Coc\u00e1 e o classifica &#8220;gente ruim&#8221; em tom de pr\u00e9"},"previousItem":{"@type":"ListItem","@id":"https:\/\/www.encontrajequie.com.br\/sobre#listItem","name":"Home"}},{"@type":"ListItem","@id":"https:\/\/www.encontrajequie.com.br\/sobre\/video-em-jequie-rui-costa-critica-ze-coca-e-o-classifica-gente-ruim-em-tom-de-pre\/#listItem","position":3,"name":"V\u00cdDEO: Em Jequi\u00e9, Rui Costa critica Z\u00e9 Coc\u00e1 e o classifica &#8220;gente ruim&#8221; em tom de pr\u00e9","previousItem":{"@type":"ListItem","@id":"https:\/\/www.encontrajequie.com.br\/sobre\/noticias-em-jequie\/#listItem","name":"Not\u00edcias Jequi\u00e9"}}]},{"@type":"Organization","@id":"https:\/\/www.encontrajequie.com.br\/sobre\/#organization","name":"Encontra Jequi\u00e9","description":"Not\u00edcias, eventos, informa\u00e7\u00f5es e dicas na cidade de Jequi\u00e9 e regi\u00e3o.","url":"https:\/\/www.encontrajequie.com.br\/sobre\/"},{"@type":"Person","@id":"https:\/\/www.encontrajequie.com.br\/sobre\/author\/ejequie\/#author","url":"https:\/\/www.encontrajequie.com.br\/sobre\/author\/ejequie\/","name":"Encontra Jequi\u00e9","image":{"@type":"ImageObject","@id":"https:\/\/www.encontrajequie.com.br\/sobre\/video-em-jequie-rui-costa-critica-ze-coca-e-o-classifica-gente-ruim-em-tom-de-pre\/#authorImage","url":"https:\/\/secure.gravatar.com\/avatar\/507340682b8270222e1f208e23198b6ae7e2c6a1033ae84e99bc6bce4f82a387?s=96&d=mm&r=g","width":96,"height":96,"caption":"Encontra Jequi\u00e9"}},{"@type":"WebPage","@id":"https:\/\/www.encontrajequie.com.br\/sobre\/video-em-jequie-rui-costa-critica-ze-coca-e-o-classifica-gente-ruim-em-tom-de-pre\/#webpage","url":"https:\/\/www.encontrajequie.com.br\/sobre\/video-em-jequie-rui-costa-critica-ze-coca-e-o-classifica-gente-ruim-em-tom-de-pre\/","name":"V\u00cdDEO: Em Jequi\u00e9, Rui Costa critica Z\u00e9 Coc\u00e1 e o classifica \u201cgente ruim\u201d em tom de pr\u00e9 | Encontra Jequi\u00e9","description":"Rui Costa critica Z\u00e9 Coc\u00e1 em Jequi\u00e9 e chama aten\u00e7\u00e3o para ingratid\u00f5es.","inLanguage":"pt-BR","isPartOf":{"@id":"https:\/\/www.encontrajequie.com.br\/sobre\/#website"},"breadcrumb":{"@id":"https:\/\/www.encontrajequie.com.br\/sobre\/video-em-jequie-rui-costa-critica-ze-coca-e-o-classifica-gente-ruim-em-tom-de-pre\/#breadcrumblist"},"author":{"@id":"https:\/\/www.encontrajequie.com.br\/sobre\/author\/ejequie\/#author"},"creator":{"@id":"https:\/\/www.encontrajequie.com.br\/sobre\/author\/ejequie\/#author"},"image":{"@type":"ImageObject","url":"https:\/\/www.encontrajequie.com.br\/sobre\/wp-content\/uploads\/2026\/04\/video-em-jequie-rui-costa-critica-ze-coca-e-o-classifica-gente-ruim-em-tom-de-pre.webp","@id":"https:\/\/www.encontrajequie.com.br\/sobre\/video-em-jequie-rui-costa-critica-ze-coca-e-o-classifica-gente-ruim-em-tom-de-pre\/#mainImage","width":280,"height":280,"caption":"Rui Costa critica Z\u00e9 Coc\u00e1"},"primaryImageOfPage":{"@id":"https:\/\/www.encontrajequie.com.br\/sobre\/video-em-jequie-rui-costa-critica-ze-coca-e-o-classifica-gente-ruim-em-tom-de-pre\/#mainImage"},"datePublished":"2026-04-06T03:43:57-03:00","dateModified":"2026-04-06T03:43:57-03:00"},{"@type":"WebSite","@id":"https:\/\/www.encontrajequie.com.br\/sobre\/#website","url":"https:\/\/www.encontrajequie.com.br\/sobre\/","name":"Encontra Jequi\u00e9","description":"Not\u00edcias, eventos, informa\u00e7\u00f5es e dicas na cidade de Jequi\u00e9 e regi\u00e3o.","inLanguage":"pt-BR","publisher":{"@id":"https:\/\/www.encontrajequie.com.br\/sobre\/#organization"}}]},"og:locale":"pt_BR","og:site_name":"Encontra Jequi\u00e9 | Not\u00edcias, eventos, informa\u00e7\u00f5es e dicas na cidade de Jequi\u00e9 e regi\u00e3o.","og:type":"article","og:title":"V\u00cdDEO: Em Jequi\u00e9, Rui Costa critica Z\u00e9 Coc\u00e1 e o classifica \u201cgente ruim\u201d em tom de pr\u00e9 | Encontra Jequi\u00e9","og:description":"Rui Costa critica Z\u00e9 Coc\u00e1 em Jequi\u00e9 e chama aten\u00e7\u00e3o para ingratid\u00f5es.","og:url":"https:\/\/www.encontrajequie.com.br\/sobre\/video-em-jequie-rui-costa-critica-ze-coca-e-o-classifica-gente-ruim-em-tom-de-pre\/","article:published_time":"2026-04-06T06:43:57+00:00","article:modified_time":"2026-04-06T06:43:57+00:00","twitter:card":"summary_large_image","twitter:title":"V\u00cdDEO: Em Jequi\u00e9, Rui Costa critica Z\u00e9 Coc\u00e1 e o classifica \u201cgente ruim\u201d em tom de pr\u00e9 | Encontra Jequi\u00e9","twitter:description":"Rui Costa critica Z\u00e9 Coc\u00e1 em Jequi\u00e9 e chama aten\u00e7\u00e3o para ingratid\u00f5es."},"aioseo_meta_data":{"post_id":"969","title":null,"description":null,"keywords":null,"keyphrases":null,"primary_term":null,"canonical_url":null,"og_title":null,"og_description":null,"og_object_type":"default","og_image_type":"default","og_image_url":null,"og_image_width":null,"og_image_height":null,"og_image_custom_url":null,"og_image_custom_fields":null,"og_video":null,"og_custom_url":null,"og_article_section":null,"og_article_tags":null,"twitter_use_og":false,"twitter_card":"default","twitter_image_type":"default","twitter_image_url":null,"twitter_image_custom_url":null,"twitter_image_custom_fields":null,"twitter_title":null,"twitter_description":null,"schema":{"blockGraphs":[],"customGraphs":[],"default":{"data":{"Article":[],"Course":[],"Dataset":[],"FAQPage":[],"Movie":[],"Person":[],"Product":[],"ProductReview":[],"Car":[],"Recipe":[],"Service":[],"SoftwareApplication":[],"WebPage":[]},"graphName":"Article","isEnabled":true},"graphs":[]},"schema_type":"default","schema_type_options":null,"pillar_content":false,"robots_default":true,"robots_noindex":false,"robots_noarchive":false,"robots_nosnippet":false,"robots_nofollow":false,"robots_noimageindex":false,"robots_noodp":false,"robots_notranslate":false,"robots_max_snippet":null,"robots_max_videopreview":null,"robots_max_imagepreview":"large","priority":null,"frequency":null,"local_seo":null,"breadcrumb_settings":null,"limit_modified_date":false,"ai":null,"created":"2026-04-06 06:44:00","updated":"2026-04-06 06:53:33","focus_keyword":null,"additional_keywords":null,"truseo_locale":null,"seo_analyzer_scan_date":null},"aioseo_breadcrumb":"<div class=\"aioseo-breadcrumbs\"><span class=\"aioseo-breadcrumb\">\n\t\t\t<a href=\"https:\/\/www.encontrajequie.com.br\/sobre\" title=\"Home\">Home<\/a>\n\t\t<\/span><span class=\"aioseo-breadcrumb-separator\">&raquo;<\/span><span class=\"aioseo-breadcrumb\">\n\t\t\t<a href=\"https:\/\/www.encontrajequie.com.br\/sobre\/noticias-em-jequie\/\" title=\"Not\u00edcias Jequi\u00e9\">Not\u00edcias Jequi\u00e9<\/a>\n\t\t<\/span><span class=\"aioseo-breadcrumb-separator\">&raquo;<\/span><span class=\"aioseo-breadcrumb\">\n\t\t\tV\u00cdDEO: Em Jequi\u00e9, Rui Costa critica Z\u00e9 Coc\u00e1 e o classifica \u201cgente ruim\u201d em tom de pr\u00e9\n\t\t<\/span><\/div>","aioseo_breadcrumb_json":[{"label":"Home","link":"https:\/\/www.encontrajequie.com.br\/sobre"},{"label":"Not\u00edcias Jequi\u00e9","link":"https:\/\/www.encontrajequie.com.br\/sobre\/noticias-em-jequie\/"},{"label":"V\u00cdDEO: Em Jequi\u00e9, Rui Costa critica Z\u00e9 Coc\u00e1 e o classifica &#8220;gente ruim&#8221; em tom de pr\u00e9","link":"https:\/\/www.encontrajequie.com.br\/sobre\/video-em-jequie-rui-costa-critica-ze-coca-e-o-classifica-gente-ruim-em-tom-de-pre\/"}],"_links":{"self":[{"href":"https:\/\/www.encontrajequie.com.br\/sobre\/wp-json\/wp\/v2\/posts\/969","targetHints":{"allow":["GET"]}}],"collection":[{"href":"https:\/\/www.encontrajequie.com.br\/sobre\/wp-json\/wp\/v2\/posts"}],"about":[{"href":"https:\/\/www.encontrajequie.com.br\/sobre\/wp-json\/wp\/v2\/types\/post"}],"author":[{"embeddable":true,"href":"https:\/\/www.encontrajequie.com.br\/sobre\/wp-json\/wp\/v2\/users\/1"}],"replies":[{"embeddable":true,"href":"https:\/\/www.encontrajequie.com.br\/sobre\/wp-json\/wp\/v2\/comments?post=969"}],"version-history":[{"count":0,"href":"https:\/\/www.encontrajequie.com.br\/sobre\/wp-json\/wp\/v2\/posts\/969\/revisions"}],"wp:featuredmedia":[{"embeddable":true,"href":"https:\/\/www.encontrajequie.com.br\/sobre\/wp-json\/wp\/v2\/media\/968"}],"wp:attachment":[{"href":"https:\/\/www.encontrajequie.com.br\/sobre\/wp-json\/wp\/v2\/media?parent=969"}],"wp:term":[{"taxonomy":"category","embeddable":true,"href":"https:\/\/www.encontrajequie.com.br\/sobre\/wp-json\/wp\/v2\/categories?post=969"},{"taxonomy":"post_tag","embeddable":true,"href":"https:\/\/www.encontrajequie.com.br\/sobre\/wp-json\/wp\/v2\/tags?post=969"}],"curies":[{"name":"wp","href":"https:\/\/api.w.org\/{rel}","templated":true}]}}