{"id":983,"date":"2026-04-10T03:41:11","date_gmt":"2026-04-10T06:41:11","guid":{"rendered":"https:\/\/www.encontrajequie.com.br\/sobre\/ze-coca-afirma-que-jequie-e-curral-eleitoral-assista\/"},"modified":"2026-04-10T03:41:11","modified_gmt":"2026-04-10T06:41:11","slug":"ze-coca-afirma-que-jequie-e-curral-eleitoral-assista","status":"publish","type":"post","link":"https:\/\/www.encontrajequie.com.br\/sobre\/ze-coca-afirma-que-jequie-e-curral-eleitoral-assista\/","title":{"rendered":"Z\u00e9 Coc\u00e1 afirma que Jequi\u00e9 \u00e9 \u2018curral eleitoral\u2019; assista"},"content":{"rendered":"<div class=\"30cf832dc5940d4704f66d0ed9a44050\" data-index=\"1\" style=\"float: none; margin:0px;\">\n<!-- Anuncio display - global -->\r\n<ins class=\"adsbygoogle\"\r\n     style=\"display:block\"\r\n     data-ad-client=\"ca-pub-8585364105181520\"\r\n     data-ad-slot=\"8789329856\"\r\n     data-ad-format=\"auto\"\r\n     data-full-width-responsive=\"true\"><\/ins>\r\n<script>\r\n     (adsbygoogle = window.adsbygoogle || []).push({});\r\n<\/script>\n<\/div>\n<h2>O contexto pol\u00edtico de Jequi\u00e9<\/h2>\n<p>Jequi\u00e9, um munic\u00edpio localizado na Bahia, \u00e9 historicamente um espa\u00e7o de grande relev\u00e2ncia pol\u00edtica. A cidade, uma das maiores do estado, tem alcan\u00e7ado notoriedade devido \u00e0 sua contribui\u00e7\u00e3o no cen\u00e1rio eleitoral local. O fato de Jequi\u00e9 estar entre as dez maiores cidades da Bahia \u00e9 frequentemente mencionado por seus l\u00edderes pol\u00edticos, ressaltando sua import\u00e2ncia e, ao mesmo tempo, a responsabilidade que isso traz nas elei\u00e7\u00f5es e nas decis\u00f5es pol\u00edticas que afetam a regi\u00e3o.<\/p>\n<h2>A trajet\u00f3ria de Z\u00e9 Coc\u00e1 na pol\u00edtica<\/h2>\n<p>Z\u00e9 Coc\u00e1, ex-prefeito de Jequi\u00e9 e atual pr\u00e9-candidato a vice-governador, possui um hist\u00f3rico que transcende a pol\u00edtica local. Suas experi\u00eancias administrativas e pol\u00edticas moldaram sua vis\u00e3o sobre o que \u00e9 necess\u00e1rio para que Jequi\u00e9 recupere uma posi\u00e7\u00e3o de destaque dentro da pol\u00edtica estadual. Durante sua gest\u00e3o como prefeito, Coc\u00e1 buscou implementar a\u00e7\u00f5es que visassem n\u00e3o apenas o desenvolvimento da cidade, mas tamb\u00e9m sua voz nos di\u00e1logos pol\u00edticos mais amplos do estado.<\/p>\n<h2>Jequi\u00e9 como \u2018curral eleitoral\u2019<\/h2>\n<p>Recentemente, em uma entrevista \u00e0 r\u00e1dio 95 FM, Z\u00e9 Coc\u00e1 fez uma declara\u00e7\u00e3o pol\u00eamica, referindo-se a Jequi\u00e9 como um &#8220;curral eleitoral&#8221;. Essa express\u00e3o, amplamente utilizada para descrever territ\u00f3rios que s\u00e3o vistos como dom\u00ednios de certos grupos pol\u00edticos, levanta discuss\u00f5es significativas sobre a autonomia pol\u00edtica do munic\u00edpio. Coc\u00e1 argumentou que, apesar da grande concentra\u00e7\u00e3o de eleitores em Jequi\u00e9, a cidade ficou, por anos, \u00e0 margem de decis\u00f5es que impactam diretamente sua sociedade, levando a uma perda de protagonismo pol\u00edtico.<\/p>\n<p><img decoding=\"async\" src=\"https:\/\/www.encontrajequie.com.br\/sobre\/wp-content\/uploads\/2026\/04\/ze-coca-afirma-que-jequie-e-curral-eleitoral-assista.webp\" alt=\"curral eleitoral\" loading=\"lazy\" \/><\/p>\n<h2>Consequ\u00eancias da declara\u00e7\u00e3o de Coc\u00e1<\/h2>\n<p>A afirma\u00e7\u00e3o de que Jequi\u00e9 tem sido um &#8220;curral eleitoral&#8221; gerou rea\u00e7\u00f5es diversas entre os pol\u00edticos e cidad\u00e3os locais. Muitos veem isso como um chamamento para a conscientiza\u00e7\u00e3o pol\u00edtica, enfatizando que a popula\u00e7\u00e3o deve exigir mais de seus representantes. A revela\u00e7\u00e3o de Coc\u00e1 trouxe \u00e0 tona a necessidade de um engajamento ativo da comunidade, n\u00e3o apenas nas elei\u00e7\u00f5es, mas tamb\u00e9m nas discuss\u00f5es pol\u00edticas que moldam o futuro da cidade.<\/p>\n<h2>O papel de ACM Neto e sua chapa<\/h2>\n<p>ACM Neto, l\u00edder do Uni\u00e3o Brasil e um dos principais nomes na pol\u00edtica baiana, est\u00e1 aliando for\u00e7as com Z\u00e9 Coc\u00e1 em uma chapa que visa potencializar a relev\u00e2ncia de Jequi\u00e9 nas pr\u00f3ximas elei\u00e7\u00f5es. A uni\u00e3o entre Neto e Coc\u00e1 promete trazer novas oportunidades para o munic\u00edpio, apontando para um plano de a\u00e7\u00e3o que inclua promessas de desenvolvimento e infraestrutura, al\u00e9m de uma representa\u00e7\u00e3o forte no governo estadual.<\/p>\n<h2>A relev\u00e2ncia de Jequi\u00e9 nas elei\u00e7\u00f5es<\/h2>\n<p>Com o crescimento da discuss\u00e3o em torno de sua condi\u00e7\u00e3o pol\u00edtica, Jequi\u00e9 come\u00e7a a ser vista como um local estrat\u00e9gico para as elei\u00e7\u00f5es. A cidade possui um expressivo n\u00famero de eleitores que, se mobilizados, podem mudar a narrativa pol\u00edtica n\u00e3o s\u00f3 do munic\u00edpio, mas de toda a Bahia. Ter candidatos locais como Z\u00e9 Coc\u00e1 na chapa de Neto \u00e9 uma tentativa de reverter o apagamento hist\u00f3rico da cidade nas grandes discuss\u00f5es governamentais.<\/p>\n<h2>A gest\u00e3o de Z\u00e9 Coc\u00e1 e seus legados<\/h2>\n<p>Durante seu mandato como prefeito, Coc\u00e1 implementou diversas pol\u00edticas que visavam fortalecer a infraestrutura e a economia local. Ele se dedicou a criar condi\u00e7\u00f5es para que Jequi\u00e9 n\u00e3o apenas se destacasse, mas tamb\u00e9m mantivesse um espa\u00e7o ativo no debate pol\u00edtico. Os legados de sua administra\u00e7\u00e3o, portanto, n\u00e3o se limitam a obras f\u00edsicas, mas tamb\u00e9m englobam a constru\u00e7\u00e3o de uma nova mentalidade pol\u00edtica entre os cidad\u00e3os, que agora buscam ser ouvidos.<\/p>\n<h2>Flavinho Santana assume a prefeitura<\/h2>\n<p>No dia seguinte \u00e0 sua entrevista, Coc\u00e1 renunciou ao cargo de prefeito, passando a administra\u00e7\u00e3o para seu sobrinho, Flavinho Santana. Esta transi\u00e7\u00e3o reafirma a continuidade das pol\u00edticas implementadas por Coc\u00e1, com Flavinho assumindo a lideran\u00e7a em um momento crucial para Jequi\u00e9. Elezer Flavinho como prefeito sugere que a estrat\u00e9gia de Coc\u00e1 para revitalizar Jequi\u00e9 continuar\u00e1, mantendo um enfoque na representa\u00e7\u00e3o e na busca por melhorias significativas para a cidade at\u00e9 2028.<\/p>\n<h2>Implica\u00e7\u00f5es para o futuro pol\u00edtico da Bahia<\/h2>\n<p>A escolha de Flavinho Santana e a recente declara\u00e7\u00e3o de Z\u00e9 Coc\u00e1 moldar\u00e3o n\u00e3o apenas o futuro de Jequi\u00e9, mas tamb\u00e9m influenciar\u00e3o a din\u00e2mica pol\u00edtica da Bahia. \u00c0 medida que Jequi\u00e9 come\u00e7a a reclamar seu espa\u00e7o no mapa pol\u00edtico, outros munic\u00edpios da regi\u00e3o poder\u00e3o seguir o exemplo, buscando maior participa\u00e7\u00e3o e uma voz mais ativa nas decis\u00f5es estaduais. A mobiliza\u00e7\u00e3o pol\u00edtica em torno de Jequi\u00e9 poder\u00e1 impactar significativamente nas pr\u00f3ximas elei\u00e7\u00f5es, alterando a forma como a pol\u00edtica baiana \u00e9 estruturada.<\/p>\n<h2>Reflex\u00f5es sobre a participa\u00e7\u00e3o cidad\u00e3<\/h2>\n<p>A discuss\u00e3o sobre Jequi\u00e9 enquanto &#8220;curral eleitoral&#8221; e o chamado de Z\u00e9 Coc\u00e1 \u00e0 a\u00e7\u00e3o civic-minded s\u00e3o alertas para toda a sociedade. \u00c9 fundamental que os cidad\u00e3os se tornem mais engajados nas quest\u00f5es pol\u00edticas que os afetam diretamente. A participa\u00e7\u00e3o ativa n\u00e3o s\u00f3 nas elei\u00e7\u00f5es, mas em todas as esferas de discuss\u00e3o pol\u00edtica, \u00e9 essencial para garantir que as necessidades da popula\u00e7\u00e3o sejam atendidas. A quest\u00e3o torna-se, portanto, uma oportunidade de transforma\u00e7\u00e3o e renova\u00e7\u00e3o na pol\u00edtica local e estadual.<\/p>\n\n<div style=\"font-size: 0px; height: 0px; line-height: 0px; margin: 0; padding: 0; clear: both;\"><\/div>","protected":false},"excerpt":{"rendered":"<p>Z\u00e9 Coc\u00e1 chama Jequi\u00e9 de \u2018curral eleitoral\u2019, revelando verdades da pol\u00edtica local.<\/p>\n","protected":false},"author":1,"featured_media":982,"comment_status":"open","ping_status":"closed","sticky":false,"template":"","format":"standard","meta":{"footnotes":""},"categories":[1],"tags":[],"class_list":["post-983","post","type-post","status-publish","format-standard","has-post-thumbnail","hentry","category-noticias-em-jequie","has_thumb"],"aioseo_notices":[],"aioseo_head":"\n\t\t<!-- All in One SEO 5.0.0.1 - aioseo.com -->\n\t<meta name=\"description\" content=\"Z\u00e9 Coc\u00e1 chama Jequi\u00e9 de \u2018curral eleitoral\u2019, revelando verdades da pol\u00edtica local.\" \/>\n\t<meta name=\"robots\" content=\"max-image-preview:large\" \/>\n\t<meta name=\"author\" content=\"Encontra Jequi\u00e9\"\/>\n\t<link rel=\"canonical\" href=\"https:\/\/www.encontrajequie.com.br\/sobre\/ze-coca-afirma-que-jequie-e-curral-eleitoral-assista\/\" \/>\n\t<meta name=\"generator\" content=\"All in One SEO (AIOSEO) 5.0.0.1\" \/>\n\t\t<meta property=\"og:locale\" content=\"pt_BR\" \/>\n\t\t<meta property=\"og:site_name\" content=\"Encontra Jequi\u00e9 | Not\u00edcias, eventos, informa\u00e7\u00f5es e dicas na cidade de Jequi\u00e9 e regi\u00e3o.\" \/>\n\t\t<meta property=\"og:type\" content=\"article\" \/>\n\t\t<meta property=\"og:title\" content=\"Z\u00e9 Coc\u00e1 afirma que Jequi\u00e9 \u00e9 \u2018curral eleitoral\u2019; assista | Encontra Jequi\u00e9\" \/>\n\t\t<meta property=\"og:description\" content=\"Z\u00e9 Coc\u00e1 chama Jequi\u00e9 de \u2018curral eleitoral\u2019, revelando verdades da pol\u00edtica local.\" \/>\n\t\t<meta property=\"og:url\" content=\"https:\/\/www.encontrajequie.com.br\/sobre\/ze-coca-afirma-que-jequie-e-curral-eleitoral-assista\/\" \/>\n\t\t<meta property=\"article:published_time\" content=\"2026-04-10T06:41:11+00:00\" \/>\n\t\t<meta property=\"article:modified_time\" content=\"2026-04-10T06:41:11+00:00\" \/>\n\t\t<meta name=\"twitter:card\" content=\"summary_large_image\" \/>\n\t\t<meta name=\"twitter:title\" content=\"Z\u00e9 Coc\u00e1 afirma que Jequi\u00e9 \u00e9 \u2018curral eleitoral\u2019; assista | Encontra Jequi\u00e9\" \/>\n\t\t<meta name=\"twitter:description\" content=\"Z\u00e9 Coc\u00e1 chama Jequi\u00e9 de \u2018curral eleitoral\u2019, revelando verdades da pol\u00edtica local.\" \/>\n\t\t<script type=\"application\/ld+json\" class=\"aioseo-schema\">\n\t\t\t{\"@context\":\"https:\\\/\\\/schema.org\",\"@graph\":[{\"@type\":\"Article\",\"@id\":\"https:\\\/\\\/www.encontrajequie.com.br\\\/sobre\\\/ze-coca-afirma-que-jequie-e-curral-eleitoral-assista\\\/#article\",\"name\":\"Z\\u00e9 Coc\\u00e1 afirma que Jequi\\u00e9 \\u00e9 \\u2018curral eleitoral\\u2019; assista | Encontra Jequi\\u00e9\",\"headline\":\"Z\\u00e9 Coc\\u00e1 afirma que Jequi\\u00e9 \\u00e9 \\u2018curral eleitoral\\u2019; assista\",\"author\":{\"@id\":\"https:\\\/\\\/www.encontrajequie.com.br\\\/sobre\\\/author\\\/ejequie\\\/#author\"},\"publisher\":{\"@id\":\"https:\\\/\\\/www.encontrajequie.com.br\\\/sobre\\\/#organization\"},\"image\":{\"@type\":\"ImageObject\",\"url\":\"https:\\\/\\\/www.encontrajequie.com.br\\\/sobre\\\/wp-content\\\/uploads\\\/2026\\\/04\\\/ze-coca-afirma-que-jequie-e-curral-eleitoral-assista.webp\",\"width\":280,\"height\":280,\"caption\":\"curral eleitoral\"},\"datePublished\":\"2026-04-10T03:41:11-03:00\",\"dateModified\":\"2026-04-10T03:41:11-03:00\",\"inLanguage\":\"pt-BR\",\"mainEntityOfPage\":{\"@id\":\"https:\\\/\\\/www.encontrajequie.com.br\\\/sobre\\\/ze-coca-afirma-que-jequie-e-curral-eleitoral-assista\\\/#webpage\"},\"isPartOf\":{\"@id\":\"https:\\\/\\\/www.encontrajequie.com.br\\\/sobre\\\/ze-coca-afirma-que-jequie-e-curral-eleitoral-assista\\\/#webpage\"},\"articleSection\":\"Not\\u00edcias Jequi\\u00e9\"},{\"@type\":\"BreadcrumbList\",\"@id\":\"https:\\\/\\\/www.encontrajequie.com.br\\\/sobre\\\/ze-coca-afirma-que-jequie-e-curral-eleitoral-assista\\\/#breadcrumblist\",\"itemListElement\":[{\"@type\":\"ListItem\",\"@id\":\"https:\\\/\\\/www.encontrajequie.com.br\\\/sobre#listItem\",\"position\":1,\"name\":\"Home\",\"item\":\"https:\\\/\\\/www.encontrajequie.com.br\\\/sobre\",\"nextItem\":{\"@type\":\"ListItem\",\"@id\":\"https:\\\/\\\/www.encontrajequie.com.br\\\/sobre\\\/noticias-em-jequie\\\/#listItem\",\"name\":\"Not\\u00edcias Jequi\\u00e9\"}},{\"@type\":\"ListItem\",\"@id\":\"https:\\\/\\\/www.encontrajequie.com.br\\\/sobre\\\/noticias-em-jequie\\\/#listItem\",\"position\":2,\"name\":\"Not\\u00edcias Jequi\\u00e9\",\"item\":\"https:\\\/\\\/www.encontrajequie.com.br\\\/sobre\\\/noticias-em-jequie\\\/\",\"nextItem\":{\"@type\":\"ListItem\",\"@id\":\"https:\\\/\\\/www.encontrajequie.com.br\\\/sobre\\\/ze-coca-afirma-que-jequie-e-curral-eleitoral-assista\\\/#listItem\",\"name\":\"Z\\u00e9 Coc\\u00e1 afirma que Jequi\\u00e9 \\u00e9 \\u2018curral eleitoral\\u2019; assista\"},\"previousItem\":{\"@type\":\"ListItem\",\"@id\":\"https:\\\/\\\/www.encontrajequie.com.br\\\/sobre#listItem\",\"name\":\"Home\"}},{\"@type\":\"ListItem\",\"@id\":\"https:\\\/\\\/www.encontrajequie.com.br\\\/sobre\\\/ze-coca-afirma-que-jequie-e-curral-eleitoral-assista\\\/#listItem\",\"position\":3,\"name\":\"Z\\u00e9 Coc\\u00e1 afirma que Jequi\\u00e9 \\u00e9 \\u2018curral eleitoral\\u2019; assista\",\"previousItem\":{\"@type\":\"ListItem\",\"@id\":\"https:\\\/\\\/www.encontrajequie.com.br\\\/sobre\\\/noticias-em-jequie\\\/#listItem\",\"name\":\"Not\\u00edcias Jequi\\u00e9\"}}]},{\"@type\":\"Organization\",\"@id\":\"https:\\\/\\\/www.encontrajequie.com.br\\\/sobre\\\/#organization\",\"name\":\"Encontra Jequi\\u00e9\",\"description\":\"Not\\u00edcias, eventos, informa\\u00e7\\u00f5es e dicas na cidade de Jequi\\u00e9 e regi\\u00e3o.\",\"url\":\"https:\\\/\\\/www.encontrajequie.com.br\\\/sobre\\\/\"},{\"@type\":\"Person\",\"@id\":\"https:\\\/\\\/www.encontrajequie.com.br\\\/sobre\\\/author\\\/ejequie\\\/#author\",\"url\":\"https:\\\/\\\/www.encontrajequie.com.br\\\/sobre\\\/author\\\/ejequie\\\/\",\"name\":\"Encontra Jequi\\u00e9\",\"image\":{\"@type\":\"ImageObject\",\"@id\":\"https:\\\/\\\/www.encontrajequie.com.br\\\/sobre\\\/ze-coca-afirma-que-jequie-e-curral-eleitoral-assista\\\/#authorImage\",\"url\":\"https:\\\/\\\/secure.gravatar.com\\\/avatar\\\/507340682b8270222e1f208e23198b6ae7e2c6a1033ae84e99bc6bce4f82a387?s=96&d=mm&r=g\",\"width\":96,\"height\":96,\"caption\":\"Encontra Jequi\\u00e9\"}},{\"@type\":\"WebPage\",\"@id\":\"https:\\\/\\\/www.encontrajequie.com.br\\\/sobre\\\/ze-coca-afirma-que-jequie-e-curral-eleitoral-assista\\\/#webpage\",\"url\":\"https:\\\/\\\/www.encontrajequie.com.br\\\/sobre\\\/ze-coca-afirma-que-jequie-e-curral-eleitoral-assista\\\/\",\"name\":\"Z\\u00e9 Coc\\u00e1 afirma que Jequi\\u00e9 \\u00e9 \\u2018curral eleitoral\\u2019; assista | Encontra Jequi\\u00e9\",\"description\":\"Z\\u00e9 Coc\\u00e1 chama Jequi\\u00e9 de \\u2018curral eleitoral\\u2019, revelando verdades da pol\\u00edtica local.\",\"inLanguage\":\"pt-BR\",\"isPartOf\":{\"@id\":\"https:\\\/\\\/www.encontrajequie.com.br\\\/sobre\\\/#website\"},\"breadcrumb\":{\"@id\":\"https:\\\/\\\/www.encontrajequie.com.br\\\/sobre\\\/ze-coca-afirma-que-jequie-e-curral-eleitoral-assista\\\/#breadcrumblist\"},\"author\":{\"@id\":\"https:\\\/\\\/www.encontrajequie.com.br\\\/sobre\\\/author\\\/ejequie\\\/#author\"},\"creator\":{\"@id\":\"https:\\\/\\\/www.encontrajequie.com.br\\\/sobre\\\/author\\\/ejequie\\\/#author\"},\"image\":{\"@type\":\"ImageObject\",\"url\":\"https:\\\/\\\/www.encontrajequie.com.br\\\/sobre\\\/wp-content\\\/uploads\\\/2026\\\/04\\\/ze-coca-afirma-que-jequie-e-curral-eleitoral-assista.webp\",\"@id\":\"https:\\\/\\\/www.encontrajequie.com.br\\\/sobre\\\/ze-coca-afirma-que-jequie-e-curral-eleitoral-assista\\\/#mainImage\",\"width\":280,\"height\":280,\"caption\":\"curral eleitoral\"},\"primaryImageOfPage\":{\"@id\":\"https:\\\/\\\/www.encontrajequie.com.br\\\/sobre\\\/ze-coca-afirma-que-jequie-e-curral-eleitoral-assista\\\/#mainImage\"},\"datePublished\":\"2026-04-10T03:41:11-03:00\",\"dateModified\":\"2026-04-10T03:41:11-03:00\"},{\"@type\":\"WebSite\",\"@id\":\"https:\\\/\\\/www.encontrajequie.com.br\\\/sobre\\\/#website\",\"url\":\"https:\\\/\\\/www.encontrajequie.com.br\\\/sobre\\\/\",\"name\":\"Encontra Jequi\\u00e9\",\"description\":\"Not\\u00edcias, eventos, informa\\u00e7\\u00f5es e dicas na cidade de Jequi\\u00e9 e regi\\u00e3o.\",\"inLanguage\":\"pt-BR\",\"publisher\":{\"@id\":\"https:\\\/\\\/www.encontrajequie.com.br\\\/sobre\\\/#organization\"}}]}\n\t\t<\/script>\n\t\t<!-- All in One SEO -->\n\n","aioseo_head_json":{"title":"Z\u00e9 Coc\u00e1 afirma que Jequi\u00e9 \u00e9 \u2018curral eleitoral\u2019; assista | Encontra Jequi\u00e9","description":"Z\u00e9 Coc\u00e1 chama Jequi\u00e9 de \u2018curral eleitoral\u2019, revelando verdades da pol\u00edtica local.","canonical_url":"https:\/\/www.encontrajequie.com.br\/sobre\/ze-coca-afirma-que-jequie-e-curral-eleitoral-assista\/","robots":"max-image-preview:large","keywords":"","webmasterTools":{"miscellaneous":""},"schema":{"@context":"https:\/\/schema.org","@graph":[{"@type":"Article","@id":"https:\/\/www.encontrajequie.com.br\/sobre\/ze-coca-afirma-que-jequie-e-curral-eleitoral-assista\/#article","name":"Z\u00e9 Coc\u00e1 afirma que Jequi\u00e9 \u00e9 \u2018curral eleitoral\u2019; assista | Encontra Jequi\u00e9","headline":"Z\u00e9 Coc\u00e1 afirma que Jequi\u00e9 \u00e9 \u2018curral eleitoral\u2019; assista","author":{"@id":"https:\/\/www.encontrajequie.com.br\/sobre\/author\/ejequie\/#author"},"publisher":{"@id":"https:\/\/www.encontrajequie.com.br\/sobre\/#organization"},"image":{"@type":"ImageObject","url":"https:\/\/www.encontrajequie.com.br\/sobre\/wp-content\/uploads\/2026\/04\/ze-coca-afirma-que-jequie-e-curral-eleitoral-assista.webp","width":280,"height":280,"caption":"curral eleitoral"},"datePublished":"2026-04-10T03:41:11-03:00","dateModified":"2026-04-10T03:41:11-03:00","inLanguage":"pt-BR","mainEntityOfPage":{"@id":"https:\/\/www.encontrajequie.com.br\/sobre\/ze-coca-afirma-que-jequie-e-curral-eleitoral-assista\/#webpage"},"isPartOf":{"@id":"https:\/\/www.encontrajequie.com.br\/sobre\/ze-coca-afirma-que-jequie-e-curral-eleitoral-assista\/#webpage"},"articleSection":"Not\u00edcias Jequi\u00e9"},{"@type":"BreadcrumbList","@id":"https:\/\/www.encontrajequie.com.br\/sobre\/ze-coca-afirma-que-jequie-e-curral-eleitoral-assista\/#breadcrumblist","itemListElement":[{"@type":"ListItem","@id":"https:\/\/www.encontrajequie.com.br\/sobre#listItem","position":1,"name":"Home","item":"https:\/\/www.encontrajequie.com.br\/sobre","nextItem":{"@type":"ListItem","@id":"https:\/\/www.encontrajequie.com.br\/sobre\/noticias-em-jequie\/#listItem","name":"Not\u00edcias Jequi\u00e9"}},{"@type":"ListItem","@id":"https:\/\/www.encontrajequie.com.br\/sobre\/noticias-em-jequie\/#listItem","position":2,"name":"Not\u00edcias Jequi\u00e9","item":"https:\/\/www.encontrajequie.com.br\/sobre\/noticias-em-jequie\/","nextItem":{"@type":"ListItem","@id":"https:\/\/www.encontrajequie.com.br\/sobre\/ze-coca-afirma-que-jequie-e-curral-eleitoral-assista\/#listItem","name":"Z\u00e9 Coc\u00e1 afirma que Jequi\u00e9 \u00e9 \u2018curral eleitoral\u2019; assista"},"previousItem":{"@type":"ListItem","@id":"https:\/\/www.encontrajequie.com.br\/sobre#listItem","name":"Home"}},{"@type":"ListItem","@id":"https:\/\/www.encontrajequie.com.br\/sobre\/ze-coca-afirma-que-jequie-e-curral-eleitoral-assista\/#listItem","position":3,"name":"Z\u00e9 Coc\u00e1 afirma que Jequi\u00e9 \u00e9 \u2018curral eleitoral\u2019; assista","previousItem":{"@type":"ListItem","@id":"https:\/\/www.encontrajequie.com.br\/sobre\/noticias-em-jequie\/#listItem","name":"Not\u00edcias Jequi\u00e9"}}]},{"@type":"Organization","@id":"https:\/\/www.encontrajequie.com.br\/sobre\/#organization","name":"Encontra Jequi\u00e9","description":"Not\u00edcias, eventos, informa\u00e7\u00f5es e dicas na cidade de Jequi\u00e9 e regi\u00e3o.","url":"https:\/\/www.encontrajequie.com.br\/sobre\/"},{"@type":"Person","@id":"https:\/\/www.encontrajequie.com.br\/sobre\/author\/ejequie\/#author","url":"https:\/\/www.encontrajequie.com.br\/sobre\/author\/ejequie\/","name":"Encontra Jequi\u00e9","image":{"@type":"ImageObject","@id":"https:\/\/www.encontrajequie.com.br\/sobre\/ze-coca-afirma-que-jequie-e-curral-eleitoral-assista\/#authorImage","url":"https:\/\/secure.gravatar.com\/avatar\/507340682b8270222e1f208e23198b6ae7e2c6a1033ae84e99bc6bce4f82a387?s=96&d=mm&r=g","width":96,"height":96,"caption":"Encontra Jequi\u00e9"}},{"@type":"WebPage","@id":"https:\/\/www.encontrajequie.com.br\/sobre\/ze-coca-afirma-que-jequie-e-curral-eleitoral-assista\/#webpage","url":"https:\/\/www.encontrajequie.com.br\/sobre\/ze-coca-afirma-que-jequie-e-curral-eleitoral-assista\/","name":"Z\u00e9 Coc\u00e1 afirma que Jequi\u00e9 \u00e9 \u2018curral eleitoral\u2019; assista | Encontra Jequi\u00e9","description":"Z\u00e9 Coc\u00e1 chama Jequi\u00e9 de \u2018curral eleitoral\u2019, revelando verdades da pol\u00edtica local.","inLanguage":"pt-BR","isPartOf":{"@id":"https:\/\/www.encontrajequie.com.br\/sobre\/#website"},"breadcrumb":{"@id":"https:\/\/www.encontrajequie.com.br\/sobre\/ze-coca-afirma-que-jequie-e-curral-eleitoral-assista\/#breadcrumblist"},"author":{"@id":"https:\/\/www.encontrajequie.com.br\/sobre\/author\/ejequie\/#author"},"creator":{"@id":"https:\/\/www.encontrajequie.com.br\/sobre\/author\/ejequie\/#author"},"image":{"@type":"ImageObject","url":"https:\/\/www.encontrajequie.com.br\/sobre\/wp-content\/uploads\/2026\/04\/ze-coca-afirma-que-jequie-e-curral-eleitoral-assista.webp","@id":"https:\/\/www.encontrajequie.com.br\/sobre\/ze-coca-afirma-que-jequie-e-curral-eleitoral-assista\/#mainImage","width":280,"height":280,"caption":"curral eleitoral"},"primaryImageOfPage":{"@id":"https:\/\/www.encontrajequie.com.br\/sobre\/ze-coca-afirma-que-jequie-e-curral-eleitoral-assista\/#mainImage"},"datePublished":"2026-04-10T03:41:11-03:00","dateModified":"2026-04-10T03:41:11-03:00"},{"@type":"WebSite","@id":"https:\/\/www.encontrajequie.com.br\/sobre\/#website","url":"https:\/\/www.encontrajequie.com.br\/sobre\/","name":"Encontra Jequi\u00e9","description":"Not\u00edcias, eventos, informa\u00e7\u00f5es e dicas na cidade de Jequi\u00e9 e regi\u00e3o.","inLanguage":"pt-BR","publisher":{"@id":"https:\/\/www.encontrajequie.com.br\/sobre\/#organization"}}]},"og:locale":"pt_BR","og:site_name":"Encontra Jequi\u00e9 | Not\u00edcias, eventos, informa\u00e7\u00f5es e dicas na cidade de Jequi\u00e9 e regi\u00e3o.","og:type":"article","og:title":"Z\u00e9 Coc\u00e1 afirma que Jequi\u00e9 \u00e9 \u2018curral eleitoral\u2019; assista | Encontra Jequi\u00e9","og:description":"Z\u00e9 Coc\u00e1 chama Jequi\u00e9 de \u2018curral eleitoral\u2019, revelando verdades da pol\u00edtica local.","og:url":"https:\/\/www.encontrajequie.com.br\/sobre\/ze-coca-afirma-que-jequie-e-curral-eleitoral-assista\/","article:published_time":"2026-04-10T06:41:11+00:00","article:modified_time":"2026-04-10T06:41:11+00:00","twitter:card":"summary_large_image","twitter:title":"Z\u00e9 Coc\u00e1 afirma que Jequi\u00e9 \u00e9 \u2018curral eleitoral\u2019; assista | Encontra Jequi\u00e9","twitter:description":"Z\u00e9 Coc\u00e1 chama Jequi\u00e9 de \u2018curral eleitoral\u2019, revelando verdades da pol\u00edtica local."},"aioseo_meta_data":{"post_id":"983","title":null,"description":null,"keywords":null,"keyphrases":null,"primary_term":null,"canonical_url":null,"og_title":null,"og_description":null,"og_object_type":"default","og_image_type":"default","og_image_url":null,"og_image_width":null,"og_image_height":null,"og_image_custom_url":null,"og_image_custom_fields":null,"og_video":null,"og_custom_url":null,"og_article_section":null,"og_article_tags":null,"twitter_use_og":false,"twitter_card":"default","twitter_image_type":"default","twitter_image_url":null,"twitter_image_custom_url":null,"twitter_image_custom_fields":null,"twitter_title":null,"twitter_description":null,"schema":{"blockGraphs":[],"customGraphs":[],"default":{"data":{"Article":[],"Course":[],"Dataset":[],"FAQPage":[],"Movie":[],"Person":[],"Product":[],"ProductReview":[],"Car":[],"Recipe":[],"Service":[],"SoftwareApplication":[],"WebPage":[]},"graphName":"Article","isEnabled":true},"graphs":[]},"schema_type":"default","schema_type_options":null,"pillar_content":false,"robots_default":true,"robots_noindex":false,"robots_noarchive":false,"robots_nosnippet":false,"robots_nofollow":false,"robots_noimageindex":false,"robots_noodp":false,"robots_notranslate":false,"robots_max_snippet":null,"robots_max_videopreview":null,"robots_max_imagepreview":"large","priority":null,"frequency":null,"local_seo":null,"breadcrumb_settings":null,"limit_modified_date":false,"ai":null,"created":"2026-04-10 06:41:14","updated":"2026-04-10 06:58:53","focus_keyword":null,"additional_keywords":null,"truseo_locale":null,"seo_analyzer_scan_date":null},"aioseo_breadcrumb":"<div class=\"aioseo-breadcrumbs\"><span class=\"aioseo-breadcrumb\">\n\t\t\t<a href=\"https:\/\/www.encontrajequie.com.br\/sobre\" title=\"Home\">Home<\/a>\n\t\t<\/span><span class=\"aioseo-breadcrumb-separator\">&raquo;<\/span><span class=\"aioseo-breadcrumb\">\n\t\t\t<a href=\"https:\/\/www.encontrajequie.com.br\/sobre\/noticias-em-jequie\/\" title=\"Not\u00edcias Jequi\u00e9\">Not\u00edcias Jequi\u00e9<\/a>\n\t\t<\/span><span class=\"aioseo-breadcrumb-separator\">&raquo;<\/span><span class=\"aioseo-breadcrumb\">\n\t\t\tZ\u00e9 Coc\u00e1 afirma que Jequi\u00e9 \u00e9 \u2018curral eleitoral\u2019; assista\n\t\t<\/span><\/div>","aioseo_breadcrumb_json":[{"label":"Home","link":"https:\/\/www.encontrajequie.com.br\/sobre"},{"label":"Not\u00edcias Jequi\u00e9","link":"https:\/\/www.encontrajequie.com.br\/sobre\/noticias-em-jequie\/"},{"label":"Z\u00e9 Coc\u00e1 afirma que Jequi\u00e9 \u00e9 \u2018curral eleitoral\u2019; assista","link":"https:\/\/www.encontrajequie.com.br\/sobre\/ze-coca-afirma-que-jequie-e-curral-eleitoral-assista\/"}],"_links":{"self":[{"href":"https:\/\/www.encontrajequie.com.br\/sobre\/wp-json\/wp\/v2\/posts\/983","targetHints":{"allow":["GET"]}}],"collection":[{"href":"https:\/\/www.encontrajequie.com.br\/sobre\/wp-json\/wp\/v2\/posts"}],"about":[{"href":"https:\/\/www.encontrajequie.com.br\/sobre\/wp-json\/wp\/v2\/types\/post"}],"author":[{"embeddable":true,"href":"https:\/\/www.encontrajequie.com.br\/sobre\/wp-json\/wp\/v2\/users\/1"}],"replies":[{"embeddable":true,"href":"https:\/\/www.encontrajequie.com.br\/sobre\/wp-json\/wp\/v2\/comments?post=983"}],"version-history":[{"count":0,"href":"https:\/\/www.encontrajequie.com.br\/sobre\/wp-json\/wp\/v2\/posts\/983\/revisions"}],"wp:featuredmedia":[{"embeddable":true,"href":"https:\/\/www.encontrajequie.com.br\/sobre\/wp-json\/wp\/v2\/media\/982"}],"wp:attachment":[{"href":"https:\/\/www.encontrajequie.com.br\/sobre\/wp-json\/wp\/v2\/media?parent=983"}],"wp:term":[{"taxonomy":"category","embeddable":true,"href":"https:\/\/www.encontrajequie.com.br\/sobre\/wp-json\/wp\/v2\/categories?post=983"},{"taxonomy":"post_tag","embeddable":true,"href":"https:\/\/www.encontrajequie.com.br\/sobre\/wp-json\/wp\/v2\/tags?post=983"}],"curies":[{"name":"wp","href":"https:\/\/api.w.org\/{rel}","templated":true}]}}