{"id":989,"date":"2026-04-11T03:41:01","date_gmt":"2026-04-11T06:41:01","guid":{"rendered":"https:\/\/www.encontrajequie.com.br\/sobre\/posto-da-dpu-em-jequie-ba-tera-atendimento-presencial-de-defensores-federais-em-abril\/"},"modified":"2026-04-11T03:41:01","modified_gmt":"2026-04-11T06:41:01","slug":"posto-da-dpu-em-jequie-ba-tera-atendimento-presencial-de-defensores-federais-em-abril","status":"publish","type":"post","link":"https:\/\/www.encontrajequie.com.br\/sobre\/posto-da-dpu-em-jequie-ba-tera-atendimento-presencial-de-defensores-federais-em-abril\/","title":{"rendered":"Posto da DPU em Jequi\u00e9 (BA) ter\u00e1 atendimento presencial de defensores federais em abril"},"content":{"rendered":"<div class=\"30cf832dc5940d4704f66d0ed9a44050\" data-index=\"1\" style=\"float: none; margin:0px;\">\n<!-- Anuncio display - global -->\r\n<ins class=\"adsbygoogle\"\r\n     style=\"display:block\"\r\n     data-ad-client=\"ca-pub-8585364105181520\"\r\n     data-ad-slot=\"8789329856\"\r\n     data-ad-format=\"auto\"\r\n     data-full-width-responsive=\"true\"><\/ins>\r\n<script>\r\n     (adsbygoogle = window.adsbygoogle || []).push({});\r\n<\/script>\n<\/div>\n<h2>O Que \u00e9 a DPU?<\/h2>\n<p>A Defensoria P\u00fablica da Uni\u00e3o (DPU) \u00e9 uma institui\u00e7\u00e3o que atua em defesa dos direitos dos cidad\u00e3os, garantindo acesso \u00e0 justi\u00e7a e assist\u00eancia jur\u00eddica gratuita em quest\u00f5es que envolvem a esfera federal. A atua\u00e7\u00e3o da DPU \u00e9 voltada para pessoas que n\u00e3o t\u00eam condi\u00e7\u00f5es financeiras de pagar um advogado, buscando promover a inclus\u00e3o social e a equidade no sistema jur\u00eddico.<\/p>\n<h2>Por Que o Atendimento Presencial \u00e9 Importante?<\/h2>\n<p>O atendimento presencial da DPU \u00e9 uma oportunidade crucial para aqueles que necessitam de orienta\u00e7\u00e3o e suporte jur\u00eddico. Al\u00e9m de permitir uma intera\u00e7\u00e3o mais direta com os defensores, esse formato de atendimento facilita a resolu\u00e7\u00e3o de d\u00favidas e o esclarecimento sobre diversos assuntos legais. A presen\u00e7a f\u00edsica dos defensores contribui para um atendimento mais humano e acolhedor, essencial para indiv\u00edduos em situa\u00e7\u00f5es de vulnerabilidade.<\/p>\n<h2>Quem Pode Ser Atendido?<\/h2>\n<p>A DPU atende a todos os cidad\u00e3os que se encontram em situa\u00e7\u00e3o de vulnerabilidade, independentemente da sua condi\u00e7\u00e3o social, e que necessitem de assist\u00eancia legal em quest\u00f5es que envolvam a Uni\u00e3o e seus \u00f3rg\u00e3os. Isto inclui aqueles que buscam orienta\u00e7\u00e3o em temas como benef\u00edcios previdenci\u00e1rios, sa\u00fade, habita\u00e7\u00e3o, e educa\u00e7\u00e3o.<\/p>\n<p><img decoding=\"async\" src=\"https:\/\/www.encontrajequie.com.br\/sobre\/wp-content\/uploads\/2026\/04\/posto-da-dpu-em-jequie-ba-tera-atendimento-presencial-de-defensores-federais-em-abril.webp\" alt=\"Posto da DPU em Jequi\u00e9 (BA)\" loading=\"lazy\" \/><\/p>\n<h2>Documentos Necess\u00e1rios para o Atendimento<\/h2>\n<p>Para o atendimento na DPU, os cidad\u00e3os devem levar alguns documentos essenciais, que incluem:<\/p>\n<ul>\n<li>Carteira de identidade (ou documento de identifica\u00e7\u00e3o oficial com foto);<\/li>\n<li>CPF;<\/li>\n<li>Comprovante de resid\u00eancia atualizado;<\/li>\n<li>Documentos relacionados ao caso que desejam solucionar (como cartas de negativa do INSS, laudos m\u00e9dicos, entre outros).<\/li>\n<\/ul>\n<h2>Datas e Hor\u00e1rios do Atendimento em Jequi\u00e9<\/h2>\n<p>No munic\u00edpio de Jequi\u00e9, o atendimento da DPU ocorrer\u00e1 nas seguintes datas:<\/p>\n<ul>\n<li><strong>Datas:<\/strong> 15 e 16 de abril de 2026<\/li>\n<li><strong>Hor\u00e1rio:<\/strong> 8h \u00e0s 12h<\/li>\n<li><strong>Local:<\/strong> Secretaria do Desenvolvimento Econ\u00f4mico, Rua da It\u00e1lia, n\u00ba 06, Centro<\/li>\n<\/ul>\n<h2>Locais de Atendimento da DPU<\/h2>\n<p>A DPU conta com diversos postos de atendimento espalhados pelo Brasil, permitindo que mais pessoas tenham acesso a servi\u00e7os jur\u00eddicos. Estes postos funcionam em parceria com estruturas municipais e estaduais, garantindo um suporte adequado e uma triagem efetiva das demandas jur\u00eddicas apresentadas pela popula\u00e7\u00e3o.<\/p>\n<h2>\u00c1reas de Atua\u00e7\u00e3o da DPU<\/h2>\n<p>A DPU abrange diversas \u00e1reas de atua\u00e7\u00e3o, dentre as quais se destacam:<\/p>\n<ul>\n<li>Benef\u00edcios previdenci\u00e1rios e assistenciais (como aposentadorias e pens\u00f5es);<\/li>\n<li>Quest\u00f5es de sa\u00fade (acesso a medicamentos e tratamentos);<\/li>\n<li>Direitos habitacionais e educacionais;<\/li>\n<li>Demandas relacionadas \u00e0 Caixa Econ\u00f4mica Federal e FIES.<\/li>\n<\/ul>\n<h2>Como a DPU Ajuda a Popula\u00e7\u00e3o Vulner\u00e1vel?<\/h2>\n<p>Por meio de sua atua\u00e7\u00e3o, a DPU desempenha um papel fundamental na prote\u00e7\u00e3o e promo\u00e7\u00e3o dos direitos de cidad\u00e3os que muitas vezes est\u00e3o \u00e0 margem do sistema jur\u00eddico. Com a oferta de assist\u00eancia jur\u00eddica, a DPU atua como um canal de comunica\u00e7\u00e3o entre o Estado e a popula\u00e7\u00e3o, garantindo que o acesso \u00e0 justi\u00e7a seja uma realidade para todos.<\/p>\n<h2>Benef\u00edcios da Assist\u00eancia Jur\u00eddica<\/h2>\n<p>Os benef\u00edcios de contar com a assist\u00eancia jur\u00eddica da DPU incluem:<\/p>\n<ul>\n<li>Orienta\u00e7\u00e3o legal especializada;<\/li>\n<li>Acesso a justi\u00e7a sem custos;<\/li>\n<li>Defesa dos direitos fundamentais;<\/li>\n<li>Promo\u00e7\u00e3o da inclus\u00e3o social e equidade no acesso \u00e0 justi\u00e7a.<\/li>\n<\/ul>\n<h2>Depoimentos de Cidad\u00e3os Atendidos<\/h2>\n<p>V\u00e1rios cidad\u00e3os que se beneficiaram do atendimento da DPU relatam experi\u00eancias positivas, destacando a import\u00e2ncia do suporte recebido em momentos de dificuldade. Essas hist\u00f3rias ilustram como a DPU impacta diretamente a vida das pessoas, reafirmando a relev\u00e2ncia da institui\u00e7\u00e3o no cen\u00e1rio jur\u00eddico brasileiro.<\/p>\n\n<div style=\"font-size: 0px; height: 0px; line-height: 0px; margin: 0; padding: 0; clear: both;\"><\/div>","protected":false},"excerpt":{"rendered":"<p>Posto da DPU em Jequi\u00e9 (BA) oferecer\u00e1 atendimento presencial em abril.<\/p>\n","protected":false},"author":1,"featured_media":988,"comment_status":"open","ping_status":"closed","sticky":false,"template":"","format":"standard","meta":{"footnotes":""},"categories":[1],"tags":[],"class_list":["post-989","post","type-post","status-publish","format-standard","has-post-thumbnail","hentry","category-noticias-em-jequie","has_thumb"],"aioseo_notices":[],"aioseo_head":"\n\t\t<!-- All in One SEO 5.0.0.1 - aioseo.com -->\n\t<meta name=\"description\" content=\"Posto da DPU em Jequi\u00e9 (BA) oferecer\u00e1 atendimento presencial em abril.\" \/>\n\t<meta name=\"robots\" content=\"max-image-preview:large\" \/>\n\t<meta name=\"author\" content=\"Encontra Jequi\u00e9\"\/>\n\t<link rel=\"canonical\" href=\"https:\/\/www.encontrajequie.com.br\/sobre\/posto-da-dpu-em-jequie-ba-tera-atendimento-presencial-de-defensores-federais-em-abril\/\" \/>\n\t<meta name=\"generator\" content=\"All in One SEO (AIOSEO) 5.0.0.1\" \/>\n\t\t<meta property=\"og:locale\" content=\"pt_BR\" \/>\n\t\t<meta property=\"og:site_name\" content=\"Encontra Jequi\u00e9 | Not\u00edcias, eventos, informa\u00e7\u00f5es e dicas na cidade de Jequi\u00e9 e regi\u00e3o.\" \/>\n\t\t<meta property=\"og:type\" content=\"article\" \/>\n\t\t<meta property=\"og:title\" content=\"Posto da DPU em Jequi\u00e9 (BA) ter\u00e1 atendimento presencial de defensores federais em abril | Encontra Jequi\u00e9\" \/>\n\t\t<meta property=\"og:description\" content=\"Posto da DPU em Jequi\u00e9 (BA) oferecer\u00e1 atendimento presencial em abril.\" \/>\n\t\t<meta property=\"og:url\" content=\"https:\/\/www.encontrajequie.com.br\/sobre\/posto-da-dpu-em-jequie-ba-tera-atendimento-presencial-de-defensores-federais-em-abril\/\" \/>\n\t\t<meta property=\"article:published_time\" content=\"2026-04-11T06:41:01+00:00\" \/>\n\t\t<meta property=\"article:modified_time\" content=\"2026-04-11T06:41:01+00:00\" \/>\n\t\t<meta name=\"twitter:card\" content=\"summary_large_image\" \/>\n\t\t<meta name=\"twitter:title\" content=\"Posto da DPU em Jequi\u00e9 (BA) ter\u00e1 atendimento presencial de defensores federais em abril | Encontra Jequi\u00e9\" \/>\n\t\t<meta name=\"twitter:description\" content=\"Posto da DPU em Jequi\u00e9 (BA) oferecer\u00e1 atendimento presencial em abril.\" \/>\n\t\t<script type=\"application\/ld+json\" class=\"aioseo-schema\">\n\t\t\t{\"@context\":\"https:\\\/\\\/schema.org\",\"@graph\":[{\"@type\":\"Article\",\"@id\":\"https:\\\/\\\/www.encontrajequie.com.br\\\/sobre\\\/posto-da-dpu-em-jequie-ba-tera-atendimento-presencial-de-defensores-federais-em-abril\\\/#article\",\"name\":\"Posto da DPU em Jequi\\u00e9 (BA) ter\\u00e1 atendimento presencial de defensores federais em abril | Encontra Jequi\\u00e9\",\"headline\":\"Posto da DPU em Jequi\\u00e9 (BA) ter\\u00e1 atendimento presencial de defensores federais em abril\",\"author\":{\"@id\":\"https:\\\/\\\/www.encontrajequie.com.br\\\/sobre\\\/author\\\/ejequie\\\/#author\"},\"publisher\":{\"@id\":\"https:\\\/\\\/www.encontrajequie.com.br\\\/sobre\\\/#organization\"},\"image\":{\"@type\":\"ImageObject\",\"url\":\"https:\\\/\\\/www.encontrajequie.com.br\\\/sobre\\\/wp-content\\\/uploads\\\/2026\\\/04\\\/posto-da-dpu-em-jequie-ba-tera-atendimento-presencial-de-defensores-federais-em-abril.webp\",\"width\":280,\"height\":280,\"caption\":\"Posto da DPU em Jequi\\u00e9 (BA)\"},\"datePublished\":\"2026-04-11T03:41:01-03:00\",\"dateModified\":\"2026-04-11T03:41:01-03:00\",\"inLanguage\":\"pt-BR\",\"mainEntityOfPage\":{\"@id\":\"https:\\\/\\\/www.encontrajequie.com.br\\\/sobre\\\/posto-da-dpu-em-jequie-ba-tera-atendimento-presencial-de-defensores-federais-em-abril\\\/#webpage\"},\"isPartOf\":{\"@id\":\"https:\\\/\\\/www.encontrajequie.com.br\\\/sobre\\\/posto-da-dpu-em-jequie-ba-tera-atendimento-presencial-de-defensores-federais-em-abril\\\/#webpage\"},\"articleSection\":\"Not\\u00edcias Jequi\\u00e9\"},{\"@type\":\"BreadcrumbList\",\"@id\":\"https:\\\/\\\/www.encontrajequie.com.br\\\/sobre\\\/posto-da-dpu-em-jequie-ba-tera-atendimento-presencial-de-defensores-federais-em-abril\\\/#breadcrumblist\",\"itemListElement\":[{\"@type\":\"ListItem\",\"@id\":\"https:\\\/\\\/www.encontrajequie.com.br\\\/sobre#listItem\",\"position\":1,\"name\":\"Home\",\"item\":\"https:\\\/\\\/www.encontrajequie.com.br\\\/sobre\",\"nextItem\":{\"@type\":\"ListItem\",\"@id\":\"https:\\\/\\\/www.encontrajequie.com.br\\\/sobre\\\/noticias-em-jequie\\\/#listItem\",\"name\":\"Not\\u00edcias Jequi\\u00e9\"}},{\"@type\":\"ListItem\",\"@id\":\"https:\\\/\\\/www.encontrajequie.com.br\\\/sobre\\\/noticias-em-jequie\\\/#listItem\",\"position\":2,\"name\":\"Not\\u00edcias Jequi\\u00e9\",\"item\":\"https:\\\/\\\/www.encontrajequie.com.br\\\/sobre\\\/noticias-em-jequie\\\/\",\"nextItem\":{\"@type\":\"ListItem\",\"@id\":\"https:\\\/\\\/www.encontrajequie.com.br\\\/sobre\\\/posto-da-dpu-em-jequie-ba-tera-atendimento-presencial-de-defensores-federais-em-abril\\\/#listItem\",\"name\":\"Posto da DPU em Jequi\\u00e9 (BA) ter\\u00e1 atendimento presencial de defensores federais em abril\"},\"previousItem\":{\"@type\":\"ListItem\",\"@id\":\"https:\\\/\\\/www.encontrajequie.com.br\\\/sobre#listItem\",\"name\":\"Home\"}},{\"@type\":\"ListItem\",\"@id\":\"https:\\\/\\\/www.encontrajequie.com.br\\\/sobre\\\/posto-da-dpu-em-jequie-ba-tera-atendimento-presencial-de-defensores-federais-em-abril\\\/#listItem\",\"position\":3,\"name\":\"Posto da DPU em Jequi\\u00e9 (BA) ter\\u00e1 atendimento presencial de defensores federais em abril\",\"previousItem\":{\"@type\":\"ListItem\",\"@id\":\"https:\\\/\\\/www.encontrajequie.com.br\\\/sobre\\\/noticias-em-jequie\\\/#listItem\",\"name\":\"Not\\u00edcias Jequi\\u00e9\"}}]},{\"@type\":\"Organization\",\"@id\":\"https:\\\/\\\/www.encontrajequie.com.br\\\/sobre\\\/#organization\",\"name\":\"Encontra Jequi\\u00e9\",\"description\":\"Not\\u00edcias, eventos, informa\\u00e7\\u00f5es e dicas na cidade de Jequi\\u00e9 e regi\\u00e3o.\",\"url\":\"https:\\\/\\\/www.encontrajequie.com.br\\\/sobre\\\/\"},{\"@type\":\"Person\",\"@id\":\"https:\\\/\\\/www.encontrajequie.com.br\\\/sobre\\\/author\\\/ejequie\\\/#author\",\"url\":\"https:\\\/\\\/www.encontrajequie.com.br\\\/sobre\\\/author\\\/ejequie\\\/\",\"name\":\"Encontra Jequi\\u00e9\",\"image\":{\"@type\":\"ImageObject\",\"@id\":\"https:\\\/\\\/www.encontrajequie.com.br\\\/sobre\\\/posto-da-dpu-em-jequie-ba-tera-atendimento-presencial-de-defensores-federais-em-abril\\\/#authorImage\",\"url\":\"https:\\\/\\\/secure.gravatar.com\\\/avatar\\\/507340682b8270222e1f208e23198b6ae7e2c6a1033ae84e99bc6bce4f82a387?s=96&d=mm&r=g\",\"width\":96,\"height\":96,\"caption\":\"Encontra Jequi\\u00e9\"}},{\"@type\":\"WebPage\",\"@id\":\"https:\\\/\\\/www.encontrajequie.com.br\\\/sobre\\\/posto-da-dpu-em-jequie-ba-tera-atendimento-presencial-de-defensores-federais-em-abril\\\/#webpage\",\"url\":\"https:\\\/\\\/www.encontrajequie.com.br\\\/sobre\\\/posto-da-dpu-em-jequie-ba-tera-atendimento-presencial-de-defensores-federais-em-abril\\\/\",\"name\":\"Posto da DPU em Jequi\\u00e9 (BA) ter\\u00e1 atendimento presencial de defensores federais em abril | Encontra Jequi\\u00e9\",\"description\":\"Posto da DPU em Jequi\\u00e9 (BA) oferecer\\u00e1 atendimento presencial em abril.\",\"inLanguage\":\"pt-BR\",\"isPartOf\":{\"@id\":\"https:\\\/\\\/www.encontrajequie.com.br\\\/sobre\\\/#website\"},\"breadcrumb\":{\"@id\":\"https:\\\/\\\/www.encontrajequie.com.br\\\/sobre\\\/posto-da-dpu-em-jequie-ba-tera-atendimento-presencial-de-defensores-federais-em-abril\\\/#breadcrumblist\"},\"author\":{\"@id\":\"https:\\\/\\\/www.encontrajequie.com.br\\\/sobre\\\/author\\\/ejequie\\\/#author\"},\"creator\":{\"@id\":\"https:\\\/\\\/www.encontrajequie.com.br\\\/sobre\\\/author\\\/ejequie\\\/#author\"},\"image\":{\"@type\":\"ImageObject\",\"url\":\"https:\\\/\\\/www.encontrajequie.com.br\\\/sobre\\\/wp-content\\\/uploads\\\/2026\\\/04\\\/posto-da-dpu-em-jequie-ba-tera-atendimento-presencial-de-defensores-federais-em-abril.webp\",\"@id\":\"https:\\\/\\\/www.encontrajequie.com.br\\\/sobre\\\/posto-da-dpu-em-jequie-ba-tera-atendimento-presencial-de-defensores-federais-em-abril\\\/#mainImage\",\"width\":280,\"height\":280,\"caption\":\"Posto da DPU em Jequi\\u00e9 (BA)\"},\"primaryImageOfPage\":{\"@id\":\"https:\\\/\\\/www.encontrajequie.com.br\\\/sobre\\\/posto-da-dpu-em-jequie-ba-tera-atendimento-presencial-de-defensores-federais-em-abril\\\/#mainImage\"},\"datePublished\":\"2026-04-11T03:41:01-03:00\",\"dateModified\":\"2026-04-11T03:41:01-03:00\"},{\"@type\":\"WebSite\",\"@id\":\"https:\\\/\\\/www.encontrajequie.com.br\\\/sobre\\\/#website\",\"url\":\"https:\\\/\\\/www.encontrajequie.com.br\\\/sobre\\\/\",\"name\":\"Encontra Jequi\\u00e9\",\"description\":\"Not\\u00edcias, eventos, informa\\u00e7\\u00f5es e dicas na cidade de Jequi\\u00e9 e regi\\u00e3o.\",\"inLanguage\":\"pt-BR\",\"publisher\":{\"@id\":\"https:\\\/\\\/www.encontrajequie.com.br\\\/sobre\\\/#organization\"}}]}\n\t\t<\/script>\n\t\t<!-- All in One SEO -->\n\n","aioseo_head_json":{"title":"Posto da DPU em Jequi\u00e9 (BA) ter\u00e1 atendimento presencial de defensores federais em abril | Encontra Jequi\u00e9","description":"Posto da DPU em Jequi\u00e9 (BA) oferecer\u00e1 atendimento presencial em abril.","canonical_url":"https:\/\/www.encontrajequie.com.br\/sobre\/posto-da-dpu-em-jequie-ba-tera-atendimento-presencial-de-defensores-federais-em-abril\/","robots":"max-image-preview:large","keywords":"","webmasterTools":{"miscellaneous":""},"schema":{"@context":"https:\/\/schema.org","@graph":[{"@type":"Article","@id":"https:\/\/www.encontrajequie.com.br\/sobre\/posto-da-dpu-em-jequie-ba-tera-atendimento-presencial-de-defensores-federais-em-abril\/#article","name":"Posto da DPU em Jequi\u00e9 (BA) ter\u00e1 atendimento presencial de defensores federais em abril | Encontra Jequi\u00e9","headline":"Posto da DPU em Jequi\u00e9 (BA) ter\u00e1 atendimento presencial de defensores federais em abril","author":{"@id":"https:\/\/www.encontrajequie.com.br\/sobre\/author\/ejequie\/#author"},"publisher":{"@id":"https:\/\/www.encontrajequie.com.br\/sobre\/#organization"},"image":{"@type":"ImageObject","url":"https:\/\/www.encontrajequie.com.br\/sobre\/wp-content\/uploads\/2026\/04\/posto-da-dpu-em-jequie-ba-tera-atendimento-presencial-de-defensores-federais-em-abril.webp","width":280,"height":280,"caption":"Posto da DPU em Jequi\u00e9 (BA)"},"datePublished":"2026-04-11T03:41:01-03:00","dateModified":"2026-04-11T03:41:01-03:00","inLanguage":"pt-BR","mainEntityOfPage":{"@id":"https:\/\/www.encontrajequie.com.br\/sobre\/posto-da-dpu-em-jequie-ba-tera-atendimento-presencial-de-defensores-federais-em-abril\/#webpage"},"isPartOf":{"@id":"https:\/\/www.encontrajequie.com.br\/sobre\/posto-da-dpu-em-jequie-ba-tera-atendimento-presencial-de-defensores-federais-em-abril\/#webpage"},"articleSection":"Not\u00edcias Jequi\u00e9"},{"@type":"BreadcrumbList","@id":"https:\/\/www.encontrajequie.com.br\/sobre\/posto-da-dpu-em-jequie-ba-tera-atendimento-presencial-de-defensores-federais-em-abril\/#breadcrumblist","itemListElement":[{"@type":"ListItem","@id":"https:\/\/www.encontrajequie.com.br\/sobre#listItem","position":1,"name":"Home","item":"https:\/\/www.encontrajequie.com.br\/sobre","nextItem":{"@type":"ListItem","@id":"https:\/\/www.encontrajequie.com.br\/sobre\/noticias-em-jequie\/#listItem","name":"Not\u00edcias Jequi\u00e9"}},{"@type":"ListItem","@id":"https:\/\/www.encontrajequie.com.br\/sobre\/noticias-em-jequie\/#listItem","position":2,"name":"Not\u00edcias Jequi\u00e9","item":"https:\/\/www.encontrajequie.com.br\/sobre\/noticias-em-jequie\/","nextItem":{"@type":"ListItem","@id":"https:\/\/www.encontrajequie.com.br\/sobre\/posto-da-dpu-em-jequie-ba-tera-atendimento-presencial-de-defensores-federais-em-abril\/#listItem","name":"Posto da DPU em Jequi\u00e9 (BA) ter\u00e1 atendimento presencial de defensores federais em abril"},"previousItem":{"@type":"ListItem","@id":"https:\/\/www.encontrajequie.com.br\/sobre#listItem","name":"Home"}},{"@type":"ListItem","@id":"https:\/\/www.encontrajequie.com.br\/sobre\/posto-da-dpu-em-jequie-ba-tera-atendimento-presencial-de-defensores-federais-em-abril\/#listItem","position":3,"name":"Posto da DPU em Jequi\u00e9 (BA) ter\u00e1 atendimento presencial de defensores federais em abril","previousItem":{"@type":"ListItem","@id":"https:\/\/www.encontrajequie.com.br\/sobre\/noticias-em-jequie\/#listItem","name":"Not\u00edcias Jequi\u00e9"}}]},{"@type":"Organization","@id":"https:\/\/www.encontrajequie.com.br\/sobre\/#organization","name":"Encontra Jequi\u00e9","description":"Not\u00edcias, eventos, informa\u00e7\u00f5es e dicas na cidade de Jequi\u00e9 e regi\u00e3o.","url":"https:\/\/www.encontrajequie.com.br\/sobre\/"},{"@type":"Person","@id":"https:\/\/www.encontrajequie.com.br\/sobre\/author\/ejequie\/#author","url":"https:\/\/www.encontrajequie.com.br\/sobre\/author\/ejequie\/","name":"Encontra Jequi\u00e9","image":{"@type":"ImageObject","@id":"https:\/\/www.encontrajequie.com.br\/sobre\/posto-da-dpu-em-jequie-ba-tera-atendimento-presencial-de-defensores-federais-em-abril\/#authorImage","url":"https:\/\/secure.gravatar.com\/avatar\/507340682b8270222e1f208e23198b6ae7e2c6a1033ae84e99bc6bce4f82a387?s=96&d=mm&r=g","width":96,"height":96,"caption":"Encontra Jequi\u00e9"}},{"@type":"WebPage","@id":"https:\/\/www.encontrajequie.com.br\/sobre\/posto-da-dpu-em-jequie-ba-tera-atendimento-presencial-de-defensores-federais-em-abril\/#webpage","url":"https:\/\/www.encontrajequie.com.br\/sobre\/posto-da-dpu-em-jequie-ba-tera-atendimento-presencial-de-defensores-federais-em-abril\/","name":"Posto da DPU em Jequi\u00e9 (BA) ter\u00e1 atendimento presencial de defensores federais em abril | Encontra Jequi\u00e9","description":"Posto da DPU em Jequi\u00e9 (BA) oferecer\u00e1 atendimento presencial em abril.","inLanguage":"pt-BR","isPartOf":{"@id":"https:\/\/www.encontrajequie.com.br\/sobre\/#website"},"breadcrumb":{"@id":"https:\/\/www.encontrajequie.com.br\/sobre\/posto-da-dpu-em-jequie-ba-tera-atendimento-presencial-de-defensores-federais-em-abril\/#breadcrumblist"},"author":{"@id":"https:\/\/www.encontrajequie.com.br\/sobre\/author\/ejequie\/#author"},"creator":{"@id":"https:\/\/www.encontrajequie.com.br\/sobre\/author\/ejequie\/#author"},"image":{"@type":"ImageObject","url":"https:\/\/www.encontrajequie.com.br\/sobre\/wp-content\/uploads\/2026\/04\/posto-da-dpu-em-jequie-ba-tera-atendimento-presencial-de-defensores-federais-em-abril.webp","@id":"https:\/\/www.encontrajequie.com.br\/sobre\/posto-da-dpu-em-jequie-ba-tera-atendimento-presencial-de-defensores-federais-em-abril\/#mainImage","width":280,"height":280,"caption":"Posto da DPU em Jequi\u00e9 (BA)"},"primaryImageOfPage":{"@id":"https:\/\/www.encontrajequie.com.br\/sobre\/posto-da-dpu-em-jequie-ba-tera-atendimento-presencial-de-defensores-federais-em-abril\/#mainImage"},"datePublished":"2026-04-11T03:41:01-03:00","dateModified":"2026-04-11T03:41:01-03:00"},{"@type":"WebSite","@id":"https:\/\/www.encontrajequie.com.br\/sobre\/#website","url":"https:\/\/www.encontrajequie.com.br\/sobre\/","name":"Encontra Jequi\u00e9","description":"Not\u00edcias, eventos, informa\u00e7\u00f5es e dicas na cidade de Jequi\u00e9 e regi\u00e3o.","inLanguage":"pt-BR","publisher":{"@id":"https:\/\/www.encontrajequie.com.br\/sobre\/#organization"}}]},"og:locale":"pt_BR","og:site_name":"Encontra Jequi\u00e9 | Not\u00edcias, eventos, informa\u00e7\u00f5es e dicas na cidade de Jequi\u00e9 e regi\u00e3o.","og:type":"article","og:title":"Posto da DPU em Jequi\u00e9 (BA) ter\u00e1 atendimento presencial de defensores federais em abril | Encontra Jequi\u00e9","og:description":"Posto da DPU em Jequi\u00e9 (BA) oferecer\u00e1 atendimento presencial em abril.","og:url":"https:\/\/www.encontrajequie.com.br\/sobre\/posto-da-dpu-em-jequie-ba-tera-atendimento-presencial-de-defensores-federais-em-abril\/","article:published_time":"2026-04-11T06:41:01+00:00","article:modified_time":"2026-04-11T06:41:01+00:00","twitter:card":"summary_large_image","twitter:title":"Posto da DPU em Jequi\u00e9 (BA) ter\u00e1 atendimento presencial de defensores federais em abril | Encontra Jequi\u00e9","twitter:description":"Posto da DPU em Jequi\u00e9 (BA) oferecer\u00e1 atendimento presencial em abril."},"aioseo_meta_data":{"post_id":"989","title":null,"description":null,"keywords":null,"keyphrases":null,"primary_term":null,"canonical_url":null,"og_title":null,"og_description":null,"og_object_type":"default","og_image_type":"default","og_image_url":null,"og_image_width":null,"og_image_height":null,"og_image_custom_url":null,"og_image_custom_fields":null,"og_video":null,"og_custom_url":null,"og_article_section":null,"og_article_tags":null,"twitter_use_og":false,"twitter_card":"default","twitter_image_type":"default","twitter_image_url":null,"twitter_image_custom_url":null,"twitter_image_custom_fields":null,"twitter_title":null,"twitter_description":null,"schema":{"blockGraphs":[],"customGraphs":[],"default":{"data":{"Article":[],"Course":[],"Dataset":[],"FAQPage":[],"Movie":[],"Person":[],"Product":[],"ProductReview":[],"Car":[],"Recipe":[],"Service":[],"SoftwareApplication":[],"WebPage":[]},"graphName":"Article","isEnabled":true},"graphs":[]},"schema_type":"default","schema_type_options":null,"pillar_content":false,"robots_default":true,"robots_noindex":false,"robots_noarchive":false,"robots_nosnippet":false,"robots_nofollow":false,"robots_noimageindex":false,"robots_noodp":false,"robots_notranslate":false,"robots_max_snippet":null,"robots_max_videopreview":null,"robots_max_imagepreview":"large","priority":null,"frequency":null,"local_seo":null,"breadcrumb_settings":null,"limit_modified_date":false,"ai":null,"created":"2026-04-11 06:41:04","updated":"2026-04-11 06:41:59","focus_keyword":null,"additional_keywords":null,"truseo_locale":null,"seo_analyzer_scan_date":null},"aioseo_breadcrumb":"<div class=\"aioseo-breadcrumbs\"><span class=\"aioseo-breadcrumb\">\n\t\t\t<a href=\"https:\/\/www.encontrajequie.com.br\/sobre\" title=\"Home\">Home<\/a>\n\t\t<\/span><span class=\"aioseo-breadcrumb-separator\">&raquo;<\/span><span class=\"aioseo-breadcrumb\">\n\t\t\t<a href=\"https:\/\/www.encontrajequie.com.br\/sobre\/noticias-em-jequie\/\" title=\"Not\u00edcias Jequi\u00e9\">Not\u00edcias Jequi\u00e9<\/a>\n\t\t<\/span><span class=\"aioseo-breadcrumb-separator\">&raquo;<\/span><span class=\"aioseo-breadcrumb\">\n\t\t\tPosto da DPU em Jequi\u00e9 (BA) ter\u00e1 atendimento presencial de defensores federais em abril\n\t\t<\/span><\/div>","aioseo_breadcrumb_json":[{"label":"Home","link":"https:\/\/www.encontrajequie.com.br\/sobre"},{"label":"Not\u00edcias Jequi\u00e9","link":"https:\/\/www.encontrajequie.com.br\/sobre\/noticias-em-jequie\/"},{"label":"Posto da DPU em Jequi\u00e9 (BA) ter\u00e1 atendimento presencial de defensores federais em abril","link":"https:\/\/www.encontrajequie.com.br\/sobre\/posto-da-dpu-em-jequie-ba-tera-atendimento-presencial-de-defensores-federais-em-abril\/"}],"_links":{"self":[{"href":"https:\/\/www.encontrajequie.com.br\/sobre\/wp-json\/wp\/v2\/posts\/989","targetHints":{"allow":["GET"]}}],"collection":[{"href":"https:\/\/www.encontrajequie.com.br\/sobre\/wp-json\/wp\/v2\/posts"}],"about":[{"href":"https:\/\/www.encontrajequie.com.br\/sobre\/wp-json\/wp\/v2\/types\/post"}],"author":[{"embeddable":true,"href":"https:\/\/www.encontrajequie.com.br\/sobre\/wp-json\/wp\/v2\/users\/1"}],"replies":[{"embeddable":true,"href":"https:\/\/www.encontrajequie.com.br\/sobre\/wp-json\/wp\/v2\/comments?post=989"}],"version-history":[{"count":0,"href":"https:\/\/www.encontrajequie.com.br\/sobre\/wp-json\/wp\/v2\/posts\/989\/revisions"}],"wp:featuredmedia":[{"embeddable":true,"href":"https:\/\/www.encontrajequie.com.br\/sobre\/wp-json\/wp\/v2\/media\/988"}],"wp:attachment":[{"href":"https:\/\/www.encontrajequie.com.br\/sobre\/wp-json\/wp\/v2\/media?parent=989"}],"wp:term":[{"taxonomy":"category","embeddable":true,"href":"https:\/\/www.encontrajequie.com.br\/sobre\/wp-json\/wp\/v2\/categories?post=989"},{"taxonomy":"post_tag","embeddable":true,"href":"https:\/\/www.encontrajequie.com.br\/sobre\/wp-json\/wp\/v2\/tags?post=989"}],"curies":[{"name":"wp","href":"https:\/\/api.w.org\/{rel}","templated":true}]}}