{"id":995,"date":"2026-04-12T03:55:16","date_gmt":"2026-04-12T06:55:16","guid":{"rendered":"https:\/\/www.encontrajequie.com.br\/sobre\/leur-lomanto-jr-destaca-posse-de-flavinho-em-jequie-e-projeta-ze-coca-no-governo-da-bahia\/"},"modified":"2026-04-12T03:55:16","modified_gmt":"2026-04-12T06:55:16","slug":"leur-lomanto-jr-destaca-posse-de-flavinho-em-jequie-e-projeta-ze-coca-no-governo-da-bahia","status":"publish","type":"post","link":"https:\/\/www.encontrajequie.com.br\/sobre\/leur-lomanto-jr-destaca-posse-de-flavinho-em-jequie-e-projeta-ze-coca-no-governo-da-bahia\/","title":{"rendered":"Leur Lomanto Jr destaca posse de Flavinho em Jequi\u00e9 e projeta Z\u00e9 Coc\u00e1 no governo da Bahia"},"content":{"rendered":"<div class=\"30cf832dc5940d4704f66d0ed9a44050\" data-index=\"1\" style=\"float: none; margin:0px;\">\n<!-- Anuncio display - global -->\r\n<ins class=\"adsbygoogle\"\r\n     style=\"display:block\"\r\n     data-ad-client=\"ca-pub-8585364105181520\"\r\n     data-ad-slot=\"8789329856\"\r\n     data-ad-format=\"auto\"\r\n     data-full-width-responsive=\"true\"><\/ins>\r\n<script>\r\n     (adsbygoogle = window.adsbygoogle || []).push({});\r\n<\/script>\n<\/div>\n<h2>O Ato de Posse e Seus Significados<\/h2>\n<p>No \u00faltimo evento em Jequi\u00e9, a posse de Flavinho Santana como novo prefeito marcou um momento significativo na pol\u00edtica local. O ato, realizado na C\u00e2mara de Vereadores, simboliza a continuidade de um projeto que se alicer\u00e7a na confian\u00e7a e no apoio da comunidade. A transi\u00e7\u00e3o de lideran\u00e7a, com a ren\u00fancia de Z\u00e9 Coc\u00e1, n\u00e3o apenas representa uma mudan\u00e7a de gest\u00e3o, mas tamb\u00e9m um novo rumo para as pol\u00edticas p\u00fablicas e o desenvolvimento da cidade.<\/p>\n<h2>A Import\u00e2ncia de Flavinho para Jequi\u00e9<\/h2>\n<p>Flavinho Santana \u00e9 uma figura reconhecida na pol\u00edtica local, e sua elei\u00e7\u00e3o gera expectativa positiva entre os cidad\u00e3os. Com um hist\u00f3rico de envolvimento comunit\u00e1rio e experi\u00eancia administrativa, ele \u00e9 visto como um l\u00edder que pode promover os avan\u00e7os que Jequi\u00e9 necessita. A sua chegada \u00e0 gest\u00e3o municipal \u00e9 promissora, trazendo esperan\u00e7a para a popula\u00e7\u00e3o que anseia por melhorias e inova\u00e7\u00e3o.<\/p>\n<h2>Z\u00e9 Coc\u00e1: De Prefeito a Vice-Governador<\/h2>\n<p>O ex-prefeito Z\u00e9 Coc\u00e1, agora em sua nova posi\u00e7\u00e3o como pr\u00e9-candidato a vice-governador, deixa uma marca indel\u00e9vel em Jequi\u00e9 com seu trabalho. A sua decis\u00e3o de sair da prefeitura para buscar um cargo mais elevado demonstra sua ambi\u00e7\u00e3o de continuar ajudando n\u00e3o apenas sua cidade, mas toda a Bahia. Esta transi\u00e7\u00e3o \u00e9 emblem\u00e1tica, conectando o interior ao governo estadual, como um caminho sustent\u00e1vel de desenvolvimento.<\/p>\n<h2>Expectativas da Popula\u00e7\u00e3o de Jequi\u00e9<\/h2>\n<p>A popula\u00e7\u00e3o de Jequi\u00e9 est\u00e1 atenta \u00e0s promessas feitas por Flavinho e espera ver resultados concretos. As promessas de continuidade e aprimoramento das pol\u00edticas p\u00fablicas s\u00e3o bem vistas. As expectativas giram em torno de melhorias nas \u00e1reas de sa\u00fade, educa\u00e7\u00e3o e infraestrutura, que s\u00e3o pontos cr\u00edticos para os cidad\u00e3os. Os moradores esperam que a nova gest\u00e3o n\u00e3o apenas mantenha, mas amplie os avan\u00e7os j\u00e1 conquistados pelo governo anterior.<\/p>\n<h2>O Papel do Uni\u00e3o Brasil na Nova Gest\u00e3o<\/h2>\n<p>A ascens\u00e3o de Flavinho como prefeito representa um fortalecimento do partido Uni\u00e3o Brasil em Jequi\u00e9. Com mais um prefeito em seu portf\u00f3lio, o partido busca solidificar sua presen\u00e7a na pol\u00edtica local e expandir sua influ\u00eancia. Esta evolu\u00e7\u00e3o pode ter um impacto substancial na forma como a pol\u00edtica \u00e9 conduzida na cidade, promovendo um di\u00e1logo aberto e maior engajamento da popula\u00e7\u00e3o.<\/p>\n<h2>Avan\u00e7os Esperados sob a Nova Administra\u00e7\u00e3o<\/h2>\n<p>Flavinho j\u00e1 se comprometeu a dar continuidade ao trabalho desenvolvido por Z\u00e9 Coc\u00e1, focando em avan\u00e7os nas pol\u00edticas p\u00fablicas. Entre as promessas est\u00e3o a moderniza\u00e7\u00e3o da infraestrutura, programas de assist\u00eancia social e melhorias nos servi\u00e7os de sa\u00fade. Espera-se que a nova administra\u00e7\u00e3o implemente solu\u00e7\u00f5es inovadoras e criativas para os desafios enfrentados pela cidade.<\/p>\n<h2>Desafios que Flavinho Enfrentar\u00e1<\/h2>\n<p>A nova gest\u00e3o n\u00e3o ser\u00e1 isenta de desafios. Flavinho ter\u00e1 a responsabilidade de equilibrar as demandas da popula\u00e7\u00e3o com a realidade financeira do munic\u00edpio. A necessidade de investimentos em diversas \u00e1reas, como sa\u00fade e educa\u00e7\u00e3o, ser\u00e1 um dos principais obst\u00e1culos. Al\u00e9m disso, a press\u00e3o por resultados r\u00e1pidos pode gerar um ambiente desafiador para o novo prefeito. A capacidade de elaborar estrat\u00e9gias eficazes ser\u00e1 crucial para seu sucesso.<\/p>\n<h2>Hist\u00f3ria Pol\u00edtica de Z\u00e9 Coc\u00e1<\/h2>\n<p>O legado de Z\u00e9 Coc\u00e1 vai al\u00e9m de seu tempo como prefeito. Sua trajet\u00f3ria pol\u00edtica \u00e9 marcada por v\u00e1rias conquistas e desafios que moldaram sua lideran\u00e7a. Ele \u00e9 reconhecido pela sua dedica\u00e7\u00e3o ao desenvolvimento local e pelo fortalecimento das pol\u00edticas p\u00fablicas que beneficiaram a popula\u00e7\u00e3o. Sua nova jornada como pr\u00e9-candidato a vice-governador \u00e9 um reflexo de sua experi\u00eancia e popularidade.<\/p>\n<h2>Colabora\u00e7\u00e3o entre Flavinho e Leur Lomanto Jr.<\/h2>\n<p>O deputado federal Leur Lomanto Jr. expressou seu apoio a Flavinho, indicando a import\u00e2ncia da colabora\u00e7\u00e3o entre esferas municipais e federais para o progresso de Jequi\u00e9. Juntos, eles visam trabalhar em parceria para garantir que as necessidades da cidade sejam atendidas, promovendo uma uni\u00e3o estrat\u00e9gica que pode render bons frutos.<\/p>\n<h2>Impactos na Pol\u00edtica Baiana p\u00f3s-Posse<\/h2>\n<p>A posse de Flavinho e a pr\u00e9-candidatura de Z\u00e9 Coc\u00e1 ao cargo de vice-governador podem ter repercuss\u00f5es significativas na pol\u00edtica baiana. A movimenta\u00e7\u00e3o pol\u00edtica nas cidades do interior tende a influenciar as decis\u00f5es e estrat\u00e9gias a n\u00edvel estadual. As alian\u00e7as formadas e as iniciativas pol\u00edticas lan\u00e7adas a partir dessas mudan\u00e7as podem fomentar um ambiente pol\u00edtico mais coerente e colaborativo, em benef\u00edcio de toda a Bahia.<\/p>\n\n<div style=\"font-size: 0px; height: 0px; line-height: 0px; margin: 0; padding: 0; clear: both;\"><\/div>","protected":false},"excerpt":{"rendered":"<p>A posse de Flavinho em Jequi\u00e9 \u00e9 um marco importante para a pol\u00edtica baiana.<\/p>\n","protected":false},"author":1,"featured_media":0,"comment_status":"open","ping_status":"closed","sticky":false,"template":"","format":"standard","meta":{"footnotes":""},"categories":[1],"tags":[],"class_list":["post-995","post","type-post","status-publish","format-standard","hentry","category-noticias-em-jequie"],"aioseo_notices":[],"aioseo_head":"\n\t\t<!-- All in One SEO 5.0.0.1 - aioseo.com -->\n\t<meta name=\"description\" content=\"A posse de Flavinho em Jequi\u00e9 \u00e9 um marco importante para a pol\u00edtica baiana.\" \/>\n\t<meta name=\"robots\" content=\"max-image-preview:large\" \/>\n\t<meta name=\"author\" content=\"Encontra Jequi\u00e9\"\/>\n\t<link rel=\"canonical\" href=\"https:\/\/www.encontrajequie.com.br\/sobre\/leur-lomanto-jr-destaca-posse-de-flavinho-em-jequie-e-projeta-ze-coca-no-governo-da-bahia\/\" \/>\n\t<meta name=\"generator\" content=\"All in One SEO (AIOSEO) 5.0.0.1\" \/>\n\t\t<meta property=\"og:locale\" content=\"pt_BR\" \/>\n\t\t<meta property=\"og:site_name\" content=\"Encontra Jequi\u00e9 | Not\u00edcias, eventos, informa\u00e7\u00f5es e dicas na cidade de Jequi\u00e9 e regi\u00e3o.\" \/>\n\t\t<meta property=\"og:type\" content=\"article\" \/>\n\t\t<meta property=\"og:title\" content=\"Leur Lomanto Jr destaca posse de Flavinho em Jequi\u00e9 e projeta Z\u00e9 Coc\u00e1 no governo da Bahia | Encontra Jequi\u00e9\" \/>\n\t\t<meta property=\"og:description\" content=\"A posse de Flavinho em Jequi\u00e9 \u00e9 um marco importante para a pol\u00edtica baiana.\" \/>\n\t\t<meta property=\"og:url\" content=\"https:\/\/www.encontrajequie.com.br\/sobre\/leur-lomanto-jr-destaca-posse-de-flavinho-em-jequie-e-projeta-ze-coca-no-governo-da-bahia\/\" \/>\n\t\t<meta property=\"article:published_time\" content=\"2026-04-12T06:55:16+00:00\" \/>\n\t\t<meta property=\"article:modified_time\" content=\"2026-04-12T06:55:16+00:00\" \/>\n\t\t<meta name=\"twitter:card\" content=\"summary_large_image\" \/>\n\t\t<meta name=\"twitter:title\" content=\"Leur Lomanto Jr destaca posse de Flavinho em Jequi\u00e9 e projeta Z\u00e9 Coc\u00e1 no governo da Bahia | Encontra Jequi\u00e9\" \/>\n\t\t<meta name=\"twitter:description\" content=\"A posse de Flavinho em Jequi\u00e9 \u00e9 um marco importante para a pol\u00edtica baiana.\" \/>\n\t\t<script type=\"application\/ld+json\" class=\"aioseo-schema\">\n\t\t\t{\"@context\":\"https:\\\/\\\/schema.org\",\"@graph\":[{\"@type\":\"Article\",\"@id\":\"https:\\\/\\\/www.encontrajequie.com.br\\\/sobre\\\/leur-lomanto-jr-destaca-posse-de-flavinho-em-jequie-e-projeta-ze-coca-no-governo-da-bahia\\\/#article\",\"name\":\"Leur Lomanto Jr destaca posse de Flavinho em Jequi\\u00e9 e projeta Z\\u00e9 Coc\\u00e1 no governo da Bahia | Encontra Jequi\\u00e9\",\"headline\":\"Leur Lomanto Jr destaca posse de Flavinho em Jequi\\u00e9 e projeta Z\\u00e9 Coc\\u00e1 no governo da Bahia\",\"author\":{\"@id\":\"https:\\\/\\\/www.encontrajequie.com.br\\\/sobre\\\/author\\\/ejequie\\\/#author\"},\"publisher\":{\"@id\":\"https:\\\/\\\/www.encontrajequie.com.br\\\/sobre\\\/#organization\"},\"datePublished\":\"2026-04-12T03:55:16-03:00\",\"dateModified\":\"2026-04-12T03:55:16-03:00\",\"inLanguage\":\"pt-BR\",\"mainEntityOfPage\":{\"@id\":\"https:\\\/\\\/www.encontrajequie.com.br\\\/sobre\\\/leur-lomanto-jr-destaca-posse-de-flavinho-em-jequie-e-projeta-ze-coca-no-governo-da-bahia\\\/#webpage\"},\"isPartOf\":{\"@id\":\"https:\\\/\\\/www.encontrajequie.com.br\\\/sobre\\\/leur-lomanto-jr-destaca-posse-de-flavinho-em-jequie-e-projeta-ze-coca-no-governo-da-bahia\\\/#webpage\"},\"articleSection\":\"Not\\u00edcias Jequi\\u00e9\"},{\"@type\":\"BreadcrumbList\",\"@id\":\"https:\\\/\\\/www.encontrajequie.com.br\\\/sobre\\\/leur-lomanto-jr-destaca-posse-de-flavinho-em-jequie-e-projeta-ze-coca-no-governo-da-bahia\\\/#breadcrumblist\",\"itemListElement\":[{\"@type\":\"ListItem\",\"@id\":\"https:\\\/\\\/www.encontrajequie.com.br\\\/sobre#listItem\",\"position\":1,\"name\":\"Home\",\"item\":\"https:\\\/\\\/www.encontrajequie.com.br\\\/sobre\",\"nextItem\":{\"@type\":\"ListItem\",\"@id\":\"https:\\\/\\\/www.encontrajequie.com.br\\\/sobre\\\/noticias-em-jequie\\\/#listItem\",\"name\":\"Not\\u00edcias Jequi\\u00e9\"}},{\"@type\":\"ListItem\",\"@id\":\"https:\\\/\\\/www.encontrajequie.com.br\\\/sobre\\\/noticias-em-jequie\\\/#listItem\",\"position\":2,\"name\":\"Not\\u00edcias Jequi\\u00e9\",\"item\":\"https:\\\/\\\/www.encontrajequie.com.br\\\/sobre\\\/noticias-em-jequie\\\/\",\"nextItem\":{\"@type\":\"ListItem\",\"@id\":\"https:\\\/\\\/www.encontrajequie.com.br\\\/sobre\\\/leur-lomanto-jr-destaca-posse-de-flavinho-em-jequie-e-projeta-ze-coca-no-governo-da-bahia\\\/#listItem\",\"name\":\"Leur Lomanto Jr destaca posse de Flavinho em Jequi\\u00e9 e projeta Z\\u00e9 Coc\\u00e1 no governo da Bahia\"},\"previousItem\":{\"@type\":\"ListItem\",\"@id\":\"https:\\\/\\\/www.encontrajequie.com.br\\\/sobre#listItem\",\"name\":\"Home\"}},{\"@type\":\"ListItem\",\"@id\":\"https:\\\/\\\/www.encontrajequie.com.br\\\/sobre\\\/leur-lomanto-jr-destaca-posse-de-flavinho-em-jequie-e-projeta-ze-coca-no-governo-da-bahia\\\/#listItem\",\"position\":3,\"name\":\"Leur Lomanto Jr destaca posse de Flavinho em Jequi\\u00e9 e projeta Z\\u00e9 Coc\\u00e1 no governo da Bahia\",\"previousItem\":{\"@type\":\"ListItem\",\"@id\":\"https:\\\/\\\/www.encontrajequie.com.br\\\/sobre\\\/noticias-em-jequie\\\/#listItem\",\"name\":\"Not\\u00edcias Jequi\\u00e9\"}}]},{\"@type\":\"Organization\",\"@id\":\"https:\\\/\\\/www.encontrajequie.com.br\\\/sobre\\\/#organization\",\"name\":\"Encontra Jequi\\u00e9\",\"description\":\"Not\\u00edcias, eventos, informa\\u00e7\\u00f5es e dicas na cidade de Jequi\\u00e9 e regi\\u00e3o.\",\"url\":\"https:\\\/\\\/www.encontrajequie.com.br\\\/sobre\\\/\"},{\"@type\":\"Person\",\"@id\":\"https:\\\/\\\/www.encontrajequie.com.br\\\/sobre\\\/author\\\/ejequie\\\/#author\",\"url\":\"https:\\\/\\\/www.encontrajequie.com.br\\\/sobre\\\/author\\\/ejequie\\\/\",\"name\":\"Encontra Jequi\\u00e9\",\"image\":{\"@type\":\"ImageObject\",\"@id\":\"https:\\\/\\\/www.encontrajequie.com.br\\\/sobre\\\/leur-lomanto-jr-destaca-posse-de-flavinho-em-jequie-e-projeta-ze-coca-no-governo-da-bahia\\\/#authorImage\",\"url\":\"https:\\\/\\\/secure.gravatar.com\\\/avatar\\\/507340682b8270222e1f208e23198b6ae7e2c6a1033ae84e99bc6bce4f82a387?s=96&d=mm&r=g\",\"width\":96,\"height\":96,\"caption\":\"Encontra Jequi\\u00e9\"}},{\"@type\":\"WebPage\",\"@id\":\"https:\\\/\\\/www.encontrajequie.com.br\\\/sobre\\\/leur-lomanto-jr-destaca-posse-de-flavinho-em-jequie-e-projeta-ze-coca-no-governo-da-bahia\\\/#webpage\",\"url\":\"https:\\\/\\\/www.encontrajequie.com.br\\\/sobre\\\/leur-lomanto-jr-destaca-posse-de-flavinho-em-jequie-e-projeta-ze-coca-no-governo-da-bahia\\\/\",\"name\":\"Leur Lomanto Jr destaca posse de Flavinho em Jequi\\u00e9 e projeta Z\\u00e9 Coc\\u00e1 no governo da Bahia | Encontra Jequi\\u00e9\",\"description\":\"A posse de Flavinho em Jequi\\u00e9 \\u00e9 um marco importante para a pol\\u00edtica baiana.\",\"inLanguage\":\"pt-BR\",\"isPartOf\":{\"@id\":\"https:\\\/\\\/www.encontrajequie.com.br\\\/sobre\\\/#website\"},\"breadcrumb\":{\"@id\":\"https:\\\/\\\/www.encontrajequie.com.br\\\/sobre\\\/leur-lomanto-jr-destaca-posse-de-flavinho-em-jequie-e-projeta-ze-coca-no-governo-da-bahia\\\/#breadcrumblist\"},\"author\":{\"@id\":\"https:\\\/\\\/www.encontrajequie.com.br\\\/sobre\\\/author\\\/ejequie\\\/#author\"},\"creator\":{\"@id\":\"https:\\\/\\\/www.encontrajequie.com.br\\\/sobre\\\/author\\\/ejequie\\\/#author\"},\"datePublished\":\"2026-04-12T03:55:16-03:00\",\"dateModified\":\"2026-04-12T03:55:16-03:00\"},{\"@type\":\"WebSite\",\"@id\":\"https:\\\/\\\/www.encontrajequie.com.br\\\/sobre\\\/#website\",\"url\":\"https:\\\/\\\/www.encontrajequie.com.br\\\/sobre\\\/\",\"name\":\"Encontra Jequi\\u00e9\",\"description\":\"Not\\u00edcias, eventos, informa\\u00e7\\u00f5es e dicas na cidade de Jequi\\u00e9 e regi\\u00e3o.\",\"inLanguage\":\"pt-BR\",\"publisher\":{\"@id\":\"https:\\\/\\\/www.encontrajequie.com.br\\\/sobre\\\/#organization\"}}]}\n\t\t<\/script>\n\t\t<!-- All in One SEO -->\n\n","aioseo_head_json":{"title":"Leur Lomanto Jr destaca posse de Flavinho em Jequi\u00e9 e projeta Z\u00e9 Coc\u00e1 no governo da Bahia | Encontra Jequi\u00e9","description":"A posse de Flavinho em Jequi\u00e9 \u00e9 um marco importante para a pol\u00edtica baiana.","canonical_url":"https:\/\/www.encontrajequie.com.br\/sobre\/leur-lomanto-jr-destaca-posse-de-flavinho-em-jequie-e-projeta-ze-coca-no-governo-da-bahia\/","robots":"max-image-preview:large","keywords":"","webmasterTools":{"miscellaneous":""},"schema":{"@context":"https:\/\/schema.org","@graph":[{"@type":"Article","@id":"https:\/\/www.encontrajequie.com.br\/sobre\/leur-lomanto-jr-destaca-posse-de-flavinho-em-jequie-e-projeta-ze-coca-no-governo-da-bahia\/#article","name":"Leur Lomanto Jr destaca posse de Flavinho em Jequi\u00e9 e projeta Z\u00e9 Coc\u00e1 no governo da Bahia | Encontra Jequi\u00e9","headline":"Leur Lomanto Jr destaca posse de Flavinho em Jequi\u00e9 e projeta Z\u00e9 Coc\u00e1 no governo da Bahia","author":{"@id":"https:\/\/www.encontrajequie.com.br\/sobre\/author\/ejequie\/#author"},"publisher":{"@id":"https:\/\/www.encontrajequie.com.br\/sobre\/#organization"},"datePublished":"2026-04-12T03:55:16-03:00","dateModified":"2026-04-12T03:55:16-03:00","inLanguage":"pt-BR","mainEntityOfPage":{"@id":"https:\/\/www.encontrajequie.com.br\/sobre\/leur-lomanto-jr-destaca-posse-de-flavinho-em-jequie-e-projeta-ze-coca-no-governo-da-bahia\/#webpage"},"isPartOf":{"@id":"https:\/\/www.encontrajequie.com.br\/sobre\/leur-lomanto-jr-destaca-posse-de-flavinho-em-jequie-e-projeta-ze-coca-no-governo-da-bahia\/#webpage"},"articleSection":"Not\u00edcias Jequi\u00e9"},{"@type":"BreadcrumbList","@id":"https:\/\/www.encontrajequie.com.br\/sobre\/leur-lomanto-jr-destaca-posse-de-flavinho-em-jequie-e-projeta-ze-coca-no-governo-da-bahia\/#breadcrumblist","itemListElement":[{"@type":"ListItem","@id":"https:\/\/www.encontrajequie.com.br\/sobre#listItem","position":1,"name":"Home","item":"https:\/\/www.encontrajequie.com.br\/sobre","nextItem":{"@type":"ListItem","@id":"https:\/\/www.encontrajequie.com.br\/sobre\/noticias-em-jequie\/#listItem","name":"Not\u00edcias Jequi\u00e9"}},{"@type":"ListItem","@id":"https:\/\/www.encontrajequie.com.br\/sobre\/noticias-em-jequie\/#listItem","position":2,"name":"Not\u00edcias Jequi\u00e9","item":"https:\/\/www.encontrajequie.com.br\/sobre\/noticias-em-jequie\/","nextItem":{"@type":"ListItem","@id":"https:\/\/www.encontrajequie.com.br\/sobre\/leur-lomanto-jr-destaca-posse-de-flavinho-em-jequie-e-projeta-ze-coca-no-governo-da-bahia\/#listItem","name":"Leur Lomanto Jr destaca posse de Flavinho em Jequi\u00e9 e projeta Z\u00e9 Coc\u00e1 no governo da Bahia"},"previousItem":{"@type":"ListItem","@id":"https:\/\/www.encontrajequie.com.br\/sobre#listItem","name":"Home"}},{"@type":"ListItem","@id":"https:\/\/www.encontrajequie.com.br\/sobre\/leur-lomanto-jr-destaca-posse-de-flavinho-em-jequie-e-projeta-ze-coca-no-governo-da-bahia\/#listItem","position":3,"name":"Leur Lomanto Jr destaca posse de Flavinho em Jequi\u00e9 e projeta Z\u00e9 Coc\u00e1 no governo da Bahia","previousItem":{"@type":"ListItem","@id":"https:\/\/www.encontrajequie.com.br\/sobre\/noticias-em-jequie\/#listItem","name":"Not\u00edcias Jequi\u00e9"}}]},{"@type":"Organization","@id":"https:\/\/www.encontrajequie.com.br\/sobre\/#organization","name":"Encontra Jequi\u00e9","description":"Not\u00edcias, eventos, informa\u00e7\u00f5es e dicas na cidade de Jequi\u00e9 e regi\u00e3o.","url":"https:\/\/www.encontrajequie.com.br\/sobre\/"},{"@type":"Person","@id":"https:\/\/www.encontrajequie.com.br\/sobre\/author\/ejequie\/#author","url":"https:\/\/www.encontrajequie.com.br\/sobre\/author\/ejequie\/","name":"Encontra Jequi\u00e9","image":{"@type":"ImageObject","@id":"https:\/\/www.encontrajequie.com.br\/sobre\/leur-lomanto-jr-destaca-posse-de-flavinho-em-jequie-e-projeta-ze-coca-no-governo-da-bahia\/#authorImage","url":"https:\/\/secure.gravatar.com\/avatar\/507340682b8270222e1f208e23198b6ae7e2c6a1033ae84e99bc6bce4f82a387?s=96&d=mm&r=g","width":96,"height":96,"caption":"Encontra Jequi\u00e9"}},{"@type":"WebPage","@id":"https:\/\/www.encontrajequie.com.br\/sobre\/leur-lomanto-jr-destaca-posse-de-flavinho-em-jequie-e-projeta-ze-coca-no-governo-da-bahia\/#webpage","url":"https:\/\/www.encontrajequie.com.br\/sobre\/leur-lomanto-jr-destaca-posse-de-flavinho-em-jequie-e-projeta-ze-coca-no-governo-da-bahia\/","name":"Leur Lomanto Jr destaca posse de Flavinho em Jequi\u00e9 e projeta Z\u00e9 Coc\u00e1 no governo da Bahia | Encontra Jequi\u00e9","description":"A posse de Flavinho em Jequi\u00e9 \u00e9 um marco importante para a pol\u00edtica baiana.","inLanguage":"pt-BR","isPartOf":{"@id":"https:\/\/www.encontrajequie.com.br\/sobre\/#website"},"breadcrumb":{"@id":"https:\/\/www.encontrajequie.com.br\/sobre\/leur-lomanto-jr-destaca-posse-de-flavinho-em-jequie-e-projeta-ze-coca-no-governo-da-bahia\/#breadcrumblist"},"author":{"@id":"https:\/\/www.encontrajequie.com.br\/sobre\/author\/ejequie\/#author"},"creator":{"@id":"https:\/\/www.encontrajequie.com.br\/sobre\/author\/ejequie\/#author"},"datePublished":"2026-04-12T03:55:16-03:00","dateModified":"2026-04-12T03:55:16-03:00"},{"@type":"WebSite","@id":"https:\/\/www.encontrajequie.com.br\/sobre\/#website","url":"https:\/\/www.encontrajequie.com.br\/sobre\/","name":"Encontra Jequi\u00e9","description":"Not\u00edcias, eventos, informa\u00e7\u00f5es e dicas na cidade de Jequi\u00e9 e regi\u00e3o.","inLanguage":"pt-BR","publisher":{"@id":"https:\/\/www.encontrajequie.com.br\/sobre\/#organization"}}]},"og:locale":"pt_BR","og:site_name":"Encontra Jequi\u00e9 | Not\u00edcias, eventos, informa\u00e7\u00f5es e dicas na cidade de Jequi\u00e9 e regi\u00e3o.","og:type":"article","og:title":"Leur Lomanto Jr destaca posse de Flavinho em Jequi\u00e9 e projeta Z\u00e9 Coc\u00e1 no governo da Bahia | Encontra Jequi\u00e9","og:description":"A posse de Flavinho em Jequi\u00e9 \u00e9 um marco importante para a pol\u00edtica baiana.","og:url":"https:\/\/www.encontrajequie.com.br\/sobre\/leur-lomanto-jr-destaca-posse-de-flavinho-em-jequie-e-projeta-ze-coca-no-governo-da-bahia\/","article:published_time":"2026-04-12T06:55:16+00:00","article:modified_time":"2026-04-12T06:55:16+00:00","twitter:card":"summary_large_image","twitter:title":"Leur Lomanto Jr destaca posse de Flavinho em Jequi\u00e9 e projeta Z\u00e9 Coc\u00e1 no governo da Bahia | Encontra Jequi\u00e9","twitter:description":"A posse de Flavinho em Jequi\u00e9 \u00e9 um marco importante para a pol\u00edtica baiana."},"aioseo_meta_data":{"post_id":"995","title":null,"description":null,"keywords":null,"keyphrases":null,"primary_term":null,"canonical_url":null,"og_title":null,"og_description":null,"og_object_type":"default","og_image_type":"default","og_image_url":null,"og_image_width":null,"og_image_height":null,"og_image_custom_url":null,"og_image_custom_fields":null,"og_video":null,"og_custom_url":null,"og_article_section":null,"og_article_tags":null,"twitter_use_og":false,"twitter_card":"default","twitter_image_type":"default","twitter_image_url":null,"twitter_image_custom_url":null,"twitter_image_custom_fields":null,"twitter_title":null,"twitter_description":null,"schema":{"blockGraphs":[],"customGraphs":[],"default":{"data":{"Article":[],"Course":[],"Dataset":[],"FAQPage":[],"Movie":[],"Person":[],"Product":[],"ProductReview":[],"Car":[],"Recipe":[],"Service":[],"SoftwareApplication":[],"WebPage":[]},"graphName":"Article","isEnabled":true},"graphs":[]},"schema_type":"default","schema_type_options":null,"pillar_content":false,"robots_default":true,"robots_noindex":false,"robots_noarchive":false,"robots_nosnippet":false,"robots_nofollow":false,"robots_noimageindex":false,"robots_noodp":false,"robots_notranslate":false,"robots_max_snippet":null,"robots_max_videopreview":null,"robots_max_imagepreview":"large","priority":null,"frequency":null,"local_seo":null,"breadcrumb_settings":null,"limit_modified_date":false,"ai":null,"created":"2026-04-12 06:55:20","updated":"2026-04-12 07:09:46","focus_keyword":null,"additional_keywords":null,"truseo_locale":null,"seo_analyzer_scan_date":null},"aioseo_breadcrumb":"<div class=\"aioseo-breadcrumbs\"><span class=\"aioseo-breadcrumb\">\n\t\t\t<a href=\"https:\/\/www.encontrajequie.com.br\/sobre\" title=\"Home\">Home<\/a>\n\t\t<\/span><span class=\"aioseo-breadcrumb-separator\">&raquo;<\/span><span class=\"aioseo-breadcrumb\">\n\t\t\t<a href=\"https:\/\/www.encontrajequie.com.br\/sobre\/noticias-em-jequie\/\" title=\"Not\u00edcias Jequi\u00e9\">Not\u00edcias Jequi\u00e9<\/a>\n\t\t<\/span><span class=\"aioseo-breadcrumb-separator\">&raquo;<\/span><span class=\"aioseo-breadcrumb\">\n\t\t\tLeur Lomanto Jr destaca posse de Flavinho em Jequi\u00e9 e projeta Z\u00e9 Coc\u00e1 no governo da Bahia\n\t\t<\/span><\/div>","aioseo_breadcrumb_json":[{"label":"Home","link":"https:\/\/www.encontrajequie.com.br\/sobre"},{"label":"Not\u00edcias Jequi\u00e9","link":"https:\/\/www.encontrajequie.com.br\/sobre\/noticias-em-jequie\/"},{"label":"Leur Lomanto Jr destaca posse de Flavinho em Jequi\u00e9 e projeta Z\u00e9 Coc\u00e1 no governo da Bahia","link":"https:\/\/www.encontrajequie.com.br\/sobre\/leur-lomanto-jr-destaca-posse-de-flavinho-em-jequie-e-projeta-ze-coca-no-governo-da-bahia\/"}],"_links":{"self":[{"href":"https:\/\/www.encontrajequie.com.br\/sobre\/wp-json\/wp\/v2\/posts\/995","targetHints":{"allow":["GET"]}}],"collection":[{"href":"https:\/\/www.encontrajequie.com.br\/sobre\/wp-json\/wp\/v2\/posts"}],"about":[{"href":"https:\/\/www.encontrajequie.com.br\/sobre\/wp-json\/wp\/v2\/types\/post"}],"author":[{"embeddable":true,"href":"https:\/\/www.encontrajequie.com.br\/sobre\/wp-json\/wp\/v2\/users\/1"}],"replies":[{"embeddable":true,"href":"https:\/\/www.encontrajequie.com.br\/sobre\/wp-json\/wp\/v2\/comments?post=995"}],"version-history":[{"count":0,"href":"https:\/\/www.encontrajequie.com.br\/sobre\/wp-json\/wp\/v2\/posts\/995\/revisions"}],"wp:attachment":[{"href":"https:\/\/www.encontrajequie.com.br\/sobre\/wp-json\/wp\/v2\/media?parent=995"}],"wp:term":[{"taxonomy":"category","embeddable":true,"href":"https:\/\/www.encontrajequie.com.br\/sobre\/wp-json\/wp\/v2\/categories?post=995"},{"taxonomy":"post_tag","embeddable":true,"href":"https:\/\/www.encontrajequie.com.br\/sobre\/wp-json\/wp\/v2\/tags?post=995"}],"curies":[{"name":"wp","href":"https:\/\/api.w.org\/{rel}","templated":true}]}}